{"id":77184,"date":"2020-09-12T15:05:47","date_gmt":"2020-09-12T18:05:47","guid":{"rendered":"https:\/\/www.blogsoestado.com\/danielmatos\/?p=77184"},"modified":"2020-09-12T15:05:47","modified_gmt":"2020-09-12T18:05:47","slug":"convencao-do-pdt-e-psd-em-axixa-neste-sabado-12-confirmara-nome-de-sonia-campos-como-candidata-a-reeleicao","status":"publish","type":"post","link":"https:\/\/www.blogsoestado.com\/danielmatos\/convencao-do-pdt-e-psd-em-axixa-neste-sabado-12-confirmara-nome-de-sonia-campos-como-candidata-a-reeleicao\/","title":{"rendered":"Conven\u00e7\u00e3o do PDT e PSD em Axix\u00e1, neste s\u00e1bado (12), confirmar\u00e1 nome de Sonia Campos como candidata \u00e0 reelei\u00e7\u00e3o"},"content":{"rendered":"\n<div class=\"wp-block-image\"><figure class=\"aligncenter size-large\"><img decoding=\"async\" src=\"https:\/\/www.blogsoestado.com\/danielmatos\/files\/2020\/09\/Screenshot_20200912-145818.png\" alt=\"\" class=\"wp-image-77185\"\/><\/figure><\/div>\n\n\n\n<p><\/p>\n\n\n\n<p>O Partido Democr\u00e1tico Trabalhista (PDT) e o Partido Social Democr\u00e1tico\u00a0(PSD) realizam neste momento a Conven\u00e7\u00e3o Municipal que oficializar\u00e1 o nome da prefeita Sonia Campos como candidata \u00e0 reelei\u00e7\u00e3o em Axix\u00e1.<\/p>\n\n\n\n<p>O evento acontece no Gin\u00e1sio Poliesportivo Jos\u00e9 Pedro Ferreira Reis (Sede). A concentra\u00e7\u00e3o come\u00e7ou \u00e0s 14h. Na ocasi\u00e3o, ser\u00e1 apresentado, tamb\u00e9m, o nome do pr\u00e9-candidato a vice-prefeito, L\u00e9o de Ruy Vaz para compor a majorit\u00e1ria; e dos nomes que concorrer\u00e3o ao cargo de vereador nas elei\u00e7\u00f5es municipais deste ano.<\/p>\n\n\n\n<p>Os diret\u00f3rios municipais e secret\u00e1rios das legendas est\u00e3o convidando seus filiados a se fazerem presentes na conven\u00e7\u00e3o, atentos a todas as exig\u00eancias sanit\u00e1rias e<br>as medidas de seguran\u00e7a, em decorr\u00eancia pandemia do Novo Coronav\u00edrus, como o uso de m\u00e1scara e do \u00e1lcool 70%.<\/p>\n\n\n\n<p>O clima em Axix\u00e1 \u00e9 de expectativa e festa. A pr\u00e9-candidata Sonia Campos juntamente com o pr\u00e9-candidato a vice-prefeito L\u00e9o de Ruy Vaz tem participado de encontros e reuni\u00f5es nas comunidades para ouvir dos axixaenses propostas e sugest\u00f5es para o Plano de Governo.<\/p>\n\n\n\n<p>&#8220;Temos conversado com as fam\u00edlias, os jovens, mulheres para saber mais sobre seus seus anseios, seus desejos, suas cr\u00edticas, elogios e sugest\u00f5es para que possamos avan\u00e7ar ainda mais nas a\u00e7\u00f5es e servi\u00e7os essenciais ao desenvolvimento da nossa cidade. Tudo isso precisa ser levado em considera\u00e7\u00e3o por quem governa ouvindo as pessoas e para o povo\u201d, destacou a pr\u00e9-candidata.<\/p>\n","protected":false},"excerpt":{"rendered":"<p>O Partido Democr\u00e1tico Trabalhista (PDT) e o Partido Social Democr\u00e1tico\u00a0(PSD) realizam neste momento a Conven\u00e7\u00e3o Municipal que oficializar\u00e1 o nome [&hellip;]<\/p>\n","protected":false},"author":0,"featured_media":0,"comment_status":"open","ping_status":"open","sticky":false,"template":"","format":"standard","meta":{"site-sidebar-layout":"default","site-content-layout":"","ast-site-content-layout":"default","site-content-style":"default","site-sidebar-style":"default","ast-global-header-display":"","ast-banner-title-visibility":"","ast-main-header-display":"","ast-hfb-above-header-display":"","ast-hfb-below-header-display":"","ast-hfb-mobile-header-display":"","site-post-title":"","ast-breadcrumbs-content":"","ast-featured-img":"","footer-sml-layout":"","ast-disable-related-posts":"","theme-transparent-header-meta":"","adv-header-id-meta":"","stick-header-meta":"","header-above-stick-meta":"","header-main-stick-meta":"","header-below-stick-meta":"","astra-migrate-meta-layouts":"default","ast-page-background-enabled":"default","ast-page-background-meta":{"desktop":{"background-color":"var(--ast-global-color-5)","background-image":"","background-repeat":"repeat","background-position":"center center","background-size":"auto","background-attachment":"scroll","background-type":"","background-media":"","overlay-type":"","overlay-color":"","overlay-opacity":"","overlay-gradient":""},"tablet":{"background-color":"","background-image":"","background-repeat":"repeat","background-position":"center center","background-size":"auto","background-attachment":"scroll","background-type":"","background-media":"","overlay-type":"","overlay-color":"","overlay-opacity":"","overlay-gradient":""},"mobile":{"background-color":"","background-image":"","background-repeat":"repeat","background-position":"center center","background-size":"auto","background-attachment":"scroll","background-type":"","background-media":"","overlay-type":"","overlay-color":"","overlay-opacity":"","overlay-gradient":""}},"ast-content-background-meta":{"desktop":{"background-color":"var(--ast-global-color-4)","background-image":"","background-repeat":"repeat","background-position":"center center","background-size":"auto","background-attachment":"scroll","background-type":"","background-media":"","overlay-type":"","overlay-color":"","overlay-opacity":"","overlay-gradient":""},"tablet":{"background-color":"var(--ast-global-color-4)","background-image":"","background-repeat":"repeat","background-position":"center center","background-size":"auto","background-attachment":"scroll","background-type":"","background-media":"","overlay-type":"","overlay-color":"","overlay-opacity":"","overlay-gradient":""},"mobile":{"background-color":"var(--ast-global-color-4)","background-image":"","background-repeat":"repeat","background-position":"center center","background-size":"auto","background-attachment":"scroll","background-type":"","background-media":"","overlay-type":"","overlay-color":"","overlay-opacity":"","overlay-gradient":""}},"footnotes":""},"categories":[1],"tags":[],"class_list":["post-77184","post","type-post","status-publish","format-standard","hentry","category-sem-categoria"],"yoast_head":"<!-- This site is optimized with the Yoast SEO plugin v26.6 - https:\/\/yoast.com\/wordpress\/plugins\/seo\/ -->\n<title>Conven\u00e7\u00e3o do PDT e PSD em Axix\u00e1, neste s\u00e1bado (12), confirmar\u00e1 nome de Sonia Campos como candidata \u00e0 reelei\u00e7\u00e3o - Daniel Matos<\/title>\n<meta name=\"robots\" content=\"index, follow, max-snippet:-1, max-image-preview:large, max-video-preview:-1\" \/>\n<link rel=\"canonical\" href=\"https:\/\/www.blogsoestado.com\/danielmatos\/convencao-do-pdt-e-psd-em-axixa-neste-sabado-12-confirmara-nome-de-sonia-campos-como-candidata-a-reeleicao\/\" \/>\n<meta property=\"og:locale\" content=\"pt_BR\" \/>\n<meta property=\"og:type\" content=\"article\" \/>\n<meta property=\"og:title\" content=\"Conven\u00e7\u00e3o do PDT e PSD em Axix\u00e1, neste s\u00e1bado (12), confirmar\u00e1 nome de Sonia Campos como candidata \u00e0 reelei\u00e7\u00e3o - Daniel Matos\" \/>\n<meta property=\"og:description\" content=\"O Partido Democr\u00e1tico Trabalhista (PDT) e o Partido Social Democr\u00e1tico\u00a0(PSD) realizam neste momento a Conven\u00e7\u00e3o Municipal que oficializar\u00e1 o nome [&hellip;]\" \/>\n<meta property=\"og:url\" content=\"https:\/\/www.blogsoestado.com\/danielmatos\/convencao-do-pdt-e-psd-em-axixa-neste-sabado-12-confirmara-nome-de-sonia-campos-como-candidata-a-reeleicao\/\" \/>\n<meta property=\"og:site_name\" content=\"Daniel Matos\" \/>\n<meta property=\"article:published_time\" content=\"2020-09-12T18:05:47+00:00\" \/>\n<meta property=\"og:image\" content=\"https:\/\/www.blogsoestado.com\/danielmatos\/files\/2020\/09\/Screenshot_20200912-145818.png\" \/>\n<meta name=\"twitter:card\" content=\"summary_large_image\" \/>\n<meta name=\"twitter:label1\" content=\"Est. tempo de leitura\" \/>\n\t<meta name=\"twitter:data1\" content=\"1 minuto\" \/>\n<script type=\"application\/ld+json\" class=\"yoast-schema-graph\">{\"@context\":\"https:\/\/schema.org\",\"@graph\":[{\"@type\":\"WebPage\",\"@id\":\"https:\/\/www.blogsoestado.com\/danielmatos\/convencao-do-pdt-e-psd-em-axixa-neste-sabado-12-confirmara-nome-de-sonia-campos-como-candidata-a-reeleicao\/\",\"url\":\"https:\/\/www.blogsoestado.com\/danielmatos\/convencao-do-pdt-e-psd-em-axixa-neste-sabado-12-confirmara-nome-de-sonia-campos-como-candidata-a-reeleicao\/\",\"name\":\"Conven\u00e7\u00e3o do PDT e PSD em Axix\u00e1, neste s\u00e1bado (12), confirmar\u00e1 nome de Sonia Campos como candidata \u00e0 reelei\u00e7\u00e3o - Daniel Matos\",\"isPartOf\":{\"@id\":\"https:\/\/www.blogsoestado.com\/danielmatos\/#website\"},\"primaryImageOfPage\":{\"@id\":\"https:\/\/www.blogsoestado.com\/danielmatos\/convencao-do-pdt-e-psd-em-axixa-neste-sabado-12-confirmara-nome-de-sonia-campos-como-candidata-a-reeleicao\/#primaryimage\"},\"image\":{\"@id\":\"https:\/\/www.blogsoestado.com\/danielmatos\/convencao-do-pdt-e-psd-em-axixa-neste-sabado-12-confirmara-nome-de-sonia-campos-como-candidata-a-reeleicao\/#primaryimage\"},\"thumbnailUrl\":\"https:\/\/www.blogsoestado.com\/danielmatos\/files\/2020\/09\/Screenshot_20200912-145818.png\",\"datePublished\":\"2020-09-12T18:05:47+00:00\",\"author\":{\"@id\":\"\"},\"breadcrumb\":{\"@id\":\"https:\/\/www.blogsoestado.com\/danielmatos\/convencao-do-pdt-e-psd-em-axixa-neste-sabado-12-confirmara-nome-de-sonia-campos-como-candidata-a-reeleicao\/#breadcrumb\"},\"inLanguage\":\"pt-BR\",\"potentialAction\":[{\"@type\":\"ReadAction\",\"target\":[\"https:\/\/www.blogsoestado.com\/danielmatos\/convencao-do-pdt-e-psd-em-axixa-neste-sabado-12-confirmara-nome-de-sonia-campos-como-candidata-a-reeleicao\/\"]}]},{\"@type\":\"ImageObject\",\"inLanguage\":\"pt-BR\",\"@id\":\"https:\/\/www.blogsoestado.com\/danielmatos\/convencao-do-pdt-e-psd-em-axixa-neste-sabado-12-confirmara-nome-de-sonia-campos-como-candidata-a-reeleicao\/#primaryimage\",\"url\":\"https:\/\/www.blogsoestado.com\/danielmatos\/files\/2020\/09\/Screenshot_20200912-145818.png\",\"contentUrl\":\"https:\/\/www.blogsoestado.com\/danielmatos\/files\/2020\/09\/Screenshot_20200912-145818.png\"},{\"@type\":\"BreadcrumbList\",\"@id\":\"https:\/\/www.blogsoestado.com\/danielmatos\/convencao-do-pdt-e-psd-em-axixa-neste-sabado-12-confirmara-nome-de-sonia-campos-como-candidata-a-reeleicao\/#breadcrumb\",\"itemListElement\":[{\"@type\":\"ListItem\",\"position\":1,\"name\":\"In\u00edcio\",\"item\":\"https:\/\/www.blogsoestado.com\/danielmatos\/\"},{\"@type\":\"ListItem\",\"position\":2,\"name\":\"Conven\u00e7\u00e3o do PDT e PSD em Axix\u00e1, neste s\u00e1bado (12), confirmar\u00e1 nome de Sonia Campos como candidata \u00e0 reelei\u00e7\u00e3o\"}]},{\"@type\":\"WebSite\",\"@id\":\"https:\/\/www.blogsoestado.com\/danielmatos\/#website\",\"url\":\"https:\/\/www.blogsoestado.com\/danielmatos\/\",\"name\":\"Daniel Matos\",\"description\":\"\",\"potentialAction\":[{\"@type\":\"SearchAction\",\"target\":{\"@type\":\"EntryPoint\",\"urlTemplate\":\"https:\/\/www.blogsoestado.com\/danielmatos\/?s={search_term_string}\"},\"query-input\":{\"@type\":\"PropertyValueSpecification\",\"valueRequired\":true,\"valueName\":\"search_term_string\"}}],\"inLanguage\":\"pt-BR\"}]}<\/script>\n<!-- \/ Yoast SEO plugin. -->","yoast_head_json":{"title":"Conven\u00e7\u00e3o do PDT e PSD em Axix\u00e1, neste s\u00e1bado (12), confirmar\u00e1 nome de Sonia Campos como candidata \u00e0 reelei\u00e7\u00e3o - Daniel Matos","robots":{"index":"index","follow":"follow","max-snippet":"max-snippet:-1","max-image-preview":"max-image-preview:large","max-video-preview":"max-video-preview:-1"},"canonical":"https:\/\/www.blogsoestado.com\/danielmatos\/convencao-do-pdt-e-psd-em-axixa-neste-sabado-12-confirmara-nome-de-sonia-campos-como-candidata-a-reeleicao\/","og_locale":"pt_BR","og_type":"article","og_title":"Conven\u00e7\u00e3o do PDT e PSD em Axix\u00e1, neste s\u00e1bado (12), confirmar\u00e1 nome de Sonia Campos como candidata \u00e0 reelei\u00e7\u00e3o - Daniel Matos","og_description":"O Partido Democr\u00e1tico Trabalhista (PDT) e o Partido Social Democr\u00e1tico\u00a0(PSD) realizam neste momento a Conven\u00e7\u00e3o Municipal que oficializar\u00e1 o nome [&hellip;]","og_url":"https:\/\/www.blogsoestado.com\/danielmatos\/convencao-do-pdt-e-psd-em-axixa-neste-sabado-12-confirmara-nome-de-sonia-campos-como-candidata-a-reeleicao\/","og_site_name":"Daniel Matos","article_published_time":"2020-09-12T18:05:47+00:00","og_image":[{"url":"https:\/\/www.blogsoestado.com\/danielmatos\/files\/2020\/09\/Screenshot_20200912-145818.png","type":"","width":"","height":""}],"twitter_card":"summary_large_image","twitter_misc":{"Est. tempo de leitura":"1 minuto"},"schema":{"@context":"https:\/\/schema.org","@graph":[{"@type":"WebPage","@id":"https:\/\/www.blogsoestado.com\/danielmatos\/convencao-do-pdt-e-psd-em-axixa-neste-sabado-12-confirmara-nome-de-sonia-campos-como-candidata-a-reeleicao\/","url":"https:\/\/www.blogsoestado.com\/danielmatos\/convencao-do-pdt-e-psd-em-axixa-neste-sabado-12-confirmara-nome-de-sonia-campos-como-candidata-a-reeleicao\/","name":"Conven\u00e7\u00e3o do PDT e PSD em Axix\u00e1, neste s\u00e1bado (12), confirmar\u00e1 nome de Sonia Campos como candidata \u00e0 reelei\u00e7\u00e3o - Daniel Matos","isPartOf":{"@id":"https:\/\/www.blogsoestado.com\/danielmatos\/#website"},"primaryImageOfPage":{"@id":"https:\/\/www.blogsoestado.com\/danielmatos\/convencao-do-pdt-e-psd-em-axixa-neste-sabado-12-confirmara-nome-de-sonia-campos-como-candidata-a-reeleicao\/#primaryimage"},"image":{"@id":"https:\/\/www.blogsoestado.com\/danielmatos\/convencao-do-pdt-e-psd-em-axixa-neste-sabado-12-confirmara-nome-de-sonia-campos-como-candidata-a-reeleicao\/#primaryimage"},"thumbnailUrl":"https:\/\/www.blogsoestado.com\/danielmatos\/files\/2020\/09\/Screenshot_20200912-145818.png","datePublished":"2020-09-12T18:05:47+00:00","author":{"@id":""},"breadcrumb":{"@id":"https:\/\/www.blogsoestado.com\/danielmatos\/convencao-do-pdt-e-psd-em-axixa-neste-sabado-12-confirmara-nome-de-sonia-campos-como-candidata-a-reeleicao\/#breadcrumb"},"inLanguage":"pt-BR","potentialAction":[{"@type":"ReadAction","target":["https:\/\/www.blogsoestado.com\/danielmatos\/convencao-do-pdt-e-psd-em-axixa-neste-sabado-12-confirmara-nome-de-sonia-campos-como-candidata-a-reeleicao\/"]}]},{"@type":"ImageObject","inLanguage":"pt-BR","@id":"https:\/\/www.blogsoestado.com\/danielmatos\/convencao-do-pdt-e-psd-em-axixa-neste-sabado-12-confirmara-nome-de-sonia-campos-como-candidata-a-reeleicao\/#primaryimage","url":"https:\/\/www.blogsoestado.com\/danielmatos\/files\/2020\/09\/Screenshot_20200912-145818.png","contentUrl":"https:\/\/www.blogsoestado.com\/danielmatos\/files\/2020\/09\/Screenshot_20200912-145818.png"},{"@type":"BreadcrumbList","@id":"https:\/\/www.blogsoestado.com\/danielmatos\/convencao-do-pdt-e-psd-em-axixa-neste-sabado-12-confirmara-nome-de-sonia-campos-como-candidata-a-reeleicao\/#breadcrumb","itemListElement":[{"@type":"ListItem","position":1,"name":"In\u00edcio","item":"https:\/\/www.blogsoestado.com\/danielmatos\/"},{"@type":"ListItem","position":2,"name":"Conven\u00e7\u00e3o do PDT e PSD em Axix\u00e1, neste s\u00e1bado (12), confirmar\u00e1 nome de Sonia Campos como candidata \u00e0 reelei\u00e7\u00e3o"}]},{"@type":"WebSite","@id":"https:\/\/www.blogsoestado.com\/danielmatos\/#website","url":"https:\/\/www.blogsoestado.com\/danielmatos\/","name":"Daniel Matos","description":"","potentialAction":[{"@type":"SearchAction","target":{"@type":"EntryPoint","urlTemplate":"https:\/\/www.blogsoestado.com\/danielmatos\/?s={search_term_string}"},"query-input":{"@type":"PropertyValueSpecification","valueRequired":true,"valueName":"search_term_string"}}],"inLanguage":"pt-BR"}]}},"jetpack_featured_media_url":"","_links":{"self":[{"href":"https:\/\/www.blogsoestado.com\/danielmatos\/wp-json\/wp\/v2\/posts\/77184","targetHints":{"allow":["GET"]}}],"collection":[{"href":"https:\/\/www.blogsoestado.com\/danielmatos\/wp-json\/wp\/v2\/posts"}],"about":[{"href":"https:\/\/www.blogsoestado.com\/danielmatos\/wp-json\/wp\/v2\/types\/post"}],"replies":[{"embeddable":true,"href":"https:\/\/www.blogsoestado.com\/danielmatos\/wp-json\/wp\/v2\/comments?post=77184"}],"version-history":[{"count":0,"href":"https:\/\/www.blogsoestado.com\/danielmatos\/wp-json\/wp\/v2\/posts\/77184\/revisions"}],"wp:attachment":[{"href":"https:\/\/www.blogsoestado.com\/danielmatos\/wp-json\/wp\/v2\/media?parent=77184"}],"wp:term":[{"taxonomy":"category","embeddable":true,"href":"https:\/\/www.blogsoestado.com\/danielmatos\/wp-json\/wp\/v2\/categories?post=77184"},{"taxonomy":"post_tag","embeddable":true,"href":"https:\/\/www.blogsoestado.com\/danielmatos\/wp-json\/wp\/v2\/tags?post=77184"}],"curies":[{"name":"wp","href":"https:\/\/api.w.org\/{rel}","templated":true}]}}