{"id":79113,"date":"2020-11-01T12:23:15","date_gmt":"2020-11-01T15:23:15","guid":{"rendered":"https:\/\/www.blogsoestado.com\/danielmatos\/?p=79113"},"modified":"2020-11-01T12:23:15","modified_gmt":"2020-11-01T15:23:15","slug":"paula-vai-construir-o-terminal-de-integracao-do-maiobao-com-apoio-de-flavio-dino","status":"publish","type":"post","link":"https:\/\/www.blogsoestado.com\/danielmatos\/paula-vai-construir-o-terminal-de-integracao-do-maiobao-com-apoio-de-flavio-dino\/","title":{"rendered":"Paula vai construir o Terminal de Integra\u00e7\u00e3o do Maiob\u00e3o com apoio de Fl\u00e1vio Dino"},"content":{"rendered":"\n<div class=\"wp-block-image\"><figure class=\"aligncenter size-large\"><img decoding=\"async\" src=\"https:\/\/www.blogsoestado.com\/danielmatos\/files\/2020\/11\/IMG-20201101-WA0052-1024x575.jpg\" alt=\"\" class=\"wp-image-79114\"\/><figcaption>Prefeita Paula Azevedo anunciou investimento in\u00e9dito para o transporte p\u00fablico em Pa\u00e7o do Lumiar<\/figcaption><\/figure><\/div>\n\n\n\n<p><br>A prefeita e candidata \u00e0 reelei\u00e7\u00e3o, Paula (PCdoB), mostrando sensibilidade sobre as reais necessidades da popula\u00e7\u00e3o de Pa\u00e7o do Lumiar, informou que vai construir o Terminal de Integra\u00e7\u00e3o do Maiob\u00e3o \u2013 com in\u00edcio das obras j\u00e1 previsto para o primeiro semestre de 2021. A obra foi anunciada no Plano de Governo e em recente propaganda eleitoral divulgada nas redes sociais.<\/p>\n\n\n\n<p>\u201cPa\u00e7o do Lumiar \u00e9 uma cidade em constante expans\u00e3o, com muitos trabalhadores e trabalhadoras, al\u00e9m de estudantes, que utilizam quase que exclusivamente o transporte p\u00fablico para se locomover. Construir o Terminal de Integra\u00e7\u00e3o do Maiob\u00e3o vai significar mais agilidade no trajeto e, acima de tudo, importante economia para os luminenses\u201d, destacou a prefeita Paula.<\/p>\n\n\n\n<div class=\"wp-block-image\"><figure class=\"aligncenter size-large\"><img decoding=\"async\" src=\"https:\/\/www.blogsoestado.com\/danielmatos\/files\/2020\/11\/IMG-20201101-WA0051-1024x575.jpg\" alt=\"\" class=\"wp-image-79115\"\/><figcaption>Terminal da integra\u00e7\u00e3o ser\u00e1 constru\u00eddo pela prefeitura no conjunto Maiob\u00e3o<\/figcaption><\/figure><\/div>\n\n\n\n<p>A obra, que beneficiar\u00e1 milhares de pessoas, ser\u00e1 poss\u00edvel, de acordo com a prefeita Paula, gra\u00e7as \u00e0 parceria com o Governo do Estado. \u201cLogo que assumi a prefeitura, um ano atr\u00e1s, longe ainda do per\u00edodo eleitoral, eu me reuni com o governador Fl\u00e1vio Dino e falei sobre a minha inten\u00e7\u00e3o de construir um Terminal de Integra\u00e7\u00e3o em Pa\u00e7o do Lumiar. Porque, desde j\u00e1, eu sabia que seria imposs\u00edvel colocar de p\u00e9 um empreendimento t\u00e3o grandioso sem a parceria do Governo do Estado. Felizmente, temos a confian\u00e7a do governador Fl\u00e1vio Dino, que j\u00e1 se comprometeu a nos ajudar nessa importante empreitada que beneficiar\u00e1 a vida de tanta gente\u201d, garantiu Paula.<\/p>\n\n\n\n<p>O compromisso da atual prefeita e candidata mostra que Paula est\u00e1 atenta \u00e0s verdadeiras demandas dos luminenses. \u201cEu sei o quanto o transporte afeta o or\u00e7amento do pobre, dos trabalhadores que ganham at\u00e9 dois sal\u00e1rios m\u00ednimos. Eu sei porque senti na pele, assim como toda a minha fam\u00edlia. Quero fazer agora pelo povo de Pa\u00e7o o que nunca fizeram pelas fam\u00edlias luminenses. Nosso povo vai ter o seu Terminal de Integra\u00e7\u00e3o\u201d, finalizou a prefeita Paula.<\/p>\n","protected":false},"excerpt":{"rendered":"<p>A prefeita e candidata \u00e0 reelei\u00e7\u00e3o, Paula (PCdoB), mostrando sensibilidade sobre as reais necessidades da popula\u00e7\u00e3o de Pa\u00e7o do Lumiar, [&hellip;]<\/p>\n","protected":false},"author":0,"featured_media":0,"comment_status":"open","ping_status":"open","sticky":false,"template":"","format":"standard","meta":{"site-sidebar-layout":"default","site-content-layout":"","ast-site-content-layout":"default","site-content-style":"default","site-sidebar-style":"default","ast-global-header-display":"","ast-banner-title-visibility":"","ast-main-header-display":"","ast-hfb-above-header-display":"","ast-hfb-below-header-display":"","ast-hfb-mobile-header-display":"","site-post-title":"","ast-breadcrumbs-content":"","ast-featured-img":"","footer-sml-layout":"","ast-disable-related-posts":"","theme-transparent-header-meta":"","adv-header-id-meta":"","stick-header-meta":"","header-above-stick-meta":"","header-main-stick-meta":"","header-below-stick-meta":"","astra-migrate-meta-layouts":"default","ast-page-background-enabled":"default","ast-page-background-meta":{"desktop":{"background-color":"var(--ast-global-color-5)","background-image":"","background-repeat":"repeat","background-position":"center center","background-size":"auto","background-attachment":"scroll","background-type":"","background-media":"","overlay-type":"","overlay-color":"","overlay-opacity":"","overlay-gradient":""},"tablet":{"background-color":"","background-image":"","background-repeat":"repeat","background-position":"center center","background-size":"auto","background-attachment":"scroll","background-type":"","background-media":"","overlay-type":"","overlay-color":"","overlay-opacity":"","overlay-gradient":""},"mobile":{"background-color":"","background-image":"","background-repeat":"repeat","background-position":"center center","background-size":"auto","background-attachment":"scroll","background-type":"","background-media":"","overlay-type":"","overlay-color":"","overlay-opacity":"","overlay-gradient":""}},"ast-content-background-meta":{"desktop":{"background-color":"var(--ast-global-color-4)","background-image":"","background-repeat":"repeat","background-position":"center center","background-size":"auto","background-attachment":"scroll","background-type":"","background-media":"","overlay-type":"","overlay-color":"","overlay-opacity":"","overlay-gradient":""},"tablet":{"background-color":"var(--ast-global-color-4)","background-image":"","background-repeat":"repeat","background-position":"center center","background-size":"auto","background-attachment":"scroll","background-type":"","background-media":"","overlay-type":"","overlay-color":"","overlay-opacity":"","overlay-gradient":""},"mobile":{"background-color":"var(--ast-global-color-4)","background-image":"","background-repeat":"repeat","background-position":"center center","background-size":"auto","background-attachment":"scroll","background-type":"","background-media":"","overlay-type":"","overlay-color":"","overlay-opacity":"","overlay-gradient":""}},"footnotes":""},"categories":[1],"tags":[],"class_list":["post-79113","post","type-post","status-publish","format-standard","hentry","category-sem-categoria"],"yoast_head":"<!-- This site is optimized with the Yoast SEO plugin v26.6 - https:\/\/yoast.com\/wordpress\/plugins\/seo\/ -->\n<title>Paula vai construir o Terminal de Integra\u00e7\u00e3o do Maiob\u00e3o com apoio de Fl\u00e1vio Dino - Daniel Matos<\/title>\n<meta name=\"robots\" content=\"index, follow, max-snippet:-1, max-image-preview:large, max-video-preview:-1\" \/>\n<link rel=\"canonical\" href=\"https:\/\/www.blogsoestado.com\/danielmatos\/paula-vai-construir-o-terminal-de-integracao-do-maiobao-com-apoio-de-flavio-dino\/\" \/>\n<meta property=\"og:locale\" content=\"pt_BR\" \/>\n<meta property=\"og:type\" content=\"article\" \/>\n<meta property=\"og:title\" content=\"Paula vai construir o Terminal de Integra\u00e7\u00e3o do Maiob\u00e3o com apoio de Fl\u00e1vio Dino - Daniel Matos\" \/>\n<meta property=\"og:description\" content=\"A prefeita e candidata \u00e0 reelei\u00e7\u00e3o, Paula (PCdoB), mostrando sensibilidade sobre as reais necessidades da popula\u00e7\u00e3o de Pa\u00e7o do Lumiar, [&hellip;]\" \/>\n<meta property=\"og:url\" content=\"https:\/\/www.blogsoestado.com\/danielmatos\/paula-vai-construir-o-terminal-de-integracao-do-maiobao-com-apoio-de-flavio-dino\/\" \/>\n<meta property=\"og:site_name\" content=\"Daniel Matos\" \/>\n<meta property=\"article:published_time\" content=\"2020-11-01T15:23:15+00:00\" \/>\n<meta property=\"og:image\" content=\"https:\/\/www.blogsoestado.com\/danielmatos\/files\/2020\/11\/IMG-20201101-WA0052-1024x575.jpg\" \/>\n<meta name=\"twitter:card\" content=\"summary_large_image\" \/>\n<meta name=\"twitter:label1\" content=\"Est. tempo de leitura\" \/>\n\t<meta name=\"twitter:data1\" content=\"2 minutos\" \/>\n<script type=\"application\/ld+json\" class=\"yoast-schema-graph\">{\"@context\":\"https:\/\/schema.org\",\"@graph\":[{\"@type\":\"WebPage\",\"@id\":\"https:\/\/www.blogsoestado.com\/danielmatos\/paula-vai-construir-o-terminal-de-integracao-do-maiobao-com-apoio-de-flavio-dino\/\",\"url\":\"https:\/\/www.blogsoestado.com\/danielmatos\/paula-vai-construir-o-terminal-de-integracao-do-maiobao-com-apoio-de-flavio-dino\/\",\"name\":\"Paula vai construir o Terminal de Integra\u00e7\u00e3o do Maiob\u00e3o com apoio de Fl\u00e1vio Dino - Daniel Matos\",\"isPartOf\":{\"@id\":\"https:\/\/www.blogsoestado.com\/danielmatos\/#website\"},\"primaryImageOfPage\":{\"@id\":\"https:\/\/www.blogsoestado.com\/danielmatos\/paula-vai-construir-o-terminal-de-integracao-do-maiobao-com-apoio-de-flavio-dino\/#primaryimage\"},\"image\":{\"@id\":\"https:\/\/www.blogsoestado.com\/danielmatos\/paula-vai-construir-o-terminal-de-integracao-do-maiobao-com-apoio-de-flavio-dino\/#primaryimage\"},\"thumbnailUrl\":\"https:\/\/www.blogsoestado.com\/danielmatos\/files\/2020\/11\/IMG-20201101-WA0052-1024x575.jpg\",\"datePublished\":\"2020-11-01T15:23:15+00:00\",\"author\":{\"@id\":\"\"},\"breadcrumb\":{\"@id\":\"https:\/\/www.blogsoestado.com\/danielmatos\/paula-vai-construir-o-terminal-de-integracao-do-maiobao-com-apoio-de-flavio-dino\/#breadcrumb\"},\"inLanguage\":\"pt-BR\",\"potentialAction\":[{\"@type\":\"ReadAction\",\"target\":[\"https:\/\/www.blogsoestado.com\/danielmatos\/paula-vai-construir-o-terminal-de-integracao-do-maiobao-com-apoio-de-flavio-dino\/\"]}]},{\"@type\":\"ImageObject\",\"inLanguage\":\"pt-BR\",\"@id\":\"https:\/\/www.blogsoestado.com\/danielmatos\/paula-vai-construir-o-terminal-de-integracao-do-maiobao-com-apoio-de-flavio-dino\/#primaryimage\",\"url\":\"https:\/\/www.blogsoestado.com\/danielmatos\/files\/2020\/11\/IMG-20201101-WA0052-1024x575.jpg\",\"contentUrl\":\"https:\/\/www.blogsoestado.com\/danielmatos\/files\/2020\/11\/IMG-20201101-WA0052-1024x575.jpg\"},{\"@type\":\"BreadcrumbList\",\"@id\":\"https:\/\/www.blogsoestado.com\/danielmatos\/paula-vai-construir-o-terminal-de-integracao-do-maiobao-com-apoio-de-flavio-dino\/#breadcrumb\",\"itemListElement\":[{\"@type\":\"ListItem\",\"position\":1,\"name\":\"In\u00edcio\",\"item\":\"https:\/\/www.blogsoestado.com\/danielmatos\/\"},{\"@type\":\"ListItem\",\"position\":2,\"name\":\"Paula vai construir o Terminal de Integra\u00e7\u00e3o do Maiob\u00e3o com apoio de Fl\u00e1vio Dino\"}]},{\"@type\":\"WebSite\",\"@id\":\"https:\/\/www.blogsoestado.com\/danielmatos\/#website\",\"url\":\"https:\/\/www.blogsoestado.com\/danielmatos\/\",\"name\":\"Daniel Matos\",\"description\":\"\",\"potentialAction\":[{\"@type\":\"SearchAction\",\"target\":{\"@type\":\"EntryPoint\",\"urlTemplate\":\"https:\/\/www.blogsoestado.com\/danielmatos\/?s={search_term_string}\"},\"query-input\":{\"@type\":\"PropertyValueSpecification\",\"valueRequired\":true,\"valueName\":\"search_term_string\"}}],\"inLanguage\":\"pt-BR\"}]}<\/script>\n<!-- \/ Yoast SEO plugin. -->","yoast_head_json":{"title":"Paula vai construir o Terminal de Integra\u00e7\u00e3o do Maiob\u00e3o com apoio de Fl\u00e1vio Dino - Daniel Matos","robots":{"index":"index","follow":"follow","max-snippet":"max-snippet:-1","max-image-preview":"max-image-preview:large","max-video-preview":"max-video-preview:-1"},"canonical":"https:\/\/www.blogsoestado.com\/danielmatos\/paula-vai-construir-o-terminal-de-integracao-do-maiobao-com-apoio-de-flavio-dino\/","og_locale":"pt_BR","og_type":"article","og_title":"Paula vai construir o Terminal de Integra\u00e7\u00e3o do Maiob\u00e3o com apoio de Fl\u00e1vio Dino - Daniel Matos","og_description":"A prefeita e candidata \u00e0 reelei\u00e7\u00e3o, Paula (PCdoB), mostrando sensibilidade sobre as reais necessidades da popula\u00e7\u00e3o de Pa\u00e7o do Lumiar, [&hellip;]","og_url":"https:\/\/www.blogsoestado.com\/danielmatos\/paula-vai-construir-o-terminal-de-integracao-do-maiobao-com-apoio-de-flavio-dino\/","og_site_name":"Daniel Matos","article_published_time":"2020-11-01T15:23:15+00:00","og_image":[{"url":"https:\/\/www.blogsoestado.com\/danielmatos\/files\/2020\/11\/IMG-20201101-WA0052-1024x575.jpg","type":"","width":"","height":""}],"twitter_card":"summary_large_image","twitter_misc":{"Est. tempo de leitura":"2 minutos"},"schema":{"@context":"https:\/\/schema.org","@graph":[{"@type":"WebPage","@id":"https:\/\/www.blogsoestado.com\/danielmatos\/paula-vai-construir-o-terminal-de-integracao-do-maiobao-com-apoio-de-flavio-dino\/","url":"https:\/\/www.blogsoestado.com\/danielmatos\/paula-vai-construir-o-terminal-de-integracao-do-maiobao-com-apoio-de-flavio-dino\/","name":"Paula vai construir o Terminal de Integra\u00e7\u00e3o do Maiob\u00e3o com apoio de Fl\u00e1vio Dino - Daniel Matos","isPartOf":{"@id":"https:\/\/www.blogsoestado.com\/danielmatos\/#website"},"primaryImageOfPage":{"@id":"https:\/\/www.blogsoestado.com\/danielmatos\/paula-vai-construir-o-terminal-de-integracao-do-maiobao-com-apoio-de-flavio-dino\/#primaryimage"},"image":{"@id":"https:\/\/www.blogsoestado.com\/danielmatos\/paula-vai-construir-o-terminal-de-integracao-do-maiobao-com-apoio-de-flavio-dino\/#primaryimage"},"thumbnailUrl":"https:\/\/www.blogsoestado.com\/danielmatos\/files\/2020\/11\/IMG-20201101-WA0052-1024x575.jpg","datePublished":"2020-11-01T15:23:15+00:00","author":{"@id":""},"breadcrumb":{"@id":"https:\/\/www.blogsoestado.com\/danielmatos\/paula-vai-construir-o-terminal-de-integracao-do-maiobao-com-apoio-de-flavio-dino\/#breadcrumb"},"inLanguage":"pt-BR","potentialAction":[{"@type":"ReadAction","target":["https:\/\/www.blogsoestado.com\/danielmatos\/paula-vai-construir-o-terminal-de-integracao-do-maiobao-com-apoio-de-flavio-dino\/"]}]},{"@type":"ImageObject","inLanguage":"pt-BR","@id":"https:\/\/www.blogsoestado.com\/danielmatos\/paula-vai-construir-o-terminal-de-integracao-do-maiobao-com-apoio-de-flavio-dino\/#primaryimage","url":"https:\/\/www.blogsoestado.com\/danielmatos\/files\/2020\/11\/IMG-20201101-WA0052-1024x575.jpg","contentUrl":"https:\/\/www.blogsoestado.com\/danielmatos\/files\/2020\/11\/IMG-20201101-WA0052-1024x575.jpg"},{"@type":"BreadcrumbList","@id":"https:\/\/www.blogsoestado.com\/danielmatos\/paula-vai-construir-o-terminal-de-integracao-do-maiobao-com-apoio-de-flavio-dino\/#breadcrumb","itemListElement":[{"@type":"ListItem","position":1,"name":"In\u00edcio","item":"https:\/\/www.blogsoestado.com\/danielmatos\/"},{"@type":"ListItem","position":2,"name":"Paula vai construir o Terminal de Integra\u00e7\u00e3o do Maiob\u00e3o com apoio de Fl\u00e1vio Dino"}]},{"@type":"WebSite","@id":"https:\/\/www.blogsoestado.com\/danielmatos\/#website","url":"https:\/\/www.blogsoestado.com\/danielmatos\/","name":"Daniel Matos","description":"","potentialAction":[{"@type":"SearchAction","target":{"@type":"EntryPoint","urlTemplate":"https:\/\/www.blogsoestado.com\/danielmatos\/?s={search_term_string}"},"query-input":{"@type":"PropertyValueSpecification","valueRequired":true,"valueName":"search_term_string"}}],"inLanguage":"pt-BR"}]}},"jetpack_featured_media_url":"","_links":{"self":[{"href":"https:\/\/www.blogsoestado.com\/danielmatos\/wp-json\/wp\/v2\/posts\/79113","targetHints":{"allow":["GET"]}}],"collection":[{"href":"https:\/\/www.blogsoestado.com\/danielmatos\/wp-json\/wp\/v2\/posts"}],"about":[{"href":"https:\/\/www.blogsoestado.com\/danielmatos\/wp-json\/wp\/v2\/types\/post"}],"replies":[{"embeddable":true,"href":"https:\/\/www.blogsoestado.com\/danielmatos\/wp-json\/wp\/v2\/comments?post=79113"}],"version-history":[{"count":0,"href":"https:\/\/www.blogsoestado.com\/danielmatos\/wp-json\/wp\/v2\/posts\/79113\/revisions"}],"wp:attachment":[{"href":"https:\/\/www.blogsoestado.com\/danielmatos\/wp-json\/wp\/v2\/media?parent=79113"}],"wp:term":[{"taxonomy":"category","embeddable":true,"href":"https:\/\/www.blogsoestado.com\/danielmatos\/wp-json\/wp\/v2\/categories?post=79113"},{"taxonomy":"post_tag","embeddable":true,"href":"https:\/\/www.blogsoestado.com\/danielmatos\/wp-json\/wp\/v2\/tags?post=79113"}],"curies":[{"name":"wp","href":"https:\/\/api.w.org\/{rel}","templated":true}]}}