{"id":79117,"date":"2020-11-01T12:42:31","date_gmt":"2020-11-01T15:42:31","guid":{"rendered":"https:\/\/www.blogsoestado.com\/danielmatos\/?p=79117"},"modified":"2020-11-01T12:42:31","modified_gmt":"2020-11-01T15:42:31","slug":"arrastao-do-11-othelino-reforca-campanha-de-luciano-e-ana-paula-em-pinheiro","status":"publish","type":"post","link":"https:\/\/www.blogsoestado.com\/danielmatos\/arrastao-do-11-othelino-reforca-campanha-de-luciano-e-ana-paula-em-pinheiro\/","title":{"rendered":"Arrast\u00e3o do 11 &#8211; Othelino refor\u00e7a campanha de Luciano e Ana Paula em Pinheiro"},"content":{"rendered":"\n<div class=\"wp-block-image\"><figure class=\"aligncenter size-large\"><img decoding=\"async\" src=\"https:\/\/www.blogsoestado.com\/danielmatos\/files\/2020\/11\/IMG-20201031-WA0204-1024x683.jpg\" alt=\"\" class=\"wp-image-79118\"\/><figcaption>Presen\u00e7a de Othelino Neto fortaleceu ainda mais a campanha de Luciano e Ana Paula<\/figcaption><\/figure><\/div>\n\n\n\n<p>O presidente da Assembleia Legislativa do Maranh\u00e3o, deputado Othelino Neto (PCdoB), participou, na sexta-feira (30), do \u2018Arrast\u00e3o do 11\u2019, na cidade de Pinheiro, que mostrou a for\u00e7a da chapa encabe\u00e7ada pelo prefeito Luciano Gen\u00e9sio (PP), candidato \u00e0 reelei\u00e7\u00e3o, e Ana Paula Lobato (PDT), candidata a vice-prefeita. No ato pol\u00edtico, que reuniu milhares de pinheirenses, o chefe do Legislativo afirmou que a popula\u00e7\u00e3o j\u00e1 decidiu pela continuidade do grande trabalho que vem sendo desenvolvido no munic\u00edpio.<\/p>\n\n\n\n<div class=\"wp-block-image\"><figure class=\"aligncenter size-large\"><img decoding=\"async\" src=\"https:\/\/www.blogsoestado.com\/danielmatos\/files\/2020\/11\/IMG-20201031-WA0206-1024x683.jpg\" alt=\"\" class=\"wp-image-79119\"\/><figcaption>Othelino, Ana Paula e os filhos exibem cartaz da campanha \u00e0 reelei\u00e7\u00e3o do prefeito de Pinheiro<\/figcaption><\/figure><\/div>\n\n\n\n<p>Othelino disse, ainda, que a onda verde que tomou conta das principais vias de Pinheiro \u00e9 uma prova do reconhecimento da atual gest\u00e3o de Luciano pela popula\u00e7\u00e3o, em uma demonstra\u00e7\u00e3o clara de que os pinheirenses querem que, ao lado de Ana Paula, o gestor continue levando desenvolvimento \u00e0 Princesa da Baixada.<\/p>\n\n\n\n<div class=\"wp-block-image\"><figure class=\"aligncenter size-large\"><img decoding=\"async\" src=\"https:\/\/www.blogsoestado.com\/danielmatos\/files\/2020\/11\/IMG-20201031-WA0207-1024x683.jpg\" alt=\"\" class=\"wp-image-79120\"\/><figcaption>Andr\u00e9 Fufuca, Othelino, Ana Paula, Luciano e Thayza Hortegal erguem os bra\u00e7os, demonstrando confian\u00e7a na vit\u00f3ria<\/figcaption><\/figure><\/div>\n\n\n\n<p>\u201cA cada dia, a campanha vem crescendo e vamos percebendo nas ruas a decis\u00e3o das pessoas de reeleger Luciano que, junto com Ana Paula, v\u00e3o fazer ainda melhor a partir de 1\u00ba de janeiro do ano que vem. At\u00e9 o dia 15 de novembro, a nossa miss\u00e3o \u00e9 trabalhar para que n\u00f3s tenhamos uma grande vit\u00f3ria\u201d, afirmou Othelino Neto.<\/p>\n\n\n\n<p>Luciano Gen\u00e9sio agradeceu o apoio de Othelino e destacou que o parlamentar tem ajudado muito a cidade. \u201cO deputado Othelino mostra o seu compromisso com Pinheiro quando manda emendas para asfaltamento, emendas para a sa\u00fade, o que significa muito para n\u00f3s. Tenho certeza que, juntos, faremos muito mais pela cidade\u201d, assinalou.<\/p>\n\n\n\n<div class=\"wp-block-image\"><figure class=\"aligncenter size-large\"><img decoding=\"async\" src=\"https:\/\/www.blogsoestado.com\/danielmatos\/files\/2020\/11\/IMG-20201031-WA0208-1024x683.jpg\" alt=\"\" class=\"wp-image-79122\"\/><figcaption>Othelino e Ana Paula com apoiadores fazendo o sinal da campanha \u00e0 reelei\u00e7\u00e3o de Luciano Gen\u00e9sio<\/figcaption><\/figure><\/div>\n\n\n\n<p>Ana Paula Lobato, candidata a vice-prefeita e esposa de Othelino, afirmou que, mesmo sem mandato, sempre trabalhou por Pinheiro, contando com o apoio irrestrito do chefe do Legislativo maranhense, que est\u00e1 sempre encaminhando emendas para a cidade, que s\u00e3o convertidas em benef\u00edcios para a popula\u00e7\u00e3o.<\/p>\n\n\n\n<p>\u201cTemos ao nosso lado o time do trabalho. Somos um quinteto que vai fazer ainda mais por Pinheiro. A esperan\u00e7a tem que continuar no cora\u00e7\u00e3o de cada pinheirense porque muito ainda faremos. A boa pol\u00edtica se faz com trabalho e propostas, e esse time tem bastante\u201d, declarou.<\/p>\n\n\n\n<p><strong>Uni\u00e3o pelo trabalho<\/strong><\/p>\n\n\n\n<div class=\"wp-block-image\"><figure class=\"aligncenter size-large\"><img decoding=\"async\" src=\"https:\/\/www.blogsoestado.com\/danielmatos\/files\/2020\/11\/IMG-20201031-WA0205-1024x683.jpg\" alt=\"\" class=\"wp-image-79121\"\/><figcaption>Grupo pol\u00edtico unido e fortalecido promete trabalhar ainda mais por Pinheiro<\/figcaption><\/figure><\/div>\n\n\n\n<p>Tamb\u00e9m presente ao evento, a deputada estadual Thaiza Hortegal (PP), esposa de Luciano Gen\u00e9sio e primeira-dama do munic\u00edpio, disse que a articula\u00e7\u00e3o do grupo pol\u00edtico tem a somar n\u00e3o s\u00f3 com o Maranh\u00e3o, mas com toda a Baixada e, sobretudo, com Pinheiro.<\/p>\n\n\n\n<p>\u201cA cidade vai continuar no caminho do progresso. Com Luciano e Ana Paula e o apoio desse grupo pol\u00edtico unido e comprometido, vamos fazer muito mais por Pinheiro\u201d, garantiu.<\/p>\n\n\n\n<p>O deputado federal Andr\u00e9 Fufuca (PP), presidente do Diret\u00f3rio Estadual do Progressistas, afirmou que a grande aprova\u00e7\u00e3o da atual gest\u00e3o de Luciano pela popula\u00e7\u00e3o aumenta ainda mais o compromisso com a cidade.<\/p>\n\n\n\n<p>\u201cLuciano fez muito em quatro anos. Agora, ele tem ao seu lado parceiros, como o deputado Othelino Neto, a nossa candidata a vice, Ana Paula, e a grande deputada Thaiza Hortegal. Juntos, vamos trabalhar cada vez mais. N\u00f3s vamos mostrar que Pinheiro n\u00e3o \u00e9 de forasteiros, mas dos filhos da terra!\u201d, concluiu.<\/p>\n","protected":false},"excerpt":{"rendered":"<p>O presidente da Assembleia Legislativa do Maranh\u00e3o, deputado Othelino Neto (PCdoB), participou, na sexta-feira (30), do \u2018Arrast\u00e3o do 11\u2019, na [&hellip;]<\/p>\n","protected":false},"author":0,"featured_media":0,"comment_status":"open","ping_status":"open","sticky":false,"template":"","format":"standard","meta":{"site-sidebar-layout":"default","site-content-layout":"","ast-site-content-layout":"default","site-content-style":"default","site-sidebar-style":"default","ast-global-header-display":"","ast-banner-title-visibility":"","ast-main-header-display":"","ast-hfb-above-header-display":"","ast-hfb-below-header-display":"","ast-hfb-mobile-header-display":"","site-post-title":"","ast-breadcrumbs-content":"","ast-featured-img":"","footer-sml-layout":"","ast-disable-related-posts":"","theme-transparent-header-meta":"","adv-header-id-meta":"","stick-header-meta":"","header-above-stick-meta":"","header-main-stick-meta":"","header-below-stick-meta":"","astra-migrate-meta-layouts":"default","ast-page-background-enabled":"default","ast-page-background-meta":{"desktop":{"background-color":"var(--ast-global-color-5)","background-image":"","background-repeat":"repeat","background-position":"center center","background-size":"auto","background-attachment":"scroll","background-type":"","background-media":"","overlay-type":"","overlay-color":"","overlay-opacity":"","overlay-gradient":""},"tablet":{"background-color":"","background-image":"","background-repeat":"repeat","background-position":"center center","background-size":"auto","background-attachment":"scroll","background-type":"","background-media":"","overlay-type":"","overlay-color":"","overlay-opacity":"","overlay-gradient":""},"mobile":{"background-color":"","background-image":"","background-repeat":"repeat","background-position":"center center","background-size":"auto","background-attachment":"scroll","background-type":"","background-media":"","overlay-type":"","overlay-color":"","overlay-opacity":"","overlay-gradient":""}},"ast-content-background-meta":{"desktop":{"background-color":"var(--ast-global-color-4)","background-image":"","background-repeat":"repeat","background-position":"center center","background-size":"auto","background-attachment":"scroll","background-type":"","background-media":"","overlay-type":"","overlay-color":"","overlay-opacity":"","overlay-gradient":""},"tablet":{"background-color":"var(--ast-global-color-4)","background-image":"","background-repeat":"repeat","background-position":"center center","background-size":"auto","background-attachment":"scroll","background-type":"","background-media":"","overlay-type":"","overlay-color":"","overlay-opacity":"","overlay-gradient":""},"mobile":{"background-color":"var(--ast-global-color-4)","background-image":"","background-repeat":"repeat","background-position":"center center","background-size":"auto","background-attachment":"scroll","background-type":"","background-media":"","overlay-type":"","overlay-color":"","overlay-opacity":"","overlay-gradient":""}},"footnotes":""},"categories":[1],"tags":[],"class_list":["post-79117","post","type-post","status-publish","format-standard","hentry","category-sem-categoria"],"yoast_head":"<!-- This site is optimized with the Yoast SEO plugin v26.6 - https:\/\/yoast.com\/wordpress\/plugins\/seo\/ -->\n<title>Arrast\u00e3o do 11 - Othelino refor\u00e7a campanha de Luciano e Ana Paula em Pinheiro - Daniel Matos<\/title>\n<meta name=\"robots\" content=\"index, follow, max-snippet:-1, max-image-preview:large, max-video-preview:-1\" \/>\n<link rel=\"canonical\" href=\"https:\/\/www.blogsoestado.com\/danielmatos\/arrastao-do-11-othelino-reforca-campanha-de-luciano-e-ana-paula-em-pinheiro\/\" \/>\n<meta property=\"og:locale\" content=\"pt_BR\" \/>\n<meta property=\"og:type\" content=\"article\" \/>\n<meta property=\"og:title\" content=\"Arrast\u00e3o do 11 - Othelino refor\u00e7a campanha de Luciano e Ana Paula em Pinheiro - Daniel Matos\" \/>\n<meta property=\"og:description\" content=\"O presidente da Assembleia Legislativa do Maranh\u00e3o, deputado Othelino Neto (PCdoB), participou, na sexta-feira (30), do \u2018Arrast\u00e3o do 11\u2019, na [&hellip;]\" \/>\n<meta property=\"og:url\" content=\"https:\/\/www.blogsoestado.com\/danielmatos\/arrastao-do-11-othelino-reforca-campanha-de-luciano-e-ana-paula-em-pinheiro\/\" \/>\n<meta property=\"og:site_name\" content=\"Daniel Matos\" \/>\n<meta property=\"article:published_time\" content=\"2020-11-01T15:42:31+00:00\" \/>\n<meta property=\"og:image\" content=\"https:\/\/www.blogsoestado.com\/danielmatos\/files\/2020\/11\/IMG-20201031-WA0204-1024x683.jpg\" \/>\n<meta name=\"twitter:card\" content=\"summary_large_image\" \/>\n<meta name=\"twitter:label1\" content=\"Est. tempo de leitura\" \/>\n\t<meta name=\"twitter:data1\" content=\"3 minutos\" \/>\n<script type=\"application\/ld+json\" class=\"yoast-schema-graph\">{\"@context\":\"https:\/\/schema.org\",\"@graph\":[{\"@type\":\"WebPage\",\"@id\":\"https:\/\/www.blogsoestado.com\/danielmatos\/arrastao-do-11-othelino-reforca-campanha-de-luciano-e-ana-paula-em-pinheiro\/\",\"url\":\"https:\/\/www.blogsoestado.com\/danielmatos\/arrastao-do-11-othelino-reforca-campanha-de-luciano-e-ana-paula-em-pinheiro\/\",\"name\":\"Arrast\u00e3o do 11 - Othelino refor\u00e7a campanha de Luciano e Ana Paula em Pinheiro - Daniel Matos\",\"isPartOf\":{\"@id\":\"https:\/\/www.blogsoestado.com\/danielmatos\/#website\"},\"primaryImageOfPage\":{\"@id\":\"https:\/\/www.blogsoestado.com\/danielmatos\/arrastao-do-11-othelino-reforca-campanha-de-luciano-e-ana-paula-em-pinheiro\/#primaryimage\"},\"image\":{\"@id\":\"https:\/\/www.blogsoestado.com\/danielmatos\/arrastao-do-11-othelino-reforca-campanha-de-luciano-e-ana-paula-em-pinheiro\/#primaryimage\"},\"thumbnailUrl\":\"https:\/\/www.blogsoestado.com\/danielmatos\/files\/2020\/11\/IMG-20201031-WA0204-1024x683.jpg\",\"datePublished\":\"2020-11-01T15:42:31+00:00\",\"author\":{\"@id\":\"\"},\"breadcrumb\":{\"@id\":\"https:\/\/www.blogsoestado.com\/danielmatos\/arrastao-do-11-othelino-reforca-campanha-de-luciano-e-ana-paula-em-pinheiro\/#breadcrumb\"},\"inLanguage\":\"pt-BR\",\"potentialAction\":[{\"@type\":\"ReadAction\",\"target\":[\"https:\/\/www.blogsoestado.com\/danielmatos\/arrastao-do-11-othelino-reforca-campanha-de-luciano-e-ana-paula-em-pinheiro\/\"]}]},{\"@type\":\"ImageObject\",\"inLanguage\":\"pt-BR\",\"@id\":\"https:\/\/www.blogsoestado.com\/danielmatos\/arrastao-do-11-othelino-reforca-campanha-de-luciano-e-ana-paula-em-pinheiro\/#primaryimage\",\"url\":\"https:\/\/www.blogsoestado.com\/danielmatos\/files\/2020\/11\/IMG-20201031-WA0204-1024x683.jpg\",\"contentUrl\":\"https:\/\/www.blogsoestado.com\/danielmatos\/files\/2020\/11\/IMG-20201031-WA0204-1024x683.jpg\"},{\"@type\":\"BreadcrumbList\",\"@id\":\"https:\/\/www.blogsoestado.com\/danielmatos\/arrastao-do-11-othelino-reforca-campanha-de-luciano-e-ana-paula-em-pinheiro\/#breadcrumb\",\"itemListElement\":[{\"@type\":\"ListItem\",\"position\":1,\"name\":\"In\u00edcio\",\"item\":\"https:\/\/www.blogsoestado.com\/danielmatos\/\"},{\"@type\":\"ListItem\",\"position\":2,\"name\":\"Arrast\u00e3o do 11 &#8211; Othelino refor\u00e7a campanha de Luciano e Ana Paula em Pinheiro\"}]},{\"@type\":\"WebSite\",\"@id\":\"https:\/\/www.blogsoestado.com\/danielmatos\/#website\",\"url\":\"https:\/\/www.blogsoestado.com\/danielmatos\/\",\"name\":\"Daniel Matos\",\"description\":\"\",\"potentialAction\":[{\"@type\":\"SearchAction\",\"target\":{\"@type\":\"EntryPoint\",\"urlTemplate\":\"https:\/\/www.blogsoestado.com\/danielmatos\/?s={search_term_string}\"},\"query-input\":{\"@type\":\"PropertyValueSpecification\",\"valueRequired\":true,\"valueName\":\"search_term_string\"}}],\"inLanguage\":\"pt-BR\"}]}<\/script>\n<!-- \/ Yoast SEO plugin. -->","yoast_head_json":{"title":"Arrast\u00e3o do 11 - Othelino refor\u00e7a campanha de Luciano e Ana Paula em Pinheiro - Daniel Matos","robots":{"index":"index","follow":"follow","max-snippet":"max-snippet:-1","max-image-preview":"max-image-preview:large","max-video-preview":"max-video-preview:-1"},"canonical":"https:\/\/www.blogsoestado.com\/danielmatos\/arrastao-do-11-othelino-reforca-campanha-de-luciano-e-ana-paula-em-pinheiro\/","og_locale":"pt_BR","og_type":"article","og_title":"Arrast\u00e3o do 11 - Othelino refor\u00e7a campanha de Luciano e Ana Paula em Pinheiro - Daniel Matos","og_description":"O presidente da Assembleia Legislativa do Maranh\u00e3o, deputado Othelino Neto (PCdoB), participou, na sexta-feira (30), do \u2018Arrast\u00e3o do 11\u2019, na [&hellip;]","og_url":"https:\/\/www.blogsoestado.com\/danielmatos\/arrastao-do-11-othelino-reforca-campanha-de-luciano-e-ana-paula-em-pinheiro\/","og_site_name":"Daniel Matos","article_published_time":"2020-11-01T15:42:31+00:00","og_image":[{"url":"https:\/\/www.blogsoestado.com\/danielmatos\/files\/2020\/11\/IMG-20201031-WA0204-1024x683.jpg","type":"","width":"","height":""}],"twitter_card":"summary_large_image","twitter_misc":{"Est. tempo de leitura":"3 minutos"},"schema":{"@context":"https:\/\/schema.org","@graph":[{"@type":"WebPage","@id":"https:\/\/www.blogsoestado.com\/danielmatos\/arrastao-do-11-othelino-reforca-campanha-de-luciano-e-ana-paula-em-pinheiro\/","url":"https:\/\/www.blogsoestado.com\/danielmatos\/arrastao-do-11-othelino-reforca-campanha-de-luciano-e-ana-paula-em-pinheiro\/","name":"Arrast\u00e3o do 11 - Othelino refor\u00e7a campanha de Luciano e Ana Paula em Pinheiro - Daniel Matos","isPartOf":{"@id":"https:\/\/www.blogsoestado.com\/danielmatos\/#website"},"primaryImageOfPage":{"@id":"https:\/\/www.blogsoestado.com\/danielmatos\/arrastao-do-11-othelino-reforca-campanha-de-luciano-e-ana-paula-em-pinheiro\/#primaryimage"},"image":{"@id":"https:\/\/www.blogsoestado.com\/danielmatos\/arrastao-do-11-othelino-reforca-campanha-de-luciano-e-ana-paula-em-pinheiro\/#primaryimage"},"thumbnailUrl":"https:\/\/www.blogsoestado.com\/danielmatos\/files\/2020\/11\/IMG-20201031-WA0204-1024x683.jpg","datePublished":"2020-11-01T15:42:31+00:00","author":{"@id":""},"breadcrumb":{"@id":"https:\/\/www.blogsoestado.com\/danielmatos\/arrastao-do-11-othelino-reforca-campanha-de-luciano-e-ana-paula-em-pinheiro\/#breadcrumb"},"inLanguage":"pt-BR","potentialAction":[{"@type":"ReadAction","target":["https:\/\/www.blogsoestado.com\/danielmatos\/arrastao-do-11-othelino-reforca-campanha-de-luciano-e-ana-paula-em-pinheiro\/"]}]},{"@type":"ImageObject","inLanguage":"pt-BR","@id":"https:\/\/www.blogsoestado.com\/danielmatos\/arrastao-do-11-othelino-reforca-campanha-de-luciano-e-ana-paula-em-pinheiro\/#primaryimage","url":"https:\/\/www.blogsoestado.com\/danielmatos\/files\/2020\/11\/IMG-20201031-WA0204-1024x683.jpg","contentUrl":"https:\/\/www.blogsoestado.com\/danielmatos\/files\/2020\/11\/IMG-20201031-WA0204-1024x683.jpg"},{"@type":"BreadcrumbList","@id":"https:\/\/www.blogsoestado.com\/danielmatos\/arrastao-do-11-othelino-reforca-campanha-de-luciano-e-ana-paula-em-pinheiro\/#breadcrumb","itemListElement":[{"@type":"ListItem","position":1,"name":"In\u00edcio","item":"https:\/\/www.blogsoestado.com\/danielmatos\/"},{"@type":"ListItem","position":2,"name":"Arrast\u00e3o do 11 &#8211; Othelino refor\u00e7a campanha de Luciano e Ana Paula em Pinheiro"}]},{"@type":"WebSite","@id":"https:\/\/www.blogsoestado.com\/danielmatos\/#website","url":"https:\/\/www.blogsoestado.com\/danielmatos\/","name":"Daniel Matos","description":"","potentialAction":[{"@type":"SearchAction","target":{"@type":"EntryPoint","urlTemplate":"https:\/\/www.blogsoestado.com\/danielmatos\/?s={search_term_string}"},"query-input":{"@type":"PropertyValueSpecification","valueRequired":true,"valueName":"search_term_string"}}],"inLanguage":"pt-BR"}]}},"jetpack_featured_media_url":"","_links":{"self":[{"href":"https:\/\/www.blogsoestado.com\/danielmatos\/wp-json\/wp\/v2\/posts\/79117","targetHints":{"allow":["GET"]}}],"collection":[{"href":"https:\/\/www.blogsoestado.com\/danielmatos\/wp-json\/wp\/v2\/posts"}],"about":[{"href":"https:\/\/www.blogsoestado.com\/danielmatos\/wp-json\/wp\/v2\/types\/post"}],"replies":[{"embeddable":true,"href":"https:\/\/www.blogsoestado.com\/danielmatos\/wp-json\/wp\/v2\/comments?post=79117"}],"version-history":[{"count":0,"href":"https:\/\/www.blogsoestado.com\/danielmatos\/wp-json\/wp\/v2\/posts\/79117\/revisions"}],"wp:attachment":[{"href":"https:\/\/www.blogsoestado.com\/danielmatos\/wp-json\/wp\/v2\/media?parent=79117"}],"wp:term":[{"taxonomy":"category","embeddable":true,"href":"https:\/\/www.blogsoestado.com\/danielmatos\/wp-json\/wp\/v2\/categories?post=79117"},{"taxonomy":"post_tag","embeddable":true,"href":"https:\/\/www.blogsoestado.com\/danielmatos\/wp-json\/wp\/v2\/tags?post=79117"}],"curies":[{"name":"wp","href":"https:\/\/api.w.org\/{rel}","templated":true}]}}