{"id":79135,"date":"2020-11-01T18:52:24","date_gmt":"2020-11-01T21:52:24","guid":{"rendered":"https:\/\/www.blogsoestado.com\/danielmatos\/?p=79135"},"modified":"2020-11-01T18:52:24","modified_gmt":"2020-11-01T21:52:24","slug":"apos-ataques-de-franklin-yglesio-diz-que-sua-politica-e-da-discussao-de-propostas","status":"publish","type":"post","link":"https:\/\/www.blogsoestado.com\/danielmatos\/apos-ataques-de-franklin-yglesio-diz-que-sua-politica-e-da-discussao-de-propostas\/","title":{"rendered":"Ap\u00f3s ataques de Franklin, Ygl\u00e9sio diz que sua politica \u00e9 da discuss\u00e3o de propostas"},"content":{"rendered":"\n<div class=\"wp-block-image\"><figure class=\"aligncenter size-large\"><img decoding=\"async\" src=\"https:\/\/www.blogsoestado.com\/danielmatos\/files\/2020\/11\/IMG-20201101-WA0203-1024x577.jpg\" alt=\"\" class=\"wp-image-79136\"\/><figcaption>Ygl\u00e9sio Moys\u00e9s defende uma campanha eleitoral propositiva<\/figcaption><\/figure><\/div>\n\n\n\n<p>No debate realizado na noite deste s\u00e1bado (31), o candidato do Pros, Ygl\u00e9sio Moyses, questionou o Franklin Douglas (PSOL) sobre qual a ideia deste sobre as politicas de sa\u00fade que ser\u00e3o utilizadas em seu governo, caso eleito. O candidato do Psol, repetindo atitudes utilizadas desde o primeiro debate, n\u00e3o deu resposta \u00e0 pergunta, mas utilizou o tempo que lhe foi dado para tecer coment\u00e1rios, associando a imagem do Ygl\u00e9sio \u00e0 um contexto nacional negativo, algo que n\u00e3o possui coer\u00eancia no contexto local.<\/p>\n\n\n\n<p>Na r\u00e9plica, o candidato Ygl\u00e9sio disse que Franklin Douglas demonstrou mais uma vez que ele n\u00e3o est\u00e1 preparado para discutir propostas, adotando, inclusive, uma postura semelhante \u00e0 do atual presidente da Rep\u00fablica, agindo com incoer\u00eancia, segundo Ygl\u00e9sio.<\/p>\n\n\n\n<p>\u201cO que o Franklin t\u00e1 falando a\u00ed \u00e9 a prova, de fato, que conduziu Bolsonaro, que ele tanto condena. Essa discuss\u00e3o pequena a respeito de partido, ao inv\u00e9s de discutir projetos\u201d, disse. \u201cEle fala em projeto, fala em verdade, mas se voc\u00ea analisar o plano de governo dele, d\u00e1 R$ 1,5 bi de reais s\u00f3 pra implantar as a\u00e7\u00f5es. Eu n\u00e3o vou entrar nesse m\u00e9rito de fazer como tu fazes, de tentar desqualificar como j\u00e1 desqualificaste o Gast\u00e3o\u201d, completou.<\/p>\n\n\n\n<p>O candidato do Pros, destacando uma posi\u00e7\u00e3o que vem utilizando desde o in\u00edcio da campanha, disse o seguinte. \u201cA pol\u00edtica que eu fa\u00e7o \u00e9 discuss\u00e3o de propostas. C\u00ea quer discutir S\u00e3o Lu\u00eds? Qual a sua proposta para a sa\u00fade?\u201d, questionou. \u201cDiscuta comigo a sua proposta para a sa\u00fade que a\u00ed, de fato, a gente vai conseguir avan\u00e7ar nesse debate\u201d, completou.<\/p>\n\n\n\n<p>Na tr\u00e9plica, o candidato do PSOL, mais uma vez, utilizou do tempo que tinha para tecer mais coment\u00e1rios negativos, deixando a discuss\u00e3o levantada pelo Ygl\u00e9sio Moyses em segundo plano.<\/p>\n","protected":false},"excerpt":{"rendered":"<p>No debate realizado na noite deste s\u00e1bado (31), o candidato do Pros, Ygl\u00e9sio Moyses, questionou o Franklin Douglas (PSOL) sobre [&hellip;]<\/p>\n","protected":false},"author":0,"featured_media":0,"comment_status":"open","ping_status":"open","sticky":false,"template":"","format":"standard","meta":{"site-sidebar-layout":"default","site-content-layout":"","ast-site-content-layout":"default","site-content-style":"default","site-sidebar-style":"default","ast-global-header-display":"","ast-banner-title-visibility":"","ast-main-header-display":"","ast-hfb-above-header-display":"","ast-hfb-below-header-display":"","ast-hfb-mobile-header-display":"","site-post-title":"","ast-breadcrumbs-content":"","ast-featured-img":"","footer-sml-layout":"","ast-disable-related-posts":"","theme-transparent-header-meta":"","adv-header-id-meta":"","stick-header-meta":"","header-above-stick-meta":"","header-main-stick-meta":"","header-below-stick-meta":"","astra-migrate-meta-layouts":"default","ast-page-background-enabled":"default","ast-page-background-meta":{"desktop":{"background-color":"var(--ast-global-color-5)","background-image":"","background-repeat":"repeat","background-position":"center center","background-size":"auto","background-attachment":"scroll","background-type":"","background-media":"","overlay-type":"","overlay-color":"","overlay-opacity":"","overlay-gradient":""},"tablet":{"background-color":"","background-image":"","background-repeat":"repeat","background-position":"center center","background-size":"auto","background-attachment":"scroll","background-type":"","background-media":"","overlay-type":"","overlay-color":"","overlay-opacity":"","overlay-gradient":""},"mobile":{"background-color":"","background-image":"","background-repeat":"repeat","background-position":"center center","background-size":"auto","background-attachment":"scroll","background-type":"","background-media":"","overlay-type":"","overlay-color":"","overlay-opacity":"","overlay-gradient":""}},"ast-content-background-meta":{"desktop":{"background-color":"var(--ast-global-color-4)","background-image":"","background-repeat":"repeat","background-position":"center center","background-size":"auto","background-attachment":"scroll","background-type":"","background-media":"","overlay-type":"","overlay-color":"","overlay-opacity":"","overlay-gradient":""},"tablet":{"background-color":"var(--ast-global-color-4)","background-image":"","background-repeat":"repeat","background-position":"center center","background-size":"auto","background-attachment":"scroll","background-type":"","background-media":"","overlay-type":"","overlay-color":"","overlay-opacity":"","overlay-gradient":""},"mobile":{"background-color":"var(--ast-global-color-4)","background-image":"","background-repeat":"repeat","background-position":"center center","background-size":"auto","background-attachment":"scroll","background-type":"","background-media":"","overlay-type":"","overlay-color":"","overlay-opacity":"","overlay-gradient":""}},"footnotes":""},"categories":[1],"tags":[],"class_list":["post-79135","post","type-post","status-publish","format-standard","hentry","category-sem-categoria"],"yoast_head":"<!-- This site is optimized with the Yoast SEO plugin v26.6 - https:\/\/yoast.com\/wordpress\/plugins\/seo\/ -->\n<title>Ap\u00f3s ataques de Franklin, Ygl\u00e9sio diz que sua politica \u00e9 da discuss\u00e3o de propostas - Daniel Matos<\/title>\n<meta name=\"robots\" content=\"index, follow, max-snippet:-1, max-image-preview:large, max-video-preview:-1\" \/>\n<link rel=\"canonical\" href=\"https:\/\/www.blogsoestado.com\/danielmatos\/apos-ataques-de-franklin-yglesio-diz-que-sua-politica-e-da-discussao-de-propostas\/\" \/>\n<meta property=\"og:locale\" content=\"pt_BR\" \/>\n<meta property=\"og:type\" content=\"article\" \/>\n<meta property=\"og:title\" content=\"Ap\u00f3s ataques de Franklin, Ygl\u00e9sio diz que sua politica \u00e9 da discuss\u00e3o de propostas - Daniel Matos\" \/>\n<meta property=\"og:description\" content=\"No debate realizado na noite deste s\u00e1bado (31), o candidato do Pros, Ygl\u00e9sio Moyses, questionou o Franklin Douglas (PSOL) sobre [&hellip;]\" \/>\n<meta property=\"og:url\" content=\"https:\/\/www.blogsoestado.com\/danielmatos\/apos-ataques-de-franklin-yglesio-diz-que-sua-politica-e-da-discussao-de-propostas\/\" \/>\n<meta property=\"og:site_name\" content=\"Daniel Matos\" \/>\n<meta property=\"article:published_time\" content=\"2020-11-01T21:52:24+00:00\" \/>\n<meta property=\"og:image\" content=\"https:\/\/www.blogsoestado.com\/danielmatos\/files\/2020\/11\/IMG-20201101-WA0203-1024x577.jpg\" \/>\n<meta name=\"twitter:card\" content=\"summary_large_image\" \/>\n<meta name=\"twitter:label1\" content=\"Est. tempo de leitura\" \/>\n\t<meta name=\"twitter:data1\" content=\"2 minutos\" \/>\n<script type=\"application\/ld+json\" class=\"yoast-schema-graph\">{\"@context\":\"https:\/\/schema.org\",\"@graph\":[{\"@type\":\"WebPage\",\"@id\":\"https:\/\/www.blogsoestado.com\/danielmatos\/apos-ataques-de-franklin-yglesio-diz-que-sua-politica-e-da-discussao-de-propostas\/\",\"url\":\"https:\/\/www.blogsoestado.com\/danielmatos\/apos-ataques-de-franklin-yglesio-diz-que-sua-politica-e-da-discussao-de-propostas\/\",\"name\":\"Ap\u00f3s ataques de Franklin, Ygl\u00e9sio diz que sua politica \u00e9 da discuss\u00e3o de propostas - Daniel Matos\",\"isPartOf\":{\"@id\":\"https:\/\/www.blogsoestado.com\/danielmatos\/#website\"},\"primaryImageOfPage\":{\"@id\":\"https:\/\/www.blogsoestado.com\/danielmatos\/apos-ataques-de-franklin-yglesio-diz-que-sua-politica-e-da-discussao-de-propostas\/#primaryimage\"},\"image\":{\"@id\":\"https:\/\/www.blogsoestado.com\/danielmatos\/apos-ataques-de-franklin-yglesio-diz-que-sua-politica-e-da-discussao-de-propostas\/#primaryimage\"},\"thumbnailUrl\":\"https:\/\/www.blogsoestado.com\/danielmatos\/files\/2020\/11\/IMG-20201101-WA0203-1024x577.jpg\",\"datePublished\":\"2020-11-01T21:52:24+00:00\",\"author\":{\"@id\":\"\"},\"breadcrumb\":{\"@id\":\"https:\/\/www.blogsoestado.com\/danielmatos\/apos-ataques-de-franklin-yglesio-diz-que-sua-politica-e-da-discussao-de-propostas\/#breadcrumb\"},\"inLanguage\":\"pt-BR\",\"potentialAction\":[{\"@type\":\"ReadAction\",\"target\":[\"https:\/\/www.blogsoestado.com\/danielmatos\/apos-ataques-de-franklin-yglesio-diz-que-sua-politica-e-da-discussao-de-propostas\/\"]}]},{\"@type\":\"ImageObject\",\"inLanguage\":\"pt-BR\",\"@id\":\"https:\/\/www.blogsoestado.com\/danielmatos\/apos-ataques-de-franklin-yglesio-diz-que-sua-politica-e-da-discussao-de-propostas\/#primaryimage\",\"url\":\"https:\/\/www.blogsoestado.com\/danielmatos\/files\/2020\/11\/IMG-20201101-WA0203-1024x577.jpg\",\"contentUrl\":\"https:\/\/www.blogsoestado.com\/danielmatos\/files\/2020\/11\/IMG-20201101-WA0203-1024x577.jpg\"},{\"@type\":\"BreadcrumbList\",\"@id\":\"https:\/\/www.blogsoestado.com\/danielmatos\/apos-ataques-de-franklin-yglesio-diz-que-sua-politica-e-da-discussao-de-propostas\/#breadcrumb\",\"itemListElement\":[{\"@type\":\"ListItem\",\"position\":1,\"name\":\"In\u00edcio\",\"item\":\"https:\/\/www.blogsoestado.com\/danielmatos\/\"},{\"@type\":\"ListItem\",\"position\":2,\"name\":\"Ap\u00f3s ataques de Franklin, Ygl\u00e9sio diz que sua politica \u00e9 da discuss\u00e3o de propostas\"}]},{\"@type\":\"WebSite\",\"@id\":\"https:\/\/www.blogsoestado.com\/danielmatos\/#website\",\"url\":\"https:\/\/www.blogsoestado.com\/danielmatos\/\",\"name\":\"Daniel Matos\",\"description\":\"\",\"potentialAction\":[{\"@type\":\"SearchAction\",\"target\":{\"@type\":\"EntryPoint\",\"urlTemplate\":\"https:\/\/www.blogsoestado.com\/danielmatos\/?s={search_term_string}\"},\"query-input\":{\"@type\":\"PropertyValueSpecification\",\"valueRequired\":true,\"valueName\":\"search_term_string\"}}],\"inLanguage\":\"pt-BR\"}]}<\/script>\n<!-- \/ Yoast SEO plugin. -->","yoast_head_json":{"title":"Ap\u00f3s ataques de Franklin, Ygl\u00e9sio diz que sua politica \u00e9 da discuss\u00e3o de propostas - Daniel Matos","robots":{"index":"index","follow":"follow","max-snippet":"max-snippet:-1","max-image-preview":"max-image-preview:large","max-video-preview":"max-video-preview:-1"},"canonical":"https:\/\/www.blogsoestado.com\/danielmatos\/apos-ataques-de-franklin-yglesio-diz-que-sua-politica-e-da-discussao-de-propostas\/","og_locale":"pt_BR","og_type":"article","og_title":"Ap\u00f3s ataques de Franklin, Ygl\u00e9sio diz que sua politica \u00e9 da discuss\u00e3o de propostas - Daniel Matos","og_description":"No debate realizado na noite deste s\u00e1bado (31), o candidato do Pros, Ygl\u00e9sio Moyses, questionou o Franklin Douglas (PSOL) sobre [&hellip;]","og_url":"https:\/\/www.blogsoestado.com\/danielmatos\/apos-ataques-de-franklin-yglesio-diz-que-sua-politica-e-da-discussao-de-propostas\/","og_site_name":"Daniel Matos","article_published_time":"2020-11-01T21:52:24+00:00","og_image":[{"url":"https:\/\/www.blogsoestado.com\/danielmatos\/files\/2020\/11\/IMG-20201101-WA0203-1024x577.jpg","type":"","width":"","height":""}],"twitter_card":"summary_large_image","twitter_misc":{"Est. tempo de leitura":"2 minutos"},"schema":{"@context":"https:\/\/schema.org","@graph":[{"@type":"WebPage","@id":"https:\/\/www.blogsoestado.com\/danielmatos\/apos-ataques-de-franklin-yglesio-diz-que-sua-politica-e-da-discussao-de-propostas\/","url":"https:\/\/www.blogsoestado.com\/danielmatos\/apos-ataques-de-franklin-yglesio-diz-que-sua-politica-e-da-discussao-de-propostas\/","name":"Ap\u00f3s ataques de Franklin, Ygl\u00e9sio diz que sua politica \u00e9 da discuss\u00e3o de propostas - Daniel Matos","isPartOf":{"@id":"https:\/\/www.blogsoestado.com\/danielmatos\/#website"},"primaryImageOfPage":{"@id":"https:\/\/www.blogsoestado.com\/danielmatos\/apos-ataques-de-franklin-yglesio-diz-que-sua-politica-e-da-discussao-de-propostas\/#primaryimage"},"image":{"@id":"https:\/\/www.blogsoestado.com\/danielmatos\/apos-ataques-de-franklin-yglesio-diz-que-sua-politica-e-da-discussao-de-propostas\/#primaryimage"},"thumbnailUrl":"https:\/\/www.blogsoestado.com\/danielmatos\/files\/2020\/11\/IMG-20201101-WA0203-1024x577.jpg","datePublished":"2020-11-01T21:52:24+00:00","author":{"@id":""},"breadcrumb":{"@id":"https:\/\/www.blogsoestado.com\/danielmatos\/apos-ataques-de-franklin-yglesio-diz-que-sua-politica-e-da-discussao-de-propostas\/#breadcrumb"},"inLanguage":"pt-BR","potentialAction":[{"@type":"ReadAction","target":["https:\/\/www.blogsoestado.com\/danielmatos\/apos-ataques-de-franklin-yglesio-diz-que-sua-politica-e-da-discussao-de-propostas\/"]}]},{"@type":"ImageObject","inLanguage":"pt-BR","@id":"https:\/\/www.blogsoestado.com\/danielmatos\/apos-ataques-de-franklin-yglesio-diz-que-sua-politica-e-da-discussao-de-propostas\/#primaryimage","url":"https:\/\/www.blogsoestado.com\/danielmatos\/files\/2020\/11\/IMG-20201101-WA0203-1024x577.jpg","contentUrl":"https:\/\/www.blogsoestado.com\/danielmatos\/files\/2020\/11\/IMG-20201101-WA0203-1024x577.jpg"},{"@type":"BreadcrumbList","@id":"https:\/\/www.blogsoestado.com\/danielmatos\/apos-ataques-de-franklin-yglesio-diz-que-sua-politica-e-da-discussao-de-propostas\/#breadcrumb","itemListElement":[{"@type":"ListItem","position":1,"name":"In\u00edcio","item":"https:\/\/www.blogsoestado.com\/danielmatos\/"},{"@type":"ListItem","position":2,"name":"Ap\u00f3s ataques de Franklin, Ygl\u00e9sio diz que sua politica \u00e9 da discuss\u00e3o de propostas"}]},{"@type":"WebSite","@id":"https:\/\/www.blogsoestado.com\/danielmatos\/#website","url":"https:\/\/www.blogsoestado.com\/danielmatos\/","name":"Daniel Matos","description":"","potentialAction":[{"@type":"SearchAction","target":{"@type":"EntryPoint","urlTemplate":"https:\/\/www.blogsoestado.com\/danielmatos\/?s={search_term_string}"},"query-input":{"@type":"PropertyValueSpecification","valueRequired":true,"valueName":"search_term_string"}}],"inLanguage":"pt-BR"}]}},"jetpack_featured_media_url":"","_links":{"self":[{"href":"https:\/\/www.blogsoestado.com\/danielmatos\/wp-json\/wp\/v2\/posts\/79135","targetHints":{"allow":["GET"]}}],"collection":[{"href":"https:\/\/www.blogsoestado.com\/danielmatos\/wp-json\/wp\/v2\/posts"}],"about":[{"href":"https:\/\/www.blogsoestado.com\/danielmatos\/wp-json\/wp\/v2\/types\/post"}],"replies":[{"embeddable":true,"href":"https:\/\/www.blogsoestado.com\/danielmatos\/wp-json\/wp\/v2\/comments?post=79135"}],"version-history":[{"count":0,"href":"https:\/\/www.blogsoestado.com\/danielmatos\/wp-json\/wp\/v2\/posts\/79135\/revisions"}],"wp:attachment":[{"href":"https:\/\/www.blogsoestado.com\/danielmatos\/wp-json\/wp\/v2\/media?parent=79135"}],"wp:term":[{"taxonomy":"category","embeddable":true,"href":"https:\/\/www.blogsoestado.com\/danielmatos\/wp-json\/wp\/v2\/categories?post=79135"},{"taxonomy":"post_tag","embeddable":true,"href":"https:\/\/www.blogsoestado.com\/danielmatos\/wp-json\/wp\/v2\/tags?post=79135"}],"curies":[{"name":"wp","href":"https:\/\/api.w.org\/{rel}","templated":true}]}}