{"id":79138,"date":"2020-11-01T21:42:19","date_gmt":"2020-11-02T00:42:19","guid":{"rendered":"https:\/\/www.blogsoestado.com\/danielmatos\/?p=79138"},"modified":"2020-11-01T21:42:19","modified_gmt":"2020-11-02T00:42:19","slug":"vli-vai-ampliar-operacao-no-arco-norte-com-terminal-em-porto-franco","status":"publish","type":"post","link":"https:\/\/www.blogsoestado.com\/danielmatos\/vli-vai-ampliar-operacao-no-arco-norte-com-terminal-em-porto-franco\/","title":{"rendered":"VLI vai ampliar opera\u00e7\u00e3o no Arco Norte com terminal em Porto Franco"},"content":{"rendered":"\n<p class=\"has-text-color has-huge-font-size has-vivid-red-color\">Novo ativo ter\u00e1 aporte de mais de R$ 20 milh\u00f5es e incrementa capacidade da companhia no Maranh\u00e3o<\/p>\n\n\n\n<div class=\"wp-block-image\"><figure class=\"aligncenter size-large\"><img decoding=\"async\" src=\"https:\/\/www.blogsoestado.com\/danielmatos\/files\/2020\/11\/VLI_-terminais-e-ferrovia_-divulga\u00e7\u00e3o-VLI-1024x684.jpg\" alt=\"\" class=\"wp-image-79139\"\/><figcaption>A VLI vai investir entre obriga\u00e7\u00f5es contratuais, adequa\u00e7\u00e3o e capacita\u00e7\u00e3o do terminal mais de R$ 20 milh\u00f5es nos pr\u00f3ximos 15 anos<\/figcaption><\/figure><\/div>\n\n\n\n<p>A VLI, companhia de solu\u00e7\u00f5es log\u00edsticas que integra ferrovias, terminais e portos, arrematou, em leil\u00e3o, nesta sexta-feira (30), a opera\u00e7\u00e3o de um terminal intermodal situado em Porto Franco (MA). O ativo conta com estruturas de armazenagem e transbordo de gr\u00e3os e a previs\u00e3o \u00e9 elevar a movimenta\u00e7\u00e3o de cargas dessa regi\u00e3o, que a empresa j\u00e1 recebe de outros terminais, em mais de 30%. A VLI vai investir entre obriga\u00e7\u00f5es contratuais, adequa\u00e7\u00e3o e capacita\u00e7\u00e3o do terminal mais de R$ 20 milh\u00f5es durante os pr\u00f3ximos 15 anos.<\/p>\n\n\n\n<p>Al\u00e9m desse per\u00edodo, a concess\u00e3o pode ser renovada por mais cinco anos. As obras, no pr\u00f3ximo ano, v\u00e3o gerar mais de 100 empregos no estado.<\/p>\n\n\n\n<p>A expectativa \u00e9 de iniciar a movimenta\u00e7\u00e3o de gr\u00e3os no fim de 2021. A utiliza\u00e7\u00e3o dessa unidade est\u00e1 em sinergia com a atua\u00e7\u00e3o da companhia no estado e o ativo ser\u00e1 integrado ao sistema multimodal da VLI que j\u00e1 movimenta cargas. Nos \u00faltimos anos, a VLI aportou nesse fluxo quase R$ 2 bilh\u00f5es na constru\u00e7\u00e3o de dois terminais no Tocantins, aquisi\u00e7\u00e3o de locomotivas e vag\u00f5es e melhorias na linha f\u00e9rrea. \u201cO novo terminal refor\u00e7a nossa estrat\u00e9gia de transformar a log\u00edstica do pa\u00eds. Movimentamos, no ano passado, quase oito milh\u00f5es de toneladas de gr\u00e3os (milho, soja e farelo) com destino ao Porto do Itaqui. Entendemos como essencial o fomento \u00e0 nova fronteira agr\u00edcola do pa\u00eds e nosso sistema torna-se cada vez mais robusto para atender o mercado\u201d, aponta Alessandro Gama, diretor de Portos e Terminais da VLI.<\/p>\n\n\n\n<p><strong>N\u00fameros VLI no Norte<\/strong><\/p>\n\n\n\n<p><strong>Volume 2019<\/strong><\/p>\n\n\n\n<p>Gr\u00e3os: 7,9 milh\u00f5es de toneladas<\/p>\n\n\n\n<p><strong>Capacidade total\/ano (Terminais Porto Nacional, Palmeirante e Porto Franco \u2013 ap\u00f3s obras)<\/strong><\/p>\n\n\n\n<p>6,7 milh\u00f5es de toneladas de gr\u00e3os<\/p>\n\n\n\n<p><strong>Sobre a VLI<\/strong><\/p>\n\n\n\n<p>A VLI tem o compromisso de apoiar a transforma\u00e7\u00e3o da log\u00edstica no pa\u00eds, por meio da integra\u00e7\u00e3o de servi\u00e7os em portos, ferrovias e terminais. A empresa engloba as ferrovias Norte Sul (FNS) e Centro-Atl\u00e2ntica (FCA), al\u00e9m de terminais intermodais, que unem o carregamento e o descarregamento de produtos ao transporte ferrovi\u00e1rio, e terminais portu\u00e1rios situados em eixos estrat\u00e9gicos da costa brasileira, tais como em Santos (SP), S\u00e3o Lu\u00eds (MA) e Vit\u00f3ria (ES). Escolhida como uma das 150 melhores empresas para se trabalhar pela revista Voc\u00ea S\/A, a VLI transporta as riquezas do Brasil por rotas que passam pelas regi\u00f5es Norte, Nordeste, Sudeste e Centro-Oeste.<\/p>\n","protected":false},"excerpt":{"rendered":"<p>Novo ativo ter\u00e1 aporte de mais de R$ 20 milh\u00f5es e incrementa capacidade da companhia no Maranh\u00e3o A VLI, companhia [&hellip;]<\/p>\n","protected":false},"author":0,"featured_media":0,"comment_status":"open","ping_status":"open","sticky":false,"template":"","format":"standard","meta":{"site-sidebar-layout":"default","site-content-layout":"","ast-site-content-layout":"default","site-content-style":"default","site-sidebar-style":"default","ast-global-header-display":"","ast-banner-title-visibility":"","ast-main-header-display":"","ast-hfb-above-header-display":"","ast-hfb-below-header-display":"","ast-hfb-mobile-header-display":"","site-post-title":"","ast-breadcrumbs-content":"","ast-featured-img":"","footer-sml-layout":"","ast-disable-related-posts":"","theme-transparent-header-meta":"","adv-header-id-meta":"","stick-header-meta":"","header-above-stick-meta":"","header-main-stick-meta":"","header-below-stick-meta":"","astra-migrate-meta-layouts":"default","ast-page-background-enabled":"default","ast-page-background-meta":{"desktop":{"background-color":"var(--ast-global-color-5)","background-image":"","background-repeat":"repeat","background-position":"center center","background-size":"auto","background-attachment":"scroll","background-type":"","background-media":"","overlay-type":"","overlay-color":"","overlay-opacity":"","overlay-gradient":""},"tablet":{"background-color":"","background-image":"","background-repeat":"repeat","background-position":"center center","background-size":"auto","background-attachment":"scroll","background-type":"","background-media":"","overlay-type":"","overlay-color":"","overlay-opacity":"","overlay-gradient":""},"mobile":{"background-color":"","background-image":"","background-repeat":"repeat","background-position":"center center","background-size":"auto","background-attachment":"scroll","background-type":"","background-media":"","overlay-type":"","overlay-color":"","overlay-opacity":"","overlay-gradient":""}},"ast-content-background-meta":{"desktop":{"background-color":"var(--ast-global-color-4)","background-image":"","background-repeat":"repeat","background-position":"center center","background-size":"auto","background-attachment":"scroll","background-type":"","background-media":"","overlay-type":"","overlay-color":"","overlay-opacity":"","overlay-gradient":""},"tablet":{"background-color":"var(--ast-global-color-4)","background-image":"","background-repeat":"repeat","background-position":"center center","background-size":"auto","background-attachment":"scroll","background-type":"","background-media":"","overlay-type":"","overlay-color":"","overlay-opacity":"","overlay-gradient":""},"mobile":{"background-color":"var(--ast-global-color-4)","background-image":"","background-repeat":"repeat","background-position":"center center","background-size":"auto","background-attachment":"scroll","background-type":"","background-media":"","overlay-type":"","overlay-color":"","overlay-opacity":"","overlay-gradient":""}},"footnotes":""},"categories":[1],"tags":[],"class_list":["post-79138","post","type-post","status-publish","format-standard","hentry","category-sem-categoria"],"yoast_head":"<!-- This site is optimized with the Yoast SEO plugin v26.6 - https:\/\/yoast.com\/wordpress\/plugins\/seo\/ -->\n<title>VLI vai ampliar opera\u00e7\u00e3o no Arco Norte com terminal em Porto Franco - Daniel Matos<\/title>\n<meta name=\"robots\" content=\"index, follow, max-snippet:-1, max-image-preview:large, max-video-preview:-1\" \/>\n<link rel=\"canonical\" href=\"https:\/\/www.blogsoestado.com\/danielmatos\/vli-vai-ampliar-operacao-no-arco-norte-com-terminal-em-porto-franco\/\" \/>\n<meta property=\"og:locale\" content=\"pt_BR\" \/>\n<meta property=\"og:type\" content=\"article\" \/>\n<meta property=\"og:title\" content=\"VLI vai ampliar opera\u00e7\u00e3o no Arco Norte com terminal em Porto Franco - Daniel Matos\" \/>\n<meta property=\"og:description\" content=\"Novo ativo ter\u00e1 aporte de mais de R$ 20 milh\u00f5es e incrementa capacidade da companhia no Maranh\u00e3o A VLI, companhia [&hellip;]\" \/>\n<meta property=\"og:url\" content=\"https:\/\/www.blogsoestado.com\/danielmatos\/vli-vai-ampliar-operacao-no-arco-norte-com-terminal-em-porto-franco\/\" \/>\n<meta property=\"og:site_name\" content=\"Daniel Matos\" \/>\n<meta property=\"article:published_time\" content=\"2020-11-02T00:42:19+00:00\" \/>\n<meta name=\"twitter:card\" content=\"summary_large_image\" \/>\n<meta name=\"twitter:label1\" content=\"Est. tempo de leitura\" \/>\n\t<meta name=\"twitter:data1\" content=\"2 minutos\" \/>\n<script type=\"application\/ld+json\" class=\"yoast-schema-graph\">{\"@context\":\"https:\/\/schema.org\",\"@graph\":[{\"@type\":\"WebPage\",\"@id\":\"https:\/\/www.blogsoestado.com\/danielmatos\/vli-vai-ampliar-operacao-no-arco-norte-com-terminal-em-porto-franco\/\",\"url\":\"https:\/\/www.blogsoestado.com\/danielmatos\/vli-vai-ampliar-operacao-no-arco-norte-com-terminal-em-porto-franco\/\",\"name\":\"VLI vai ampliar opera\u00e7\u00e3o no Arco Norte com terminal em Porto Franco - Daniel Matos\",\"isPartOf\":{\"@id\":\"https:\/\/www.blogsoestado.com\/danielmatos\/#website\"},\"datePublished\":\"2020-11-02T00:42:19+00:00\",\"author\":{\"@id\":\"\"},\"breadcrumb\":{\"@id\":\"https:\/\/www.blogsoestado.com\/danielmatos\/vli-vai-ampliar-operacao-no-arco-norte-com-terminal-em-porto-franco\/#breadcrumb\"},\"inLanguage\":\"pt-BR\",\"potentialAction\":[{\"@type\":\"ReadAction\",\"target\":[\"https:\/\/www.blogsoestado.com\/danielmatos\/vli-vai-ampliar-operacao-no-arco-norte-com-terminal-em-porto-franco\/\"]}]},{\"@type\":\"BreadcrumbList\",\"@id\":\"https:\/\/www.blogsoestado.com\/danielmatos\/vli-vai-ampliar-operacao-no-arco-norte-com-terminal-em-porto-franco\/#breadcrumb\",\"itemListElement\":[{\"@type\":\"ListItem\",\"position\":1,\"name\":\"In\u00edcio\",\"item\":\"https:\/\/www.blogsoestado.com\/danielmatos\/\"},{\"@type\":\"ListItem\",\"position\":2,\"name\":\"VLI vai ampliar opera\u00e7\u00e3o no Arco Norte com terminal em Porto Franco\"}]},{\"@type\":\"WebSite\",\"@id\":\"https:\/\/www.blogsoestado.com\/danielmatos\/#website\",\"url\":\"https:\/\/www.blogsoestado.com\/danielmatos\/\",\"name\":\"Daniel Matos\",\"description\":\"\",\"potentialAction\":[{\"@type\":\"SearchAction\",\"target\":{\"@type\":\"EntryPoint\",\"urlTemplate\":\"https:\/\/www.blogsoestado.com\/danielmatos\/?s={search_term_string}\"},\"query-input\":{\"@type\":\"PropertyValueSpecification\",\"valueRequired\":true,\"valueName\":\"search_term_string\"}}],\"inLanguage\":\"pt-BR\"}]}<\/script>\n<!-- \/ Yoast SEO plugin. -->","yoast_head_json":{"title":"VLI vai ampliar opera\u00e7\u00e3o no Arco Norte com terminal em Porto Franco - Daniel Matos","robots":{"index":"index","follow":"follow","max-snippet":"max-snippet:-1","max-image-preview":"max-image-preview:large","max-video-preview":"max-video-preview:-1"},"canonical":"https:\/\/www.blogsoestado.com\/danielmatos\/vli-vai-ampliar-operacao-no-arco-norte-com-terminal-em-porto-franco\/","og_locale":"pt_BR","og_type":"article","og_title":"VLI vai ampliar opera\u00e7\u00e3o no Arco Norte com terminal em Porto Franco - Daniel Matos","og_description":"Novo ativo ter\u00e1 aporte de mais de R$ 20 milh\u00f5es e incrementa capacidade da companhia no Maranh\u00e3o A VLI, companhia [&hellip;]","og_url":"https:\/\/www.blogsoestado.com\/danielmatos\/vli-vai-ampliar-operacao-no-arco-norte-com-terminal-em-porto-franco\/","og_site_name":"Daniel Matos","article_published_time":"2020-11-02T00:42:19+00:00","twitter_card":"summary_large_image","twitter_misc":{"Est. tempo de leitura":"2 minutos"},"schema":{"@context":"https:\/\/schema.org","@graph":[{"@type":"WebPage","@id":"https:\/\/www.blogsoestado.com\/danielmatos\/vli-vai-ampliar-operacao-no-arco-norte-com-terminal-em-porto-franco\/","url":"https:\/\/www.blogsoestado.com\/danielmatos\/vli-vai-ampliar-operacao-no-arco-norte-com-terminal-em-porto-franco\/","name":"VLI vai ampliar opera\u00e7\u00e3o no Arco Norte com terminal em Porto Franco - Daniel Matos","isPartOf":{"@id":"https:\/\/www.blogsoestado.com\/danielmatos\/#website"},"datePublished":"2020-11-02T00:42:19+00:00","author":{"@id":""},"breadcrumb":{"@id":"https:\/\/www.blogsoestado.com\/danielmatos\/vli-vai-ampliar-operacao-no-arco-norte-com-terminal-em-porto-franco\/#breadcrumb"},"inLanguage":"pt-BR","potentialAction":[{"@type":"ReadAction","target":["https:\/\/www.blogsoestado.com\/danielmatos\/vli-vai-ampliar-operacao-no-arco-norte-com-terminal-em-porto-franco\/"]}]},{"@type":"BreadcrumbList","@id":"https:\/\/www.blogsoestado.com\/danielmatos\/vli-vai-ampliar-operacao-no-arco-norte-com-terminal-em-porto-franco\/#breadcrumb","itemListElement":[{"@type":"ListItem","position":1,"name":"In\u00edcio","item":"https:\/\/www.blogsoestado.com\/danielmatos\/"},{"@type":"ListItem","position":2,"name":"VLI vai ampliar opera\u00e7\u00e3o no Arco Norte com terminal em Porto Franco"}]},{"@type":"WebSite","@id":"https:\/\/www.blogsoestado.com\/danielmatos\/#website","url":"https:\/\/www.blogsoestado.com\/danielmatos\/","name":"Daniel Matos","description":"","potentialAction":[{"@type":"SearchAction","target":{"@type":"EntryPoint","urlTemplate":"https:\/\/www.blogsoestado.com\/danielmatos\/?s={search_term_string}"},"query-input":{"@type":"PropertyValueSpecification","valueRequired":true,"valueName":"search_term_string"}}],"inLanguage":"pt-BR"}]}},"jetpack_featured_media_url":"","_links":{"self":[{"href":"https:\/\/www.blogsoestado.com\/danielmatos\/wp-json\/wp\/v2\/posts\/79138","targetHints":{"allow":["GET"]}}],"collection":[{"href":"https:\/\/www.blogsoestado.com\/danielmatos\/wp-json\/wp\/v2\/posts"}],"about":[{"href":"https:\/\/www.blogsoestado.com\/danielmatos\/wp-json\/wp\/v2\/types\/post"}],"replies":[{"embeddable":true,"href":"https:\/\/www.blogsoestado.com\/danielmatos\/wp-json\/wp\/v2\/comments?post=79138"}],"version-history":[{"count":0,"href":"https:\/\/www.blogsoestado.com\/danielmatos\/wp-json\/wp\/v2\/posts\/79138\/revisions"}],"wp:attachment":[{"href":"https:\/\/www.blogsoestado.com\/danielmatos\/wp-json\/wp\/v2\/media?parent=79138"}],"wp:term":[{"taxonomy":"category","embeddable":true,"href":"https:\/\/www.blogsoestado.com\/danielmatos\/wp-json\/wp\/v2\/categories?post=79138"},{"taxonomy":"post_tag","embeddable":true,"href":"https:\/\/www.blogsoestado.com\/danielmatos\/wp-json\/wp\/v2\/tags?post=79138"}],"curies":[{"name":"wp","href":"https:\/\/api.w.org\/{rel}","templated":true}]}}