{"id":79144,"date":"2020-11-02T09:23:07","date_gmt":"2020-11-02T12:23:07","guid":{"rendered":"https:\/\/www.blogsoestado.com\/danielmatos\/?p=79144"},"modified":"2020-11-02T09:23:07","modified_gmt":"2020-11-02T12:23:07","slug":"wellington-do-curso-comanda-carreata-na-zona-rural-em-apoio-a-neto-evangelista","status":"publish","type":"post","link":"https:\/\/www.blogsoestado.com\/danielmatos\/wellington-do-curso-comanda-carreata-na-zona-rural-em-apoio-a-neto-evangelista\/","title":{"rendered":"Wellington do Curso comanda carreata na zona rural em apoio a Neto Evangelista"},"content":{"rendered":"\n<div class=\"wp-block-image\"><figure class=\"aligncenter size-large\"><img decoding=\"async\" src=\"https:\/\/www.blogsoestado.com\/danielmatos\/files\/2020\/11\/IMG-20201102-WA0019-1024x672.jpg\" alt=\"\" class=\"wp-image-79145\"\/><figcaption>Wellington percorreu a zona rural em carreata para pedir votos para Neto Evangelista<\/figcaption><\/figure><\/div>\n\n\n\n<p>Entre palavras de incentivo e confian\u00e7a da popula\u00e7\u00e3o, Wellington do Curso esteve \u00e0 frente de mais uma grande carreata de apoio a Neto Evangelista para prefeito de S\u00e3o Lu\u00eds. A carreata ocorreu na zona rural e percorreu bairros como Vila Itamar, Vila Esperan\u00e7a, Vila Industrial, Nova Rep\u00fablica, Maracan\u00e3 e Residenciais Amendoeira, Morada do Sol e Santo Ant\u00f4nio, al\u00e9m de outras localidades.<\/p>\n\n\n\n<p>Para Wellington do Curso, estar nas ruas e sentir essa confian\u00e7a das pessoas em sua decis\u00e3o ao apoiar Neto Evangelista \u00e9 o que o motiva a seguir firme na luta por uma S\u00e3o Lu\u00eds melhor.<\/p>\n\n\n\n<div class=\"wp-block-image\"><figure class=\"aligncenter size-large\"><img decoding=\"async\" src=\"https:\/\/www.blogsoestado.com\/danielmatos\/files\/2020\/11\/IMG-20201102-WA0020-1024x626.jpg\" alt=\"\" class=\"wp-image-79146\"\/><figcaption>A carreata foi realizada em clima de anima\u00e7\u00e3o e foi bem recepcionada pelo povo<\/figcaption><\/figure><\/div>\n\n\n\n<p>\u201cEssa \u00e9 e mais uma carreata em que estamos \u00e0 frente, buscando divulgar propostas de nosso candidato a prefeito de S\u00e3o Lu\u00eds, Neto Evangelista. Propostas, que, de fato, far\u00e3o a diferen\u00e7a em S\u00e3o Lu\u00eds. Durante anos, a zona rural foi esquecida e isso precisa mudar. \u00c9 necess\u00e1rio que o pr\u00f3ximo prefeito olhe com carinho para a nossa gente, traga escolas, hospitais e oportunidades. Agradecemos de cora\u00e7\u00e3o pelo carinho e pelos sorrisos que recebemos por onde passamos com a carreata. \u00c9 isso que nos motiva a seguir firmes na luta por uma S\u00e3o Lu\u00eds melhor. Vanos para o 2\u00ba turno! Vamos vencer!\u201d, disse Wellington.<\/p>\n\n\n\n<p>Al\u00e9m de Wellington do Curso, estiveram presentes a candidata a vice-prefeita, Luzimar Lopes, e o deputado federal Juscelino Filho, al\u00e9m de v\u00e1rios candidatos a vereador.<\/p>\n","protected":false},"excerpt":{"rendered":"<p>Entre palavras de incentivo e confian\u00e7a da popula\u00e7\u00e3o, Wellington do Curso esteve \u00e0 frente de mais uma grande carreata de [&hellip;]<\/p>\n","protected":false},"author":0,"featured_media":0,"comment_status":"open","ping_status":"open","sticky":false,"template":"","format":"standard","meta":{"site-sidebar-layout":"default","site-content-layout":"","ast-site-content-layout":"default","site-content-style":"default","site-sidebar-style":"default","ast-global-header-display":"","ast-banner-title-visibility":"","ast-main-header-display":"","ast-hfb-above-header-display":"","ast-hfb-below-header-display":"","ast-hfb-mobile-header-display":"","site-post-title":"","ast-breadcrumbs-content":"","ast-featured-img":"","footer-sml-layout":"","ast-disable-related-posts":"","theme-transparent-header-meta":"","adv-header-id-meta":"","stick-header-meta":"","header-above-stick-meta":"","header-main-stick-meta":"","header-below-stick-meta":"","astra-migrate-meta-layouts":"default","ast-page-background-enabled":"default","ast-page-background-meta":{"desktop":{"background-color":"var(--ast-global-color-5)","background-image":"","background-repeat":"repeat","background-position":"center center","background-size":"auto","background-attachment":"scroll","background-type":"","background-media":"","overlay-type":"","overlay-color":"","overlay-opacity":"","overlay-gradient":""},"tablet":{"background-color":"","background-image":"","background-repeat":"repeat","background-position":"center center","background-size":"auto","background-attachment":"scroll","background-type":"","background-media":"","overlay-type":"","overlay-color":"","overlay-opacity":"","overlay-gradient":""},"mobile":{"background-color":"","background-image":"","background-repeat":"repeat","background-position":"center center","background-size":"auto","background-attachment":"scroll","background-type":"","background-media":"","overlay-type":"","overlay-color":"","overlay-opacity":"","overlay-gradient":""}},"ast-content-background-meta":{"desktop":{"background-color":"var(--ast-global-color-4)","background-image":"","background-repeat":"repeat","background-position":"center center","background-size":"auto","background-attachment":"scroll","background-type":"","background-media":"","overlay-type":"","overlay-color":"","overlay-opacity":"","overlay-gradient":""},"tablet":{"background-color":"var(--ast-global-color-4)","background-image":"","background-repeat":"repeat","background-position":"center center","background-size":"auto","background-attachment":"scroll","background-type":"","background-media":"","overlay-type":"","overlay-color":"","overlay-opacity":"","overlay-gradient":""},"mobile":{"background-color":"var(--ast-global-color-4)","background-image":"","background-repeat":"repeat","background-position":"center center","background-size":"auto","background-attachment":"scroll","background-type":"","background-media":"","overlay-type":"","overlay-color":"","overlay-opacity":"","overlay-gradient":""}},"footnotes":""},"categories":[1],"tags":[],"class_list":["post-79144","post","type-post","status-publish","format-standard","hentry","category-sem-categoria"],"yoast_head":"<!-- This site is optimized with the Yoast SEO plugin v26.6 - https:\/\/yoast.com\/wordpress\/plugins\/seo\/ -->\n<title>Wellington do Curso comanda carreata na zona rural em apoio a Neto Evangelista - Daniel Matos<\/title>\n<meta name=\"robots\" content=\"index, follow, max-snippet:-1, max-image-preview:large, max-video-preview:-1\" \/>\n<link rel=\"canonical\" href=\"https:\/\/www.blogsoestado.com\/danielmatos\/wellington-do-curso-comanda-carreata-na-zona-rural-em-apoio-a-neto-evangelista\/\" \/>\n<meta property=\"og:locale\" content=\"pt_BR\" \/>\n<meta property=\"og:type\" content=\"article\" \/>\n<meta property=\"og:title\" content=\"Wellington do Curso comanda carreata na zona rural em apoio a Neto Evangelista - Daniel Matos\" \/>\n<meta property=\"og:description\" content=\"Entre palavras de incentivo e confian\u00e7a da popula\u00e7\u00e3o, Wellington do Curso esteve \u00e0 frente de mais uma grande carreata de [&hellip;]\" \/>\n<meta property=\"og:url\" content=\"https:\/\/www.blogsoestado.com\/danielmatos\/wellington-do-curso-comanda-carreata-na-zona-rural-em-apoio-a-neto-evangelista\/\" \/>\n<meta property=\"og:site_name\" content=\"Daniel Matos\" \/>\n<meta property=\"article:published_time\" content=\"2020-11-02T12:23:07+00:00\" \/>\n<meta property=\"og:image\" content=\"https:\/\/www.blogsoestado.com\/danielmatos\/files\/2020\/11\/IMG-20201102-WA0019-1024x672.jpg\" \/>\n<meta name=\"twitter:card\" content=\"summary_large_image\" \/>\n<meta name=\"twitter:label1\" content=\"Est. tempo de leitura\" \/>\n\t<meta name=\"twitter:data1\" content=\"1 minuto\" \/>\n<script type=\"application\/ld+json\" class=\"yoast-schema-graph\">{\"@context\":\"https:\/\/schema.org\",\"@graph\":[{\"@type\":\"WebPage\",\"@id\":\"https:\/\/www.blogsoestado.com\/danielmatos\/wellington-do-curso-comanda-carreata-na-zona-rural-em-apoio-a-neto-evangelista\/\",\"url\":\"https:\/\/www.blogsoestado.com\/danielmatos\/wellington-do-curso-comanda-carreata-na-zona-rural-em-apoio-a-neto-evangelista\/\",\"name\":\"Wellington do Curso comanda carreata na zona rural em apoio a Neto Evangelista - Daniel Matos\",\"isPartOf\":{\"@id\":\"https:\/\/www.blogsoestado.com\/danielmatos\/#website\"},\"primaryImageOfPage\":{\"@id\":\"https:\/\/www.blogsoestado.com\/danielmatos\/wellington-do-curso-comanda-carreata-na-zona-rural-em-apoio-a-neto-evangelista\/#primaryimage\"},\"image\":{\"@id\":\"https:\/\/www.blogsoestado.com\/danielmatos\/wellington-do-curso-comanda-carreata-na-zona-rural-em-apoio-a-neto-evangelista\/#primaryimage\"},\"thumbnailUrl\":\"https:\/\/www.blogsoestado.com\/danielmatos\/files\/2020\/11\/IMG-20201102-WA0019-1024x672.jpg\",\"datePublished\":\"2020-11-02T12:23:07+00:00\",\"author\":{\"@id\":\"\"},\"breadcrumb\":{\"@id\":\"https:\/\/www.blogsoestado.com\/danielmatos\/wellington-do-curso-comanda-carreata-na-zona-rural-em-apoio-a-neto-evangelista\/#breadcrumb\"},\"inLanguage\":\"pt-BR\",\"potentialAction\":[{\"@type\":\"ReadAction\",\"target\":[\"https:\/\/www.blogsoestado.com\/danielmatos\/wellington-do-curso-comanda-carreata-na-zona-rural-em-apoio-a-neto-evangelista\/\"]}]},{\"@type\":\"ImageObject\",\"inLanguage\":\"pt-BR\",\"@id\":\"https:\/\/www.blogsoestado.com\/danielmatos\/wellington-do-curso-comanda-carreata-na-zona-rural-em-apoio-a-neto-evangelista\/#primaryimage\",\"url\":\"https:\/\/www.blogsoestado.com\/danielmatos\/files\/2020\/11\/IMG-20201102-WA0019-1024x672.jpg\",\"contentUrl\":\"https:\/\/www.blogsoestado.com\/danielmatos\/files\/2020\/11\/IMG-20201102-WA0019-1024x672.jpg\"},{\"@type\":\"BreadcrumbList\",\"@id\":\"https:\/\/www.blogsoestado.com\/danielmatos\/wellington-do-curso-comanda-carreata-na-zona-rural-em-apoio-a-neto-evangelista\/#breadcrumb\",\"itemListElement\":[{\"@type\":\"ListItem\",\"position\":1,\"name\":\"In\u00edcio\",\"item\":\"https:\/\/www.blogsoestado.com\/danielmatos\/\"},{\"@type\":\"ListItem\",\"position\":2,\"name\":\"Wellington do Curso comanda carreata na zona rural em apoio a Neto Evangelista\"}]},{\"@type\":\"WebSite\",\"@id\":\"https:\/\/www.blogsoestado.com\/danielmatos\/#website\",\"url\":\"https:\/\/www.blogsoestado.com\/danielmatos\/\",\"name\":\"Daniel Matos\",\"description\":\"\",\"potentialAction\":[{\"@type\":\"SearchAction\",\"target\":{\"@type\":\"EntryPoint\",\"urlTemplate\":\"https:\/\/www.blogsoestado.com\/danielmatos\/?s={search_term_string}\"},\"query-input\":{\"@type\":\"PropertyValueSpecification\",\"valueRequired\":true,\"valueName\":\"search_term_string\"}}],\"inLanguage\":\"pt-BR\"}]}<\/script>\n<!-- \/ Yoast SEO plugin. -->","yoast_head_json":{"title":"Wellington do Curso comanda carreata na zona rural em apoio a Neto Evangelista - Daniel Matos","robots":{"index":"index","follow":"follow","max-snippet":"max-snippet:-1","max-image-preview":"max-image-preview:large","max-video-preview":"max-video-preview:-1"},"canonical":"https:\/\/www.blogsoestado.com\/danielmatos\/wellington-do-curso-comanda-carreata-na-zona-rural-em-apoio-a-neto-evangelista\/","og_locale":"pt_BR","og_type":"article","og_title":"Wellington do Curso comanda carreata na zona rural em apoio a Neto Evangelista - Daniel Matos","og_description":"Entre palavras de incentivo e confian\u00e7a da popula\u00e7\u00e3o, Wellington do Curso esteve \u00e0 frente de mais uma grande carreata de [&hellip;]","og_url":"https:\/\/www.blogsoestado.com\/danielmatos\/wellington-do-curso-comanda-carreata-na-zona-rural-em-apoio-a-neto-evangelista\/","og_site_name":"Daniel Matos","article_published_time":"2020-11-02T12:23:07+00:00","og_image":[{"url":"https:\/\/www.blogsoestado.com\/danielmatos\/files\/2020\/11\/IMG-20201102-WA0019-1024x672.jpg","type":"","width":"","height":""}],"twitter_card":"summary_large_image","twitter_misc":{"Est. tempo de leitura":"1 minuto"},"schema":{"@context":"https:\/\/schema.org","@graph":[{"@type":"WebPage","@id":"https:\/\/www.blogsoestado.com\/danielmatos\/wellington-do-curso-comanda-carreata-na-zona-rural-em-apoio-a-neto-evangelista\/","url":"https:\/\/www.blogsoestado.com\/danielmatos\/wellington-do-curso-comanda-carreata-na-zona-rural-em-apoio-a-neto-evangelista\/","name":"Wellington do Curso comanda carreata na zona rural em apoio a Neto Evangelista - Daniel Matos","isPartOf":{"@id":"https:\/\/www.blogsoestado.com\/danielmatos\/#website"},"primaryImageOfPage":{"@id":"https:\/\/www.blogsoestado.com\/danielmatos\/wellington-do-curso-comanda-carreata-na-zona-rural-em-apoio-a-neto-evangelista\/#primaryimage"},"image":{"@id":"https:\/\/www.blogsoestado.com\/danielmatos\/wellington-do-curso-comanda-carreata-na-zona-rural-em-apoio-a-neto-evangelista\/#primaryimage"},"thumbnailUrl":"https:\/\/www.blogsoestado.com\/danielmatos\/files\/2020\/11\/IMG-20201102-WA0019-1024x672.jpg","datePublished":"2020-11-02T12:23:07+00:00","author":{"@id":""},"breadcrumb":{"@id":"https:\/\/www.blogsoestado.com\/danielmatos\/wellington-do-curso-comanda-carreata-na-zona-rural-em-apoio-a-neto-evangelista\/#breadcrumb"},"inLanguage":"pt-BR","potentialAction":[{"@type":"ReadAction","target":["https:\/\/www.blogsoestado.com\/danielmatos\/wellington-do-curso-comanda-carreata-na-zona-rural-em-apoio-a-neto-evangelista\/"]}]},{"@type":"ImageObject","inLanguage":"pt-BR","@id":"https:\/\/www.blogsoestado.com\/danielmatos\/wellington-do-curso-comanda-carreata-na-zona-rural-em-apoio-a-neto-evangelista\/#primaryimage","url":"https:\/\/www.blogsoestado.com\/danielmatos\/files\/2020\/11\/IMG-20201102-WA0019-1024x672.jpg","contentUrl":"https:\/\/www.blogsoestado.com\/danielmatos\/files\/2020\/11\/IMG-20201102-WA0019-1024x672.jpg"},{"@type":"BreadcrumbList","@id":"https:\/\/www.blogsoestado.com\/danielmatos\/wellington-do-curso-comanda-carreata-na-zona-rural-em-apoio-a-neto-evangelista\/#breadcrumb","itemListElement":[{"@type":"ListItem","position":1,"name":"In\u00edcio","item":"https:\/\/www.blogsoestado.com\/danielmatos\/"},{"@type":"ListItem","position":2,"name":"Wellington do Curso comanda carreata na zona rural em apoio a Neto Evangelista"}]},{"@type":"WebSite","@id":"https:\/\/www.blogsoestado.com\/danielmatos\/#website","url":"https:\/\/www.blogsoestado.com\/danielmatos\/","name":"Daniel Matos","description":"","potentialAction":[{"@type":"SearchAction","target":{"@type":"EntryPoint","urlTemplate":"https:\/\/www.blogsoestado.com\/danielmatos\/?s={search_term_string}"},"query-input":{"@type":"PropertyValueSpecification","valueRequired":true,"valueName":"search_term_string"}}],"inLanguage":"pt-BR"}]}},"jetpack_featured_media_url":"","_links":{"self":[{"href":"https:\/\/www.blogsoestado.com\/danielmatos\/wp-json\/wp\/v2\/posts\/79144","targetHints":{"allow":["GET"]}}],"collection":[{"href":"https:\/\/www.blogsoestado.com\/danielmatos\/wp-json\/wp\/v2\/posts"}],"about":[{"href":"https:\/\/www.blogsoestado.com\/danielmatos\/wp-json\/wp\/v2\/types\/post"}],"replies":[{"embeddable":true,"href":"https:\/\/www.blogsoestado.com\/danielmatos\/wp-json\/wp\/v2\/comments?post=79144"}],"version-history":[{"count":0,"href":"https:\/\/www.blogsoestado.com\/danielmatos\/wp-json\/wp\/v2\/posts\/79144\/revisions"}],"wp:attachment":[{"href":"https:\/\/www.blogsoestado.com\/danielmatos\/wp-json\/wp\/v2\/media?parent=79144"}],"wp:term":[{"taxonomy":"category","embeddable":true,"href":"https:\/\/www.blogsoestado.com\/danielmatos\/wp-json\/wp\/v2\/categories?post=79144"},{"taxonomy":"post_tag","embeddable":true,"href":"https:\/\/www.blogsoestado.com\/danielmatos\/wp-json\/wp\/v2\/tags?post=79144"}],"curies":[{"name":"wp","href":"https:\/\/api.w.org\/{rel}","templated":true}]}}