{"id":79153,"date":"2020-11-02T11:42:21","date_gmt":"2020-11-02T14:42:21","guid":{"rendered":"https:\/\/www.blogsoestado.com\/danielmatos\/?p=79153"},"modified":"2020-11-02T11:42:21","modified_gmt":"2020-11-02T14:42:21","slug":"magalhaes-de-almeida-othelino-reafirma-apoio-a-costa-junior-em-grande-comicio","status":"publish","type":"post","link":"https:\/\/www.blogsoestado.com\/danielmatos\/magalhaes-de-almeida-othelino-reafirma-apoio-a-costa-junior-em-grande-comicio\/","title":{"rendered":"Magalh\u00e3es de Almeida: Othelino reafirma apoio a Costa J\u00fanior em grande com\u00edcio"},"content":{"rendered":"\n<div class=\"wp-block-image\"><figure class=\"aligncenter size-large\"><img decoding=\"async\" src=\"https:\/\/www.blogsoestado.com\/danielmatos\/files\/2020\/11\/IMG-20201102-WA0079-1024x683.jpg\" alt=\"\" class=\"wp-image-79154\"\/><figcaption>Othelino Neto levou seu apoio ao aliado Costa J\u00fanior, candidato a prefeito de Magalh\u00e3es de Almeida<\/figcaption><\/figure><\/div>\n\n\n\n<p>O presidente da Assembleia Legislativa do Maranh\u00e3o, deputado Othelino Neto (PCdoB), participou, no s\u00e1bado (31), do com\u00edcio de campanha do candidato a prefeito de Magalh\u00e3es de Almeida, Costa J\u00fanior (PCdoB), e de sua companheira de chapa, Bernardinha Monteiro (PTB), no povoado Melancias. No evento, que arregimentou grande p\u00fablico, o parlamentar destacou que a t\u00e3o almejada mudan\u00e7a est\u00e1 prestes a acontecer no munic\u00edpio, que h\u00e1 24 anos \u00e9 governado pela mesma oligarquia.<\/p>\n\n\n\n<p>No povoado Melancias, localizado a cerca de 10 quil\u00f4metros da sede, o ato pol\u00edtico come\u00e7ou com uma caminhada que arrastou uma multid\u00e3o pelas ruas da comunidade, concentrando-se, em seguida, na pra\u00e7a onde foi realizado o grande com\u00edcio.<\/p>\n\n\n\n<div class=\"wp-block-image\"><figure class=\"aligncenter size-large\"><img decoding=\"async\" src=\"https:\/\/www.blogsoestado.com\/danielmatos\/files\/2020\/11\/IMG-20201102-WA0077-1024x683.jpg\" alt=\"\" class=\"wp-image-79155\"\/><figcaption>O ato pol\u00edtico com a presen\u00e7a de Othelino Neto registrou expressiva participa\u00e7\u00e3o popular<\/figcaption><\/figure><\/div>\n\n\n\n<p>No ato, Othelino ressaltou que a grande ades\u00e3o popular ao projeto pol\u00edtico de Costa J\u00fanior reflete o desejo de mudan\u00e7a daqueles que querem ver Magalh\u00e3es de Almeida no caminho do progresso e viver novos tempos.<\/p>\n\n\n\n<p>&#8220;O sonho de trazer de volta o poder para as m\u00e3os da popula\u00e7\u00e3o \u00e9 muito forte e ser\u00e1 concretizado no pr\u00f3ximo dia 15 de novembro. O Costa J\u00fanior \u00e9 muito capacitado e ama esta cidade, pois est\u00e1 sempre em busca de melhorias para Magalh\u00e3es de Almeida. Dessa forma, tem conquistado muitos benef\u00edcios para o munic\u00edpio, entre eles, o asfalto para o povoado de Melancias e a reforma da Escola Estadual Dionilo Costa, com o nosso apoio e do governador Fl\u00e1vio Dino&#8221;, disse Othelino.<\/p>\n\n\n\n<div class=\"wp-block-image\"><figure class=\"aligncenter size-large\"><img decoding=\"async\" src=\"https:\/\/www.blogsoestado.com\/danielmatos\/files\/2020\/11\/IMG-20201102-WA0081-1024x683.jpg\" alt=\"\" class=\"wp-image-79156\"\/><figcaption>Presidente da Assembleia Legislativa faz selfie com eleitora durante o com\u00edcio<\/figcaption><\/figure><\/div>\n\n\n\n<p>O chefe do Legislativo maranhense afirmou, ainda, que Costa J\u00fanior luta incansavelmente para libertar Magalh\u00e3es de Almeida das m\u00e3os de um grupo que governa a cidade h\u00e1 mais de duas d\u00e9cadas. &#8220;Mas agora, ao lado de Bernardinha Monteiro, tenho certeza de que isso vai acontecer, e a cidade, enfim, trilhar\u00e1 o caminho do desenvolvimento para viver dias melhores&#8221;, acrescentou Othelino.<\/p>\n\n\n\n<p>Costa J\u00fanior agradeceu o apoio e a disposi\u00e7\u00e3o do presidente da Assembleia em contribuir com o munic\u00edpio e ressaltou que sua maior preocupa\u00e7\u00e3o \u00e9 a \u00e1rea da sa\u00fade, pois, atualmente, segundo o candidato, quase nada desse servi\u00e7o \u00e9 disponibilizado na cidade.<\/p>\n\n\n\n<p><em><strong>Prioridade<\/strong><\/em><\/p>\n\n\n\n<div class=\"wp-block-image\"><figure class=\"aligncenter size-large\"><img decoding=\"async\" src=\"https:\/\/www.blogsoestado.com\/danielmatos\/files\/2020\/11\/IMG-20201102-WA0078-1024x683.jpg\" alt=\"\" class=\"wp-image-79157\"\/><figcaption>Othelino Neto no palanque com o candidato a prefeito Costa J\u00fanior e apoiadores<\/figcaption><\/figure><\/div>\n\n\n\n<p>&#8220;Vamos atuar desde o primeiro dia de gest\u00e3o em todas as \u00e1reas, mas com aten\u00e7\u00e3o priorit\u00e1ria ao setor da sa\u00fade, se formos eleitos. \u00c9 inadmiss\u00edvel que, atualmente, n\u00e3o consigamos realizar nem mesmo procedimentos simples, como um exame de sangue, por exemplo. Conto com o apoio de um grupo pol\u00edtico muito forte que, com certeza, nos ajudar\u00e1 a tirar Magalh\u00e3es dessa situa\u00e7\u00e3o&#8221;, disse Costa J\u00fanior.<\/p>\n\n\n\n<p>Para isso, ele contar\u00e1 tamb\u00e9m com a disposi\u00e7\u00e3o aguerrida da l\u00edder comunit\u00e1ria, Bernardinha Monteiro, candidata a vice-prefeita e um dos nomes mais fortes do munic\u00edpio.<\/p>\n\n\n\n<div class=\"wp-block-image\"><figure class=\"aligncenter size-large\"><img decoding=\"async\" src=\"https:\/\/www.blogsoestado.com\/danielmatos\/files\/2020\/11\/IMG-20201102-WA0080-1024x683.jpg\" alt=\"\" class=\"wp-image-79158\"\/><figcaption>O ato pol\u00edtico grandioso mostrou a for\u00e7a da candidatura apoiada por Othelino Neto<\/figcaption><\/figure><\/div>\n\n\n\n<p>&#8220;Quero somar \u00e0 luta de Costa J\u00fanior em favor do crescimento da nossa cidade. Compartilhamos do mesmo prop\u00f3sito de mudar a realidade atual do munic\u00edpio e promover o desenvolvimento que tanto clama a popula\u00e7\u00e3o magalhense&#8221;, concluiu a candidata a vice-prefeita.<\/p>\n","protected":false},"excerpt":{"rendered":"<p>O presidente da Assembleia Legislativa do Maranh\u00e3o, deputado Othelino Neto (PCdoB), participou, no s\u00e1bado (31), do com\u00edcio de campanha do [&hellip;]<\/p>\n","protected":false},"author":0,"featured_media":0,"comment_status":"open","ping_status":"open","sticky":false,"template":"","format":"standard","meta":{"site-sidebar-layout":"default","site-content-layout":"","ast-site-content-layout":"default","site-content-style":"default","site-sidebar-style":"default","ast-global-header-display":"","ast-banner-title-visibility":"","ast-main-header-display":"","ast-hfb-above-header-display":"","ast-hfb-below-header-display":"","ast-hfb-mobile-header-display":"","site-post-title":"","ast-breadcrumbs-content":"","ast-featured-img":"","footer-sml-layout":"","ast-disable-related-posts":"","theme-transparent-header-meta":"","adv-header-id-meta":"","stick-header-meta":"","header-above-stick-meta":"","header-main-stick-meta":"","header-below-stick-meta":"","astra-migrate-meta-layouts":"default","ast-page-background-enabled":"default","ast-page-background-meta":{"desktop":{"background-color":"var(--ast-global-color-5)","background-image":"","background-repeat":"repeat","background-position":"center center","background-size":"auto","background-attachment":"scroll","background-type":"","background-media":"","overlay-type":"","overlay-color":"","overlay-opacity":"","overlay-gradient":""},"tablet":{"background-color":"","background-image":"","background-repeat":"repeat","background-position":"center center","background-size":"auto","background-attachment":"scroll","background-type":"","background-media":"","overlay-type":"","overlay-color":"","overlay-opacity":"","overlay-gradient":""},"mobile":{"background-color":"","background-image":"","background-repeat":"repeat","background-position":"center center","background-size":"auto","background-attachment":"scroll","background-type":"","background-media":"","overlay-type":"","overlay-color":"","overlay-opacity":"","overlay-gradient":""}},"ast-content-background-meta":{"desktop":{"background-color":"var(--ast-global-color-4)","background-image":"","background-repeat":"repeat","background-position":"center center","background-size":"auto","background-attachment":"scroll","background-type":"","background-media":"","overlay-type":"","overlay-color":"","overlay-opacity":"","overlay-gradient":""},"tablet":{"background-color":"var(--ast-global-color-4)","background-image":"","background-repeat":"repeat","background-position":"center center","background-size":"auto","background-attachment":"scroll","background-type":"","background-media":"","overlay-type":"","overlay-color":"","overlay-opacity":"","overlay-gradient":""},"mobile":{"background-color":"var(--ast-global-color-4)","background-image":"","background-repeat":"repeat","background-position":"center center","background-size":"auto","background-attachment":"scroll","background-type":"","background-media":"","overlay-type":"","overlay-color":"","overlay-opacity":"","overlay-gradient":""}},"footnotes":""},"categories":[1],"tags":[],"class_list":["post-79153","post","type-post","status-publish","format-standard","hentry","category-sem-categoria"],"yoast_head":"<!-- This site is optimized with the Yoast SEO plugin v26.6 - https:\/\/yoast.com\/wordpress\/plugins\/seo\/ -->\n<title>Magalh\u00e3es de Almeida: Othelino reafirma apoio a Costa J\u00fanior em grande com\u00edcio - Daniel Matos<\/title>\n<meta name=\"robots\" content=\"index, follow, max-snippet:-1, max-image-preview:large, max-video-preview:-1\" \/>\n<link rel=\"canonical\" href=\"https:\/\/www.blogsoestado.com\/danielmatos\/magalhaes-de-almeida-othelino-reafirma-apoio-a-costa-junior-em-grande-comicio\/\" \/>\n<meta property=\"og:locale\" content=\"pt_BR\" \/>\n<meta property=\"og:type\" content=\"article\" \/>\n<meta property=\"og:title\" content=\"Magalh\u00e3es de Almeida: Othelino reafirma apoio a Costa J\u00fanior em grande com\u00edcio - Daniel Matos\" \/>\n<meta property=\"og:description\" content=\"O presidente da Assembleia Legislativa do Maranh\u00e3o, deputado Othelino Neto (PCdoB), participou, no s\u00e1bado (31), do com\u00edcio de campanha do [&hellip;]\" \/>\n<meta property=\"og:url\" content=\"https:\/\/www.blogsoestado.com\/danielmatos\/magalhaes-de-almeida-othelino-reafirma-apoio-a-costa-junior-em-grande-comicio\/\" \/>\n<meta property=\"og:site_name\" content=\"Daniel Matos\" \/>\n<meta property=\"article:published_time\" content=\"2020-11-02T14:42:21+00:00\" \/>\n<meta property=\"og:image\" content=\"https:\/\/www.blogsoestado.com\/danielmatos\/files\/2020\/11\/IMG-20201102-WA0079-1024x683.jpg\" \/>\n<meta name=\"twitter:card\" content=\"summary_large_image\" \/>\n<meta name=\"twitter:label1\" content=\"Est. tempo de leitura\" \/>\n\t<meta name=\"twitter:data1\" content=\"3 minutos\" \/>\n<script type=\"application\/ld+json\" class=\"yoast-schema-graph\">{\"@context\":\"https:\/\/schema.org\",\"@graph\":[{\"@type\":\"WebPage\",\"@id\":\"https:\/\/www.blogsoestado.com\/danielmatos\/magalhaes-de-almeida-othelino-reafirma-apoio-a-costa-junior-em-grande-comicio\/\",\"url\":\"https:\/\/www.blogsoestado.com\/danielmatos\/magalhaes-de-almeida-othelino-reafirma-apoio-a-costa-junior-em-grande-comicio\/\",\"name\":\"Magalh\u00e3es de Almeida: Othelino reafirma apoio a Costa J\u00fanior em grande com\u00edcio - Daniel Matos\",\"isPartOf\":{\"@id\":\"https:\/\/www.blogsoestado.com\/danielmatos\/#website\"},\"primaryImageOfPage\":{\"@id\":\"https:\/\/www.blogsoestado.com\/danielmatos\/magalhaes-de-almeida-othelino-reafirma-apoio-a-costa-junior-em-grande-comicio\/#primaryimage\"},\"image\":{\"@id\":\"https:\/\/www.blogsoestado.com\/danielmatos\/magalhaes-de-almeida-othelino-reafirma-apoio-a-costa-junior-em-grande-comicio\/#primaryimage\"},\"thumbnailUrl\":\"https:\/\/www.blogsoestado.com\/danielmatos\/files\/2020\/11\/IMG-20201102-WA0079-1024x683.jpg\",\"datePublished\":\"2020-11-02T14:42:21+00:00\",\"author\":{\"@id\":\"\"},\"breadcrumb\":{\"@id\":\"https:\/\/www.blogsoestado.com\/danielmatos\/magalhaes-de-almeida-othelino-reafirma-apoio-a-costa-junior-em-grande-comicio\/#breadcrumb\"},\"inLanguage\":\"pt-BR\",\"potentialAction\":[{\"@type\":\"ReadAction\",\"target\":[\"https:\/\/www.blogsoestado.com\/danielmatos\/magalhaes-de-almeida-othelino-reafirma-apoio-a-costa-junior-em-grande-comicio\/\"]}]},{\"@type\":\"ImageObject\",\"inLanguage\":\"pt-BR\",\"@id\":\"https:\/\/www.blogsoestado.com\/danielmatos\/magalhaes-de-almeida-othelino-reafirma-apoio-a-costa-junior-em-grande-comicio\/#primaryimage\",\"url\":\"https:\/\/www.blogsoestado.com\/danielmatos\/files\/2020\/11\/IMG-20201102-WA0079-1024x683.jpg\",\"contentUrl\":\"https:\/\/www.blogsoestado.com\/danielmatos\/files\/2020\/11\/IMG-20201102-WA0079-1024x683.jpg\"},{\"@type\":\"BreadcrumbList\",\"@id\":\"https:\/\/www.blogsoestado.com\/danielmatos\/magalhaes-de-almeida-othelino-reafirma-apoio-a-costa-junior-em-grande-comicio\/#breadcrumb\",\"itemListElement\":[{\"@type\":\"ListItem\",\"position\":1,\"name\":\"In\u00edcio\",\"item\":\"https:\/\/www.blogsoestado.com\/danielmatos\/\"},{\"@type\":\"ListItem\",\"position\":2,\"name\":\"Magalh\u00e3es de Almeida: Othelino reafirma apoio a Costa J\u00fanior em grande com\u00edcio\"}]},{\"@type\":\"WebSite\",\"@id\":\"https:\/\/www.blogsoestado.com\/danielmatos\/#website\",\"url\":\"https:\/\/www.blogsoestado.com\/danielmatos\/\",\"name\":\"Daniel Matos\",\"description\":\"\",\"potentialAction\":[{\"@type\":\"SearchAction\",\"target\":{\"@type\":\"EntryPoint\",\"urlTemplate\":\"https:\/\/www.blogsoestado.com\/danielmatos\/?s={search_term_string}\"},\"query-input\":{\"@type\":\"PropertyValueSpecification\",\"valueRequired\":true,\"valueName\":\"search_term_string\"}}],\"inLanguage\":\"pt-BR\"}]}<\/script>\n<!-- \/ Yoast SEO plugin. -->","yoast_head_json":{"title":"Magalh\u00e3es de Almeida: Othelino reafirma apoio a Costa J\u00fanior em grande com\u00edcio - Daniel Matos","robots":{"index":"index","follow":"follow","max-snippet":"max-snippet:-1","max-image-preview":"max-image-preview:large","max-video-preview":"max-video-preview:-1"},"canonical":"https:\/\/www.blogsoestado.com\/danielmatos\/magalhaes-de-almeida-othelino-reafirma-apoio-a-costa-junior-em-grande-comicio\/","og_locale":"pt_BR","og_type":"article","og_title":"Magalh\u00e3es de Almeida: Othelino reafirma apoio a Costa J\u00fanior em grande com\u00edcio - Daniel Matos","og_description":"O presidente da Assembleia Legislativa do Maranh\u00e3o, deputado Othelino Neto (PCdoB), participou, no s\u00e1bado (31), do com\u00edcio de campanha do [&hellip;]","og_url":"https:\/\/www.blogsoestado.com\/danielmatos\/magalhaes-de-almeida-othelino-reafirma-apoio-a-costa-junior-em-grande-comicio\/","og_site_name":"Daniel Matos","article_published_time":"2020-11-02T14:42:21+00:00","og_image":[{"url":"https:\/\/www.blogsoestado.com\/danielmatos\/files\/2020\/11\/IMG-20201102-WA0079-1024x683.jpg","type":"","width":"","height":""}],"twitter_card":"summary_large_image","twitter_misc":{"Est. tempo de leitura":"3 minutos"},"schema":{"@context":"https:\/\/schema.org","@graph":[{"@type":"WebPage","@id":"https:\/\/www.blogsoestado.com\/danielmatos\/magalhaes-de-almeida-othelino-reafirma-apoio-a-costa-junior-em-grande-comicio\/","url":"https:\/\/www.blogsoestado.com\/danielmatos\/magalhaes-de-almeida-othelino-reafirma-apoio-a-costa-junior-em-grande-comicio\/","name":"Magalh\u00e3es de Almeida: Othelino reafirma apoio a Costa J\u00fanior em grande com\u00edcio - Daniel Matos","isPartOf":{"@id":"https:\/\/www.blogsoestado.com\/danielmatos\/#website"},"primaryImageOfPage":{"@id":"https:\/\/www.blogsoestado.com\/danielmatos\/magalhaes-de-almeida-othelino-reafirma-apoio-a-costa-junior-em-grande-comicio\/#primaryimage"},"image":{"@id":"https:\/\/www.blogsoestado.com\/danielmatos\/magalhaes-de-almeida-othelino-reafirma-apoio-a-costa-junior-em-grande-comicio\/#primaryimage"},"thumbnailUrl":"https:\/\/www.blogsoestado.com\/danielmatos\/files\/2020\/11\/IMG-20201102-WA0079-1024x683.jpg","datePublished":"2020-11-02T14:42:21+00:00","author":{"@id":""},"breadcrumb":{"@id":"https:\/\/www.blogsoestado.com\/danielmatos\/magalhaes-de-almeida-othelino-reafirma-apoio-a-costa-junior-em-grande-comicio\/#breadcrumb"},"inLanguage":"pt-BR","potentialAction":[{"@type":"ReadAction","target":["https:\/\/www.blogsoestado.com\/danielmatos\/magalhaes-de-almeida-othelino-reafirma-apoio-a-costa-junior-em-grande-comicio\/"]}]},{"@type":"ImageObject","inLanguage":"pt-BR","@id":"https:\/\/www.blogsoestado.com\/danielmatos\/magalhaes-de-almeida-othelino-reafirma-apoio-a-costa-junior-em-grande-comicio\/#primaryimage","url":"https:\/\/www.blogsoestado.com\/danielmatos\/files\/2020\/11\/IMG-20201102-WA0079-1024x683.jpg","contentUrl":"https:\/\/www.blogsoestado.com\/danielmatos\/files\/2020\/11\/IMG-20201102-WA0079-1024x683.jpg"},{"@type":"BreadcrumbList","@id":"https:\/\/www.blogsoestado.com\/danielmatos\/magalhaes-de-almeida-othelino-reafirma-apoio-a-costa-junior-em-grande-comicio\/#breadcrumb","itemListElement":[{"@type":"ListItem","position":1,"name":"In\u00edcio","item":"https:\/\/www.blogsoestado.com\/danielmatos\/"},{"@type":"ListItem","position":2,"name":"Magalh\u00e3es de Almeida: Othelino reafirma apoio a Costa J\u00fanior em grande com\u00edcio"}]},{"@type":"WebSite","@id":"https:\/\/www.blogsoestado.com\/danielmatos\/#website","url":"https:\/\/www.blogsoestado.com\/danielmatos\/","name":"Daniel Matos","description":"","potentialAction":[{"@type":"SearchAction","target":{"@type":"EntryPoint","urlTemplate":"https:\/\/www.blogsoestado.com\/danielmatos\/?s={search_term_string}"},"query-input":{"@type":"PropertyValueSpecification","valueRequired":true,"valueName":"search_term_string"}}],"inLanguage":"pt-BR"}]}},"jetpack_featured_media_url":"","_links":{"self":[{"href":"https:\/\/www.blogsoestado.com\/danielmatos\/wp-json\/wp\/v2\/posts\/79153","targetHints":{"allow":["GET"]}}],"collection":[{"href":"https:\/\/www.blogsoestado.com\/danielmatos\/wp-json\/wp\/v2\/posts"}],"about":[{"href":"https:\/\/www.blogsoestado.com\/danielmatos\/wp-json\/wp\/v2\/types\/post"}],"replies":[{"embeddable":true,"href":"https:\/\/www.blogsoestado.com\/danielmatos\/wp-json\/wp\/v2\/comments?post=79153"}],"version-history":[{"count":0,"href":"https:\/\/www.blogsoestado.com\/danielmatos\/wp-json\/wp\/v2\/posts\/79153\/revisions"}],"wp:attachment":[{"href":"https:\/\/www.blogsoestado.com\/danielmatos\/wp-json\/wp\/v2\/media?parent=79153"}],"wp:term":[{"taxonomy":"category","embeddable":true,"href":"https:\/\/www.blogsoestado.com\/danielmatos\/wp-json\/wp\/v2\/categories?post=79153"},{"taxonomy":"post_tag","embeddable":true,"href":"https:\/\/www.blogsoestado.com\/danielmatos\/wp-json\/wp\/v2\/tags?post=79153"}],"curies":[{"name":"wp","href":"https:\/\/api.w.org\/{rel}","templated":true}]}}