{"id":79160,"date":"2020-11-02T14:13:37","date_gmt":"2020-11-02T17:13:37","guid":{"rendered":"https:\/\/www.blogsoestado.com\/danielmatos\/?p=79160"},"modified":"2020-11-02T14:13:37","modified_gmt":"2020-11-02T17:13:37","slug":"anibal-ouve-morados-da-vila-maranhao-que-quer-unidade-mista-de-saude-na-comunidade","status":"publish","type":"post","link":"https:\/\/www.blogsoestado.com\/danielmatos\/anibal-ouve-morados-da-vila-maranhao-que-quer-unidade-mista-de-saude-na-comunidade\/","title":{"rendered":"An\u00edbal ouve morados da Vila Maranh\u00e3o que quer unidade mista de sa\u00fade na comunidade"},"content":{"rendered":"\n<div class=\"wp-block-image\"><figure class=\"aligncenter size-large\"><img decoding=\"async\" src=\"https:\/\/www.blogsoestado.com\/danielmatos\/files\/2020\/11\/IMG-20201102-WA0099.jpg\" alt=\"\" class=\"wp-image-79161\"\/><figcaption>An\u00edbal Lins mostrou preocupa\u00e7\u00e3o com atendimento prec\u00e1rio de sa\u00fade na Vila Maranh\u00e3o<\/figcaption><\/figure><\/div>\n\n\n\n<p>O candidato a vereador pelo PL , An\u00edbal, esteve na Vila Maranh\u00e3o, Zona Rural de S\u00e3o Lu\u00eds, onde ouviu da moradora Let\u00edcia Almeida que a popula\u00e7\u00e3o precisa de uma unidade mista de sa\u00fade, que atenda os casos de urg\u00eancia e emerg\u00eancia em tempo integral.<\/p>\n\n\n\n<p>Let\u00edcia ainda denunciou a falta de uma ambul\u00e2ncia naquela unidade de sa\u00fade para atender a comunidade.<\/p>\n\n\n\n<p>An\u00edbal ouviu com aten\u00e7\u00e3o a demanda da moradora do Vila Maranh\u00e3o e assumiu o compromisso de, caso eleito, colocar suas emendas parlamentares a disposi\u00e7\u00e3o prioritariamente da sa\u00fade p\u00fablica.<\/p>\n\n\n\n<p>Assista:<\/p>\n\n\n\n<figure class=\"wp-block-embed-youtube aligncenter wp-block-embed is-type-video is-provider-youtube wp-embed-aspect-16-9 wp-has-aspect-ratio\"><div class=\"wp-block-embed__wrapper\">\n<iframe title=\"An\u00edbal ouve apelo da popula\u00e7\u00e3o da zona rural por sa\u00fade\" width=\"500\" height=\"281\" src=\"https:\/\/www.youtube.com\/embed\/PN2LObvR--g?feature=oembed\" frameborder=\"0\" allow=\"accelerometer; autoplay; clipboard-write; encrypted-media; gyroscope; picture-in-picture; web-share\" referrerpolicy=\"strict-origin-when-cross-origin\" allowfullscreen><\/iframe>\n<\/div><\/figure>\n","protected":false},"excerpt":{"rendered":"<p>O candidato a vereador pelo PL , An\u00edbal, esteve na Vila Maranh\u00e3o, Zona Rural de S\u00e3o Lu\u00eds, onde ouviu da [&hellip;]<\/p>\n","protected":false},"author":0,"featured_media":0,"comment_status":"open","ping_status":"open","sticky":false,"template":"","format":"standard","meta":{"site-sidebar-layout":"default","site-content-layout":"","ast-site-content-layout":"default","site-content-style":"default","site-sidebar-style":"default","ast-global-header-display":"","ast-banner-title-visibility":"","ast-main-header-display":"","ast-hfb-above-header-display":"","ast-hfb-below-header-display":"","ast-hfb-mobile-header-display":"","site-post-title":"","ast-breadcrumbs-content":"","ast-featured-img":"","footer-sml-layout":"","ast-disable-related-posts":"","theme-transparent-header-meta":"","adv-header-id-meta":"","stick-header-meta":"","header-above-stick-meta":"","header-main-stick-meta":"","header-below-stick-meta":"","astra-migrate-meta-layouts":"default","ast-page-background-enabled":"default","ast-page-background-meta":{"desktop":{"background-color":"var(--ast-global-color-5)","background-image":"","background-repeat":"repeat","background-position":"center center","background-size":"auto","background-attachment":"scroll","background-type":"","background-media":"","overlay-type":"","overlay-color":"","overlay-opacity":"","overlay-gradient":""},"tablet":{"background-color":"","background-image":"","background-repeat":"repeat","background-position":"center center","background-size":"auto","background-attachment":"scroll","background-type":"","background-media":"","overlay-type":"","overlay-color":"","overlay-opacity":"","overlay-gradient":""},"mobile":{"background-color":"","background-image":"","background-repeat":"repeat","background-position":"center center","background-size":"auto","background-attachment":"scroll","background-type":"","background-media":"","overlay-type":"","overlay-color":"","overlay-opacity":"","overlay-gradient":""}},"ast-content-background-meta":{"desktop":{"background-color":"var(--ast-global-color-4)","background-image":"","background-repeat":"repeat","background-position":"center center","background-size":"auto","background-attachment":"scroll","background-type":"","background-media":"","overlay-type":"","overlay-color":"","overlay-opacity":"","overlay-gradient":""},"tablet":{"background-color":"var(--ast-global-color-4)","background-image":"","background-repeat":"repeat","background-position":"center center","background-size":"auto","background-attachment":"scroll","background-type":"","background-media":"","overlay-type":"","overlay-color":"","overlay-opacity":"","overlay-gradient":""},"mobile":{"background-color":"var(--ast-global-color-4)","background-image":"","background-repeat":"repeat","background-position":"center center","background-size":"auto","background-attachment":"scroll","background-type":"","background-media":"","overlay-type":"","overlay-color":"","overlay-opacity":"","overlay-gradient":""}},"footnotes":""},"categories":[1],"tags":[],"class_list":["post-79160","post","type-post","status-publish","format-standard","hentry","category-sem-categoria"],"yoast_head":"<!-- This site is optimized with the Yoast SEO plugin v26.6 - https:\/\/yoast.com\/wordpress\/plugins\/seo\/ -->\n<title>An\u00edbal ouve morados da Vila Maranh\u00e3o que quer unidade mista de sa\u00fade na comunidade - Daniel Matos<\/title>\n<meta name=\"robots\" content=\"index, follow, max-snippet:-1, max-image-preview:large, max-video-preview:-1\" \/>\n<link rel=\"canonical\" href=\"https:\/\/www.blogsoestado.com\/danielmatos\/anibal-ouve-morados-da-vila-maranhao-que-quer-unidade-mista-de-saude-na-comunidade\/\" \/>\n<meta property=\"og:locale\" content=\"pt_BR\" \/>\n<meta property=\"og:type\" content=\"article\" \/>\n<meta property=\"og:title\" content=\"An\u00edbal ouve morados da Vila Maranh\u00e3o que quer unidade mista de sa\u00fade na comunidade - Daniel Matos\" \/>\n<meta property=\"og:description\" content=\"O candidato a vereador pelo PL , An\u00edbal, esteve na Vila Maranh\u00e3o, Zona Rural de S\u00e3o Lu\u00eds, onde ouviu da [&hellip;]\" \/>\n<meta property=\"og:url\" content=\"https:\/\/www.blogsoestado.com\/danielmatos\/anibal-ouve-morados-da-vila-maranhao-que-quer-unidade-mista-de-saude-na-comunidade\/\" \/>\n<meta property=\"og:site_name\" content=\"Daniel Matos\" \/>\n<meta property=\"article:published_time\" content=\"2020-11-02T17:13:37+00:00\" \/>\n<meta property=\"og:image\" content=\"https:\/\/www.blogsoestado.com\/danielmatos\/files\/2020\/11\/IMG-20201102-WA0099.jpg\" \/>\n<meta name=\"twitter:card\" content=\"summary_large_image\" \/>\n<meta name=\"twitter:label1\" content=\"Est. tempo de leitura\" \/>\n\t<meta name=\"twitter:data1\" content=\"1 minuto\" \/>\n<script type=\"application\/ld+json\" class=\"yoast-schema-graph\">{\"@context\":\"https:\/\/schema.org\",\"@graph\":[{\"@type\":\"WebPage\",\"@id\":\"https:\/\/www.blogsoestado.com\/danielmatos\/anibal-ouve-morados-da-vila-maranhao-que-quer-unidade-mista-de-saude-na-comunidade\/\",\"url\":\"https:\/\/www.blogsoestado.com\/danielmatos\/anibal-ouve-morados-da-vila-maranhao-que-quer-unidade-mista-de-saude-na-comunidade\/\",\"name\":\"An\u00edbal ouve morados da Vila Maranh\u00e3o que quer unidade mista de sa\u00fade na comunidade - Daniel Matos\",\"isPartOf\":{\"@id\":\"https:\/\/www.blogsoestado.com\/danielmatos\/#website\"},\"primaryImageOfPage\":{\"@id\":\"https:\/\/www.blogsoestado.com\/danielmatos\/anibal-ouve-morados-da-vila-maranhao-que-quer-unidade-mista-de-saude-na-comunidade\/#primaryimage\"},\"image\":{\"@id\":\"https:\/\/www.blogsoestado.com\/danielmatos\/anibal-ouve-morados-da-vila-maranhao-que-quer-unidade-mista-de-saude-na-comunidade\/#primaryimage\"},\"thumbnailUrl\":\"https:\/\/www.blogsoestado.com\/danielmatos\/files\/2020\/11\/IMG-20201102-WA0099.jpg\",\"datePublished\":\"2020-11-02T17:13:37+00:00\",\"author\":{\"@id\":\"\"},\"breadcrumb\":{\"@id\":\"https:\/\/www.blogsoestado.com\/danielmatos\/anibal-ouve-morados-da-vila-maranhao-que-quer-unidade-mista-de-saude-na-comunidade\/#breadcrumb\"},\"inLanguage\":\"pt-BR\",\"potentialAction\":[{\"@type\":\"ReadAction\",\"target\":[\"https:\/\/www.blogsoestado.com\/danielmatos\/anibal-ouve-morados-da-vila-maranhao-que-quer-unidade-mista-de-saude-na-comunidade\/\"]}]},{\"@type\":\"ImageObject\",\"inLanguage\":\"pt-BR\",\"@id\":\"https:\/\/www.blogsoestado.com\/danielmatos\/anibal-ouve-morados-da-vila-maranhao-que-quer-unidade-mista-de-saude-na-comunidade\/#primaryimage\",\"url\":\"https:\/\/www.blogsoestado.com\/danielmatos\/files\/2020\/11\/IMG-20201102-WA0099.jpg\",\"contentUrl\":\"https:\/\/www.blogsoestado.com\/danielmatos\/files\/2020\/11\/IMG-20201102-WA0099.jpg\"},{\"@type\":\"BreadcrumbList\",\"@id\":\"https:\/\/www.blogsoestado.com\/danielmatos\/anibal-ouve-morados-da-vila-maranhao-que-quer-unidade-mista-de-saude-na-comunidade\/#breadcrumb\",\"itemListElement\":[{\"@type\":\"ListItem\",\"position\":1,\"name\":\"In\u00edcio\",\"item\":\"https:\/\/www.blogsoestado.com\/danielmatos\/\"},{\"@type\":\"ListItem\",\"position\":2,\"name\":\"An\u00edbal ouve morados da Vila Maranh\u00e3o que quer unidade mista de sa\u00fade na comunidade\"}]},{\"@type\":\"WebSite\",\"@id\":\"https:\/\/www.blogsoestado.com\/danielmatos\/#website\",\"url\":\"https:\/\/www.blogsoestado.com\/danielmatos\/\",\"name\":\"Daniel Matos\",\"description\":\"\",\"potentialAction\":[{\"@type\":\"SearchAction\",\"target\":{\"@type\":\"EntryPoint\",\"urlTemplate\":\"https:\/\/www.blogsoestado.com\/danielmatos\/?s={search_term_string}\"},\"query-input\":{\"@type\":\"PropertyValueSpecification\",\"valueRequired\":true,\"valueName\":\"search_term_string\"}}],\"inLanguage\":\"pt-BR\"}]}<\/script>\n<!-- \/ Yoast SEO plugin. -->","yoast_head_json":{"title":"An\u00edbal ouve morados da Vila Maranh\u00e3o que quer unidade mista de sa\u00fade na comunidade - Daniel Matos","robots":{"index":"index","follow":"follow","max-snippet":"max-snippet:-1","max-image-preview":"max-image-preview:large","max-video-preview":"max-video-preview:-1"},"canonical":"https:\/\/www.blogsoestado.com\/danielmatos\/anibal-ouve-morados-da-vila-maranhao-que-quer-unidade-mista-de-saude-na-comunidade\/","og_locale":"pt_BR","og_type":"article","og_title":"An\u00edbal ouve morados da Vila Maranh\u00e3o que quer unidade mista de sa\u00fade na comunidade - Daniel Matos","og_description":"O candidato a vereador pelo PL , An\u00edbal, esteve na Vila Maranh\u00e3o, Zona Rural de S\u00e3o Lu\u00eds, onde ouviu da [&hellip;]","og_url":"https:\/\/www.blogsoestado.com\/danielmatos\/anibal-ouve-morados-da-vila-maranhao-que-quer-unidade-mista-de-saude-na-comunidade\/","og_site_name":"Daniel Matos","article_published_time":"2020-11-02T17:13:37+00:00","og_image":[{"url":"https:\/\/www.blogsoestado.com\/danielmatos\/files\/2020\/11\/IMG-20201102-WA0099.jpg","type":"","width":"","height":""}],"twitter_card":"summary_large_image","twitter_misc":{"Est. tempo de leitura":"1 minuto"},"schema":{"@context":"https:\/\/schema.org","@graph":[{"@type":"WebPage","@id":"https:\/\/www.blogsoestado.com\/danielmatos\/anibal-ouve-morados-da-vila-maranhao-que-quer-unidade-mista-de-saude-na-comunidade\/","url":"https:\/\/www.blogsoestado.com\/danielmatos\/anibal-ouve-morados-da-vila-maranhao-que-quer-unidade-mista-de-saude-na-comunidade\/","name":"An\u00edbal ouve morados da Vila Maranh\u00e3o que quer unidade mista de sa\u00fade na comunidade - Daniel Matos","isPartOf":{"@id":"https:\/\/www.blogsoestado.com\/danielmatos\/#website"},"primaryImageOfPage":{"@id":"https:\/\/www.blogsoestado.com\/danielmatos\/anibal-ouve-morados-da-vila-maranhao-que-quer-unidade-mista-de-saude-na-comunidade\/#primaryimage"},"image":{"@id":"https:\/\/www.blogsoestado.com\/danielmatos\/anibal-ouve-morados-da-vila-maranhao-que-quer-unidade-mista-de-saude-na-comunidade\/#primaryimage"},"thumbnailUrl":"https:\/\/www.blogsoestado.com\/danielmatos\/files\/2020\/11\/IMG-20201102-WA0099.jpg","datePublished":"2020-11-02T17:13:37+00:00","author":{"@id":""},"breadcrumb":{"@id":"https:\/\/www.blogsoestado.com\/danielmatos\/anibal-ouve-morados-da-vila-maranhao-que-quer-unidade-mista-de-saude-na-comunidade\/#breadcrumb"},"inLanguage":"pt-BR","potentialAction":[{"@type":"ReadAction","target":["https:\/\/www.blogsoestado.com\/danielmatos\/anibal-ouve-morados-da-vila-maranhao-que-quer-unidade-mista-de-saude-na-comunidade\/"]}]},{"@type":"ImageObject","inLanguage":"pt-BR","@id":"https:\/\/www.blogsoestado.com\/danielmatos\/anibal-ouve-morados-da-vila-maranhao-que-quer-unidade-mista-de-saude-na-comunidade\/#primaryimage","url":"https:\/\/www.blogsoestado.com\/danielmatos\/files\/2020\/11\/IMG-20201102-WA0099.jpg","contentUrl":"https:\/\/www.blogsoestado.com\/danielmatos\/files\/2020\/11\/IMG-20201102-WA0099.jpg"},{"@type":"BreadcrumbList","@id":"https:\/\/www.blogsoestado.com\/danielmatos\/anibal-ouve-morados-da-vila-maranhao-que-quer-unidade-mista-de-saude-na-comunidade\/#breadcrumb","itemListElement":[{"@type":"ListItem","position":1,"name":"In\u00edcio","item":"https:\/\/www.blogsoestado.com\/danielmatos\/"},{"@type":"ListItem","position":2,"name":"An\u00edbal ouve morados da Vila Maranh\u00e3o que quer unidade mista de sa\u00fade na comunidade"}]},{"@type":"WebSite","@id":"https:\/\/www.blogsoestado.com\/danielmatos\/#website","url":"https:\/\/www.blogsoestado.com\/danielmatos\/","name":"Daniel Matos","description":"","potentialAction":[{"@type":"SearchAction","target":{"@type":"EntryPoint","urlTemplate":"https:\/\/www.blogsoestado.com\/danielmatos\/?s={search_term_string}"},"query-input":{"@type":"PropertyValueSpecification","valueRequired":true,"valueName":"search_term_string"}}],"inLanguage":"pt-BR"}]}},"jetpack_featured_media_url":"","_links":{"self":[{"href":"https:\/\/www.blogsoestado.com\/danielmatos\/wp-json\/wp\/v2\/posts\/79160","targetHints":{"allow":["GET"]}}],"collection":[{"href":"https:\/\/www.blogsoestado.com\/danielmatos\/wp-json\/wp\/v2\/posts"}],"about":[{"href":"https:\/\/www.blogsoestado.com\/danielmatos\/wp-json\/wp\/v2\/types\/post"}],"replies":[{"embeddable":true,"href":"https:\/\/www.blogsoestado.com\/danielmatos\/wp-json\/wp\/v2\/comments?post=79160"}],"version-history":[{"count":0,"href":"https:\/\/www.blogsoestado.com\/danielmatos\/wp-json\/wp\/v2\/posts\/79160\/revisions"}],"wp:attachment":[{"href":"https:\/\/www.blogsoestado.com\/danielmatos\/wp-json\/wp\/v2\/media?parent=79160"}],"wp:term":[{"taxonomy":"category","embeddable":true,"href":"https:\/\/www.blogsoestado.com\/danielmatos\/wp-json\/wp\/v2\/categories?post=79160"},{"taxonomy":"post_tag","embeddable":true,"href":"https:\/\/www.blogsoestado.com\/danielmatos\/wp-json\/wp\/v2\/tags?post=79160"}],"curies":[{"name":"wp","href":"https:\/\/api.w.org\/{rel}","templated":true}]}}