{"id":79164,"date":"2020-11-04T11:27:00","date_gmt":"2020-11-04T14:27:00","guid":{"rendered":"https:\/\/www.blogsoestado.com\/danielmatos\/?p=79164"},"modified":"2020-11-04T11:27:00","modified_gmt":"2020-11-04T14:27:00","slug":"cantanhede-quer-transformara-sao-luis-em-cidade-amiga-do-idoso","status":"publish","type":"post","link":"https:\/\/www.blogsoestado.com\/danielmatos\/cantanhede-quer-transformara-sao-luis-em-cidade-amiga-do-idoso\/","title":{"rendered":"Cantanh\u00eade quer transformar S\u00e3o Lu\u00eds em &#8220;cidade amiga do idoso&#8221;"},"content":{"rendered":"\n<div class=\"wp-block-image\"><figure class=\"aligncenter size-large\"><img decoding=\"async\" src=\"https:\/\/www.blogsoestado.com\/danielmatos\/files\/2020\/11\/IMG-20201104-WA0076-576x1024.jpg\" alt=\"\" class=\"wp-image-79256\"\/><figcaption>Cantanh\u00eade em encontro com o promotor de Justi\u00e7a de Defesa da Pessoa Idosa, Augusto Cutrim<\/figcaption><\/figure><\/div>\n\n\n\n<p>Em entrevista ao blog do jornalista Daniel Matos, o candidato a vereador de S\u00e3o Lu\u00eds pelo PSL Valter Cantanh\u00eade 17900  afirmou que tem entre suas propostas a de transformar S\u00e3o Lu\u00eds em &#8220;cidade amiga do idoso&#8221;. Para colocar em pr\u00e1tica o seu plano de oferecer atendimento adequado \u00e0 terceira idade, ele pretende apresentar, na C\u00e2mara Municipal, um projeto que prev\u00ea a instala\u00e7\u00e3o de unidades de assist\u00eancia chamadas de centros dia nas seis regi\u00f5es-p\u00f3lo da capital.<\/p>\n\n\n\n<p>Os centros dia v\u00e3o funcionar em \u00e1reas estrat\u00e9gicas do munic\u00edpio, de modo a facilitar o deslocamento e o acesso das pessoas idosas aos atendimentos, que ser\u00e3o realizados por equipes multidisciplinares altamente capacitadas, formadas por geriatra, enfermeiros, auxiliares, educadores f\u00edsicos, fisioterapeutas e v\u00e1rios cuidadores. &#8220;Nesses espa\u00e7os, o idoso receber\u00e1 todo o cuidado necess\u00e1rio no per\u00edodo diurno&#8221;, anuncia Cantanh\u00eade.<\/p>\n\n\n\n<p>O candidato diz que tamb\u00e9m trabalhar\u00e1 para implementar melhorias de acessibilidade, seguran\u00e7a e deslocamento e que vai propor a instala\u00e7\u00e3o de sem\u00e1foros com contemporizadores.<\/p>\n\n\n\n<p>Cantanh\u00eade tamb\u00e9m pretende fortalecer a aten\u00e7\u00e3o b\u00e1sica ao idoso, promovendo melhor capacita\u00e7\u00e3o das equipes de sa\u00fade e projetos de forma\u00e7\u00e3o e reconhecimento da profiss\u00e3o de cuidador.<\/p>\n","protected":false},"excerpt":{"rendered":"<p>Em entrevista ao blog do jornalista Daniel Matos, o candidato a vereador de S\u00e3o Lu\u00eds pelo PSL Valter Cantanh\u00eade 17900 [&hellip;]<\/p>\n","protected":false},"author":0,"featured_media":0,"comment_status":"open","ping_status":"open","sticky":false,"template":"","format":"standard","meta":{"site-sidebar-layout":"default","site-content-layout":"","ast-site-content-layout":"default","site-content-style":"default","site-sidebar-style":"default","ast-global-header-display":"","ast-banner-title-visibility":"","ast-main-header-display":"","ast-hfb-above-header-display":"","ast-hfb-below-header-display":"","ast-hfb-mobile-header-display":"","site-post-title":"","ast-breadcrumbs-content":"","ast-featured-img":"","footer-sml-layout":"","ast-disable-related-posts":"","theme-transparent-header-meta":"","adv-header-id-meta":"","stick-header-meta":"","header-above-stick-meta":"","header-main-stick-meta":"","header-below-stick-meta":"","astra-migrate-meta-layouts":"default","ast-page-background-enabled":"default","ast-page-background-meta":{"desktop":{"background-color":"var(--ast-global-color-5)","background-image":"","background-repeat":"repeat","background-position":"center center","background-size":"auto","background-attachment":"scroll","background-type":"","background-media":"","overlay-type":"","overlay-color":"","overlay-opacity":"","overlay-gradient":""},"tablet":{"background-color":"","background-image":"","background-repeat":"repeat","background-position":"center center","background-size":"auto","background-attachment":"scroll","background-type":"","background-media":"","overlay-type":"","overlay-color":"","overlay-opacity":"","overlay-gradient":""},"mobile":{"background-color":"","background-image":"","background-repeat":"repeat","background-position":"center center","background-size":"auto","background-attachment":"scroll","background-type":"","background-media":"","overlay-type":"","overlay-color":"","overlay-opacity":"","overlay-gradient":""}},"ast-content-background-meta":{"desktop":{"background-color":"var(--ast-global-color-4)","background-image":"","background-repeat":"repeat","background-position":"center center","background-size":"auto","background-attachment":"scroll","background-type":"","background-media":"","overlay-type":"","overlay-color":"","overlay-opacity":"","overlay-gradient":""},"tablet":{"background-color":"var(--ast-global-color-4)","background-image":"","background-repeat":"repeat","background-position":"center center","background-size":"auto","background-attachment":"scroll","background-type":"","background-media":"","overlay-type":"","overlay-color":"","overlay-opacity":"","overlay-gradient":""},"mobile":{"background-color":"var(--ast-global-color-4)","background-image":"","background-repeat":"repeat","background-position":"center center","background-size":"auto","background-attachment":"scroll","background-type":"","background-media":"","overlay-type":"","overlay-color":"","overlay-opacity":"","overlay-gradient":""}},"footnotes":""},"categories":[1],"tags":[],"class_list":["post-79164","post","type-post","status-publish","format-standard","hentry","category-sem-categoria"],"yoast_head":"<!-- This site is optimized with the Yoast SEO plugin v26.6 - https:\/\/yoast.com\/wordpress\/plugins\/seo\/ -->\n<title>Cantanh\u00eade quer transformar S\u00e3o Lu\u00eds em &quot;cidade amiga do idoso&quot; - Daniel Matos<\/title>\n<meta name=\"robots\" content=\"index, follow, max-snippet:-1, max-image-preview:large, max-video-preview:-1\" \/>\n<link rel=\"canonical\" href=\"https:\/\/www.blogsoestado.com\/danielmatos\/cantanhede-quer-transformara-sao-luis-em-cidade-amiga-do-idoso\/\" \/>\n<meta property=\"og:locale\" content=\"pt_BR\" \/>\n<meta property=\"og:type\" content=\"article\" \/>\n<meta property=\"og:title\" content=\"Cantanh\u00eade quer transformar S\u00e3o Lu\u00eds em &quot;cidade amiga do idoso&quot; - Daniel Matos\" \/>\n<meta property=\"og:description\" content=\"Em entrevista ao blog do jornalista Daniel Matos, o candidato a vereador de S\u00e3o Lu\u00eds pelo PSL Valter Cantanh\u00eade 17900 [&hellip;]\" \/>\n<meta property=\"og:url\" content=\"https:\/\/www.blogsoestado.com\/danielmatos\/cantanhede-quer-transformara-sao-luis-em-cidade-amiga-do-idoso\/\" \/>\n<meta property=\"og:site_name\" content=\"Daniel Matos\" \/>\n<meta property=\"article:published_time\" content=\"2020-11-04T14:27:00+00:00\" \/>\n<meta property=\"og:image\" content=\"https:\/\/www.blogsoestado.com\/danielmatos\/files\/2020\/11\/IMG-20201104-WA0076-576x1024.jpg\" \/>\n<meta name=\"twitter:card\" content=\"summary_large_image\" \/>\n<meta name=\"twitter:label1\" content=\"Est. tempo de leitura\" \/>\n\t<meta name=\"twitter:data1\" content=\"1 minuto\" \/>\n<script type=\"application\/ld+json\" class=\"yoast-schema-graph\">{\"@context\":\"https:\/\/schema.org\",\"@graph\":[{\"@type\":\"WebPage\",\"@id\":\"https:\/\/www.blogsoestado.com\/danielmatos\/cantanhede-quer-transformara-sao-luis-em-cidade-amiga-do-idoso\/\",\"url\":\"https:\/\/www.blogsoestado.com\/danielmatos\/cantanhede-quer-transformara-sao-luis-em-cidade-amiga-do-idoso\/\",\"name\":\"Cantanh\u00eade quer transformar S\u00e3o Lu\u00eds em \\\"cidade amiga do idoso\\\" - Daniel Matos\",\"isPartOf\":{\"@id\":\"https:\/\/www.blogsoestado.com\/danielmatos\/#website\"},\"primaryImageOfPage\":{\"@id\":\"https:\/\/www.blogsoestado.com\/danielmatos\/cantanhede-quer-transformara-sao-luis-em-cidade-amiga-do-idoso\/#primaryimage\"},\"image\":{\"@id\":\"https:\/\/www.blogsoestado.com\/danielmatos\/cantanhede-quer-transformara-sao-luis-em-cidade-amiga-do-idoso\/#primaryimage\"},\"thumbnailUrl\":\"https:\/\/www.blogsoestado.com\/danielmatos\/files\/2020\/11\/IMG-20201104-WA0076-576x1024.jpg\",\"datePublished\":\"2020-11-04T14:27:00+00:00\",\"author\":{\"@id\":\"\"},\"breadcrumb\":{\"@id\":\"https:\/\/www.blogsoestado.com\/danielmatos\/cantanhede-quer-transformara-sao-luis-em-cidade-amiga-do-idoso\/#breadcrumb\"},\"inLanguage\":\"pt-BR\",\"potentialAction\":[{\"@type\":\"ReadAction\",\"target\":[\"https:\/\/www.blogsoestado.com\/danielmatos\/cantanhede-quer-transformara-sao-luis-em-cidade-amiga-do-idoso\/\"]}]},{\"@type\":\"ImageObject\",\"inLanguage\":\"pt-BR\",\"@id\":\"https:\/\/www.blogsoestado.com\/danielmatos\/cantanhede-quer-transformara-sao-luis-em-cidade-amiga-do-idoso\/#primaryimage\",\"url\":\"https:\/\/www.blogsoestado.com\/danielmatos\/files\/2020\/11\/IMG-20201104-WA0076-576x1024.jpg\",\"contentUrl\":\"https:\/\/www.blogsoestado.com\/danielmatos\/files\/2020\/11\/IMG-20201104-WA0076-576x1024.jpg\"},{\"@type\":\"BreadcrumbList\",\"@id\":\"https:\/\/www.blogsoestado.com\/danielmatos\/cantanhede-quer-transformara-sao-luis-em-cidade-amiga-do-idoso\/#breadcrumb\",\"itemListElement\":[{\"@type\":\"ListItem\",\"position\":1,\"name\":\"In\u00edcio\",\"item\":\"https:\/\/www.blogsoestado.com\/danielmatos\/\"},{\"@type\":\"ListItem\",\"position\":2,\"name\":\"Cantanh\u00eade quer transformar S\u00e3o Lu\u00eds em &#8220;cidade amiga do idoso&#8221;\"}]},{\"@type\":\"WebSite\",\"@id\":\"https:\/\/www.blogsoestado.com\/danielmatos\/#website\",\"url\":\"https:\/\/www.blogsoestado.com\/danielmatos\/\",\"name\":\"Daniel Matos\",\"description\":\"\",\"potentialAction\":[{\"@type\":\"SearchAction\",\"target\":{\"@type\":\"EntryPoint\",\"urlTemplate\":\"https:\/\/www.blogsoestado.com\/danielmatos\/?s={search_term_string}\"},\"query-input\":{\"@type\":\"PropertyValueSpecification\",\"valueRequired\":true,\"valueName\":\"search_term_string\"}}],\"inLanguage\":\"pt-BR\"}]}<\/script>\n<!-- \/ Yoast SEO plugin. -->","yoast_head_json":{"title":"Cantanh\u00eade quer transformar S\u00e3o Lu\u00eds em \"cidade amiga do idoso\" - Daniel Matos","robots":{"index":"index","follow":"follow","max-snippet":"max-snippet:-1","max-image-preview":"max-image-preview:large","max-video-preview":"max-video-preview:-1"},"canonical":"https:\/\/www.blogsoestado.com\/danielmatos\/cantanhede-quer-transformara-sao-luis-em-cidade-amiga-do-idoso\/","og_locale":"pt_BR","og_type":"article","og_title":"Cantanh\u00eade quer transformar S\u00e3o Lu\u00eds em \"cidade amiga do idoso\" - Daniel Matos","og_description":"Em entrevista ao blog do jornalista Daniel Matos, o candidato a vereador de S\u00e3o Lu\u00eds pelo PSL Valter Cantanh\u00eade 17900 [&hellip;]","og_url":"https:\/\/www.blogsoestado.com\/danielmatos\/cantanhede-quer-transformara-sao-luis-em-cidade-amiga-do-idoso\/","og_site_name":"Daniel Matos","article_published_time":"2020-11-04T14:27:00+00:00","og_image":[{"url":"https:\/\/www.blogsoestado.com\/danielmatos\/files\/2020\/11\/IMG-20201104-WA0076-576x1024.jpg","type":"","width":"","height":""}],"twitter_card":"summary_large_image","twitter_misc":{"Est. tempo de leitura":"1 minuto"},"schema":{"@context":"https:\/\/schema.org","@graph":[{"@type":"WebPage","@id":"https:\/\/www.blogsoestado.com\/danielmatos\/cantanhede-quer-transformara-sao-luis-em-cidade-amiga-do-idoso\/","url":"https:\/\/www.blogsoestado.com\/danielmatos\/cantanhede-quer-transformara-sao-luis-em-cidade-amiga-do-idoso\/","name":"Cantanh\u00eade quer transformar S\u00e3o Lu\u00eds em \"cidade amiga do idoso\" - Daniel Matos","isPartOf":{"@id":"https:\/\/www.blogsoestado.com\/danielmatos\/#website"},"primaryImageOfPage":{"@id":"https:\/\/www.blogsoestado.com\/danielmatos\/cantanhede-quer-transformara-sao-luis-em-cidade-amiga-do-idoso\/#primaryimage"},"image":{"@id":"https:\/\/www.blogsoestado.com\/danielmatos\/cantanhede-quer-transformara-sao-luis-em-cidade-amiga-do-idoso\/#primaryimage"},"thumbnailUrl":"https:\/\/www.blogsoestado.com\/danielmatos\/files\/2020\/11\/IMG-20201104-WA0076-576x1024.jpg","datePublished":"2020-11-04T14:27:00+00:00","author":{"@id":""},"breadcrumb":{"@id":"https:\/\/www.blogsoestado.com\/danielmatos\/cantanhede-quer-transformara-sao-luis-em-cidade-amiga-do-idoso\/#breadcrumb"},"inLanguage":"pt-BR","potentialAction":[{"@type":"ReadAction","target":["https:\/\/www.blogsoestado.com\/danielmatos\/cantanhede-quer-transformara-sao-luis-em-cidade-amiga-do-idoso\/"]}]},{"@type":"ImageObject","inLanguage":"pt-BR","@id":"https:\/\/www.blogsoestado.com\/danielmatos\/cantanhede-quer-transformara-sao-luis-em-cidade-amiga-do-idoso\/#primaryimage","url":"https:\/\/www.blogsoestado.com\/danielmatos\/files\/2020\/11\/IMG-20201104-WA0076-576x1024.jpg","contentUrl":"https:\/\/www.blogsoestado.com\/danielmatos\/files\/2020\/11\/IMG-20201104-WA0076-576x1024.jpg"},{"@type":"BreadcrumbList","@id":"https:\/\/www.blogsoestado.com\/danielmatos\/cantanhede-quer-transformara-sao-luis-em-cidade-amiga-do-idoso\/#breadcrumb","itemListElement":[{"@type":"ListItem","position":1,"name":"In\u00edcio","item":"https:\/\/www.blogsoestado.com\/danielmatos\/"},{"@type":"ListItem","position":2,"name":"Cantanh\u00eade quer transformar S\u00e3o Lu\u00eds em &#8220;cidade amiga do idoso&#8221;"}]},{"@type":"WebSite","@id":"https:\/\/www.blogsoestado.com\/danielmatos\/#website","url":"https:\/\/www.blogsoestado.com\/danielmatos\/","name":"Daniel Matos","description":"","potentialAction":[{"@type":"SearchAction","target":{"@type":"EntryPoint","urlTemplate":"https:\/\/www.blogsoestado.com\/danielmatos\/?s={search_term_string}"},"query-input":{"@type":"PropertyValueSpecification","valueRequired":true,"valueName":"search_term_string"}}],"inLanguage":"pt-BR"}]}},"jetpack_featured_media_url":"","_links":{"self":[{"href":"https:\/\/www.blogsoestado.com\/danielmatos\/wp-json\/wp\/v2\/posts\/79164","targetHints":{"allow":["GET"]}}],"collection":[{"href":"https:\/\/www.blogsoestado.com\/danielmatos\/wp-json\/wp\/v2\/posts"}],"about":[{"href":"https:\/\/www.blogsoestado.com\/danielmatos\/wp-json\/wp\/v2\/types\/post"}],"replies":[{"embeddable":true,"href":"https:\/\/www.blogsoestado.com\/danielmatos\/wp-json\/wp\/v2\/comments?post=79164"}],"version-history":[{"count":0,"href":"https:\/\/www.blogsoestado.com\/danielmatos\/wp-json\/wp\/v2\/posts\/79164\/revisions"}],"wp:attachment":[{"href":"https:\/\/www.blogsoestado.com\/danielmatos\/wp-json\/wp\/v2\/media?parent=79164"}],"wp:term":[{"taxonomy":"category","embeddable":true,"href":"https:\/\/www.blogsoestado.com\/danielmatos\/wp-json\/wp\/v2\/categories?post=79164"},{"taxonomy":"post_tag","embeddable":true,"href":"https:\/\/www.blogsoestado.com\/danielmatos\/wp-json\/wp\/v2\/tags?post=79164"}],"curies":[{"name":"wp","href":"https:\/\/api.w.org\/{rel}","templated":true}]}}