{"id":79180,"date":"2020-11-02T23:53:37","date_gmt":"2020-11-03T02:53:37","guid":{"rendered":"https:\/\/www.blogsoestado.com\/danielmatos\/?p=79180"},"modified":"2020-11-02T23:53:37","modified_gmt":"2020-11-03T02:53:37","slug":"peri-mirim-othelino-neto-participa-de-carreata-em-apoio-a-heliezer-do-povo","status":"publish","type":"post","link":"https:\/\/www.blogsoestado.com\/danielmatos\/peri-mirim-othelino-neto-participa-de-carreata-em-apoio-a-heliezer-do-povo\/","title":{"rendered":"Peri-Mirim: Othelino Neto participa de carreata em apoio a Heliezer do Povo"},"content":{"rendered":"\n<div class=\"wp-block-image\"><figure class=\"aligncenter size-large\"><img decoding=\"async\" src=\"https:\/\/www.blogsoestado.com\/danielmatos\/files\/2020\/11\/IMG-20201102-WA0208-1024x683.jpg\" alt=\"\" class=\"wp-image-79181\"\/><figcaption>Othelino Neto com Heliezer do Povo e apoiadores durante o ato pol\u00edtico<\/figcaption><\/figure><\/div>\n\n\n\n<p>O presidente da Assembleia Legislativa do Maranh\u00e3o, deputado Othelino Neto (PCdoB), participou, no domingo (1\u00ba), da \u2018Carreata da Vit\u00f3ria\u2019, que marcou a campanha de Heliezer do Povo (PCdoB), candidato a prefeito de Peri-Mirim, e do seu companheiro de chapa, Dr. Vil\u00e1sio (PDT), candidato a vice. No evento, que culminou em um grande com\u00edcio na Pra\u00e7a da Matriz, o parlamentar afirmou que o apoio expressivo da popula\u00e7\u00e3o mostra o desejo de libertar o munic\u00edpio do estado de atraso em que se encontra.<\/p>\n\n\n\n<p>O percurso de pouco mais de 20 quil\u00f4metros, que iniciou nas Tr\u00eas Marias, reuniu milhares de apoiadores da coliga\u00e7\u00e3o Frente Popular por uma Peri-Mirim de Todos (PCdoB\/PDT\/PTB), que pretende promover uma grande transforma\u00e7\u00e3o na cidade.<\/p>\n\n\n\n<div class=\"wp-block-image\"><figure class=\"aligncenter size-large\"><img decoding=\"async\" src=\"https:\/\/www.blogsoestado.com\/danielmatos\/files\/2020\/11\/IMG-20201102-WA0205-1024x683.jpg\" alt=\"\" class=\"wp-image-79182\"\/><figcaption>O presidente da Assembleia Legislativa destacou a import\u00e2ncia de Peri-Mirim para a sua elei\u00e7\u00e3o ao parlamento estadual<\/figcaption><\/figure><\/div>\n\n\n\n<p>No ato, Othelino disse que a carreata hist\u00f3rica, al\u00e9m de mostrar que a candidatura de Heliezer conta com o apoio da popula\u00e7\u00e3o, reflete um desejo latente de mudan\u00e7a em Peri-Mirim. O chefe do Legislativo Estadual afirmou, ainda, que assumiu um compromisso com a cidade, no \u00faltimo pleito, de estar ao lado de Heliezer nas elei\u00e7\u00f5es municipais.<\/p>\n\n\n\n<p>\u201cPeri-Mirim foi importante na minha elei\u00e7\u00e3o de deputado estadual. \u00c0 \u00e9poca, quando vim aqui, muitos conversaram comigo e pediram que eu n\u00e3o deixasse o Heliezer sozinho. Ent\u00e3o, firmei esse compromisso com o grupo pol\u00edtico e com a cidade, porque Peri-Mirim merece se libertar do estado de atraso em que se encontra\u201d, declarou.<\/p>\n\n\n\n<div class=\"wp-block-image\"><figure class=\"aligncenter size-large\"><img decoding=\"async\" src=\"https:\/\/www.blogsoestado.com\/danielmatos\/files\/2020\/11\/IMG-20201102-WA0206-1024x683.jpg\" alt=\"\" class=\"wp-image-79183\"\/><figcaption>Multid\u00e3o prestigiou o ato de campanha com a presen\u00e7a de Othelino Neto<\/figcaption><\/figure><\/div>\n\n\n\n<p>O parlamentar destacou que a candidatura de Heliezer e Dr. Vil\u00e1sio significa muito para a popula\u00e7\u00e3o do munic\u00edpio. \u201cHeliezer representa o povo tomando conta da Prefeitura de Peri-Mirim. Vamos construir juntos essa vit\u00f3ria. No dia 15 de novembro, \u00e9 65 na cabe\u00e7a!\u201d, completou Othelino Neto.<\/p>\n\n\n\n<div class=\"wp-block-image\"><figure class=\"aligncenter size-large\"><img decoding=\"async\" src=\"https:\/\/www.blogsoestado.com\/danielmatos\/files\/2020\/11\/IMG-20201102-WA0207.jpg\" alt=\"\" class=\"wp-image-79184\"\/><figcaption>Aliados fazem o sinal da vit\u00f3ria durante a carreata pelo munic\u00edpio<\/figcaption><\/figure><\/div>\n\n\n\n<p>Heliezer do Povo agradeceu n\u00e3o s\u00f3 o apoio de Othelino, mas de todo o grupo pol\u00edtico, que quer uma Peri-Mirim melhor. \u201cO deputado Othelino Neto, o deputado federal Z\u00e9 Carlos e o governador Fl\u00e1vio Dino t\u00eam um compromisso conosco de apoiar as pol\u00edticas p\u00fablicas do nosso munic\u00edpio. Com a ades\u00e3o desse grupo pol\u00edtico \u00e0 nossa candidatura, confiando no nosso projeto, vamos transformar a realidade da cidade\u201d, garantiu o candidato a prefeito.<\/p>\n","protected":false},"excerpt":{"rendered":"<p>O presidente da Assembleia Legislativa do Maranh\u00e3o, deputado Othelino Neto (PCdoB), participou, no domingo (1\u00ba), da \u2018Carreata da Vit\u00f3ria\u2019, que [&hellip;]<\/p>\n","protected":false},"author":0,"featured_media":0,"comment_status":"open","ping_status":"open","sticky":false,"template":"","format":"standard","meta":{"site-sidebar-layout":"default","site-content-layout":"","ast-site-content-layout":"default","site-content-style":"default","site-sidebar-style":"default","ast-global-header-display":"","ast-banner-title-visibility":"","ast-main-header-display":"","ast-hfb-above-header-display":"","ast-hfb-below-header-display":"","ast-hfb-mobile-header-display":"","site-post-title":"","ast-breadcrumbs-content":"","ast-featured-img":"","footer-sml-layout":"","ast-disable-related-posts":"","theme-transparent-header-meta":"","adv-header-id-meta":"","stick-header-meta":"","header-above-stick-meta":"","header-main-stick-meta":"","header-below-stick-meta":"","astra-migrate-meta-layouts":"default","ast-page-background-enabled":"default","ast-page-background-meta":{"desktop":{"background-color":"var(--ast-global-color-5)","background-image":"","background-repeat":"repeat","background-position":"center center","background-size":"auto","background-attachment":"scroll","background-type":"","background-media":"","overlay-type":"","overlay-color":"","overlay-opacity":"","overlay-gradient":""},"tablet":{"background-color":"","background-image":"","background-repeat":"repeat","background-position":"center center","background-size":"auto","background-attachment":"scroll","background-type":"","background-media":"","overlay-type":"","overlay-color":"","overlay-opacity":"","overlay-gradient":""},"mobile":{"background-color":"","background-image":"","background-repeat":"repeat","background-position":"center center","background-size":"auto","background-attachment":"scroll","background-type":"","background-media":"","overlay-type":"","overlay-color":"","overlay-opacity":"","overlay-gradient":""}},"ast-content-background-meta":{"desktop":{"background-color":"var(--ast-global-color-4)","background-image":"","background-repeat":"repeat","background-position":"center center","background-size":"auto","background-attachment":"scroll","background-type":"","background-media":"","overlay-type":"","overlay-color":"","overlay-opacity":"","overlay-gradient":""},"tablet":{"background-color":"var(--ast-global-color-4)","background-image":"","background-repeat":"repeat","background-position":"center center","background-size":"auto","background-attachment":"scroll","background-type":"","background-media":"","overlay-type":"","overlay-color":"","overlay-opacity":"","overlay-gradient":""},"mobile":{"background-color":"var(--ast-global-color-4)","background-image":"","background-repeat":"repeat","background-position":"center center","background-size":"auto","background-attachment":"scroll","background-type":"","background-media":"","overlay-type":"","overlay-color":"","overlay-opacity":"","overlay-gradient":""}},"footnotes":""},"categories":[1],"tags":[],"class_list":["post-79180","post","type-post","status-publish","format-standard","hentry","category-sem-categoria"],"yoast_head":"<!-- This site is optimized with the Yoast SEO plugin v26.6 - https:\/\/yoast.com\/wordpress\/plugins\/seo\/ -->\n<title>Peri-Mirim: Othelino Neto participa de carreata em apoio a Heliezer do Povo - Daniel Matos<\/title>\n<meta name=\"robots\" content=\"index, follow, max-snippet:-1, max-image-preview:large, max-video-preview:-1\" \/>\n<link rel=\"canonical\" href=\"https:\/\/www.blogsoestado.com\/danielmatos\/peri-mirim-othelino-neto-participa-de-carreata-em-apoio-a-heliezer-do-povo\/\" \/>\n<meta property=\"og:locale\" content=\"pt_BR\" \/>\n<meta property=\"og:type\" content=\"article\" \/>\n<meta property=\"og:title\" content=\"Peri-Mirim: Othelino Neto participa de carreata em apoio a Heliezer do Povo - Daniel Matos\" \/>\n<meta property=\"og:description\" content=\"O presidente da Assembleia Legislativa do Maranh\u00e3o, deputado Othelino Neto (PCdoB), participou, no domingo (1\u00ba), da \u2018Carreata da Vit\u00f3ria\u2019, que [&hellip;]\" \/>\n<meta property=\"og:url\" content=\"https:\/\/www.blogsoestado.com\/danielmatos\/peri-mirim-othelino-neto-participa-de-carreata-em-apoio-a-heliezer-do-povo\/\" \/>\n<meta property=\"og:site_name\" content=\"Daniel Matos\" \/>\n<meta property=\"article:published_time\" content=\"2020-11-03T02:53:37+00:00\" \/>\n<meta property=\"og:image\" content=\"https:\/\/www.blogsoestado.com\/danielmatos\/files\/2020\/11\/IMG-20201102-WA0208-1024x683.jpg\" \/>\n<meta name=\"twitter:card\" content=\"summary_large_image\" \/>\n<meta name=\"twitter:label1\" content=\"Est. tempo de leitura\" \/>\n\t<meta name=\"twitter:data1\" content=\"2 minutos\" \/>\n<script type=\"application\/ld+json\" class=\"yoast-schema-graph\">{\"@context\":\"https:\/\/schema.org\",\"@graph\":[{\"@type\":\"WebPage\",\"@id\":\"https:\/\/www.blogsoestado.com\/danielmatos\/peri-mirim-othelino-neto-participa-de-carreata-em-apoio-a-heliezer-do-povo\/\",\"url\":\"https:\/\/www.blogsoestado.com\/danielmatos\/peri-mirim-othelino-neto-participa-de-carreata-em-apoio-a-heliezer-do-povo\/\",\"name\":\"Peri-Mirim: Othelino Neto participa de carreata em apoio a Heliezer do Povo - Daniel Matos\",\"isPartOf\":{\"@id\":\"https:\/\/www.blogsoestado.com\/danielmatos\/#website\"},\"primaryImageOfPage\":{\"@id\":\"https:\/\/www.blogsoestado.com\/danielmatos\/peri-mirim-othelino-neto-participa-de-carreata-em-apoio-a-heliezer-do-povo\/#primaryimage\"},\"image\":{\"@id\":\"https:\/\/www.blogsoestado.com\/danielmatos\/peri-mirim-othelino-neto-participa-de-carreata-em-apoio-a-heliezer-do-povo\/#primaryimage\"},\"thumbnailUrl\":\"https:\/\/www.blogsoestado.com\/danielmatos\/files\/2020\/11\/IMG-20201102-WA0208-1024x683.jpg\",\"datePublished\":\"2020-11-03T02:53:37+00:00\",\"author\":{\"@id\":\"\"},\"breadcrumb\":{\"@id\":\"https:\/\/www.blogsoestado.com\/danielmatos\/peri-mirim-othelino-neto-participa-de-carreata-em-apoio-a-heliezer-do-povo\/#breadcrumb\"},\"inLanguage\":\"pt-BR\",\"potentialAction\":[{\"@type\":\"ReadAction\",\"target\":[\"https:\/\/www.blogsoestado.com\/danielmatos\/peri-mirim-othelino-neto-participa-de-carreata-em-apoio-a-heliezer-do-povo\/\"]}]},{\"@type\":\"ImageObject\",\"inLanguage\":\"pt-BR\",\"@id\":\"https:\/\/www.blogsoestado.com\/danielmatos\/peri-mirim-othelino-neto-participa-de-carreata-em-apoio-a-heliezer-do-povo\/#primaryimage\",\"url\":\"https:\/\/www.blogsoestado.com\/danielmatos\/files\/2020\/11\/IMG-20201102-WA0208-1024x683.jpg\",\"contentUrl\":\"https:\/\/www.blogsoestado.com\/danielmatos\/files\/2020\/11\/IMG-20201102-WA0208-1024x683.jpg\"},{\"@type\":\"BreadcrumbList\",\"@id\":\"https:\/\/www.blogsoestado.com\/danielmatos\/peri-mirim-othelino-neto-participa-de-carreata-em-apoio-a-heliezer-do-povo\/#breadcrumb\",\"itemListElement\":[{\"@type\":\"ListItem\",\"position\":1,\"name\":\"In\u00edcio\",\"item\":\"https:\/\/www.blogsoestado.com\/danielmatos\/\"},{\"@type\":\"ListItem\",\"position\":2,\"name\":\"Peri-Mirim: Othelino Neto participa de carreata em apoio a Heliezer do Povo\"}]},{\"@type\":\"WebSite\",\"@id\":\"https:\/\/www.blogsoestado.com\/danielmatos\/#website\",\"url\":\"https:\/\/www.blogsoestado.com\/danielmatos\/\",\"name\":\"Daniel Matos\",\"description\":\"\",\"potentialAction\":[{\"@type\":\"SearchAction\",\"target\":{\"@type\":\"EntryPoint\",\"urlTemplate\":\"https:\/\/www.blogsoestado.com\/danielmatos\/?s={search_term_string}\"},\"query-input\":{\"@type\":\"PropertyValueSpecification\",\"valueRequired\":true,\"valueName\":\"search_term_string\"}}],\"inLanguage\":\"pt-BR\"}]}<\/script>\n<!-- \/ Yoast SEO plugin. -->","yoast_head_json":{"title":"Peri-Mirim: Othelino Neto participa de carreata em apoio a Heliezer do Povo - Daniel Matos","robots":{"index":"index","follow":"follow","max-snippet":"max-snippet:-1","max-image-preview":"max-image-preview:large","max-video-preview":"max-video-preview:-1"},"canonical":"https:\/\/www.blogsoestado.com\/danielmatos\/peri-mirim-othelino-neto-participa-de-carreata-em-apoio-a-heliezer-do-povo\/","og_locale":"pt_BR","og_type":"article","og_title":"Peri-Mirim: Othelino Neto participa de carreata em apoio a Heliezer do Povo - Daniel Matos","og_description":"O presidente da Assembleia Legislativa do Maranh\u00e3o, deputado Othelino Neto (PCdoB), participou, no domingo (1\u00ba), da \u2018Carreata da Vit\u00f3ria\u2019, que [&hellip;]","og_url":"https:\/\/www.blogsoestado.com\/danielmatos\/peri-mirim-othelino-neto-participa-de-carreata-em-apoio-a-heliezer-do-povo\/","og_site_name":"Daniel Matos","article_published_time":"2020-11-03T02:53:37+00:00","og_image":[{"url":"https:\/\/www.blogsoestado.com\/danielmatos\/files\/2020\/11\/IMG-20201102-WA0208-1024x683.jpg","type":"","width":"","height":""}],"twitter_card":"summary_large_image","twitter_misc":{"Est. tempo de leitura":"2 minutos"},"schema":{"@context":"https:\/\/schema.org","@graph":[{"@type":"WebPage","@id":"https:\/\/www.blogsoestado.com\/danielmatos\/peri-mirim-othelino-neto-participa-de-carreata-em-apoio-a-heliezer-do-povo\/","url":"https:\/\/www.blogsoestado.com\/danielmatos\/peri-mirim-othelino-neto-participa-de-carreata-em-apoio-a-heliezer-do-povo\/","name":"Peri-Mirim: Othelino Neto participa de carreata em apoio a Heliezer do Povo - Daniel Matos","isPartOf":{"@id":"https:\/\/www.blogsoestado.com\/danielmatos\/#website"},"primaryImageOfPage":{"@id":"https:\/\/www.blogsoestado.com\/danielmatos\/peri-mirim-othelino-neto-participa-de-carreata-em-apoio-a-heliezer-do-povo\/#primaryimage"},"image":{"@id":"https:\/\/www.blogsoestado.com\/danielmatos\/peri-mirim-othelino-neto-participa-de-carreata-em-apoio-a-heliezer-do-povo\/#primaryimage"},"thumbnailUrl":"https:\/\/www.blogsoestado.com\/danielmatos\/files\/2020\/11\/IMG-20201102-WA0208-1024x683.jpg","datePublished":"2020-11-03T02:53:37+00:00","author":{"@id":""},"breadcrumb":{"@id":"https:\/\/www.blogsoestado.com\/danielmatos\/peri-mirim-othelino-neto-participa-de-carreata-em-apoio-a-heliezer-do-povo\/#breadcrumb"},"inLanguage":"pt-BR","potentialAction":[{"@type":"ReadAction","target":["https:\/\/www.blogsoestado.com\/danielmatos\/peri-mirim-othelino-neto-participa-de-carreata-em-apoio-a-heliezer-do-povo\/"]}]},{"@type":"ImageObject","inLanguage":"pt-BR","@id":"https:\/\/www.blogsoestado.com\/danielmatos\/peri-mirim-othelino-neto-participa-de-carreata-em-apoio-a-heliezer-do-povo\/#primaryimage","url":"https:\/\/www.blogsoestado.com\/danielmatos\/files\/2020\/11\/IMG-20201102-WA0208-1024x683.jpg","contentUrl":"https:\/\/www.blogsoestado.com\/danielmatos\/files\/2020\/11\/IMG-20201102-WA0208-1024x683.jpg"},{"@type":"BreadcrumbList","@id":"https:\/\/www.blogsoestado.com\/danielmatos\/peri-mirim-othelino-neto-participa-de-carreata-em-apoio-a-heliezer-do-povo\/#breadcrumb","itemListElement":[{"@type":"ListItem","position":1,"name":"In\u00edcio","item":"https:\/\/www.blogsoestado.com\/danielmatos\/"},{"@type":"ListItem","position":2,"name":"Peri-Mirim: Othelino Neto participa de carreata em apoio a Heliezer do Povo"}]},{"@type":"WebSite","@id":"https:\/\/www.blogsoestado.com\/danielmatos\/#website","url":"https:\/\/www.blogsoestado.com\/danielmatos\/","name":"Daniel Matos","description":"","potentialAction":[{"@type":"SearchAction","target":{"@type":"EntryPoint","urlTemplate":"https:\/\/www.blogsoestado.com\/danielmatos\/?s={search_term_string}"},"query-input":{"@type":"PropertyValueSpecification","valueRequired":true,"valueName":"search_term_string"}}],"inLanguage":"pt-BR"}]}},"jetpack_featured_media_url":"","_links":{"self":[{"href":"https:\/\/www.blogsoestado.com\/danielmatos\/wp-json\/wp\/v2\/posts\/79180","targetHints":{"allow":["GET"]}}],"collection":[{"href":"https:\/\/www.blogsoestado.com\/danielmatos\/wp-json\/wp\/v2\/posts"}],"about":[{"href":"https:\/\/www.blogsoestado.com\/danielmatos\/wp-json\/wp\/v2\/types\/post"}],"replies":[{"embeddable":true,"href":"https:\/\/www.blogsoestado.com\/danielmatos\/wp-json\/wp\/v2\/comments?post=79180"}],"version-history":[{"count":0,"href":"https:\/\/www.blogsoestado.com\/danielmatos\/wp-json\/wp\/v2\/posts\/79180\/revisions"}],"wp:attachment":[{"href":"https:\/\/www.blogsoestado.com\/danielmatos\/wp-json\/wp\/v2\/media?parent=79180"}],"wp:term":[{"taxonomy":"category","embeddable":true,"href":"https:\/\/www.blogsoestado.com\/danielmatos\/wp-json\/wp\/v2\/categories?post=79180"},{"taxonomy":"post_tag","embeddable":true,"href":"https:\/\/www.blogsoestado.com\/danielmatos\/wp-json\/wp\/v2\/tags?post=79180"}],"curies":[{"name":"wp","href":"https:\/\/api.w.org\/{rel}","templated":true}]}}