{"id":79188,"date":"2020-11-03T09:24:13","date_gmt":"2020-11-03T12:24:13","guid":{"rendered":"https:\/\/www.blogsoestado.com\/danielmatos\/?p=79188"},"modified":"2020-11-03T09:24:13","modified_gmt":"2020-11-03T12:24:13","slug":"desmonte-dos-correios-nao-e-o-que-se-ve-em-sao-luis","status":"publish","type":"post","link":"https:\/\/www.blogsoestado.com\/danielmatos\/desmonte-dos-correios-nao-e-o-que-se-ve-em-sao-luis\/","title":{"rendered":"Desmonte dos Correios? N\u00e3o \u00e9 o que se v\u00ea em S\u00e3o Lu\u00eds"},"content":{"rendered":"\n<div class=\"wp-block-image\"><figure class=\"aligncenter size-large\"><img decoding=\"async\" src=\"https:\/\/www.blogsoestado.com\/danielmatos\/files\/2020\/11\/IMG_20201030_132440_018-1024x768.jpg\" alt=\"\" class=\"wp-image-79189\"\/><\/figure><\/div>\n\n\n\n<p>Em meio \u00e0 pol\u00eamica envolvendo a poss\u00edvel privatiza\u00e7\u00e3o dos Correios, eis que em S\u00e3o Lu\u00eds surge um alento para aqueles que s\u00e3o contra a desestatiza\u00e7\u00e3o da empresa. H\u00e1 alguns dias, s\u00e3o exibidas na \u00e1rea frontal da concession\u00e1ria Taguatur Ve\u00edculos, na Avenida Daniel de La Touche, pr\u00f3ximo ao retorno da Cohama, nada menos do que 10 carros utilit\u00e1rios, modelo Fiorino, da Fiat, devidamente caracterizados com a marca da estatal, para uso em servi\u00e7o.<\/p>\n\n\n\n<p>Com tal investimento, o Governo Federal d\u00e1 a entender que adiou ou mesmo arquivou o plano de privatizar os Correios. Sen\u00e3o, qual a justificativa para a amplia\u00e7\u00e3o da frota, que deve ter ocorrido tamb\u00e9m em outros estados? A n\u00e3o ser que esteja capitalizando a companhia antes de p\u00f4r \u00e0 venda, a fim de obter maior valor na negocia\u00e7\u00e3o.<\/p>\n\n\n\n<p>Ser\u00e1 mesmo a desist\u00eancia da privatiza\u00e7\u00e3o ou consequ\u00eancia da greve realizada entre agosto e setembro deste ano pelos trabalhadores da empresa p\u00fablica?<\/p>\n","protected":false},"excerpt":{"rendered":"<p>Em meio \u00e0 pol\u00eamica envolvendo a poss\u00edvel privatiza\u00e7\u00e3o dos Correios, eis que em S\u00e3o Lu\u00eds surge um alento para aqueles [&hellip;]<\/p>\n","protected":false},"author":0,"featured_media":0,"comment_status":"open","ping_status":"open","sticky":false,"template":"","format":"standard","meta":{"site-sidebar-layout":"default","site-content-layout":"","ast-site-content-layout":"default","site-content-style":"default","site-sidebar-style":"default","ast-global-header-display":"","ast-banner-title-visibility":"","ast-main-header-display":"","ast-hfb-above-header-display":"","ast-hfb-below-header-display":"","ast-hfb-mobile-header-display":"","site-post-title":"","ast-breadcrumbs-content":"","ast-featured-img":"","footer-sml-layout":"","ast-disable-related-posts":"","theme-transparent-header-meta":"","adv-header-id-meta":"","stick-header-meta":"","header-above-stick-meta":"","header-main-stick-meta":"","header-below-stick-meta":"","astra-migrate-meta-layouts":"default","ast-page-background-enabled":"default","ast-page-background-meta":{"desktop":{"background-color":"var(--ast-global-color-5)","background-image":"","background-repeat":"repeat","background-position":"center center","background-size":"auto","background-attachment":"scroll","background-type":"","background-media":"","overlay-type":"","overlay-color":"","overlay-opacity":"","overlay-gradient":""},"tablet":{"background-color":"","background-image":"","background-repeat":"repeat","background-position":"center center","background-size":"auto","background-attachment":"scroll","background-type":"","background-media":"","overlay-type":"","overlay-color":"","overlay-opacity":"","overlay-gradient":""},"mobile":{"background-color":"","background-image":"","background-repeat":"repeat","background-position":"center center","background-size":"auto","background-attachment":"scroll","background-type":"","background-media":"","overlay-type":"","overlay-color":"","overlay-opacity":"","overlay-gradient":""}},"ast-content-background-meta":{"desktop":{"background-color":"var(--ast-global-color-4)","background-image":"","background-repeat":"repeat","background-position":"center center","background-size":"auto","background-attachment":"scroll","background-type":"","background-media":"","overlay-type":"","overlay-color":"","overlay-opacity":"","overlay-gradient":""},"tablet":{"background-color":"var(--ast-global-color-4)","background-image":"","background-repeat":"repeat","background-position":"center center","background-size":"auto","background-attachment":"scroll","background-type":"","background-media":"","overlay-type":"","overlay-color":"","overlay-opacity":"","overlay-gradient":""},"mobile":{"background-color":"var(--ast-global-color-4)","background-image":"","background-repeat":"repeat","background-position":"center center","background-size":"auto","background-attachment":"scroll","background-type":"","background-media":"","overlay-type":"","overlay-color":"","overlay-opacity":"","overlay-gradient":""}},"footnotes":""},"categories":[1],"tags":[],"class_list":["post-79188","post","type-post","status-publish","format-standard","hentry","category-sem-categoria"],"yoast_head":"<!-- This site is optimized with the Yoast SEO plugin v26.6 - https:\/\/yoast.com\/wordpress\/plugins\/seo\/ -->\n<title>Desmonte dos Correios? N\u00e3o \u00e9 o que se v\u00ea em S\u00e3o Lu\u00eds - Daniel Matos<\/title>\n<meta name=\"robots\" content=\"index, follow, max-snippet:-1, max-image-preview:large, max-video-preview:-1\" \/>\n<link rel=\"canonical\" href=\"https:\/\/www.blogsoestado.com\/danielmatos\/desmonte-dos-correios-nao-e-o-que-se-ve-em-sao-luis\/\" \/>\n<meta property=\"og:locale\" content=\"pt_BR\" \/>\n<meta property=\"og:type\" content=\"article\" \/>\n<meta property=\"og:title\" content=\"Desmonte dos Correios? N\u00e3o \u00e9 o que se v\u00ea em S\u00e3o Lu\u00eds - Daniel Matos\" \/>\n<meta property=\"og:description\" content=\"Em meio \u00e0 pol\u00eamica envolvendo a poss\u00edvel privatiza\u00e7\u00e3o dos Correios, eis que em S\u00e3o Lu\u00eds surge um alento para aqueles [&hellip;]\" \/>\n<meta property=\"og:url\" content=\"https:\/\/www.blogsoestado.com\/danielmatos\/desmonte-dos-correios-nao-e-o-que-se-ve-em-sao-luis\/\" \/>\n<meta property=\"og:site_name\" content=\"Daniel Matos\" \/>\n<meta property=\"article:published_time\" content=\"2020-11-03T12:24:13+00:00\" \/>\n<meta property=\"og:image\" content=\"https:\/\/www.blogsoestado.com\/danielmatos\/files\/2020\/11\/IMG_20201030_132440_018-1024x768.jpg\" \/>\n<meta name=\"twitter:card\" content=\"summary_large_image\" \/>\n<meta name=\"twitter:label1\" content=\"Est. tempo de leitura\" \/>\n\t<meta name=\"twitter:data1\" content=\"1 minuto\" \/>\n<script type=\"application\/ld+json\" class=\"yoast-schema-graph\">{\"@context\":\"https:\/\/schema.org\",\"@graph\":[{\"@type\":\"WebPage\",\"@id\":\"https:\/\/www.blogsoestado.com\/danielmatos\/desmonte-dos-correios-nao-e-o-que-se-ve-em-sao-luis\/\",\"url\":\"https:\/\/www.blogsoestado.com\/danielmatos\/desmonte-dos-correios-nao-e-o-que-se-ve-em-sao-luis\/\",\"name\":\"Desmonte dos Correios? N\u00e3o \u00e9 o que se v\u00ea em S\u00e3o Lu\u00eds - Daniel Matos\",\"isPartOf\":{\"@id\":\"https:\/\/www.blogsoestado.com\/danielmatos\/#website\"},\"primaryImageOfPage\":{\"@id\":\"https:\/\/www.blogsoestado.com\/danielmatos\/desmonte-dos-correios-nao-e-o-que-se-ve-em-sao-luis\/#primaryimage\"},\"image\":{\"@id\":\"https:\/\/www.blogsoestado.com\/danielmatos\/desmonte-dos-correios-nao-e-o-que-se-ve-em-sao-luis\/#primaryimage\"},\"thumbnailUrl\":\"https:\/\/www.blogsoestado.com\/danielmatos\/files\/2020\/11\/IMG_20201030_132440_018-1024x768.jpg\",\"datePublished\":\"2020-11-03T12:24:13+00:00\",\"author\":{\"@id\":\"\"},\"breadcrumb\":{\"@id\":\"https:\/\/www.blogsoestado.com\/danielmatos\/desmonte-dos-correios-nao-e-o-que-se-ve-em-sao-luis\/#breadcrumb\"},\"inLanguage\":\"pt-BR\",\"potentialAction\":[{\"@type\":\"ReadAction\",\"target\":[\"https:\/\/www.blogsoestado.com\/danielmatos\/desmonte-dos-correios-nao-e-o-que-se-ve-em-sao-luis\/\"]}]},{\"@type\":\"ImageObject\",\"inLanguage\":\"pt-BR\",\"@id\":\"https:\/\/www.blogsoestado.com\/danielmatos\/desmonte-dos-correios-nao-e-o-que-se-ve-em-sao-luis\/#primaryimage\",\"url\":\"https:\/\/www.blogsoestado.com\/danielmatos\/files\/2020\/11\/IMG_20201030_132440_018-1024x768.jpg\",\"contentUrl\":\"https:\/\/www.blogsoestado.com\/danielmatos\/files\/2020\/11\/IMG_20201030_132440_018-1024x768.jpg\"},{\"@type\":\"BreadcrumbList\",\"@id\":\"https:\/\/www.blogsoestado.com\/danielmatos\/desmonte-dos-correios-nao-e-o-que-se-ve-em-sao-luis\/#breadcrumb\",\"itemListElement\":[{\"@type\":\"ListItem\",\"position\":1,\"name\":\"In\u00edcio\",\"item\":\"https:\/\/www.blogsoestado.com\/danielmatos\/\"},{\"@type\":\"ListItem\",\"position\":2,\"name\":\"Desmonte dos Correios? N\u00e3o \u00e9 o que se v\u00ea em S\u00e3o Lu\u00eds\"}]},{\"@type\":\"WebSite\",\"@id\":\"https:\/\/www.blogsoestado.com\/danielmatos\/#website\",\"url\":\"https:\/\/www.blogsoestado.com\/danielmatos\/\",\"name\":\"Daniel Matos\",\"description\":\"\",\"potentialAction\":[{\"@type\":\"SearchAction\",\"target\":{\"@type\":\"EntryPoint\",\"urlTemplate\":\"https:\/\/www.blogsoestado.com\/danielmatos\/?s={search_term_string}\"},\"query-input\":{\"@type\":\"PropertyValueSpecification\",\"valueRequired\":true,\"valueName\":\"search_term_string\"}}],\"inLanguage\":\"pt-BR\"}]}<\/script>\n<!-- \/ Yoast SEO plugin. -->","yoast_head_json":{"title":"Desmonte dos Correios? N\u00e3o \u00e9 o que se v\u00ea em S\u00e3o Lu\u00eds - Daniel Matos","robots":{"index":"index","follow":"follow","max-snippet":"max-snippet:-1","max-image-preview":"max-image-preview:large","max-video-preview":"max-video-preview:-1"},"canonical":"https:\/\/www.blogsoestado.com\/danielmatos\/desmonte-dos-correios-nao-e-o-que-se-ve-em-sao-luis\/","og_locale":"pt_BR","og_type":"article","og_title":"Desmonte dos Correios? N\u00e3o \u00e9 o que se v\u00ea em S\u00e3o Lu\u00eds - Daniel Matos","og_description":"Em meio \u00e0 pol\u00eamica envolvendo a poss\u00edvel privatiza\u00e7\u00e3o dos Correios, eis que em S\u00e3o Lu\u00eds surge um alento para aqueles [&hellip;]","og_url":"https:\/\/www.blogsoestado.com\/danielmatos\/desmonte-dos-correios-nao-e-o-que-se-ve-em-sao-luis\/","og_site_name":"Daniel Matos","article_published_time":"2020-11-03T12:24:13+00:00","og_image":[{"url":"https:\/\/www.blogsoestado.com\/danielmatos\/files\/2020\/11\/IMG_20201030_132440_018-1024x768.jpg","type":"","width":"","height":""}],"twitter_card":"summary_large_image","twitter_misc":{"Est. tempo de leitura":"1 minuto"},"schema":{"@context":"https:\/\/schema.org","@graph":[{"@type":"WebPage","@id":"https:\/\/www.blogsoestado.com\/danielmatos\/desmonte-dos-correios-nao-e-o-que-se-ve-em-sao-luis\/","url":"https:\/\/www.blogsoestado.com\/danielmatos\/desmonte-dos-correios-nao-e-o-que-se-ve-em-sao-luis\/","name":"Desmonte dos Correios? N\u00e3o \u00e9 o que se v\u00ea em S\u00e3o Lu\u00eds - Daniel Matos","isPartOf":{"@id":"https:\/\/www.blogsoestado.com\/danielmatos\/#website"},"primaryImageOfPage":{"@id":"https:\/\/www.blogsoestado.com\/danielmatos\/desmonte-dos-correios-nao-e-o-que-se-ve-em-sao-luis\/#primaryimage"},"image":{"@id":"https:\/\/www.blogsoestado.com\/danielmatos\/desmonte-dos-correios-nao-e-o-que-se-ve-em-sao-luis\/#primaryimage"},"thumbnailUrl":"https:\/\/www.blogsoestado.com\/danielmatos\/files\/2020\/11\/IMG_20201030_132440_018-1024x768.jpg","datePublished":"2020-11-03T12:24:13+00:00","author":{"@id":""},"breadcrumb":{"@id":"https:\/\/www.blogsoestado.com\/danielmatos\/desmonte-dos-correios-nao-e-o-que-se-ve-em-sao-luis\/#breadcrumb"},"inLanguage":"pt-BR","potentialAction":[{"@type":"ReadAction","target":["https:\/\/www.blogsoestado.com\/danielmatos\/desmonte-dos-correios-nao-e-o-que-se-ve-em-sao-luis\/"]}]},{"@type":"ImageObject","inLanguage":"pt-BR","@id":"https:\/\/www.blogsoestado.com\/danielmatos\/desmonte-dos-correios-nao-e-o-que-se-ve-em-sao-luis\/#primaryimage","url":"https:\/\/www.blogsoestado.com\/danielmatos\/files\/2020\/11\/IMG_20201030_132440_018-1024x768.jpg","contentUrl":"https:\/\/www.blogsoestado.com\/danielmatos\/files\/2020\/11\/IMG_20201030_132440_018-1024x768.jpg"},{"@type":"BreadcrumbList","@id":"https:\/\/www.blogsoestado.com\/danielmatos\/desmonte-dos-correios-nao-e-o-que-se-ve-em-sao-luis\/#breadcrumb","itemListElement":[{"@type":"ListItem","position":1,"name":"In\u00edcio","item":"https:\/\/www.blogsoestado.com\/danielmatos\/"},{"@type":"ListItem","position":2,"name":"Desmonte dos Correios? N\u00e3o \u00e9 o que se v\u00ea em S\u00e3o Lu\u00eds"}]},{"@type":"WebSite","@id":"https:\/\/www.blogsoestado.com\/danielmatos\/#website","url":"https:\/\/www.blogsoestado.com\/danielmatos\/","name":"Daniel Matos","description":"","potentialAction":[{"@type":"SearchAction","target":{"@type":"EntryPoint","urlTemplate":"https:\/\/www.blogsoestado.com\/danielmatos\/?s={search_term_string}"},"query-input":{"@type":"PropertyValueSpecification","valueRequired":true,"valueName":"search_term_string"}}],"inLanguage":"pt-BR"}]}},"jetpack_featured_media_url":"","_links":{"self":[{"href":"https:\/\/www.blogsoestado.com\/danielmatos\/wp-json\/wp\/v2\/posts\/79188","targetHints":{"allow":["GET"]}}],"collection":[{"href":"https:\/\/www.blogsoestado.com\/danielmatos\/wp-json\/wp\/v2\/posts"}],"about":[{"href":"https:\/\/www.blogsoestado.com\/danielmatos\/wp-json\/wp\/v2\/types\/post"}],"replies":[{"embeddable":true,"href":"https:\/\/www.blogsoestado.com\/danielmatos\/wp-json\/wp\/v2\/comments?post=79188"}],"version-history":[{"count":0,"href":"https:\/\/www.blogsoestado.com\/danielmatos\/wp-json\/wp\/v2\/posts\/79188\/revisions"}],"wp:attachment":[{"href":"https:\/\/www.blogsoestado.com\/danielmatos\/wp-json\/wp\/v2\/media?parent=79188"}],"wp:term":[{"taxonomy":"category","embeddable":true,"href":"https:\/\/www.blogsoestado.com\/danielmatos\/wp-json\/wp\/v2\/categories?post=79188"},{"taxonomy":"post_tag","embeddable":true,"href":"https:\/\/www.blogsoestado.com\/danielmatos\/wp-json\/wp\/v2\/tags?post=79188"}],"curies":[{"name":"wp","href":"https:\/\/api.w.org\/{rel}","templated":true}]}}