{"id":79201,"date":"2020-11-03T12:52:01","date_gmt":"2020-11-03T15:52:01","guid":{"rendered":"https:\/\/www.blogsoestado.com\/danielmatos\/?p=79201"},"modified":"2020-11-03T12:52:01","modified_gmt":"2020-11-03T15:52:01","slug":"mp-eleitoral-flagra-dezenas-de-casos-de-propaganda-irregular-de-candidatos-nas-ruas-de-sao-luis","status":"publish","type":"post","link":"https:\/\/www.blogsoestado.com\/danielmatos\/mp-eleitoral-flagra-dezenas-de-casos-de-propaganda-irregular-de-candidatos-nas-ruas-de-sao-luis\/","title":{"rendered":"MP Eleitoral flagra dezenas de casos de propaganda irregular de candidatos nas ruas de S\u00e3o Lu\u00eds"},"content":{"rendered":"\n<p class=\"has-text-color has-huge-font-size has-vivid-red-color\"><em>Foram registradas 43 imagens que indicam poss\u00edveis viola\u00e7\u00f5es \u00e0 lei na localiza\u00e7\u00e3o dos cartazes expostos<\/em><\/p>\n\n\n\n<div class=\"wp-block-image\"><figure class=\"aligncenter size-large\"><img decoding=\"async\" src=\"https:\/\/www.blogsoestado.com\/danielmatos\/files\/2020\/11\/Screenshot_20201103-1246372.png\" alt=\"\" class=\"wp-image-79202\"\/><figcaption>Cartazes de candidatos afixados em desacordo com a legisla\u00e7\u00e3o eleitoral na Avenida dos Holandeses <\/figcaption><\/figure><\/div>\n\n\n\n<p>O Minist\u00e9rio P\u00fablico (MP) Eleitoral, por meio da Procuradoria Regional Eleitoral (PRE) no Maranh\u00e3o realizou, no final do m\u00eas de outubro, por interm\u00e9dio do chefe da Se\u00e7\u00e3o de Seguran\u00e7a Org\u00e2nica e Transporte (Sesot), um levantamento nas ruas da cidade de S\u00e3o Lu\u00eds (MA) para registrar poss\u00edvel descumprimento nas propagandas eleitorais expostas de candidatos a cargos do munic\u00edpio.<\/p>\n\n\n\n<p>Segundo o relat\u00f3rio do agente de seguran\u00e7a, a vistoria foi feita com apoio de uma viatura oficial e foram captadas cerca de 43 imagens de cartazes fixados em \u00e1reas p\u00fablicas e estabelecimentos comerciais, em \u00e1reas como Avenida dos Holandeses, Ponta do Farol, Avenida Ana Jansen, Avenida Colares Moreira, retorno do S\u00e3o Francisco, Segunda Travessa J\u00falio Ro\u00e7a, Avenida Castelo Branco, Avenida Sambaquis, Avenida Camboa, cabeceira da ponte Bandeira Tribuzzi, Avenida Senador Vitorino Freire, Rua do Passeio e Rua das Cajazeiras.<\/p>\n\n\n\n<div class=\"wp-block-image\"><figure class=\"aligncenter size-large\"><img decoding=\"async\" src=\"https:\/\/www.blogsoestado.com\/danielmatos\/files\/2020\/11\/Screenshot_20201103-1248012.png\" alt=\"\" class=\"wp-image-79203\"\/><figcaption>A Procuradoria Regional Eleitoral tamb\u00e9m flagrou viola\u00e7\u00f5es na Avenida Ana Jansen, no S\u00e3o Francisco, <\/figcaption><\/figure><\/div>\n\n\n\n<p>De acordo com a lei, os cartazes n\u00e3o podem ser fixados em pra\u00e7as, postes de ilumina\u00e7\u00e3o p\u00fablica, estabelecimentos comerciais e \u00e1reas p\u00fablicas de uma maneira geral e, ainda, a \u00e1rea da propaganda eleitoral, de um mesmo candidato, em exposi\u00e7\u00e3o n\u00e3o pode ultrapassar a medida de 4m\u00b2 em cada local.<\/p>\n\n\n\n<p>Para o Procurador Regional Eleitoral, Juraci Guimar\u00e3es, \u201cal\u00e9m de contrariar a legisla\u00e7\u00e3o eleitoral, a fixa\u00e7\u00e3o de cartazes em muros traz consequ\u00eancias desastrosas para a paisagem urbana das cidades. Dessa forma, os candidatos ser\u00e3o notificados para remov\u00ea-los, sob pena de multa\u201d, concluiu.<\/p>\n","protected":false},"excerpt":{"rendered":"<p>Foram registradas 43 imagens que indicam poss\u00edveis viola\u00e7\u00f5es \u00e0 lei na localiza\u00e7\u00e3o dos cartazes expostos O Minist\u00e9rio P\u00fablico (MP) Eleitoral, [&hellip;]<\/p>\n","protected":false},"author":0,"featured_media":0,"comment_status":"open","ping_status":"open","sticky":false,"template":"","format":"standard","meta":{"site-sidebar-layout":"default","site-content-layout":"","ast-site-content-layout":"default","site-content-style":"default","site-sidebar-style":"default","ast-global-header-display":"","ast-banner-title-visibility":"","ast-main-header-display":"","ast-hfb-above-header-display":"","ast-hfb-below-header-display":"","ast-hfb-mobile-header-display":"","site-post-title":"","ast-breadcrumbs-content":"","ast-featured-img":"","footer-sml-layout":"","ast-disable-related-posts":"","theme-transparent-header-meta":"","adv-header-id-meta":"","stick-header-meta":"","header-above-stick-meta":"","header-main-stick-meta":"","header-below-stick-meta":"","astra-migrate-meta-layouts":"default","ast-page-background-enabled":"default","ast-page-background-meta":{"desktop":{"background-color":"var(--ast-global-color-5)","background-image":"","background-repeat":"repeat","background-position":"center center","background-size":"auto","background-attachment":"scroll","background-type":"","background-media":"","overlay-type":"","overlay-color":"","overlay-opacity":"","overlay-gradient":""},"tablet":{"background-color":"","background-image":"","background-repeat":"repeat","background-position":"center center","background-size":"auto","background-attachment":"scroll","background-type":"","background-media":"","overlay-type":"","overlay-color":"","overlay-opacity":"","overlay-gradient":""},"mobile":{"background-color":"","background-image":"","background-repeat":"repeat","background-position":"center center","background-size":"auto","background-attachment":"scroll","background-type":"","background-media":"","overlay-type":"","overlay-color":"","overlay-opacity":"","overlay-gradient":""}},"ast-content-background-meta":{"desktop":{"background-color":"var(--ast-global-color-4)","background-image":"","background-repeat":"repeat","background-position":"center center","background-size":"auto","background-attachment":"scroll","background-type":"","background-media":"","overlay-type":"","overlay-color":"","overlay-opacity":"","overlay-gradient":""},"tablet":{"background-color":"var(--ast-global-color-4)","background-image":"","background-repeat":"repeat","background-position":"center center","background-size":"auto","background-attachment":"scroll","background-type":"","background-media":"","overlay-type":"","overlay-color":"","overlay-opacity":"","overlay-gradient":""},"mobile":{"background-color":"var(--ast-global-color-4)","background-image":"","background-repeat":"repeat","background-position":"center center","background-size":"auto","background-attachment":"scroll","background-type":"","background-media":"","overlay-type":"","overlay-color":"","overlay-opacity":"","overlay-gradient":""}},"footnotes":""},"categories":[1],"tags":[],"class_list":["post-79201","post","type-post","status-publish","format-standard","hentry","category-sem-categoria"],"yoast_head":"<!-- This site is optimized with the Yoast SEO plugin v26.6 - https:\/\/yoast.com\/wordpress\/plugins\/seo\/ -->\n<title>MP Eleitoral flagra dezenas de casos de propaganda irregular de candidatos nas ruas de S\u00e3o Lu\u00eds - Daniel Matos<\/title>\n<meta name=\"robots\" content=\"index, follow, max-snippet:-1, max-image-preview:large, max-video-preview:-1\" \/>\n<link rel=\"canonical\" href=\"https:\/\/www.blogsoestado.com\/danielmatos\/mp-eleitoral-flagra-dezenas-de-casos-de-propaganda-irregular-de-candidatos-nas-ruas-de-sao-luis\/\" \/>\n<meta property=\"og:locale\" content=\"pt_BR\" \/>\n<meta property=\"og:type\" content=\"article\" \/>\n<meta property=\"og:title\" content=\"MP Eleitoral flagra dezenas de casos de propaganda irregular de candidatos nas ruas de S\u00e3o Lu\u00eds - Daniel Matos\" \/>\n<meta property=\"og:description\" content=\"Foram registradas 43 imagens que indicam poss\u00edveis viola\u00e7\u00f5es \u00e0 lei na localiza\u00e7\u00e3o dos cartazes expostos O Minist\u00e9rio P\u00fablico (MP) Eleitoral, [&hellip;]\" \/>\n<meta property=\"og:url\" content=\"https:\/\/www.blogsoestado.com\/danielmatos\/mp-eleitoral-flagra-dezenas-de-casos-de-propaganda-irregular-de-candidatos-nas-ruas-de-sao-luis\/\" \/>\n<meta property=\"og:site_name\" content=\"Daniel Matos\" \/>\n<meta property=\"article:published_time\" content=\"2020-11-03T15:52:01+00:00\" \/>\n<meta property=\"og:image\" content=\"https:\/\/www.blogsoestado.com\/danielmatos\/files\/2020\/11\/Screenshot_20201103-1246372.png\" \/>\n<meta name=\"twitter:card\" content=\"summary_large_image\" \/>\n<meta name=\"twitter:label1\" content=\"Est. tempo de leitura\" \/>\n\t<meta name=\"twitter:data1\" content=\"2 minutos\" \/>\n<script type=\"application\/ld+json\" class=\"yoast-schema-graph\">{\"@context\":\"https:\/\/schema.org\",\"@graph\":[{\"@type\":\"WebPage\",\"@id\":\"https:\/\/www.blogsoestado.com\/danielmatos\/mp-eleitoral-flagra-dezenas-de-casos-de-propaganda-irregular-de-candidatos-nas-ruas-de-sao-luis\/\",\"url\":\"https:\/\/www.blogsoestado.com\/danielmatos\/mp-eleitoral-flagra-dezenas-de-casos-de-propaganda-irregular-de-candidatos-nas-ruas-de-sao-luis\/\",\"name\":\"MP Eleitoral flagra dezenas de casos de propaganda irregular de candidatos nas ruas de S\u00e3o Lu\u00eds - Daniel Matos\",\"isPartOf\":{\"@id\":\"https:\/\/www.blogsoestado.com\/danielmatos\/#website\"},\"primaryImageOfPage\":{\"@id\":\"https:\/\/www.blogsoestado.com\/danielmatos\/mp-eleitoral-flagra-dezenas-de-casos-de-propaganda-irregular-de-candidatos-nas-ruas-de-sao-luis\/#primaryimage\"},\"image\":{\"@id\":\"https:\/\/www.blogsoestado.com\/danielmatos\/mp-eleitoral-flagra-dezenas-de-casos-de-propaganda-irregular-de-candidatos-nas-ruas-de-sao-luis\/#primaryimage\"},\"thumbnailUrl\":\"https:\/\/www.blogsoestado.com\/danielmatos\/files\/2020\/11\/Screenshot_20201103-1246372.png\",\"datePublished\":\"2020-11-03T15:52:01+00:00\",\"author\":{\"@id\":\"\"},\"breadcrumb\":{\"@id\":\"https:\/\/www.blogsoestado.com\/danielmatos\/mp-eleitoral-flagra-dezenas-de-casos-de-propaganda-irregular-de-candidatos-nas-ruas-de-sao-luis\/#breadcrumb\"},\"inLanguage\":\"pt-BR\",\"potentialAction\":[{\"@type\":\"ReadAction\",\"target\":[\"https:\/\/www.blogsoestado.com\/danielmatos\/mp-eleitoral-flagra-dezenas-de-casos-de-propaganda-irregular-de-candidatos-nas-ruas-de-sao-luis\/\"]}]},{\"@type\":\"ImageObject\",\"inLanguage\":\"pt-BR\",\"@id\":\"https:\/\/www.blogsoestado.com\/danielmatos\/mp-eleitoral-flagra-dezenas-de-casos-de-propaganda-irregular-de-candidatos-nas-ruas-de-sao-luis\/#primaryimage\",\"url\":\"https:\/\/www.blogsoestado.com\/danielmatos\/files\/2020\/11\/Screenshot_20201103-1246372.png\",\"contentUrl\":\"https:\/\/www.blogsoestado.com\/danielmatos\/files\/2020\/11\/Screenshot_20201103-1246372.png\"},{\"@type\":\"BreadcrumbList\",\"@id\":\"https:\/\/www.blogsoestado.com\/danielmatos\/mp-eleitoral-flagra-dezenas-de-casos-de-propaganda-irregular-de-candidatos-nas-ruas-de-sao-luis\/#breadcrumb\",\"itemListElement\":[{\"@type\":\"ListItem\",\"position\":1,\"name\":\"In\u00edcio\",\"item\":\"https:\/\/www.blogsoestado.com\/danielmatos\/\"},{\"@type\":\"ListItem\",\"position\":2,\"name\":\"MP Eleitoral flagra dezenas de casos de propaganda irregular de candidatos nas ruas de S\u00e3o Lu\u00eds\"}]},{\"@type\":\"WebSite\",\"@id\":\"https:\/\/www.blogsoestado.com\/danielmatos\/#website\",\"url\":\"https:\/\/www.blogsoestado.com\/danielmatos\/\",\"name\":\"Daniel Matos\",\"description\":\"\",\"potentialAction\":[{\"@type\":\"SearchAction\",\"target\":{\"@type\":\"EntryPoint\",\"urlTemplate\":\"https:\/\/www.blogsoestado.com\/danielmatos\/?s={search_term_string}\"},\"query-input\":{\"@type\":\"PropertyValueSpecification\",\"valueRequired\":true,\"valueName\":\"search_term_string\"}}],\"inLanguage\":\"pt-BR\"}]}<\/script>\n<!-- \/ Yoast SEO plugin. -->","yoast_head_json":{"title":"MP Eleitoral flagra dezenas de casos de propaganda irregular de candidatos nas ruas de S\u00e3o Lu\u00eds - Daniel Matos","robots":{"index":"index","follow":"follow","max-snippet":"max-snippet:-1","max-image-preview":"max-image-preview:large","max-video-preview":"max-video-preview:-1"},"canonical":"https:\/\/www.blogsoestado.com\/danielmatos\/mp-eleitoral-flagra-dezenas-de-casos-de-propaganda-irregular-de-candidatos-nas-ruas-de-sao-luis\/","og_locale":"pt_BR","og_type":"article","og_title":"MP Eleitoral flagra dezenas de casos de propaganda irregular de candidatos nas ruas de S\u00e3o Lu\u00eds - Daniel Matos","og_description":"Foram registradas 43 imagens que indicam poss\u00edveis viola\u00e7\u00f5es \u00e0 lei na localiza\u00e7\u00e3o dos cartazes expostos O Minist\u00e9rio P\u00fablico (MP) Eleitoral, [&hellip;]","og_url":"https:\/\/www.blogsoestado.com\/danielmatos\/mp-eleitoral-flagra-dezenas-de-casos-de-propaganda-irregular-de-candidatos-nas-ruas-de-sao-luis\/","og_site_name":"Daniel Matos","article_published_time":"2020-11-03T15:52:01+00:00","og_image":[{"url":"https:\/\/www.blogsoestado.com\/danielmatos\/files\/2020\/11\/Screenshot_20201103-1246372.png","type":"","width":"","height":""}],"twitter_card":"summary_large_image","twitter_misc":{"Est. tempo de leitura":"2 minutos"},"schema":{"@context":"https:\/\/schema.org","@graph":[{"@type":"WebPage","@id":"https:\/\/www.blogsoestado.com\/danielmatos\/mp-eleitoral-flagra-dezenas-de-casos-de-propaganda-irregular-de-candidatos-nas-ruas-de-sao-luis\/","url":"https:\/\/www.blogsoestado.com\/danielmatos\/mp-eleitoral-flagra-dezenas-de-casos-de-propaganda-irregular-de-candidatos-nas-ruas-de-sao-luis\/","name":"MP Eleitoral flagra dezenas de casos de propaganda irregular de candidatos nas ruas de S\u00e3o Lu\u00eds - Daniel Matos","isPartOf":{"@id":"https:\/\/www.blogsoestado.com\/danielmatos\/#website"},"primaryImageOfPage":{"@id":"https:\/\/www.blogsoestado.com\/danielmatos\/mp-eleitoral-flagra-dezenas-de-casos-de-propaganda-irregular-de-candidatos-nas-ruas-de-sao-luis\/#primaryimage"},"image":{"@id":"https:\/\/www.blogsoestado.com\/danielmatos\/mp-eleitoral-flagra-dezenas-de-casos-de-propaganda-irregular-de-candidatos-nas-ruas-de-sao-luis\/#primaryimage"},"thumbnailUrl":"https:\/\/www.blogsoestado.com\/danielmatos\/files\/2020\/11\/Screenshot_20201103-1246372.png","datePublished":"2020-11-03T15:52:01+00:00","author":{"@id":""},"breadcrumb":{"@id":"https:\/\/www.blogsoestado.com\/danielmatos\/mp-eleitoral-flagra-dezenas-de-casos-de-propaganda-irregular-de-candidatos-nas-ruas-de-sao-luis\/#breadcrumb"},"inLanguage":"pt-BR","potentialAction":[{"@type":"ReadAction","target":["https:\/\/www.blogsoestado.com\/danielmatos\/mp-eleitoral-flagra-dezenas-de-casos-de-propaganda-irregular-de-candidatos-nas-ruas-de-sao-luis\/"]}]},{"@type":"ImageObject","inLanguage":"pt-BR","@id":"https:\/\/www.blogsoestado.com\/danielmatos\/mp-eleitoral-flagra-dezenas-de-casos-de-propaganda-irregular-de-candidatos-nas-ruas-de-sao-luis\/#primaryimage","url":"https:\/\/www.blogsoestado.com\/danielmatos\/files\/2020\/11\/Screenshot_20201103-1246372.png","contentUrl":"https:\/\/www.blogsoestado.com\/danielmatos\/files\/2020\/11\/Screenshot_20201103-1246372.png"},{"@type":"BreadcrumbList","@id":"https:\/\/www.blogsoestado.com\/danielmatos\/mp-eleitoral-flagra-dezenas-de-casos-de-propaganda-irregular-de-candidatos-nas-ruas-de-sao-luis\/#breadcrumb","itemListElement":[{"@type":"ListItem","position":1,"name":"In\u00edcio","item":"https:\/\/www.blogsoestado.com\/danielmatos\/"},{"@type":"ListItem","position":2,"name":"MP Eleitoral flagra dezenas de casos de propaganda irregular de candidatos nas ruas de S\u00e3o Lu\u00eds"}]},{"@type":"WebSite","@id":"https:\/\/www.blogsoestado.com\/danielmatos\/#website","url":"https:\/\/www.blogsoestado.com\/danielmatos\/","name":"Daniel Matos","description":"","potentialAction":[{"@type":"SearchAction","target":{"@type":"EntryPoint","urlTemplate":"https:\/\/www.blogsoestado.com\/danielmatos\/?s={search_term_string}"},"query-input":{"@type":"PropertyValueSpecification","valueRequired":true,"valueName":"search_term_string"}}],"inLanguage":"pt-BR"}]}},"jetpack_featured_media_url":"","_links":{"self":[{"href":"https:\/\/www.blogsoestado.com\/danielmatos\/wp-json\/wp\/v2\/posts\/79201","targetHints":{"allow":["GET"]}}],"collection":[{"href":"https:\/\/www.blogsoestado.com\/danielmatos\/wp-json\/wp\/v2\/posts"}],"about":[{"href":"https:\/\/www.blogsoestado.com\/danielmatos\/wp-json\/wp\/v2\/types\/post"}],"replies":[{"embeddable":true,"href":"https:\/\/www.blogsoestado.com\/danielmatos\/wp-json\/wp\/v2\/comments?post=79201"}],"version-history":[{"count":0,"href":"https:\/\/www.blogsoestado.com\/danielmatos\/wp-json\/wp\/v2\/posts\/79201\/revisions"}],"wp:attachment":[{"href":"https:\/\/www.blogsoestado.com\/danielmatos\/wp-json\/wp\/v2\/media?parent=79201"}],"wp:term":[{"taxonomy":"category","embeddable":true,"href":"https:\/\/www.blogsoestado.com\/danielmatos\/wp-json\/wp\/v2\/categories?post=79201"},{"taxonomy":"post_tag","embeddable":true,"href":"https:\/\/www.blogsoestado.com\/danielmatos\/wp-json\/wp\/v2\/tags?post=79201"}],"curies":[{"name":"wp","href":"https:\/\/api.w.org\/{rel}","templated":true}]}}