{"id":79210,"date":"2020-11-03T15:49:02","date_gmt":"2020-11-03T18:49:02","guid":{"rendered":"https:\/\/www.blogsoestado.com\/danielmatos\/?p=79210"},"modified":"2020-11-03T15:49:02","modified_gmt":"2020-11-03T18:49:02","slug":"movimento-participa-do-ifma-para-a-camara-de-vereadores-de-sao-luis","status":"publish","type":"post","link":"https:\/\/www.blogsoestado.com\/danielmatos\/movimento-participa-do-ifma-para-a-camara-de-vereadores-de-sao-luis\/","title":{"rendered":"Movimento Participa: do IFMA para a C\u00e2mara de Vereadores de S\u00e3o Lu\u00eds"},"content":{"rendered":"\n<div class=\"wp-block-image\"><figure class=\"aligncenter size-large\"><img decoding=\"async\" src=\"https:\/\/www.blogsoestado.com\/danielmatos\/files\/2020\/11\/IMG-20201103-WA0102-1024x768.jpg\" alt=\"\" class=\"wp-image-79211\"\/><figcaption>Camila do Participa com Ester Lopes, Arthur Mendes e Bruno Cacau<\/figcaption><\/figure><\/div>\n\n\n\n<p>A candidatura coletiva do Movimento Participa \u00e9 formada por quatro jovens de luta, todos oriundos do Instituto Federal do Maranh\u00e3o \u2013 IFMA.<\/p>\n\n\n\n<p>S\u00e3o estudantes que decidiram unir for\u00e7as em torno de uma candidatura coletiva representada nas urnas pela jovem \u2018Camila do Participa\u2019, 19 anos, que juntamente com Bruno Cacau, Ester Lopes e Arthur Mendes tentam conquistar uma vaga de vereador na C\u00e2mara Municipal de S\u00e3o Lu\u00eds.<\/p>\n\n\n\n<p>Todos eles t\u00eam um hist\u00f3rico de luta em defesa dos estudantes do IFMA e da educa\u00e7\u00e3o brasileira.<\/p>\n\n\n\n<p>Camila foi coordenadora do hist\u00f3rico Gr\u00eamio Estudantil Edson Lu\u00eds (campus Monte Castelo) e liderou o movimento de ocupa\u00e7\u00e3o da Escola contra a Reforma do Ensino M\u00e9dio, al\u00e9m de ter sido Diretora Nacional da Uni\u00e3o Brasileira dos Estudantes Secundaristas (UBES).<\/p>\n\n\n\n<p>Bruno Cacau foi presidente desse mesmo Gr\u00eamio, em 2013, e respons\u00e1vel pela reativa\u00e7\u00e3o dessa importante entidade estudantil, tendo travado importantes lutas em defesa dos estudantes do IFMA \u2013 Campus Monte Castelo em sua gest\u00e3o.<\/p>\n\n\n\n<p>Ester Lopes desenvolveu importantes projetos como estudante do IFMA, dentre os quais se destaca a forma\u00e7\u00e3o de artistas atrav\u00e9s do grupo de teatro &#8220;Caricatura\u201d, o que a credenciou para exercer o cargo de Diretora de Cultura do Gr\u00eamio Estudantil Edson Lu\u00eds.<\/p>\n\n\n\n<p>Arthur Mendes foi Diretor de Esportes e Lazer do referido Gr\u00eamio, al\u00e9m de ter sido treinador da equipe de futsal do IFMA e representante da Institui\u00e7\u00e3o nos maiores eventos esportivos e estudantis do Maranh\u00e3o entre 2012-2014. Atualmente \u00e9 Diretor da Uni\u00e3o Nacional dos Estudantes (UNE), tendo liderado o movimento pela redu\u00e7\u00e3o das mensalidades cobradas pelas faculdades de S\u00e3o Lu\u00eds durante a pandemia.<\/p>\n\n\n\n<p>Como se v\u00ea, os quatro jovens que representam a candidatura coletiva do Movimento Participa tiveram uma importante atua\u00e7\u00e3o no movimento estudantil do IFMA e na luta em defesa da educa\u00e7\u00e3o, qualidades que o credenciam a ocupar uma vaga na C\u00e2mara de Vereadores de S\u00e3o Lu\u00eds.<\/p>\n\n\n\n<p>A nossa capital tem a grande oportunidade de eleger representantes verdadeiramente comprometidos com a defesa dos estudantes e da educa\u00e7\u00e3o brasileira, e o Movimento Participa, representado nas urnas pela \u2018Camila do Participa\u2019, \u00e9 a melhor op\u00e7\u00e3o para renovar a C\u00e2mara Municipal de S\u00e3o Lu\u00eds.<\/p>\n","protected":false},"excerpt":{"rendered":"<p>A candidatura coletiva do Movimento Participa \u00e9 formada por quatro jovens de luta, todos oriundos do Instituto Federal do Maranh\u00e3o [&hellip;]<\/p>\n","protected":false},"author":0,"featured_media":0,"comment_status":"open","ping_status":"open","sticky":false,"template":"","format":"standard","meta":{"site-sidebar-layout":"default","site-content-layout":"","ast-site-content-layout":"default","site-content-style":"default","site-sidebar-style":"default","ast-global-header-display":"","ast-banner-title-visibility":"","ast-main-header-display":"","ast-hfb-above-header-display":"","ast-hfb-below-header-display":"","ast-hfb-mobile-header-display":"","site-post-title":"","ast-breadcrumbs-content":"","ast-featured-img":"","footer-sml-layout":"","ast-disable-related-posts":"","theme-transparent-header-meta":"","adv-header-id-meta":"","stick-header-meta":"","header-above-stick-meta":"","header-main-stick-meta":"","header-below-stick-meta":"","astra-migrate-meta-layouts":"default","ast-page-background-enabled":"default","ast-page-background-meta":{"desktop":{"background-color":"var(--ast-global-color-5)","background-image":"","background-repeat":"repeat","background-position":"center center","background-size":"auto","background-attachment":"scroll","background-type":"","background-media":"","overlay-type":"","overlay-color":"","overlay-opacity":"","overlay-gradient":""},"tablet":{"background-color":"","background-image":"","background-repeat":"repeat","background-position":"center center","background-size":"auto","background-attachment":"scroll","background-type":"","background-media":"","overlay-type":"","overlay-color":"","overlay-opacity":"","overlay-gradient":""},"mobile":{"background-color":"","background-image":"","background-repeat":"repeat","background-position":"center center","background-size":"auto","background-attachment":"scroll","background-type":"","background-media":"","overlay-type":"","overlay-color":"","overlay-opacity":"","overlay-gradient":""}},"ast-content-background-meta":{"desktop":{"background-color":"var(--ast-global-color-4)","background-image":"","background-repeat":"repeat","background-position":"center center","background-size":"auto","background-attachment":"scroll","background-type":"","background-media":"","overlay-type":"","overlay-color":"","overlay-opacity":"","overlay-gradient":""},"tablet":{"background-color":"var(--ast-global-color-4)","background-image":"","background-repeat":"repeat","background-position":"center center","background-size":"auto","background-attachment":"scroll","background-type":"","background-media":"","overlay-type":"","overlay-color":"","overlay-opacity":"","overlay-gradient":""},"mobile":{"background-color":"var(--ast-global-color-4)","background-image":"","background-repeat":"repeat","background-position":"center center","background-size":"auto","background-attachment":"scroll","background-type":"","background-media":"","overlay-type":"","overlay-color":"","overlay-opacity":"","overlay-gradient":""}},"footnotes":""},"categories":[1],"tags":[],"class_list":["post-79210","post","type-post","status-publish","format-standard","hentry","category-sem-categoria"],"yoast_head":"<!-- This site is optimized with the Yoast SEO plugin v26.6 - https:\/\/yoast.com\/wordpress\/plugins\/seo\/ -->\n<title>Movimento Participa: do IFMA para a C\u00e2mara de Vereadores de S\u00e3o Lu\u00eds - Daniel Matos<\/title>\n<meta name=\"robots\" content=\"index, follow, max-snippet:-1, max-image-preview:large, max-video-preview:-1\" \/>\n<link rel=\"canonical\" href=\"https:\/\/www.blogsoestado.com\/danielmatos\/movimento-participa-do-ifma-para-a-camara-de-vereadores-de-sao-luis\/\" \/>\n<meta property=\"og:locale\" content=\"pt_BR\" \/>\n<meta property=\"og:type\" content=\"article\" \/>\n<meta property=\"og:title\" content=\"Movimento Participa: do IFMA para a C\u00e2mara de Vereadores de S\u00e3o Lu\u00eds - Daniel Matos\" \/>\n<meta property=\"og:description\" content=\"A candidatura coletiva do Movimento Participa \u00e9 formada por quatro jovens de luta, todos oriundos do Instituto Federal do Maranh\u00e3o [&hellip;]\" \/>\n<meta property=\"og:url\" content=\"https:\/\/www.blogsoestado.com\/danielmatos\/movimento-participa-do-ifma-para-a-camara-de-vereadores-de-sao-luis\/\" \/>\n<meta property=\"og:site_name\" content=\"Daniel Matos\" \/>\n<meta property=\"article:published_time\" content=\"2020-11-03T18:49:02+00:00\" \/>\n<meta property=\"og:image\" content=\"https:\/\/www.blogsoestado.com\/danielmatos\/files\/2020\/11\/IMG-20201103-WA0102-1024x768.jpg\" \/>\n<meta name=\"twitter:card\" content=\"summary_large_image\" \/>\n<meta name=\"twitter:label1\" content=\"Est. tempo de leitura\" \/>\n\t<meta name=\"twitter:data1\" content=\"2 minutos\" \/>\n<script type=\"application\/ld+json\" class=\"yoast-schema-graph\">{\"@context\":\"https:\/\/schema.org\",\"@graph\":[{\"@type\":\"WebPage\",\"@id\":\"https:\/\/www.blogsoestado.com\/danielmatos\/movimento-participa-do-ifma-para-a-camara-de-vereadores-de-sao-luis\/\",\"url\":\"https:\/\/www.blogsoestado.com\/danielmatos\/movimento-participa-do-ifma-para-a-camara-de-vereadores-de-sao-luis\/\",\"name\":\"Movimento Participa: do IFMA para a C\u00e2mara de Vereadores de S\u00e3o Lu\u00eds - Daniel Matos\",\"isPartOf\":{\"@id\":\"https:\/\/www.blogsoestado.com\/danielmatos\/#website\"},\"primaryImageOfPage\":{\"@id\":\"https:\/\/www.blogsoestado.com\/danielmatos\/movimento-participa-do-ifma-para-a-camara-de-vereadores-de-sao-luis\/#primaryimage\"},\"image\":{\"@id\":\"https:\/\/www.blogsoestado.com\/danielmatos\/movimento-participa-do-ifma-para-a-camara-de-vereadores-de-sao-luis\/#primaryimage\"},\"thumbnailUrl\":\"https:\/\/www.blogsoestado.com\/danielmatos\/files\/2020\/11\/IMG-20201103-WA0102-1024x768.jpg\",\"datePublished\":\"2020-11-03T18:49:02+00:00\",\"author\":{\"@id\":\"\"},\"breadcrumb\":{\"@id\":\"https:\/\/www.blogsoestado.com\/danielmatos\/movimento-participa-do-ifma-para-a-camara-de-vereadores-de-sao-luis\/#breadcrumb\"},\"inLanguage\":\"pt-BR\",\"potentialAction\":[{\"@type\":\"ReadAction\",\"target\":[\"https:\/\/www.blogsoestado.com\/danielmatos\/movimento-participa-do-ifma-para-a-camara-de-vereadores-de-sao-luis\/\"]}]},{\"@type\":\"ImageObject\",\"inLanguage\":\"pt-BR\",\"@id\":\"https:\/\/www.blogsoestado.com\/danielmatos\/movimento-participa-do-ifma-para-a-camara-de-vereadores-de-sao-luis\/#primaryimage\",\"url\":\"https:\/\/www.blogsoestado.com\/danielmatos\/files\/2020\/11\/IMG-20201103-WA0102-1024x768.jpg\",\"contentUrl\":\"https:\/\/www.blogsoestado.com\/danielmatos\/files\/2020\/11\/IMG-20201103-WA0102-1024x768.jpg\"},{\"@type\":\"BreadcrumbList\",\"@id\":\"https:\/\/www.blogsoestado.com\/danielmatos\/movimento-participa-do-ifma-para-a-camara-de-vereadores-de-sao-luis\/#breadcrumb\",\"itemListElement\":[{\"@type\":\"ListItem\",\"position\":1,\"name\":\"In\u00edcio\",\"item\":\"https:\/\/www.blogsoestado.com\/danielmatos\/\"},{\"@type\":\"ListItem\",\"position\":2,\"name\":\"Movimento Participa: do IFMA para a C\u00e2mara de Vereadores de S\u00e3o Lu\u00eds\"}]},{\"@type\":\"WebSite\",\"@id\":\"https:\/\/www.blogsoestado.com\/danielmatos\/#website\",\"url\":\"https:\/\/www.blogsoestado.com\/danielmatos\/\",\"name\":\"Daniel Matos\",\"description\":\"\",\"potentialAction\":[{\"@type\":\"SearchAction\",\"target\":{\"@type\":\"EntryPoint\",\"urlTemplate\":\"https:\/\/www.blogsoestado.com\/danielmatos\/?s={search_term_string}\"},\"query-input\":{\"@type\":\"PropertyValueSpecification\",\"valueRequired\":true,\"valueName\":\"search_term_string\"}}],\"inLanguage\":\"pt-BR\"}]}<\/script>\n<!-- \/ Yoast SEO plugin. -->","yoast_head_json":{"title":"Movimento Participa: do IFMA para a C\u00e2mara de Vereadores de S\u00e3o Lu\u00eds - Daniel Matos","robots":{"index":"index","follow":"follow","max-snippet":"max-snippet:-1","max-image-preview":"max-image-preview:large","max-video-preview":"max-video-preview:-1"},"canonical":"https:\/\/www.blogsoestado.com\/danielmatos\/movimento-participa-do-ifma-para-a-camara-de-vereadores-de-sao-luis\/","og_locale":"pt_BR","og_type":"article","og_title":"Movimento Participa: do IFMA para a C\u00e2mara de Vereadores de S\u00e3o Lu\u00eds - Daniel Matos","og_description":"A candidatura coletiva do Movimento Participa \u00e9 formada por quatro jovens de luta, todos oriundos do Instituto Federal do Maranh\u00e3o [&hellip;]","og_url":"https:\/\/www.blogsoestado.com\/danielmatos\/movimento-participa-do-ifma-para-a-camara-de-vereadores-de-sao-luis\/","og_site_name":"Daniel Matos","article_published_time":"2020-11-03T18:49:02+00:00","og_image":[{"url":"https:\/\/www.blogsoestado.com\/danielmatos\/files\/2020\/11\/IMG-20201103-WA0102-1024x768.jpg","type":"","width":"","height":""}],"twitter_card":"summary_large_image","twitter_misc":{"Est. tempo de leitura":"2 minutos"},"schema":{"@context":"https:\/\/schema.org","@graph":[{"@type":"WebPage","@id":"https:\/\/www.blogsoestado.com\/danielmatos\/movimento-participa-do-ifma-para-a-camara-de-vereadores-de-sao-luis\/","url":"https:\/\/www.blogsoestado.com\/danielmatos\/movimento-participa-do-ifma-para-a-camara-de-vereadores-de-sao-luis\/","name":"Movimento Participa: do IFMA para a C\u00e2mara de Vereadores de S\u00e3o Lu\u00eds - Daniel Matos","isPartOf":{"@id":"https:\/\/www.blogsoestado.com\/danielmatos\/#website"},"primaryImageOfPage":{"@id":"https:\/\/www.blogsoestado.com\/danielmatos\/movimento-participa-do-ifma-para-a-camara-de-vereadores-de-sao-luis\/#primaryimage"},"image":{"@id":"https:\/\/www.blogsoestado.com\/danielmatos\/movimento-participa-do-ifma-para-a-camara-de-vereadores-de-sao-luis\/#primaryimage"},"thumbnailUrl":"https:\/\/www.blogsoestado.com\/danielmatos\/files\/2020\/11\/IMG-20201103-WA0102-1024x768.jpg","datePublished":"2020-11-03T18:49:02+00:00","author":{"@id":""},"breadcrumb":{"@id":"https:\/\/www.blogsoestado.com\/danielmatos\/movimento-participa-do-ifma-para-a-camara-de-vereadores-de-sao-luis\/#breadcrumb"},"inLanguage":"pt-BR","potentialAction":[{"@type":"ReadAction","target":["https:\/\/www.blogsoestado.com\/danielmatos\/movimento-participa-do-ifma-para-a-camara-de-vereadores-de-sao-luis\/"]}]},{"@type":"ImageObject","inLanguage":"pt-BR","@id":"https:\/\/www.blogsoestado.com\/danielmatos\/movimento-participa-do-ifma-para-a-camara-de-vereadores-de-sao-luis\/#primaryimage","url":"https:\/\/www.blogsoestado.com\/danielmatos\/files\/2020\/11\/IMG-20201103-WA0102-1024x768.jpg","contentUrl":"https:\/\/www.blogsoestado.com\/danielmatos\/files\/2020\/11\/IMG-20201103-WA0102-1024x768.jpg"},{"@type":"BreadcrumbList","@id":"https:\/\/www.blogsoestado.com\/danielmatos\/movimento-participa-do-ifma-para-a-camara-de-vereadores-de-sao-luis\/#breadcrumb","itemListElement":[{"@type":"ListItem","position":1,"name":"In\u00edcio","item":"https:\/\/www.blogsoestado.com\/danielmatos\/"},{"@type":"ListItem","position":2,"name":"Movimento Participa: do IFMA para a C\u00e2mara de Vereadores de S\u00e3o Lu\u00eds"}]},{"@type":"WebSite","@id":"https:\/\/www.blogsoestado.com\/danielmatos\/#website","url":"https:\/\/www.blogsoestado.com\/danielmatos\/","name":"Daniel Matos","description":"","potentialAction":[{"@type":"SearchAction","target":{"@type":"EntryPoint","urlTemplate":"https:\/\/www.blogsoestado.com\/danielmatos\/?s={search_term_string}"},"query-input":{"@type":"PropertyValueSpecification","valueRequired":true,"valueName":"search_term_string"}}],"inLanguage":"pt-BR"}]}},"jetpack_featured_media_url":"","_links":{"self":[{"href":"https:\/\/www.blogsoestado.com\/danielmatos\/wp-json\/wp\/v2\/posts\/79210","targetHints":{"allow":["GET"]}}],"collection":[{"href":"https:\/\/www.blogsoestado.com\/danielmatos\/wp-json\/wp\/v2\/posts"}],"about":[{"href":"https:\/\/www.blogsoestado.com\/danielmatos\/wp-json\/wp\/v2\/types\/post"}],"replies":[{"embeddable":true,"href":"https:\/\/www.blogsoestado.com\/danielmatos\/wp-json\/wp\/v2\/comments?post=79210"}],"version-history":[{"count":0,"href":"https:\/\/www.blogsoestado.com\/danielmatos\/wp-json\/wp\/v2\/posts\/79210\/revisions"}],"wp:attachment":[{"href":"https:\/\/www.blogsoestado.com\/danielmatos\/wp-json\/wp\/v2\/media?parent=79210"}],"wp:term":[{"taxonomy":"category","embeddable":true,"href":"https:\/\/www.blogsoestado.com\/danielmatos\/wp-json\/wp\/v2\/categories?post=79210"},{"taxonomy":"post_tag","embeddable":true,"href":"https:\/\/www.blogsoestado.com\/danielmatos\/wp-json\/wp\/v2\/tags?post=79210"}],"curies":[{"name":"wp","href":"https:\/\/api.w.org\/{rel}","templated":true}]}}