{"id":79222,"date":"2020-11-03T18:37:46","date_gmt":"2020-11-03T21:37:46","guid":{"rendered":"https:\/\/www.blogsoestado.com\/danielmatos\/?p=79222"},"modified":"2020-11-03T18:37:46","modified_gmt":"2020-11-03T21:37:46","slug":"com-yglesio-professores-da-rede-municipal-terao-acesso-a-cursos-de-pos-graduacao","status":"publish","type":"post","link":"https:\/\/www.blogsoestado.com\/danielmatos\/com-yglesio-professores-da-rede-municipal-terao-acesso-a-cursos-de-pos-graduacao\/","title":{"rendered":"Com Ygl\u00e9sio, professores da rede municipal ter\u00e3o acesso a cursos de p\u00f3s-gradua\u00e7\u00e3o"},"content":{"rendered":"\n<div class=\"wp-block-image\"><figure class=\"aligncenter size-large\"><img decoding=\"async\" src=\"https:\/\/www.blogsoestado.com\/danielmatos\/files\/2020\/11\/IMG-20201103-WA0165-1024x682.jpg\" alt=\"\" class=\"wp-image-79223\"\/><figcaption>Ygl\u00e9sio Moyses defende qualifica\u00e7\u00e3o m\u00e1xima para educadores municipais<\/figcaption><\/figure><\/div>\n\n\n\n<p>O candidato a prefeito de S\u00e3o Lu\u00eds Ygl\u00e9sio Moyses (PROS) segue apresentando propostas de governo para o pr\u00f3ximo ano. O tema de hoje foi a educa\u00e7\u00e3o e, dentre elas, chamou a aten\u00e7\u00e3o uma proposta para o magist\u00e9rio municipal, que diz que os professores ter\u00e3o acesso a cursos de p\u00f3s-gradua\u00e7\u00e3o.<\/p>\n\n\n\n<p>Em v\u00eddeo, ele disse que a forma\u00e7\u00e3o de qualidade dos professores \u00e9 uma demanda recorrente e que eles necessitam de valoriza\u00e7\u00e3o profissional, sendo uma de suas principais prioridades para 2021.<\/p>\n\n\n\n<p>\u201cNa rede municipal de ensino, eu ou\u00e7o que os nossos professores precisam de valoriza\u00e7\u00e3o profissional, que eles precisam de incentivo pra se atualizarem. Uma forma de resolver isso \u00e9 exatamente incentivar o acesso deles a cursos de especializa\u00e7\u00e3o, mestrado e doutorado\u201d, disse o candidato do PROS.<\/p>\n\n\n\n<p>Sobre a viabilidade da proposta, Ygl\u00e9sio disse que com os recursos do Novo FUNDEB, ser\u00e1 poss\u00edvel alocar recursos e proporcionar a destina\u00e7\u00e3o bolsas de estudos para os professores por meio dos editais. Al\u00e9m disso, o candidato ainda destacou que isso elevar\u00e1 a qualidade do ensino oferecido na rede municipal, dando uma educa\u00e7\u00e3o ainda melhor aos alunos.<\/p>\n\n\n\n<p>\u201cA educa\u00e7\u00e3o ajuda a mudar as coisas e n\u00f3s acreditamos que, melhorando a qualidade dos professores, vamos estabelecer uma estrutura s\u00f3lida de educa\u00e7\u00e3o na nossa cidade, al\u00e9m de fortalecer a forma\u00e7\u00e3o dos nossos alunos hoje e no futuro\u201d, completou.<\/p>\n","protected":false},"excerpt":{"rendered":"<p>O candidato a prefeito de S\u00e3o Lu\u00eds Ygl\u00e9sio Moyses (PROS) segue apresentando propostas de governo para o pr\u00f3ximo ano. O [&hellip;]<\/p>\n","protected":false},"author":0,"featured_media":0,"comment_status":"open","ping_status":"open","sticky":false,"template":"","format":"standard","meta":{"site-sidebar-layout":"default","site-content-layout":"","ast-site-content-layout":"default","site-content-style":"default","site-sidebar-style":"default","ast-global-header-display":"","ast-banner-title-visibility":"","ast-main-header-display":"","ast-hfb-above-header-display":"","ast-hfb-below-header-display":"","ast-hfb-mobile-header-display":"","site-post-title":"","ast-breadcrumbs-content":"","ast-featured-img":"","footer-sml-layout":"","ast-disable-related-posts":"","theme-transparent-header-meta":"","adv-header-id-meta":"","stick-header-meta":"","header-above-stick-meta":"","header-main-stick-meta":"","header-below-stick-meta":"","astra-migrate-meta-layouts":"default","ast-page-background-enabled":"default","ast-page-background-meta":{"desktop":{"background-color":"var(--ast-global-color-5)","background-image":"","background-repeat":"repeat","background-position":"center center","background-size":"auto","background-attachment":"scroll","background-type":"","background-media":"","overlay-type":"","overlay-color":"","overlay-opacity":"","overlay-gradient":""},"tablet":{"background-color":"","background-image":"","background-repeat":"repeat","background-position":"center center","background-size":"auto","background-attachment":"scroll","background-type":"","background-media":"","overlay-type":"","overlay-color":"","overlay-opacity":"","overlay-gradient":""},"mobile":{"background-color":"","background-image":"","background-repeat":"repeat","background-position":"center center","background-size":"auto","background-attachment":"scroll","background-type":"","background-media":"","overlay-type":"","overlay-color":"","overlay-opacity":"","overlay-gradient":""}},"ast-content-background-meta":{"desktop":{"background-color":"var(--ast-global-color-4)","background-image":"","background-repeat":"repeat","background-position":"center center","background-size":"auto","background-attachment":"scroll","background-type":"","background-media":"","overlay-type":"","overlay-color":"","overlay-opacity":"","overlay-gradient":""},"tablet":{"background-color":"var(--ast-global-color-4)","background-image":"","background-repeat":"repeat","background-position":"center center","background-size":"auto","background-attachment":"scroll","background-type":"","background-media":"","overlay-type":"","overlay-color":"","overlay-opacity":"","overlay-gradient":""},"mobile":{"background-color":"var(--ast-global-color-4)","background-image":"","background-repeat":"repeat","background-position":"center center","background-size":"auto","background-attachment":"scroll","background-type":"","background-media":"","overlay-type":"","overlay-color":"","overlay-opacity":"","overlay-gradient":""}},"footnotes":""},"categories":[1],"tags":[],"class_list":["post-79222","post","type-post","status-publish","format-standard","hentry","category-sem-categoria"],"yoast_head":"<!-- This site is optimized with the Yoast SEO plugin v26.6 - https:\/\/yoast.com\/wordpress\/plugins\/seo\/ -->\n<title>Com Ygl\u00e9sio, professores da rede municipal ter\u00e3o acesso a cursos de p\u00f3s-gradua\u00e7\u00e3o - Daniel Matos<\/title>\n<meta name=\"robots\" content=\"index, follow, max-snippet:-1, max-image-preview:large, max-video-preview:-1\" \/>\n<link rel=\"canonical\" href=\"https:\/\/www.blogsoestado.com\/danielmatos\/com-yglesio-professores-da-rede-municipal-terao-acesso-a-cursos-de-pos-graduacao\/\" \/>\n<meta property=\"og:locale\" content=\"pt_BR\" \/>\n<meta property=\"og:type\" content=\"article\" \/>\n<meta property=\"og:title\" content=\"Com Ygl\u00e9sio, professores da rede municipal ter\u00e3o acesso a cursos de p\u00f3s-gradua\u00e7\u00e3o - Daniel Matos\" \/>\n<meta property=\"og:description\" content=\"O candidato a prefeito de S\u00e3o Lu\u00eds Ygl\u00e9sio Moyses (PROS) segue apresentando propostas de governo para o pr\u00f3ximo ano. O [&hellip;]\" \/>\n<meta property=\"og:url\" content=\"https:\/\/www.blogsoestado.com\/danielmatos\/com-yglesio-professores-da-rede-municipal-terao-acesso-a-cursos-de-pos-graduacao\/\" \/>\n<meta property=\"og:site_name\" content=\"Daniel Matos\" \/>\n<meta property=\"article:published_time\" content=\"2020-11-03T21:37:46+00:00\" \/>\n<meta property=\"og:image\" content=\"https:\/\/www.blogsoestado.com\/danielmatos\/files\/2020\/11\/IMG-20201103-WA0165-1024x682.jpg\" \/>\n<meta name=\"twitter:card\" content=\"summary_large_image\" \/>\n<meta name=\"twitter:label1\" content=\"Est. tempo de leitura\" \/>\n\t<meta name=\"twitter:data1\" content=\"1 minuto\" \/>\n<script type=\"application\/ld+json\" class=\"yoast-schema-graph\">{\"@context\":\"https:\/\/schema.org\",\"@graph\":[{\"@type\":\"WebPage\",\"@id\":\"https:\/\/www.blogsoestado.com\/danielmatos\/com-yglesio-professores-da-rede-municipal-terao-acesso-a-cursos-de-pos-graduacao\/\",\"url\":\"https:\/\/www.blogsoestado.com\/danielmatos\/com-yglesio-professores-da-rede-municipal-terao-acesso-a-cursos-de-pos-graduacao\/\",\"name\":\"Com Ygl\u00e9sio, professores da rede municipal ter\u00e3o acesso a cursos de p\u00f3s-gradua\u00e7\u00e3o - Daniel Matos\",\"isPartOf\":{\"@id\":\"https:\/\/www.blogsoestado.com\/danielmatos\/#website\"},\"primaryImageOfPage\":{\"@id\":\"https:\/\/www.blogsoestado.com\/danielmatos\/com-yglesio-professores-da-rede-municipal-terao-acesso-a-cursos-de-pos-graduacao\/#primaryimage\"},\"image\":{\"@id\":\"https:\/\/www.blogsoestado.com\/danielmatos\/com-yglesio-professores-da-rede-municipal-terao-acesso-a-cursos-de-pos-graduacao\/#primaryimage\"},\"thumbnailUrl\":\"https:\/\/www.blogsoestado.com\/danielmatos\/files\/2020\/11\/IMG-20201103-WA0165-1024x682.jpg\",\"datePublished\":\"2020-11-03T21:37:46+00:00\",\"author\":{\"@id\":\"\"},\"breadcrumb\":{\"@id\":\"https:\/\/www.blogsoestado.com\/danielmatos\/com-yglesio-professores-da-rede-municipal-terao-acesso-a-cursos-de-pos-graduacao\/#breadcrumb\"},\"inLanguage\":\"pt-BR\",\"potentialAction\":[{\"@type\":\"ReadAction\",\"target\":[\"https:\/\/www.blogsoestado.com\/danielmatos\/com-yglesio-professores-da-rede-municipal-terao-acesso-a-cursos-de-pos-graduacao\/\"]}]},{\"@type\":\"ImageObject\",\"inLanguage\":\"pt-BR\",\"@id\":\"https:\/\/www.blogsoestado.com\/danielmatos\/com-yglesio-professores-da-rede-municipal-terao-acesso-a-cursos-de-pos-graduacao\/#primaryimage\",\"url\":\"https:\/\/www.blogsoestado.com\/danielmatos\/files\/2020\/11\/IMG-20201103-WA0165-1024x682.jpg\",\"contentUrl\":\"https:\/\/www.blogsoestado.com\/danielmatos\/files\/2020\/11\/IMG-20201103-WA0165-1024x682.jpg\"},{\"@type\":\"BreadcrumbList\",\"@id\":\"https:\/\/www.blogsoestado.com\/danielmatos\/com-yglesio-professores-da-rede-municipal-terao-acesso-a-cursos-de-pos-graduacao\/#breadcrumb\",\"itemListElement\":[{\"@type\":\"ListItem\",\"position\":1,\"name\":\"In\u00edcio\",\"item\":\"https:\/\/www.blogsoestado.com\/danielmatos\/\"},{\"@type\":\"ListItem\",\"position\":2,\"name\":\"Com Ygl\u00e9sio, professores da rede municipal ter\u00e3o acesso a cursos de p\u00f3s-gradua\u00e7\u00e3o\"}]},{\"@type\":\"WebSite\",\"@id\":\"https:\/\/www.blogsoestado.com\/danielmatos\/#website\",\"url\":\"https:\/\/www.blogsoestado.com\/danielmatos\/\",\"name\":\"Daniel Matos\",\"description\":\"\",\"potentialAction\":[{\"@type\":\"SearchAction\",\"target\":{\"@type\":\"EntryPoint\",\"urlTemplate\":\"https:\/\/www.blogsoestado.com\/danielmatos\/?s={search_term_string}\"},\"query-input\":{\"@type\":\"PropertyValueSpecification\",\"valueRequired\":true,\"valueName\":\"search_term_string\"}}],\"inLanguage\":\"pt-BR\"}]}<\/script>\n<!-- \/ Yoast SEO plugin. -->","yoast_head_json":{"title":"Com Ygl\u00e9sio, professores da rede municipal ter\u00e3o acesso a cursos de p\u00f3s-gradua\u00e7\u00e3o - Daniel Matos","robots":{"index":"index","follow":"follow","max-snippet":"max-snippet:-1","max-image-preview":"max-image-preview:large","max-video-preview":"max-video-preview:-1"},"canonical":"https:\/\/www.blogsoestado.com\/danielmatos\/com-yglesio-professores-da-rede-municipal-terao-acesso-a-cursos-de-pos-graduacao\/","og_locale":"pt_BR","og_type":"article","og_title":"Com Ygl\u00e9sio, professores da rede municipal ter\u00e3o acesso a cursos de p\u00f3s-gradua\u00e7\u00e3o - Daniel Matos","og_description":"O candidato a prefeito de S\u00e3o Lu\u00eds Ygl\u00e9sio Moyses (PROS) segue apresentando propostas de governo para o pr\u00f3ximo ano. O [&hellip;]","og_url":"https:\/\/www.blogsoestado.com\/danielmatos\/com-yglesio-professores-da-rede-municipal-terao-acesso-a-cursos-de-pos-graduacao\/","og_site_name":"Daniel Matos","article_published_time":"2020-11-03T21:37:46+00:00","og_image":[{"url":"https:\/\/www.blogsoestado.com\/danielmatos\/files\/2020\/11\/IMG-20201103-WA0165-1024x682.jpg","type":"","width":"","height":""}],"twitter_card":"summary_large_image","twitter_misc":{"Est. tempo de leitura":"1 minuto"},"schema":{"@context":"https:\/\/schema.org","@graph":[{"@type":"WebPage","@id":"https:\/\/www.blogsoestado.com\/danielmatos\/com-yglesio-professores-da-rede-municipal-terao-acesso-a-cursos-de-pos-graduacao\/","url":"https:\/\/www.blogsoestado.com\/danielmatos\/com-yglesio-professores-da-rede-municipal-terao-acesso-a-cursos-de-pos-graduacao\/","name":"Com Ygl\u00e9sio, professores da rede municipal ter\u00e3o acesso a cursos de p\u00f3s-gradua\u00e7\u00e3o - Daniel Matos","isPartOf":{"@id":"https:\/\/www.blogsoestado.com\/danielmatos\/#website"},"primaryImageOfPage":{"@id":"https:\/\/www.blogsoestado.com\/danielmatos\/com-yglesio-professores-da-rede-municipal-terao-acesso-a-cursos-de-pos-graduacao\/#primaryimage"},"image":{"@id":"https:\/\/www.blogsoestado.com\/danielmatos\/com-yglesio-professores-da-rede-municipal-terao-acesso-a-cursos-de-pos-graduacao\/#primaryimage"},"thumbnailUrl":"https:\/\/www.blogsoestado.com\/danielmatos\/files\/2020\/11\/IMG-20201103-WA0165-1024x682.jpg","datePublished":"2020-11-03T21:37:46+00:00","author":{"@id":""},"breadcrumb":{"@id":"https:\/\/www.blogsoestado.com\/danielmatos\/com-yglesio-professores-da-rede-municipal-terao-acesso-a-cursos-de-pos-graduacao\/#breadcrumb"},"inLanguage":"pt-BR","potentialAction":[{"@type":"ReadAction","target":["https:\/\/www.blogsoestado.com\/danielmatos\/com-yglesio-professores-da-rede-municipal-terao-acesso-a-cursos-de-pos-graduacao\/"]}]},{"@type":"ImageObject","inLanguage":"pt-BR","@id":"https:\/\/www.blogsoestado.com\/danielmatos\/com-yglesio-professores-da-rede-municipal-terao-acesso-a-cursos-de-pos-graduacao\/#primaryimage","url":"https:\/\/www.blogsoestado.com\/danielmatos\/files\/2020\/11\/IMG-20201103-WA0165-1024x682.jpg","contentUrl":"https:\/\/www.blogsoestado.com\/danielmatos\/files\/2020\/11\/IMG-20201103-WA0165-1024x682.jpg"},{"@type":"BreadcrumbList","@id":"https:\/\/www.blogsoestado.com\/danielmatos\/com-yglesio-professores-da-rede-municipal-terao-acesso-a-cursos-de-pos-graduacao\/#breadcrumb","itemListElement":[{"@type":"ListItem","position":1,"name":"In\u00edcio","item":"https:\/\/www.blogsoestado.com\/danielmatos\/"},{"@type":"ListItem","position":2,"name":"Com Ygl\u00e9sio, professores da rede municipal ter\u00e3o acesso a cursos de p\u00f3s-gradua\u00e7\u00e3o"}]},{"@type":"WebSite","@id":"https:\/\/www.blogsoestado.com\/danielmatos\/#website","url":"https:\/\/www.blogsoestado.com\/danielmatos\/","name":"Daniel Matos","description":"","potentialAction":[{"@type":"SearchAction","target":{"@type":"EntryPoint","urlTemplate":"https:\/\/www.blogsoestado.com\/danielmatos\/?s={search_term_string}"},"query-input":{"@type":"PropertyValueSpecification","valueRequired":true,"valueName":"search_term_string"}}],"inLanguage":"pt-BR"}]}},"jetpack_featured_media_url":"","_links":{"self":[{"href":"https:\/\/www.blogsoestado.com\/danielmatos\/wp-json\/wp\/v2\/posts\/79222","targetHints":{"allow":["GET"]}}],"collection":[{"href":"https:\/\/www.blogsoestado.com\/danielmatos\/wp-json\/wp\/v2\/posts"}],"about":[{"href":"https:\/\/www.blogsoestado.com\/danielmatos\/wp-json\/wp\/v2\/types\/post"}],"replies":[{"embeddable":true,"href":"https:\/\/www.blogsoestado.com\/danielmatos\/wp-json\/wp\/v2\/comments?post=79222"}],"version-history":[{"count":0,"href":"https:\/\/www.blogsoestado.com\/danielmatos\/wp-json\/wp\/v2\/posts\/79222\/revisions"}],"wp:attachment":[{"href":"https:\/\/www.blogsoestado.com\/danielmatos\/wp-json\/wp\/v2\/media?parent=79222"}],"wp:term":[{"taxonomy":"category","embeddable":true,"href":"https:\/\/www.blogsoestado.com\/danielmatos\/wp-json\/wp\/v2\/categories?post=79222"},{"taxonomy":"post_tag","embeddable":true,"href":"https:\/\/www.blogsoestado.com\/danielmatos\/wp-json\/wp\/v2\/tags?post=79222"}],"curies":[{"name":"wp","href":"https:\/\/api.w.org\/{rel}","templated":true}]}}