{"id":79236,"date":"2020-11-04T09:02:45","date_gmt":"2020-11-04T12:02:45","guid":{"rendered":"https:\/\/www.blogsoestado.com\/danielmatos\/?p=79236"},"modified":"2020-11-04T09:02:45","modified_gmt":"2020-11-04T12:02:45","slug":"governo-flavio-dino-impoe-censura-previa-a-advogado","status":"publish","type":"post","link":"https:\/\/www.blogsoestado.com\/danielmatos\/governo-flavio-dino-impoe-censura-previa-a-advogado\/","title":{"rendered":"Governo Fl\u00e1vio Dino imp\u00f5e censura pr\u00e9via a advogado que apoiou a comunidade Cajueiro"},"content":{"rendered":"\n<div class=\"wp-block-image\"><figure class=\"aligncenter size-large\"><img decoding=\"async\" src=\"https:\/\/www.blogsoestado.com\/danielmatos\/files\/2020\/11\/IMG-20201104-WA0028-1024x576.jpg\" alt=\"\" class=\"wp-image-79237\"\/><figcaption>Morador da comunidade Cajueiro tenta abrir di\u00e1logo com o secret\u00e1rio de Estado dos Direitos Humanos, Francisco Gon\u00e7alves<\/figcaption><\/figure><\/div>\n\n\n\n<p>Circula em redes sociais um v\u00eddeo em que o ex-presidente da Comiss\u00e3o de Direitos Humanos da OAB\/ MA e advogado da Comiss\u00e3o Pastoral da Terra, Rafael Silva, denuncia uma tentativa de censura pr\u00e9via e silenciamento de lutas populares imposta por meio de a\u00e7\u00e3o judicial movida pelo Governo do Estado do Maranh\u00e3o contra ele.<\/p>\n\n\n\n<div class=\"wp-block-image\"><figure class=\"aligncenter size-large\"><img decoding=\"async\" src=\"https:\/\/www.blogsoestado.com\/danielmatos\/files\/2020\/11\/IMG-20201104-WA0027-1024x768.jpg\" alt=\"\" class=\"wp-image-79238\"\/><figcaption>Em vez de acolher as demandas dos populares, o secret\u00e1rio acionou a Justi\u00e7a<\/figcaption><\/figure><\/div>\n\n\n\n<p>Segundo relato de Rafael Silva, no v\u00eddeo, o governo pede na a\u00e7\u00e3o que ele seja condenado a pagar R$ 50 mil, seja proibido de fazer cr\u00edticas p\u00fablicas \u00e0 gest\u00e3o de Fl\u00e1vio Dino (PCdoB) e exclua quatro postagens que fez no Facebook sobre o tratamento dado a seis moradores do Cajueiro numa ocupa\u00e7\u00e3o da Secretaria de Estado de Direitos Humanos e Participa\u00e7\u00e3o Popular, ocorrida de 23 a 26 de agosto de 2019. <\/p>\n\n\n\n<p><strong>Pr\u00e9dio militarizado<\/strong><\/p>\n\n\n\n<div class=\"wp-block-image\"><figure class=\"aligncenter size-large\"><img decoding=\"async\" src=\"https:\/\/www.blogsoestado.com\/danielmatos\/files\/2020\/11\/IMG-20201103-WA0177-1024x512.jpg\" alt=\"\" class=\"wp-image-79241\"\/><figcaption>Coronel S\u00edlvio Leite, comandante do Gabinete Militar do Governo do Estado, e o advogado Rafael Silva, na sede da SEDIHPOP, em 23 de agosto de 2019<\/figcaption><\/figure><\/div>\n\n\n\n<p>O pr\u00e9dio teria sido \u201cmilitarizado\u201d sob comando direto do Gabinete Militar do Governo do Estado, segundo o advogado. Ele denuncia nas postagens o tratamento \u201cautorit\u00e1rio\u201d dado aos manifestantes dentro da Secretaria de Estado de Direitos Humanos.<\/p>\n\n\n\n<div class=\"wp-block-image\"><figure class=\"aligncenter size-large\"><img decoding=\"async\" src=\"https:\/\/www.blogsoestado.com\/danielmatos\/files\/2020\/11\/IMG-20201104-WA0025.jpg\" alt=\"\" class=\"wp-image-79239\"\/><figcaption>Exausto, um dos representantes do Cajueiro teve que descansar deitado no ch\u00e3o ap\u00f3s o grupo ser repelido pelo governo<\/figcaption><\/figure><\/div>\n\n\n\n<p>Consta no processo, como anexos da peti\u00e7\u00e3o inicial da Procuradoria Geral do Estado (PGE MA), pe\u00e7as que informam o monitoramento das redes sociais de Rafael Silva pela Secretaria de Estado de Comunica\u00e7\u00e3o e Assuntos Pol\u00edticos. <\/p>\n\n\n\n<div class=\"wp-block-image\"><figure class=\"aligncenter size-large\"><img decoding=\"async\" src=\"https:\/\/www.blogsoestado.com\/danielmatos\/files\/2020\/11\/IMG-20201103-WA0176-1024x768.jpg\" alt=\"\" class=\"wp-image-79242\"\/><figcaption>Grupo de moradores do Cajueiro transformou corredor da secretaria em dormit\u00f3rio ap\u00f3s ter suas demandas ignoradas<\/figcaption><\/figure><\/div>\n\n\n\n<p>Um of\u00edcio emitido pelo secret\u00e1rio de Estado dos Direitos Humanos (Of\u00edcio n\u00b0 1293 \u2014 GAB\/SEDIHPOP S\u00e3o Lu\u00eds, 11 de outubro de 2019), tamb\u00e9m inclu\u00eddo pela PGE MA, demonstra que o processo foi aberto a pedido do secret\u00e1rio de Estado dos Direitos Humanos, Francisco Gon\u00e7alves.<\/p>\n\n\n\n<div class=\"wp-block-image\"><figure class=\"aligncenter size-large\"><img decoding=\"async\" src=\"https:\/\/www.blogsoestado.com\/danielmatos\/files\/2020\/11\/IMG-20201104-WA0026-1024x516.jpg\" alt=\"\" class=\"wp-image-79240\"\/><figcaption>Outro morador da comunidade deitado no ch\u00e3o da Secretaria de Estado dos Direitos Humanos ap\u00f3s a m\u00e1 recep\u00e7\u00e3o<\/figcaption><\/figure><\/div>\n\n\n\n<p>O processo, de n\u00b0 0843341-26.2019.8.10.0001, tramita na 7\u00aa Vara da Fazenda P\u00fablica de S\u00e3o Lu\u00eds e pode ser acessado pelo Processo Judicial Eletr\u00f4nico do Tribunal de Justi\u00e7a do Maranh\u00e3o. O pedido de liminar foi negado pelo Poder Judici\u00e1rio e segue agora na fase de contesta\u00e7\u00e3o, que o advogado ter\u00e1 que apresentar at\u00e9 esta quarta-feira (4). <\/p>\n\n\n\n<p>Assista ao v\u00eddeo:<\/p>\n\n\n\n<figure class=\"wp-block-embed-youtube wp-block-embed is-type-video is-provider-youtube wp-embed-aspect-16-9 wp-has-aspect-ratio\"><div class=\"wp-block-embed__wrapper\">\n<iframe title=\"Advogado denuncia ser v\u00edtima de censura do governo Fl\u00e1vio Dino\" width=\"500\" height=\"281\" src=\"https:\/\/www.youtube.com\/embed\/L8To7T1QuLY?feature=oembed\" frameborder=\"0\" allow=\"accelerometer; autoplay; clipboard-write; encrypted-media; gyroscope; picture-in-picture; web-share\" referrerpolicy=\"strict-origin-when-cross-origin\" allowfullscreen><\/iframe>\n<\/div><\/figure>\n\n\n\n<p>Abaixo, a p\u00e1gina inicial do processo, que pode ser consultado, na \u00edntegra, no site do <a href=\"http:\/\/tjma.jus.br\">Tribunal de Justi\u00e7a do Maranh\u00e3o<\/a>:<\/p>\n\n\n\n<div class=\"wp-block-image\"><figure class=\"aligncenter size-large\"><img decoding=\"async\" src=\"https:\/\/www.blogsoestado.com\/danielmatos\/files\/2020\/11\/Screenshot_20201104-0906032-674x1024.png\" alt=\"\" class=\"wp-image-79245\"\/><\/figure><\/div>\n\n\n\n<p><\/p>\n","protected":false},"excerpt":{"rendered":"<p>Circula em redes sociais um v\u00eddeo em que o ex-presidente da Comiss\u00e3o de Direitos Humanos da OAB\/ MA e advogado [&hellip;]<\/p>\n","protected":false},"author":0,"featured_media":0,"comment_status":"open","ping_status":"open","sticky":false,"template":"","format":"standard","meta":{"site-sidebar-layout":"default","site-content-layout":"","ast-site-content-layout":"default","site-content-style":"default","site-sidebar-style":"default","ast-global-header-display":"","ast-banner-title-visibility":"","ast-main-header-display":"","ast-hfb-above-header-display":"","ast-hfb-below-header-display":"","ast-hfb-mobile-header-display":"","site-post-title":"","ast-breadcrumbs-content":"","ast-featured-img":"","footer-sml-layout":"","ast-disable-related-posts":"","theme-transparent-header-meta":"","adv-header-id-meta":"","stick-header-meta":"","header-above-stick-meta":"","header-main-stick-meta":"","header-below-stick-meta":"","astra-migrate-meta-layouts":"default","ast-page-background-enabled":"default","ast-page-background-meta":{"desktop":{"background-color":"var(--ast-global-color-5)","background-image":"","background-repeat":"repeat","background-position":"center center","background-size":"auto","background-attachment":"scroll","background-type":"","background-media":"","overlay-type":"","overlay-color":"","overlay-opacity":"","overlay-gradient":""},"tablet":{"background-color":"","background-image":"","background-repeat":"repeat","background-position":"center center","background-size":"auto","background-attachment":"scroll","background-type":"","background-media":"","overlay-type":"","overlay-color":"","overlay-opacity":"","overlay-gradient":""},"mobile":{"background-color":"","background-image":"","background-repeat":"repeat","background-position":"center center","background-size":"auto","background-attachment":"scroll","background-type":"","background-media":"","overlay-type":"","overlay-color":"","overlay-opacity":"","overlay-gradient":""}},"ast-content-background-meta":{"desktop":{"background-color":"var(--ast-global-color-4)","background-image":"","background-repeat":"repeat","background-position":"center center","background-size":"auto","background-attachment":"scroll","background-type":"","background-media":"","overlay-type":"","overlay-color":"","overlay-opacity":"","overlay-gradient":""},"tablet":{"background-color":"var(--ast-global-color-4)","background-image":"","background-repeat":"repeat","background-position":"center center","background-size":"auto","background-attachment":"scroll","background-type":"","background-media":"","overlay-type":"","overlay-color":"","overlay-opacity":"","overlay-gradient":""},"mobile":{"background-color":"var(--ast-global-color-4)","background-image":"","background-repeat":"repeat","background-position":"center center","background-size":"auto","background-attachment":"scroll","background-type":"","background-media":"","overlay-type":"","overlay-color":"","overlay-opacity":"","overlay-gradient":""}},"footnotes":""},"categories":[1],"tags":[],"class_list":["post-79236","post","type-post","status-publish","format-standard","hentry","category-sem-categoria"],"yoast_head":"<!-- This site is optimized with the Yoast SEO plugin v26.6 - https:\/\/yoast.com\/wordpress\/plugins\/seo\/ -->\n<title>Governo Fl\u00e1vio Dino imp\u00f5e censura pr\u00e9via a advogado que apoiou a comunidade Cajueiro - Daniel Matos<\/title>\n<meta name=\"robots\" content=\"index, follow, max-snippet:-1, max-image-preview:large, max-video-preview:-1\" \/>\n<link rel=\"canonical\" href=\"https:\/\/www.blogsoestado.com\/danielmatos\/governo-flavio-dino-impoe-censura-previa-a-advogado\/\" \/>\n<meta property=\"og:locale\" content=\"pt_BR\" \/>\n<meta property=\"og:type\" content=\"article\" \/>\n<meta property=\"og:title\" content=\"Governo Fl\u00e1vio Dino imp\u00f5e censura pr\u00e9via a advogado que apoiou a comunidade Cajueiro - Daniel Matos\" \/>\n<meta property=\"og:description\" content=\"Circula em redes sociais um v\u00eddeo em que o ex-presidente da Comiss\u00e3o de Direitos Humanos da OAB\/ MA e advogado [&hellip;]\" \/>\n<meta property=\"og:url\" content=\"https:\/\/www.blogsoestado.com\/danielmatos\/governo-flavio-dino-impoe-censura-previa-a-advogado\/\" \/>\n<meta property=\"og:site_name\" content=\"Daniel Matos\" \/>\n<meta property=\"article:published_time\" content=\"2020-11-04T12:02:45+00:00\" \/>\n<meta property=\"og:image\" content=\"https:\/\/www.blogsoestado.com\/danielmatos\/files\/2020\/11\/IMG-20201104-WA0028-1024x576.jpg\" \/>\n<meta name=\"twitter:card\" content=\"summary_large_image\" \/>\n<meta name=\"twitter:label1\" content=\"Est. tempo de leitura\" \/>\n\t<meta name=\"twitter:data1\" content=\"2 minutos\" \/>\n<script type=\"application\/ld+json\" class=\"yoast-schema-graph\">{\"@context\":\"https:\/\/schema.org\",\"@graph\":[{\"@type\":\"WebPage\",\"@id\":\"https:\/\/www.blogsoestado.com\/danielmatos\/governo-flavio-dino-impoe-censura-previa-a-advogado\/\",\"url\":\"https:\/\/www.blogsoestado.com\/danielmatos\/governo-flavio-dino-impoe-censura-previa-a-advogado\/\",\"name\":\"Governo Fl\u00e1vio Dino imp\u00f5e censura pr\u00e9via a advogado que apoiou a comunidade Cajueiro - Daniel Matos\",\"isPartOf\":{\"@id\":\"https:\/\/www.blogsoestado.com\/danielmatos\/#website\"},\"primaryImageOfPage\":{\"@id\":\"https:\/\/www.blogsoestado.com\/danielmatos\/governo-flavio-dino-impoe-censura-previa-a-advogado\/#primaryimage\"},\"image\":{\"@id\":\"https:\/\/www.blogsoestado.com\/danielmatos\/governo-flavio-dino-impoe-censura-previa-a-advogado\/#primaryimage\"},\"thumbnailUrl\":\"https:\/\/www.blogsoestado.com\/danielmatos\/files\/2020\/11\/IMG-20201104-WA0028-1024x576.jpg\",\"datePublished\":\"2020-11-04T12:02:45+00:00\",\"author\":{\"@id\":\"\"},\"breadcrumb\":{\"@id\":\"https:\/\/www.blogsoestado.com\/danielmatos\/governo-flavio-dino-impoe-censura-previa-a-advogado\/#breadcrumb\"},\"inLanguage\":\"pt-BR\",\"potentialAction\":[{\"@type\":\"ReadAction\",\"target\":[\"https:\/\/www.blogsoestado.com\/danielmatos\/governo-flavio-dino-impoe-censura-previa-a-advogado\/\"]}]},{\"@type\":\"ImageObject\",\"inLanguage\":\"pt-BR\",\"@id\":\"https:\/\/www.blogsoestado.com\/danielmatos\/governo-flavio-dino-impoe-censura-previa-a-advogado\/#primaryimage\",\"url\":\"https:\/\/www.blogsoestado.com\/danielmatos\/files\/2020\/11\/IMG-20201104-WA0028-1024x576.jpg\",\"contentUrl\":\"https:\/\/www.blogsoestado.com\/danielmatos\/files\/2020\/11\/IMG-20201104-WA0028-1024x576.jpg\"},{\"@type\":\"BreadcrumbList\",\"@id\":\"https:\/\/www.blogsoestado.com\/danielmatos\/governo-flavio-dino-impoe-censura-previa-a-advogado\/#breadcrumb\",\"itemListElement\":[{\"@type\":\"ListItem\",\"position\":1,\"name\":\"In\u00edcio\",\"item\":\"https:\/\/www.blogsoestado.com\/danielmatos\/\"},{\"@type\":\"ListItem\",\"position\":2,\"name\":\"Governo Fl\u00e1vio Dino imp\u00f5e censura pr\u00e9via a advogado que apoiou a comunidade Cajueiro\"}]},{\"@type\":\"WebSite\",\"@id\":\"https:\/\/www.blogsoestado.com\/danielmatos\/#website\",\"url\":\"https:\/\/www.blogsoestado.com\/danielmatos\/\",\"name\":\"Daniel Matos\",\"description\":\"\",\"potentialAction\":[{\"@type\":\"SearchAction\",\"target\":{\"@type\":\"EntryPoint\",\"urlTemplate\":\"https:\/\/www.blogsoestado.com\/danielmatos\/?s={search_term_string}\"},\"query-input\":{\"@type\":\"PropertyValueSpecification\",\"valueRequired\":true,\"valueName\":\"search_term_string\"}}],\"inLanguage\":\"pt-BR\"}]}<\/script>\n<!-- \/ Yoast SEO plugin. -->","yoast_head_json":{"title":"Governo Fl\u00e1vio Dino imp\u00f5e censura pr\u00e9via a advogado que apoiou a comunidade Cajueiro - Daniel Matos","robots":{"index":"index","follow":"follow","max-snippet":"max-snippet:-1","max-image-preview":"max-image-preview:large","max-video-preview":"max-video-preview:-1"},"canonical":"https:\/\/www.blogsoestado.com\/danielmatos\/governo-flavio-dino-impoe-censura-previa-a-advogado\/","og_locale":"pt_BR","og_type":"article","og_title":"Governo Fl\u00e1vio Dino imp\u00f5e censura pr\u00e9via a advogado que apoiou a comunidade Cajueiro - Daniel Matos","og_description":"Circula em redes sociais um v\u00eddeo em que o ex-presidente da Comiss\u00e3o de Direitos Humanos da OAB\/ MA e advogado [&hellip;]","og_url":"https:\/\/www.blogsoestado.com\/danielmatos\/governo-flavio-dino-impoe-censura-previa-a-advogado\/","og_site_name":"Daniel Matos","article_published_time":"2020-11-04T12:02:45+00:00","og_image":[{"url":"https:\/\/www.blogsoestado.com\/danielmatos\/files\/2020\/11\/IMG-20201104-WA0028-1024x576.jpg","type":"","width":"","height":""}],"twitter_card":"summary_large_image","twitter_misc":{"Est. tempo de leitura":"2 minutos"},"schema":{"@context":"https:\/\/schema.org","@graph":[{"@type":"WebPage","@id":"https:\/\/www.blogsoestado.com\/danielmatos\/governo-flavio-dino-impoe-censura-previa-a-advogado\/","url":"https:\/\/www.blogsoestado.com\/danielmatos\/governo-flavio-dino-impoe-censura-previa-a-advogado\/","name":"Governo Fl\u00e1vio Dino imp\u00f5e censura pr\u00e9via a advogado que apoiou a comunidade Cajueiro - Daniel Matos","isPartOf":{"@id":"https:\/\/www.blogsoestado.com\/danielmatos\/#website"},"primaryImageOfPage":{"@id":"https:\/\/www.blogsoestado.com\/danielmatos\/governo-flavio-dino-impoe-censura-previa-a-advogado\/#primaryimage"},"image":{"@id":"https:\/\/www.blogsoestado.com\/danielmatos\/governo-flavio-dino-impoe-censura-previa-a-advogado\/#primaryimage"},"thumbnailUrl":"https:\/\/www.blogsoestado.com\/danielmatos\/files\/2020\/11\/IMG-20201104-WA0028-1024x576.jpg","datePublished":"2020-11-04T12:02:45+00:00","author":{"@id":""},"breadcrumb":{"@id":"https:\/\/www.blogsoestado.com\/danielmatos\/governo-flavio-dino-impoe-censura-previa-a-advogado\/#breadcrumb"},"inLanguage":"pt-BR","potentialAction":[{"@type":"ReadAction","target":["https:\/\/www.blogsoestado.com\/danielmatos\/governo-flavio-dino-impoe-censura-previa-a-advogado\/"]}]},{"@type":"ImageObject","inLanguage":"pt-BR","@id":"https:\/\/www.blogsoestado.com\/danielmatos\/governo-flavio-dino-impoe-censura-previa-a-advogado\/#primaryimage","url":"https:\/\/www.blogsoestado.com\/danielmatos\/files\/2020\/11\/IMG-20201104-WA0028-1024x576.jpg","contentUrl":"https:\/\/www.blogsoestado.com\/danielmatos\/files\/2020\/11\/IMG-20201104-WA0028-1024x576.jpg"},{"@type":"BreadcrumbList","@id":"https:\/\/www.blogsoestado.com\/danielmatos\/governo-flavio-dino-impoe-censura-previa-a-advogado\/#breadcrumb","itemListElement":[{"@type":"ListItem","position":1,"name":"In\u00edcio","item":"https:\/\/www.blogsoestado.com\/danielmatos\/"},{"@type":"ListItem","position":2,"name":"Governo Fl\u00e1vio Dino imp\u00f5e censura pr\u00e9via a advogado que apoiou a comunidade Cajueiro"}]},{"@type":"WebSite","@id":"https:\/\/www.blogsoestado.com\/danielmatos\/#website","url":"https:\/\/www.blogsoestado.com\/danielmatos\/","name":"Daniel Matos","description":"","potentialAction":[{"@type":"SearchAction","target":{"@type":"EntryPoint","urlTemplate":"https:\/\/www.blogsoestado.com\/danielmatos\/?s={search_term_string}"},"query-input":{"@type":"PropertyValueSpecification","valueRequired":true,"valueName":"search_term_string"}}],"inLanguage":"pt-BR"}]}},"jetpack_featured_media_url":"","_links":{"self":[{"href":"https:\/\/www.blogsoestado.com\/danielmatos\/wp-json\/wp\/v2\/posts\/79236","targetHints":{"allow":["GET"]}}],"collection":[{"href":"https:\/\/www.blogsoestado.com\/danielmatos\/wp-json\/wp\/v2\/posts"}],"about":[{"href":"https:\/\/www.blogsoestado.com\/danielmatos\/wp-json\/wp\/v2\/types\/post"}],"replies":[{"embeddable":true,"href":"https:\/\/www.blogsoestado.com\/danielmatos\/wp-json\/wp\/v2\/comments?post=79236"}],"version-history":[{"count":0,"href":"https:\/\/www.blogsoestado.com\/danielmatos\/wp-json\/wp\/v2\/posts\/79236\/revisions"}],"wp:attachment":[{"href":"https:\/\/www.blogsoestado.com\/danielmatos\/wp-json\/wp\/v2\/media?parent=79236"}],"wp:term":[{"taxonomy":"category","embeddable":true,"href":"https:\/\/www.blogsoestado.com\/danielmatos\/wp-json\/wp\/v2\/categories?post=79236"},{"taxonomy":"post_tag","embeddable":true,"href":"https:\/\/www.blogsoestado.com\/danielmatos\/wp-json\/wp\/v2\/tags?post=79236"}],"curies":[{"name":"wp","href":"https:\/\/api.w.org\/{rel}","templated":true}]}}