{"id":79266,"date":"2020-11-04T12:40:24","date_gmt":"2020-11-04T15:40:24","guid":{"rendered":"https:\/\/www.blogsoestado.com\/danielmatos\/?p=79266"},"modified":"2020-11-04T12:40:24","modified_gmt":"2020-11-04T15:40:24","slug":"juventude-comprometida-fara-encontro-em-sao-jose-de-ribamar","status":"publish","type":"post","link":"https:\/\/www.blogsoestado.com\/danielmatos\/juventude-comprometida-fara-encontro-em-sao-jose-de-ribamar\/","title":{"rendered":"Juventude comprometida far\u00e1 encontro em S\u00e3o Jos\u00e9 de Ribamar"},"content":{"rendered":"\n<div class=\"wp-block-image\"><figure class=\"aligncenter size-large\"><img decoding=\"async\" src=\"https:\/\/www.blogsoestado.com\/danielmatos\/files\/2020\/11\/IMG-20201104-WA0088-1024x682.jpg\" alt=\"\" class=\"wp-image-79267\"\/><figcaption>Beto das Vilas com sua candidata a vice-prefeita, a jovem engenheira civil e ambiental La\u00eds Alencar<\/figcaption><\/figure><\/div>\n\n\n\n<p><br>Em S\u00e3o Jos\u00e9 de Ribamar (MA), nesta quinta-feira, 05, \u00e0s 17h, no Felicit\u00e1 Eventos (rua da Alegria \u2013 S\u00e3o Benedito), vai acontecer o Encontro de Jovens Ribamarenses com o objetivo de refor\u00e7ar a import\u00e2ncia de participa\u00e7\u00e3o de jovens na constru\u00e7\u00e3o de pol\u00edticas p\u00fablicas no munic\u00edpio e apresentar as a\u00e7\u00f5es voltadas para a juventude que constam no plano de governo da coliga\u00e7\u00e3o \u201cA Vit\u00f3ria do Povo\u201d.<\/p>\n\n\n\n<p>O tema do encontro \u00e9 \u201cJuventude comprometida \u00e9 10\u201d. Ser\u00e1 um momento oportuno para troca de experi\u00eancias e viv\u00eancias entre os convidados. E, tamb\u00e9m de comprometimento, pois as presen\u00e7as do candidato a prefeito Beto das Vilas e da candidata a vice-prefeita La\u00eds Alencar est\u00e3o confirmadas, assim como a presen\u00e7a do coordenador estadual da Juventude Republicana, Cl\u00e9ber Verde Filho.<\/p>\n\n\n\n<div class=\"wp-block-image\"><figure class=\"aligncenter size-large\"><img decoding=\"async\" src=\"https:\/\/www.blogsoestado.com\/danielmatos\/files\/2020\/11\/IMG-20201104-WA0089-1024x682.jpg\" alt=\"\" class=\"wp-image-79268\"\/><figcaption>Beto das Vilas valoriza.a juventude na montagem da sua equipe de campanha<\/figcaption><\/figure><\/div>\n\n\n\n<p>Na ocasi\u00e3o, todos poder\u00e3o esclarecer d\u00favidas e trazer informa\u00e7\u00f5es relevantes que impactam diretamente na qualidade de vida dos jovens de S\u00e3o Jos\u00e9 de Ribamar (MA). A iniciativa \u00e9 aberta ao p\u00fablico. &#8220;Ser\u00e1 um espa\u00e7o democr\u00e1tico, aonde todo e qualquer jovem tem direito de participar, e construir junto um projeto de renova\u00e7\u00e3o na pol\u00edtica para o desenvolvimento social e econ\u00f4mico da nossa cidade\u201d, pontua o coordenador da Juventude Republicana, Eduardo Matias Neto.<\/p>\n\n\n\n<p><strong>Vice com sangue novo<\/strong><\/p>\n\n\n\n<p>A jovem engenheira civil e ambiental, candidata a vice-prefeita, La\u00eds Alencar, considera que o Encontro da Juventude Ribamarense \u00e9 uma oportunidade valiosa para que o jovem tenha voz de forma ativa da pol\u00edtica da cidade. \u201cEu sou uma jovem ribamarense que decidi lutar por melhores condi\u00e7\u00f5es de vida para todos; cresci aqui e hoje assumo esse grande desafio porque me sinto pronta; vou al\u00e9m da indigna\u00e7\u00e3o, quero a\u00e7\u00e3o! Tenho sonhos coletivos\u201d, considera.<\/p>\n\n\n\n<div class=\"wp-block-image\"><figure class=\"aligncenter size-large\"><img decoding=\"async\" src=\"https:\/\/www.blogsoestado.com\/danielmatos\/files\/2020\/11\/IMG-20201104-WA0090-1024x682.jpg\" alt=\"\" class=\"wp-image-79269\"\/><figcaption>A candidata a vice-prefeita, La\u00eds Alencar, aderiu \u00e0 luta por melhores condi\u00e7\u00f5es \u00e0 popula\u00e7\u00e3o ribamarense<\/figcaption><\/figure><\/div>\n\n\n\n<p>Na programa\u00e7\u00e3o, consta tamb\u00e9m que os jovens ribamarenses Carol Baima e M\u00e1rio Freitas ser\u00e3o convidados especiais. Todo o protocolo de prote\u00e7\u00e3o e cuidados com a sa\u00fade por conta da pandemia ser\u00e3o obedecidos. Espera-se a participa\u00e7\u00e3o de mais de trezentos jovens; em amplo espa\u00e7o adequado e preparado para a ocasi\u00e3o.<\/p>\n\n\n\n<p><strong>AGENDA:<\/strong><\/p>\n\n\n\n<p>ENCONTRO DE JOVENS RIBAMARENSES.<br>QUINTA-FEIRA, 05, \u00c0S 17H.<br>FELICIT\u00c1 EVENTOS (RUA DA ALEGRIA \u2013 S\u00c3O BENEDITO), S\u00c3O JOS\u00c9 DE RIBAMAR \u2013 MA.<br>ABERTO AO P\u00daBLICO.<br>MAIS INFORMA\u00c7\u00d5ES: 98 99184 6796.<\/p>\n","protected":false},"excerpt":{"rendered":"<p>Em S\u00e3o Jos\u00e9 de Ribamar (MA), nesta quinta-feira, 05, \u00e0s 17h, no Felicit\u00e1 Eventos (rua da Alegria \u2013 S\u00e3o Benedito), [&hellip;]<\/p>\n","protected":false},"author":0,"featured_media":0,"comment_status":"open","ping_status":"open","sticky":false,"template":"","format":"standard","meta":{"site-sidebar-layout":"default","site-content-layout":"","ast-site-content-layout":"default","site-content-style":"default","site-sidebar-style":"default","ast-global-header-display":"","ast-banner-title-visibility":"","ast-main-header-display":"","ast-hfb-above-header-display":"","ast-hfb-below-header-display":"","ast-hfb-mobile-header-display":"","site-post-title":"","ast-breadcrumbs-content":"","ast-featured-img":"","footer-sml-layout":"","ast-disable-related-posts":"","theme-transparent-header-meta":"","adv-header-id-meta":"","stick-header-meta":"","header-above-stick-meta":"","header-main-stick-meta":"","header-below-stick-meta":"","astra-migrate-meta-layouts":"default","ast-page-background-enabled":"default","ast-page-background-meta":{"desktop":{"background-color":"var(--ast-global-color-5)","background-image":"","background-repeat":"repeat","background-position":"center center","background-size":"auto","background-attachment":"scroll","background-type":"","background-media":"","overlay-type":"","overlay-color":"","overlay-opacity":"","overlay-gradient":""},"tablet":{"background-color":"","background-image":"","background-repeat":"repeat","background-position":"center center","background-size":"auto","background-attachment":"scroll","background-type":"","background-media":"","overlay-type":"","overlay-color":"","overlay-opacity":"","overlay-gradient":""},"mobile":{"background-color":"","background-image":"","background-repeat":"repeat","background-position":"center center","background-size":"auto","background-attachment":"scroll","background-type":"","background-media":"","overlay-type":"","overlay-color":"","overlay-opacity":"","overlay-gradient":""}},"ast-content-background-meta":{"desktop":{"background-color":"var(--ast-global-color-4)","background-image":"","background-repeat":"repeat","background-position":"center center","background-size":"auto","background-attachment":"scroll","background-type":"","background-media":"","overlay-type":"","overlay-color":"","overlay-opacity":"","overlay-gradient":""},"tablet":{"background-color":"var(--ast-global-color-4)","background-image":"","background-repeat":"repeat","background-position":"center center","background-size":"auto","background-attachment":"scroll","background-type":"","background-media":"","overlay-type":"","overlay-color":"","overlay-opacity":"","overlay-gradient":""},"mobile":{"background-color":"var(--ast-global-color-4)","background-image":"","background-repeat":"repeat","background-position":"center center","background-size":"auto","background-attachment":"scroll","background-type":"","background-media":"","overlay-type":"","overlay-color":"","overlay-opacity":"","overlay-gradient":""}},"footnotes":""},"categories":[1],"tags":[],"class_list":["post-79266","post","type-post","status-publish","format-standard","hentry","category-sem-categoria"],"yoast_head":"<!-- This site is optimized with the Yoast SEO plugin v26.6 - https:\/\/yoast.com\/wordpress\/plugins\/seo\/ -->\n<title>Juventude comprometida far\u00e1 encontro em S\u00e3o Jos\u00e9 de Ribamar - Daniel Matos<\/title>\n<meta name=\"robots\" content=\"index, follow, max-snippet:-1, max-image-preview:large, max-video-preview:-1\" \/>\n<link rel=\"canonical\" href=\"https:\/\/www.blogsoestado.com\/danielmatos\/juventude-comprometida-fara-encontro-em-sao-jose-de-ribamar\/\" \/>\n<meta property=\"og:locale\" content=\"pt_BR\" \/>\n<meta property=\"og:type\" content=\"article\" \/>\n<meta property=\"og:title\" content=\"Juventude comprometida far\u00e1 encontro em S\u00e3o Jos\u00e9 de Ribamar - Daniel Matos\" \/>\n<meta property=\"og:description\" content=\"Em S\u00e3o Jos\u00e9 de Ribamar (MA), nesta quinta-feira, 05, \u00e0s 17h, no Felicit\u00e1 Eventos (rua da Alegria \u2013 S\u00e3o Benedito), [&hellip;]\" \/>\n<meta property=\"og:url\" content=\"https:\/\/www.blogsoestado.com\/danielmatos\/juventude-comprometida-fara-encontro-em-sao-jose-de-ribamar\/\" \/>\n<meta property=\"og:site_name\" content=\"Daniel Matos\" \/>\n<meta property=\"article:published_time\" content=\"2020-11-04T15:40:24+00:00\" \/>\n<meta property=\"og:image\" content=\"https:\/\/www.blogsoestado.com\/danielmatos\/files\/2020\/11\/IMG-20201104-WA0088-1024x682.jpg\" \/>\n<meta name=\"twitter:card\" content=\"summary_large_image\" \/>\n<meta name=\"twitter:label1\" content=\"Est. tempo de leitura\" \/>\n\t<meta name=\"twitter:data1\" content=\"2 minutos\" \/>\n<script type=\"application\/ld+json\" class=\"yoast-schema-graph\">{\"@context\":\"https:\/\/schema.org\",\"@graph\":[{\"@type\":\"WebPage\",\"@id\":\"https:\/\/www.blogsoestado.com\/danielmatos\/juventude-comprometida-fara-encontro-em-sao-jose-de-ribamar\/\",\"url\":\"https:\/\/www.blogsoestado.com\/danielmatos\/juventude-comprometida-fara-encontro-em-sao-jose-de-ribamar\/\",\"name\":\"Juventude comprometida far\u00e1 encontro em S\u00e3o Jos\u00e9 de Ribamar - Daniel Matos\",\"isPartOf\":{\"@id\":\"https:\/\/www.blogsoestado.com\/danielmatos\/#website\"},\"primaryImageOfPage\":{\"@id\":\"https:\/\/www.blogsoestado.com\/danielmatos\/juventude-comprometida-fara-encontro-em-sao-jose-de-ribamar\/#primaryimage\"},\"image\":{\"@id\":\"https:\/\/www.blogsoestado.com\/danielmatos\/juventude-comprometida-fara-encontro-em-sao-jose-de-ribamar\/#primaryimage\"},\"thumbnailUrl\":\"https:\/\/www.blogsoestado.com\/danielmatos\/files\/2020\/11\/IMG-20201104-WA0088-1024x682.jpg\",\"datePublished\":\"2020-11-04T15:40:24+00:00\",\"author\":{\"@id\":\"\"},\"breadcrumb\":{\"@id\":\"https:\/\/www.blogsoestado.com\/danielmatos\/juventude-comprometida-fara-encontro-em-sao-jose-de-ribamar\/#breadcrumb\"},\"inLanguage\":\"pt-BR\",\"potentialAction\":[{\"@type\":\"ReadAction\",\"target\":[\"https:\/\/www.blogsoestado.com\/danielmatos\/juventude-comprometida-fara-encontro-em-sao-jose-de-ribamar\/\"]}]},{\"@type\":\"ImageObject\",\"inLanguage\":\"pt-BR\",\"@id\":\"https:\/\/www.blogsoestado.com\/danielmatos\/juventude-comprometida-fara-encontro-em-sao-jose-de-ribamar\/#primaryimage\",\"url\":\"https:\/\/www.blogsoestado.com\/danielmatos\/files\/2020\/11\/IMG-20201104-WA0088-1024x682.jpg\",\"contentUrl\":\"https:\/\/www.blogsoestado.com\/danielmatos\/files\/2020\/11\/IMG-20201104-WA0088-1024x682.jpg\"},{\"@type\":\"BreadcrumbList\",\"@id\":\"https:\/\/www.blogsoestado.com\/danielmatos\/juventude-comprometida-fara-encontro-em-sao-jose-de-ribamar\/#breadcrumb\",\"itemListElement\":[{\"@type\":\"ListItem\",\"position\":1,\"name\":\"In\u00edcio\",\"item\":\"https:\/\/www.blogsoestado.com\/danielmatos\/\"},{\"@type\":\"ListItem\",\"position\":2,\"name\":\"Juventude comprometida far\u00e1 encontro em S\u00e3o Jos\u00e9 de Ribamar\"}]},{\"@type\":\"WebSite\",\"@id\":\"https:\/\/www.blogsoestado.com\/danielmatos\/#website\",\"url\":\"https:\/\/www.blogsoestado.com\/danielmatos\/\",\"name\":\"Daniel Matos\",\"description\":\"\",\"potentialAction\":[{\"@type\":\"SearchAction\",\"target\":{\"@type\":\"EntryPoint\",\"urlTemplate\":\"https:\/\/www.blogsoestado.com\/danielmatos\/?s={search_term_string}\"},\"query-input\":{\"@type\":\"PropertyValueSpecification\",\"valueRequired\":true,\"valueName\":\"search_term_string\"}}],\"inLanguage\":\"pt-BR\"}]}<\/script>\n<!-- \/ Yoast SEO plugin. -->","yoast_head_json":{"title":"Juventude comprometida far\u00e1 encontro em S\u00e3o Jos\u00e9 de Ribamar - Daniel Matos","robots":{"index":"index","follow":"follow","max-snippet":"max-snippet:-1","max-image-preview":"max-image-preview:large","max-video-preview":"max-video-preview:-1"},"canonical":"https:\/\/www.blogsoestado.com\/danielmatos\/juventude-comprometida-fara-encontro-em-sao-jose-de-ribamar\/","og_locale":"pt_BR","og_type":"article","og_title":"Juventude comprometida far\u00e1 encontro em S\u00e3o Jos\u00e9 de Ribamar - Daniel Matos","og_description":"Em S\u00e3o Jos\u00e9 de Ribamar (MA), nesta quinta-feira, 05, \u00e0s 17h, no Felicit\u00e1 Eventos (rua da Alegria \u2013 S\u00e3o Benedito), [&hellip;]","og_url":"https:\/\/www.blogsoestado.com\/danielmatos\/juventude-comprometida-fara-encontro-em-sao-jose-de-ribamar\/","og_site_name":"Daniel Matos","article_published_time":"2020-11-04T15:40:24+00:00","og_image":[{"url":"https:\/\/www.blogsoestado.com\/danielmatos\/files\/2020\/11\/IMG-20201104-WA0088-1024x682.jpg","type":"","width":"","height":""}],"twitter_card":"summary_large_image","twitter_misc":{"Est. tempo de leitura":"2 minutos"},"schema":{"@context":"https:\/\/schema.org","@graph":[{"@type":"WebPage","@id":"https:\/\/www.blogsoestado.com\/danielmatos\/juventude-comprometida-fara-encontro-em-sao-jose-de-ribamar\/","url":"https:\/\/www.blogsoestado.com\/danielmatos\/juventude-comprometida-fara-encontro-em-sao-jose-de-ribamar\/","name":"Juventude comprometida far\u00e1 encontro em S\u00e3o Jos\u00e9 de Ribamar - Daniel Matos","isPartOf":{"@id":"https:\/\/www.blogsoestado.com\/danielmatos\/#website"},"primaryImageOfPage":{"@id":"https:\/\/www.blogsoestado.com\/danielmatos\/juventude-comprometida-fara-encontro-em-sao-jose-de-ribamar\/#primaryimage"},"image":{"@id":"https:\/\/www.blogsoestado.com\/danielmatos\/juventude-comprometida-fara-encontro-em-sao-jose-de-ribamar\/#primaryimage"},"thumbnailUrl":"https:\/\/www.blogsoestado.com\/danielmatos\/files\/2020\/11\/IMG-20201104-WA0088-1024x682.jpg","datePublished":"2020-11-04T15:40:24+00:00","author":{"@id":""},"breadcrumb":{"@id":"https:\/\/www.blogsoestado.com\/danielmatos\/juventude-comprometida-fara-encontro-em-sao-jose-de-ribamar\/#breadcrumb"},"inLanguage":"pt-BR","potentialAction":[{"@type":"ReadAction","target":["https:\/\/www.blogsoestado.com\/danielmatos\/juventude-comprometida-fara-encontro-em-sao-jose-de-ribamar\/"]}]},{"@type":"ImageObject","inLanguage":"pt-BR","@id":"https:\/\/www.blogsoestado.com\/danielmatos\/juventude-comprometida-fara-encontro-em-sao-jose-de-ribamar\/#primaryimage","url":"https:\/\/www.blogsoestado.com\/danielmatos\/files\/2020\/11\/IMG-20201104-WA0088-1024x682.jpg","contentUrl":"https:\/\/www.blogsoestado.com\/danielmatos\/files\/2020\/11\/IMG-20201104-WA0088-1024x682.jpg"},{"@type":"BreadcrumbList","@id":"https:\/\/www.blogsoestado.com\/danielmatos\/juventude-comprometida-fara-encontro-em-sao-jose-de-ribamar\/#breadcrumb","itemListElement":[{"@type":"ListItem","position":1,"name":"In\u00edcio","item":"https:\/\/www.blogsoestado.com\/danielmatos\/"},{"@type":"ListItem","position":2,"name":"Juventude comprometida far\u00e1 encontro em S\u00e3o Jos\u00e9 de Ribamar"}]},{"@type":"WebSite","@id":"https:\/\/www.blogsoestado.com\/danielmatos\/#website","url":"https:\/\/www.blogsoestado.com\/danielmatos\/","name":"Daniel Matos","description":"","potentialAction":[{"@type":"SearchAction","target":{"@type":"EntryPoint","urlTemplate":"https:\/\/www.blogsoestado.com\/danielmatos\/?s={search_term_string}"},"query-input":{"@type":"PropertyValueSpecification","valueRequired":true,"valueName":"search_term_string"}}],"inLanguage":"pt-BR"}]}},"jetpack_featured_media_url":"","_links":{"self":[{"href":"https:\/\/www.blogsoestado.com\/danielmatos\/wp-json\/wp\/v2\/posts\/79266","targetHints":{"allow":["GET"]}}],"collection":[{"href":"https:\/\/www.blogsoestado.com\/danielmatos\/wp-json\/wp\/v2\/posts"}],"about":[{"href":"https:\/\/www.blogsoestado.com\/danielmatos\/wp-json\/wp\/v2\/types\/post"}],"replies":[{"embeddable":true,"href":"https:\/\/www.blogsoestado.com\/danielmatos\/wp-json\/wp\/v2\/comments?post=79266"}],"version-history":[{"count":0,"href":"https:\/\/www.blogsoestado.com\/danielmatos\/wp-json\/wp\/v2\/posts\/79266\/revisions"}],"wp:attachment":[{"href":"https:\/\/www.blogsoestado.com\/danielmatos\/wp-json\/wp\/v2\/media?parent=79266"}],"wp:term":[{"taxonomy":"category","embeddable":true,"href":"https:\/\/www.blogsoestado.com\/danielmatos\/wp-json\/wp\/v2\/categories?post=79266"},{"taxonomy":"post_tag","embeddable":true,"href":"https:\/\/www.blogsoestado.com\/danielmatos\/wp-json\/wp\/v2\/tags?post=79266"}],"curies":[{"name":"wp","href":"https:\/\/api.w.org\/{rel}","templated":true}]}}