{"id":79277,"date":"2020-11-04T18:22:38","date_gmt":"2020-11-04T21:22:38","guid":{"rendered":"https:\/\/www.blogsoestado.com\/danielmatos\/?p=79277"},"modified":"2020-11-04T18:22:38","modified_gmt":"2020-11-04T21:22:38","slug":"bandidos-que-tomaram-carro-de-medica-no-renascenca-sao-presos-perto-de-itapecuru-mirim","status":"publish","type":"post","link":"https:\/\/www.blogsoestado.com\/danielmatos\/bandidos-que-tomaram-carro-de-medica-no-renascenca-sao-presos-perto-de-itapecuru-mirim\/","title":{"rendered":"Bandidos que tomaram carro de m\u00e9dica no Renascen\u00e7a s\u00e3o presos perto de Itapecuru-Mirim"},"content":{"rendered":"\n<div class=\"wp-block-image\"><figure class=\"aligncenter size-large\"><img decoding=\"async\" src=\"https:\/\/www.blogsoestado.com\/danielmatos\/files\/2020\/11\/IMG-20201104-WA0160.jpg\" alt=\"\" class=\"wp-image-79275\"\/><figcaption>Assalto foi praticado na noite do feriado de Finados, com extrema viol\u00eancia contra a v\u00edtima<\/figcaption><\/figure><\/div>\n\n\n\n<p>Os dois foram presos na tarde de ter\u00e7a-feira, (3\/11) em um bar na BR -135, nas proximidades do povoado Entroncamento, munic\u00edpio de Itapecuru-Mirim, no interior do Maranh\u00e3o.<\/p>\n\n\n\n<p>Os bandidos estavam no ve\u00edculo Cross Fox de placas NHS-8556 que havia sido tomado de assalto na noite de segunda-feira, (2\/11) no estacionamento de uma das farm\u00e1cia da rede Drogasil, no Renascen\u00e7a.<\/p>\n\n\n\n<div class=\"wp-block-image\"><figure class=\"aligncenter size-large\"><img decoding=\"async\" src=\"https:\/\/www.blogsoestado.com\/danielmatos\/files\/2020\/11\/IMG-20201103-WA0220-461x1024.jpg\" alt=\"\" class=\"wp-image-79278\"\/><figcaption>Ve\u00edculo Spacefox roubado da m\u00e9dica foi recuperado<\/figcaption><\/figure><\/div>\n\n\n\n<p>Os policiais do 27\u00b0 Batalh\u00e3o da Pol\u00edcia Militar em Santa Rita, (MA) receberam a informa\u00e7\u00e3o de que os bandidos estavam se deslocando no carro roubado pela BR-135.<\/p>\n\n\n\n<p>De imediato os policiais sa\u00edram em buscas quando deparam com o ve\u00edculo parado nas proximidades de um bar. Os dois homens ao perceberem a aproxima\u00e7\u00e3o dos policiais tentaram fugir.<\/p>\n\n\n\n<p>No entanto foram perseguidos e presos. Com eles foram apreendidas duas pistolas PT-380. No dia em que tomaram o carro de assalto no Renascen\u00e7a.<\/p>\n\n\n\n<div class=\"wp-block-image\"><figure class=\"aligncenter size-large\"><img decoding=\"async\" src=\"https:\/\/www.blogsoestado.com\/danielmatos\/files\/2020\/11\/IMG-20201104-WA0161-1024x461.jpg\" alt=\"\" class=\"wp-image-79279\"\/><figcaption>Em.poder do assaltantes a pol\u00edcia apreendeu duas pistolas<\/figcaption><\/figure><\/div>\n\n\n\n<p>Os bandidos estavam em um veiculo Ford Fiesta que tamb\u00e9m era roubado. Durante o roubo eles agrediram a m\u00e9dica pedi\u00e1trica que dirigia o carro com coronhadas na cabe\u00e7a provocando les\u00f5es.<\/p>\n\n\n\n<p>Os dois acusados foram autuados em flagrante na Delegacia da cidade de Santa Rita. Devem ser transferidos nas pr\u00f3ximas horas para o Complexo de Pedrinhas, em S\u00e3o Lu\u00eds.<\/p>\n\n\n\n<p>O v\u00eddeo abaixo mostra o assalto:<\/p>\n\n\n\n<figure class=\"wp-block-embed-youtube wp-block-embed is-type-video is-provider-youtube wp-embed-aspect-16-9 wp-has-aspect-ratio\"><div class=\"wp-block-embed__wrapper\">\n<iframe title=\"Carro roubado de m\u00e9dica no Renascen\u00e7a\" width=\"500\" height=\"281\" src=\"https:\/\/www.youtube.com\/embed\/BnAx9tXU-lU?feature=oembed\" frameborder=\"0\" allow=\"accelerometer; autoplay; clipboard-write; encrypted-media; gyroscope; picture-in-picture; web-share\" referrerpolicy=\"strict-origin-when-cross-origin\" allowfullscreen><\/iframe>\n<\/div><\/figure>\n\n\n\n<p><\/p>\n","protected":false},"excerpt":{"rendered":"<p>Os dois foram presos na tarde de ter\u00e7a-feira, (3\/11) em um bar na BR -135, nas proximidades do povoado Entroncamento, [&hellip;]<\/p>\n","protected":false},"author":0,"featured_media":0,"comment_status":"open","ping_status":"open","sticky":false,"template":"","format":"standard","meta":{"site-sidebar-layout":"default","site-content-layout":"","ast-site-content-layout":"default","site-content-style":"default","site-sidebar-style":"default","ast-global-header-display":"","ast-banner-title-visibility":"","ast-main-header-display":"","ast-hfb-above-header-display":"","ast-hfb-below-header-display":"","ast-hfb-mobile-header-display":"","site-post-title":"","ast-breadcrumbs-content":"","ast-featured-img":"","footer-sml-layout":"","ast-disable-related-posts":"","theme-transparent-header-meta":"","adv-header-id-meta":"","stick-header-meta":"","header-above-stick-meta":"","header-main-stick-meta":"","header-below-stick-meta":"","astra-migrate-meta-layouts":"default","ast-page-background-enabled":"default","ast-page-background-meta":{"desktop":{"background-color":"var(--ast-global-color-5)","background-image":"","background-repeat":"repeat","background-position":"center center","background-size":"auto","background-attachment":"scroll","background-type":"","background-media":"","overlay-type":"","overlay-color":"","overlay-opacity":"","overlay-gradient":""},"tablet":{"background-color":"","background-image":"","background-repeat":"repeat","background-position":"center center","background-size":"auto","background-attachment":"scroll","background-type":"","background-media":"","overlay-type":"","overlay-color":"","overlay-opacity":"","overlay-gradient":""},"mobile":{"background-color":"","background-image":"","background-repeat":"repeat","background-position":"center center","background-size":"auto","background-attachment":"scroll","background-type":"","background-media":"","overlay-type":"","overlay-color":"","overlay-opacity":"","overlay-gradient":""}},"ast-content-background-meta":{"desktop":{"background-color":"var(--ast-global-color-4)","background-image":"","background-repeat":"repeat","background-position":"center center","background-size":"auto","background-attachment":"scroll","background-type":"","background-media":"","overlay-type":"","overlay-color":"","overlay-opacity":"","overlay-gradient":""},"tablet":{"background-color":"var(--ast-global-color-4)","background-image":"","background-repeat":"repeat","background-position":"center center","background-size":"auto","background-attachment":"scroll","background-type":"","background-media":"","overlay-type":"","overlay-color":"","overlay-opacity":"","overlay-gradient":""},"mobile":{"background-color":"var(--ast-global-color-4)","background-image":"","background-repeat":"repeat","background-position":"center center","background-size":"auto","background-attachment":"scroll","background-type":"","background-media":"","overlay-type":"","overlay-color":"","overlay-opacity":"","overlay-gradient":""}},"footnotes":""},"categories":[1],"tags":[],"class_list":["post-79277","post","type-post","status-publish","format-standard","hentry","category-sem-categoria"],"yoast_head":"<!-- This site is optimized with the Yoast SEO plugin v26.6 - https:\/\/yoast.com\/wordpress\/plugins\/seo\/ -->\n<title>Bandidos que tomaram carro de m\u00e9dica no Renascen\u00e7a s\u00e3o presos perto de Itapecuru-Mirim - Daniel Matos<\/title>\n<meta name=\"robots\" content=\"index, follow, max-snippet:-1, max-image-preview:large, max-video-preview:-1\" \/>\n<link rel=\"canonical\" href=\"https:\/\/www.blogsoestado.com\/danielmatos\/bandidos-que-tomaram-carro-de-medica-no-renascenca-sao-presos-perto-de-itapecuru-mirim\/\" \/>\n<meta property=\"og:locale\" content=\"pt_BR\" \/>\n<meta property=\"og:type\" content=\"article\" \/>\n<meta property=\"og:title\" content=\"Bandidos que tomaram carro de m\u00e9dica no Renascen\u00e7a s\u00e3o presos perto de Itapecuru-Mirim - Daniel Matos\" \/>\n<meta property=\"og:description\" content=\"Os dois foram presos na tarde de ter\u00e7a-feira, (3\/11) em um bar na BR -135, nas proximidades do povoado Entroncamento, [&hellip;]\" \/>\n<meta property=\"og:url\" content=\"https:\/\/www.blogsoestado.com\/danielmatos\/bandidos-que-tomaram-carro-de-medica-no-renascenca-sao-presos-perto-de-itapecuru-mirim\/\" \/>\n<meta property=\"og:site_name\" content=\"Daniel Matos\" \/>\n<meta property=\"article:published_time\" content=\"2020-11-04T21:22:38+00:00\" \/>\n<meta property=\"og:image\" content=\"https:\/\/www.blogsoestado.com\/danielmatos\/files\/2020\/11\/IMG-20201104-WA0160.jpg\" \/>\n<meta name=\"twitter:card\" content=\"summary_large_image\" \/>\n<meta name=\"twitter:label1\" content=\"Est. tempo de leitura\" \/>\n\t<meta name=\"twitter:data1\" content=\"1 minuto\" \/>\n<script type=\"application\/ld+json\" class=\"yoast-schema-graph\">{\"@context\":\"https:\/\/schema.org\",\"@graph\":[{\"@type\":\"WebPage\",\"@id\":\"https:\/\/www.blogsoestado.com\/danielmatos\/bandidos-que-tomaram-carro-de-medica-no-renascenca-sao-presos-perto-de-itapecuru-mirim\/\",\"url\":\"https:\/\/www.blogsoestado.com\/danielmatos\/bandidos-que-tomaram-carro-de-medica-no-renascenca-sao-presos-perto-de-itapecuru-mirim\/\",\"name\":\"Bandidos que tomaram carro de m\u00e9dica no Renascen\u00e7a s\u00e3o presos perto de Itapecuru-Mirim - Daniel Matos\",\"isPartOf\":{\"@id\":\"https:\/\/www.blogsoestado.com\/danielmatos\/#website\"},\"primaryImageOfPage\":{\"@id\":\"https:\/\/www.blogsoestado.com\/danielmatos\/bandidos-que-tomaram-carro-de-medica-no-renascenca-sao-presos-perto-de-itapecuru-mirim\/#primaryimage\"},\"image\":{\"@id\":\"https:\/\/www.blogsoestado.com\/danielmatos\/bandidos-que-tomaram-carro-de-medica-no-renascenca-sao-presos-perto-de-itapecuru-mirim\/#primaryimage\"},\"thumbnailUrl\":\"https:\/\/www.blogsoestado.com\/danielmatos\/files\/2020\/11\/IMG-20201104-WA0160.jpg\",\"datePublished\":\"2020-11-04T21:22:38+00:00\",\"author\":{\"@id\":\"\"},\"breadcrumb\":{\"@id\":\"https:\/\/www.blogsoestado.com\/danielmatos\/bandidos-que-tomaram-carro-de-medica-no-renascenca-sao-presos-perto-de-itapecuru-mirim\/#breadcrumb\"},\"inLanguage\":\"pt-BR\",\"potentialAction\":[{\"@type\":\"ReadAction\",\"target\":[\"https:\/\/www.blogsoestado.com\/danielmatos\/bandidos-que-tomaram-carro-de-medica-no-renascenca-sao-presos-perto-de-itapecuru-mirim\/\"]}]},{\"@type\":\"ImageObject\",\"inLanguage\":\"pt-BR\",\"@id\":\"https:\/\/www.blogsoestado.com\/danielmatos\/bandidos-que-tomaram-carro-de-medica-no-renascenca-sao-presos-perto-de-itapecuru-mirim\/#primaryimage\",\"url\":\"https:\/\/www.blogsoestado.com\/danielmatos\/files\/2020\/11\/IMG-20201104-WA0160.jpg\",\"contentUrl\":\"https:\/\/www.blogsoestado.com\/danielmatos\/files\/2020\/11\/IMG-20201104-WA0160.jpg\"},{\"@type\":\"BreadcrumbList\",\"@id\":\"https:\/\/www.blogsoestado.com\/danielmatos\/bandidos-que-tomaram-carro-de-medica-no-renascenca-sao-presos-perto-de-itapecuru-mirim\/#breadcrumb\",\"itemListElement\":[{\"@type\":\"ListItem\",\"position\":1,\"name\":\"In\u00edcio\",\"item\":\"https:\/\/www.blogsoestado.com\/danielmatos\/\"},{\"@type\":\"ListItem\",\"position\":2,\"name\":\"Bandidos que tomaram carro de m\u00e9dica no Renascen\u00e7a s\u00e3o presos perto de Itapecuru-Mirim\"}]},{\"@type\":\"WebSite\",\"@id\":\"https:\/\/www.blogsoestado.com\/danielmatos\/#website\",\"url\":\"https:\/\/www.blogsoestado.com\/danielmatos\/\",\"name\":\"Daniel Matos\",\"description\":\"\",\"potentialAction\":[{\"@type\":\"SearchAction\",\"target\":{\"@type\":\"EntryPoint\",\"urlTemplate\":\"https:\/\/www.blogsoestado.com\/danielmatos\/?s={search_term_string}\"},\"query-input\":{\"@type\":\"PropertyValueSpecification\",\"valueRequired\":true,\"valueName\":\"search_term_string\"}}],\"inLanguage\":\"pt-BR\"}]}<\/script>\n<!-- \/ Yoast SEO plugin. -->","yoast_head_json":{"title":"Bandidos que tomaram carro de m\u00e9dica no Renascen\u00e7a s\u00e3o presos perto de Itapecuru-Mirim - Daniel Matos","robots":{"index":"index","follow":"follow","max-snippet":"max-snippet:-1","max-image-preview":"max-image-preview:large","max-video-preview":"max-video-preview:-1"},"canonical":"https:\/\/www.blogsoestado.com\/danielmatos\/bandidos-que-tomaram-carro-de-medica-no-renascenca-sao-presos-perto-de-itapecuru-mirim\/","og_locale":"pt_BR","og_type":"article","og_title":"Bandidos que tomaram carro de m\u00e9dica no Renascen\u00e7a s\u00e3o presos perto de Itapecuru-Mirim - Daniel Matos","og_description":"Os dois foram presos na tarde de ter\u00e7a-feira, (3\/11) em um bar na BR -135, nas proximidades do povoado Entroncamento, [&hellip;]","og_url":"https:\/\/www.blogsoestado.com\/danielmatos\/bandidos-que-tomaram-carro-de-medica-no-renascenca-sao-presos-perto-de-itapecuru-mirim\/","og_site_name":"Daniel Matos","article_published_time":"2020-11-04T21:22:38+00:00","og_image":[{"url":"https:\/\/www.blogsoestado.com\/danielmatos\/files\/2020\/11\/IMG-20201104-WA0160.jpg","type":"","width":"","height":""}],"twitter_card":"summary_large_image","twitter_misc":{"Est. tempo de leitura":"1 minuto"},"schema":{"@context":"https:\/\/schema.org","@graph":[{"@type":"WebPage","@id":"https:\/\/www.blogsoestado.com\/danielmatos\/bandidos-que-tomaram-carro-de-medica-no-renascenca-sao-presos-perto-de-itapecuru-mirim\/","url":"https:\/\/www.blogsoestado.com\/danielmatos\/bandidos-que-tomaram-carro-de-medica-no-renascenca-sao-presos-perto-de-itapecuru-mirim\/","name":"Bandidos que tomaram carro de m\u00e9dica no Renascen\u00e7a s\u00e3o presos perto de Itapecuru-Mirim - Daniel Matos","isPartOf":{"@id":"https:\/\/www.blogsoestado.com\/danielmatos\/#website"},"primaryImageOfPage":{"@id":"https:\/\/www.blogsoestado.com\/danielmatos\/bandidos-que-tomaram-carro-de-medica-no-renascenca-sao-presos-perto-de-itapecuru-mirim\/#primaryimage"},"image":{"@id":"https:\/\/www.blogsoestado.com\/danielmatos\/bandidos-que-tomaram-carro-de-medica-no-renascenca-sao-presos-perto-de-itapecuru-mirim\/#primaryimage"},"thumbnailUrl":"https:\/\/www.blogsoestado.com\/danielmatos\/files\/2020\/11\/IMG-20201104-WA0160.jpg","datePublished":"2020-11-04T21:22:38+00:00","author":{"@id":""},"breadcrumb":{"@id":"https:\/\/www.blogsoestado.com\/danielmatos\/bandidos-que-tomaram-carro-de-medica-no-renascenca-sao-presos-perto-de-itapecuru-mirim\/#breadcrumb"},"inLanguage":"pt-BR","potentialAction":[{"@type":"ReadAction","target":["https:\/\/www.blogsoestado.com\/danielmatos\/bandidos-que-tomaram-carro-de-medica-no-renascenca-sao-presos-perto-de-itapecuru-mirim\/"]}]},{"@type":"ImageObject","inLanguage":"pt-BR","@id":"https:\/\/www.blogsoestado.com\/danielmatos\/bandidos-que-tomaram-carro-de-medica-no-renascenca-sao-presos-perto-de-itapecuru-mirim\/#primaryimage","url":"https:\/\/www.blogsoestado.com\/danielmatos\/files\/2020\/11\/IMG-20201104-WA0160.jpg","contentUrl":"https:\/\/www.blogsoestado.com\/danielmatos\/files\/2020\/11\/IMG-20201104-WA0160.jpg"},{"@type":"BreadcrumbList","@id":"https:\/\/www.blogsoestado.com\/danielmatos\/bandidos-que-tomaram-carro-de-medica-no-renascenca-sao-presos-perto-de-itapecuru-mirim\/#breadcrumb","itemListElement":[{"@type":"ListItem","position":1,"name":"In\u00edcio","item":"https:\/\/www.blogsoestado.com\/danielmatos\/"},{"@type":"ListItem","position":2,"name":"Bandidos que tomaram carro de m\u00e9dica no Renascen\u00e7a s\u00e3o presos perto de Itapecuru-Mirim"}]},{"@type":"WebSite","@id":"https:\/\/www.blogsoestado.com\/danielmatos\/#website","url":"https:\/\/www.blogsoestado.com\/danielmatos\/","name":"Daniel Matos","description":"","potentialAction":[{"@type":"SearchAction","target":{"@type":"EntryPoint","urlTemplate":"https:\/\/www.blogsoestado.com\/danielmatos\/?s={search_term_string}"},"query-input":{"@type":"PropertyValueSpecification","valueRequired":true,"valueName":"search_term_string"}}],"inLanguage":"pt-BR"}]}},"jetpack_featured_media_url":"","_links":{"self":[{"href":"https:\/\/www.blogsoestado.com\/danielmatos\/wp-json\/wp\/v2\/posts\/79277","targetHints":{"allow":["GET"]}}],"collection":[{"href":"https:\/\/www.blogsoestado.com\/danielmatos\/wp-json\/wp\/v2\/posts"}],"about":[{"href":"https:\/\/www.blogsoestado.com\/danielmatos\/wp-json\/wp\/v2\/types\/post"}],"replies":[{"embeddable":true,"href":"https:\/\/www.blogsoestado.com\/danielmatos\/wp-json\/wp\/v2\/comments?post=79277"}],"version-history":[{"count":0,"href":"https:\/\/www.blogsoestado.com\/danielmatos\/wp-json\/wp\/v2\/posts\/79277\/revisions"}],"wp:attachment":[{"href":"https:\/\/www.blogsoestado.com\/danielmatos\/wp-json\/wp\/v2\/media?parent=79277"}],"wp:term":[{"taxonomy":"category","embeddable":true,"href":"https:\/\/www.blogsoestado.com\/danielmatos\/wp-json\/wp\/v2\/categories?post=79277"},{"taxonomy":"post_tag","embeddable":true,"href":"https:\/\/www.blogsoestado.com\/danielmatos\/wp-json\/wp\/v2\/tags?post=79277"}],"curies":[{"name":"wp","href":"https:\/\/api.w.org\/{rel}","templated":true}]}}