{"id":79282,"date":"2020-11-04T20:08:32","date_gmt":"2020-11-04T23:08:32","guid":{"rendered":"https:\/\/www.blogsoestado.com\/danielmatos\/?p=79282"},"modified":"2020-11-04T20:08:32","modified_gmt":"2020-11-04T23:08:32","slug":"michael-wesley-faz-tres-shows-especiais-em-sao-luis-no-fim-de-semana","status":"publish","type":"post","link":"https:\/\/www.blogsoestado.com\/danielmatos\/michael-wesley-faz-tres-shows-especiais-em-sao-luis-no-fim-de-semana\/","title":{"rendered":"Michael Wesley faz tr\u00eas shows especiais em S\u00e3o Lu\u00eds no fim de semana"},"content":{"rendered":"\n<p class=\"has-text-color has-huge-font-size has-vivid-red-color\"><em>Cantor se apresentar\u00e1 no Velho Oeste, Tapera SLZ e Garden\u2019s Pub; programa\u00e7\u00e3o come\u00e7a quinta-feira<\/em><\/p>\n\n\n\n<div class=\"wp-block-image\"><figure class=\"alignright size-large is-resized\"><img fetchpriority=\"high\" decoding=\"async\" src=\"https:\/\/www.blogsoestado.com\/danielmatos\/files\/2020\/11\/MW-Pinga-.jpg\" alt=\"\" class=\"wp-image-79283\" width=\"270\" height=\"303\"\/><figcaption>Michael Wesley ter\u00e1 agenda movimentada de shows na capital a partir desta quinta-feira<\/figcaption><\/figure><\/div>\n\n\n\n<p>Prestes a lan\u00e7ar uma nova m\u00fasica, intitulada \u201cNem de Ferrari\u201d, o cantor Michael&nbsp;Wesley&nbsp;faz tr\u00eas shows neste fim de semana em S\u00e3o Lu\u00eds. O primeiro acontece quinta-feira (5), no Velho Oeste (Turu), durante evento que ter\u00e1 in\u00edcio \u00e0s 19h.<\/p>\n\n\n\n<p>Na sexta-feira (6), o sertanejo se apresentar\u00e1, pela primeira vez, em uma das casas de shows mais badaladas da cidade: Tapera SLZ, na Lagoa da Jansen, a convite do promoter Luan Jorge, a partir das 19h.<\/p>\n\n\n\n<p>No s\u00e1bado, ele apresentar\u00e1 um de seus mais aplaudidos shows, \u201cR\u00e1dio da Pinga\u201d, na boate Garden\u2019s Pub, na Ponta d\u2019Areia, com abertura do DJ JR Bulacha.<\/p>\n\n\n\n<p>O t\u00edtulo do show, \u201cR\u00e1dio da Pinga\u201d, \u00e9 o mesmo do mais recente DVD do artista, gravado em Fortaleza (CE). \u201cN\u00f3s iremos repetir a mesma vibe do DVD na Garden\u2019s, com m\u00fasicas que o p\u00fablico gosta de ouvir e dan\u00e7ar\u201d, garantiu o cantor.<\/p>\n\n\n\n<p><strong>Compositor<\/strong><\/p>\n\n\n\n<p>Al\u00e9m de cantor, Michael&nbsp;Wesley&nbsp;\u00e9 compositor. No mais recente DVD de&nbsp;Wesley&nbsp;Safad\u00e3o (de quem se tornou amigo), por exemplo, ele assina a m\u00fasica \u201cAmanheceu\u201d, em parceria com os tamb\u00e9m compositores Jean Carlos, Elias Costa e Daniel dos Versos.<\/p>\n\n\n\n<p>A dupla Henrique e Diego tamb\u00e9m tem m\u00fasica composta pelo maranhense, \u201cTchau, Tchau\u201d, quinto lugar nas mais tocadas do Brasil. A composi\u00e7\u00e3o \u00e9 assinada em parceria com Jujuba, Davi Melo e Tiago Sethe.<\/p>\n\n\n\n<p>O artista assina, ainda, um dos pr\u00f3ximos lan\u00e7amentos da famosa banda Os Bar\u00f5es da Pisadinha: a m\u00fasica \u201cA Diferen\u00e7a\u201d, em parceria com Yago Nobre e Kinho Chef\u00e3o.<\/p>\n\n\n\n<p><strong>Projetos<\/strong><\/p>\n\n\n\n<p>Apaixonado por m\u00fasica, Michael&nbsp;Wesley&nbsp;est\u00e1 morando em Fortaleza (CE), h\u00e1 tr\u00eas anos, e dever\u00e1 anunciar novidades na carreira nos pr\u00f3ximos meses, algumas ainda guardadas a sete chaves.<\/p>\n\n\n\n<p>O cantor deslancha na carreira gra\u00e7as a m\u00fasicas como \u201cMoranguinho\u201d (com mais de 1 milh\u00e3o de visualiza\u00e7\u00f5es no YouTube), \u201cTrai\u00e7\u00e3o Cruel\u201d, \u201cIlha Azul\u201d, \u201cA\u00e7\u00facar na Bebida\u201d, \u201cDeclara\u00e7\u00e3o de Amor\u201d, entre diversas outras, inclusive ao lado de artistas como Gustavo Mioto.<\/p>\n\n\n\n<p>\u201cNossas expectativas s\u00e3o as melhores para esses tr\u00eas shows em S\u00e3o Lu\u00eds e esperamos a participa\u00e7\u00e3o de quem nos acompanha, pois faremos uma grande festa\u201d, disse o cantor, que, recentemente, lan\u00e7ou o CD promocional \u201cMW na Praia\u201d.<\/p>\n","protected":false},"excerpt":{"rendered":"<p>Cantor se apresentar\u00e1 no Velho Oeste, Tapera SLZ e Garden\u2019s Pub; programa\u00e7\u00e3o come\u00e7a quinta-feira Prestes a lan\u00e7ar uma nova m\u00fasica, [&hellip;]<\/p>\n","protected":false},"author":0,"featured_media":0,"comment_status":"open","ping_status":"open","sticky":false,"template":"","format":"standard","meta":{"site-sidebar-layout":"default","site-content-layout":"","ast-site-content-layout":"default","site-content-style":"default","site-sidebar-style":"default","ast-global-header-display":"","ast-banner-title-visibility":"","ast-main-header-display":"","ast-hfb-above-header-display":"","ast-hfb-below-header-display":"","ast-hfb-mobile-header-display":"","site-post-title":"","ast-breadcrumbs-content":"","ast-featured-img":"","footer-sml-layout":"","ast-disable-related-posts":"","theme-transparent-header-meta":"","adv-header-id-meta":"","stick-header-meta":"","header-above-stick-meta":"","header-main-stick-meta":"","header-below-stick-meta":"","astra-migrate-meta-layouts":"default","ast-page-background-enabled":"default","ast-page-background-meta":{"desktop":{"background-color":"var(--ast-global-color-5)","background-image":"","background-repeat":"repeat","background-position":"center center","background-size":"auto","background-attachment":"scroll","background-type":"","background-media":"","overlay-type":"","overlay-color":"","overlay-opacity":"","overlay-gradient":""},"tablet":{"background-color":"","background-image":"","background-repeat":"repeat","background-position":"center center","background-size":"auto","background-attachment":"scroll","background-type":"","background-media":"","overlay-type":"","overlay-color":"","overlay-opacity":"","overlay-gradient":""},"mobile":{"background-color":"","background-image":"","background-repeat":"repeat","background-position":"center center","background-size":"auto","background-attachment":"scroll","background-type":"","background-media":"","overlay-type":"","overlay-color":"","overlay-opacity":"","overlay-gradient":""}},"ast-content-background-meta":{"desktop":{"background-color":"var(--ast-global-color-4)","background-image":"","background-repeat":"repeat","background-position":"center center","background-size":"auto","background-attachment":"scroll","background-type":"","background-media":"","overlay-type":"","overlay-color":"","overlay-opacity":"","overlay-gradient":""},"tablet":{"background-color":"var(--ast-global-color-4)","background-image":"","background-repeat":"repeat","background-position":"center center","background-size":"auto","background-attachment":"scroll","background-type":"","background-media":"","overlay-type":"","overlay-color":"","overlay-opacity":"","overlay-gradient":""},"mobile":{"background-color":"var(--ast-global-color-4)","background-image":"","background-repeat":"repeat","background-position":"center center","background-size":"auto","background-attachment":"scroll","background-type":"","background-media":"","overlay-type":"","overlay-color":"","overlay-opacity":"","overlay-gradient":""}},"footnotes":""},"categories":[1],"tags":[],"class_list":["post-79282","post","type-post","status-publish","format-standard","hentry","category-sem-categoria"],"yoast_head":"<!-- This site is optimized with the Yoast SEO plugin v26.6 - https:\/\/yoast.com\/wordpress\/plugins\/seo\/ -->\n<title>Michael Wesley faz tr\u00eas shows especiais em S\u00e3o Lu\u00eds no fim de semana - Daniel Matos<\/title>\n<meta name=\"robots\" content=\"index, follow, max-snippet:-1, max-image-preview:large, max-video-preview:-1\" \/>\n<link rel=\"canonical\" href=\"https:\/\/www.blogsoestado.com\/danielmatos\/michael-wesley-faz-tres-shows-especiais-em-sao-luis-no-fim-de-semana\/\" \/>\n<meta property=\"og:locale\" content=\"pt_BR\" \/>\n<meta property=\"og:type\" content=\"article\" \/>\n<meta property=\"og:title\" content=\"Michael Wesley faz tr\u00eas shows especiais em S\u00e3o Lu\u00eds no fim de semana - Daniel Matos\" \/>\n<meta property=\"og:description\" content=\"Cantor se apresentar\u00e1 no Velho Oeste, Tapera SLZ e Garden\u2019s Pub; programa\u00e7\u00e3o come\u00e7a quinta-feira Prestes a lan\u00e7ar uma nova m\u00fasica, [&hellip;]\" \/>\n<meta property=\"og:url\" content=\"https:\/\/www.blogsoestado.com\/danielmatos\/michael-wesley-faz-tres-shows-especiais-em-sao-luis-no-fim-de-semana\/\" \/>\n<meta property=\"og:site_name\" content=\"Daniel Matos\" \/>\n<meta property=\"article:published_time\" content=\"2020-11-04T23:08:32+00:00\" \/>\n<meta property=\"og:image\" content=\"https:\/\/www.blogsoestado.com\/danielmatos\/files\/2020\/11\/MW-Pinga-.jpg\" \/>\n<meta name=\"twitter:card\" content=\"summary_large_image\" \/>\n<meta name=\"twitter:label1\" content=\"Est. tempo de leitura\" \/>\n\t<meta name=\"twitter:data1\" content=\"2 minutos\" \/>\n<script type=\"application\/ld+json\" class=\"yoast-schema-graph\">{\"@context\":\"https:\/\/schema.org\",\"@graph\":[{\"@type\":\"WebPage\",\"@id\":\"https:\/\/www.blogsoestado.com\/danielmatos\/michael-wesley-faz-tres-shows-especiais-em-sao-luis-no-fim-de-semana\/\",\"url\":\"https:\/\/www.blogsoestado.com\/danielmatos\/michael-wesley-faz-tres-shows-especiais-em-sao-luis-no-fim-de-semana\/\",\"name\":\"Michael Wesley faz tr\u00eas shows especiais em S\u00e3o Lu\u00eds no fim de semana - Daniel Matos\",\"isPartOf\":{\"@id\":\"https:\/\/www.blogsoestado.com\/danielmatos\/#website\"},\"primaryImageOfPage\":{\"@id\":\"https:\/\/www.blogsoestado.com\/danielmatos\/michael-wesley-faz-tres-shows-especiais-em-sao-luis-no-fim-de-semana\/#primaryimage\"},\"image\":{\"@id\":\"https:\/\/www.blogsoestado.com\/danielmatos\/michael-wesley-faz-tres-shows-especiais-em-sao-luis-no-fim-de-semana\/#primaryimage\"},\"thumbnailUrl\":\"https:\/\/www.blogsoestado.com\/danielmatos\/files\/2020\/11\/MW-Pinga-.jpg\",\"datePublished\":\"2020-11-04T23:08:32+00:00\",\"author\":{\"@id\":\"\"},\"breadcrumb\":{\"@id\":\"https:\/\/www.blogsoestado.com\/danielmatos\/michael-wesley-faz-tres-shows-especiais-em-sao-luis-no-fim-de-semana\/#breadcrumb\"},\"inLanguage\":\"pt-BR\",\"potentialAction\":[{\"@type\":\"ReadAction\",\"target\":[\"https:\/\/www.blogsoestado.com\/danielmatos\/michael-wesley-faz-tres-shows-especiais-em-sao-luis-no-fim-de-semana\/\"]}]},{\"@type\":\"ImageObject\",\"inLanguage\":\"pt-BR\",\"@id\":\"https:\/\/www.blogsoestado.com\/danielmatos\/michael-wesley-faz-tres-shows-especiais-em-sao-luis-no-fim-de-semana\/#primaryimage\",\"url\":\"https:\/\/www.blogsoestado.com\/danielmatos\/files\/2020\/11\/MW-Pinga-.jpg\",\"contentUrl\":\"https:\/\/www.blogsoestado.com\/danielmatos\/files\/2020\/11\/MW-Pinga-.jpg\"},{\"@type\":\"BreadcrumbList\",\"@id\":\"https:\/\/www.blogsoestado.com\/danielmatos\/michael-wesley-faz-tres-shows-especiais-em-sao-luis-no-fim-de-semana\/#breadcrumb\",\"itemListElement\":[{\"@type\":\"ListItem\",\"position\":1,\"name\":\"In\u00edcio\",\"item\":\"https:\/\/www.blogsoestado.com\/danielmatos\/\"},{\"@type\":\"ListItem\",\"position\":2,\"name\":\"Michael Wesley faz tr\u00eas shows especiais em S\u00e3o Lu\u00eds no fim de semana\"}]},{\"@type\":\"WebSite\",\"@id\":\"https:\/\/www.blogsoestado.com\/danielmatos\/#website\",\"url\":\"https:\/\/www.blogsoestado.com\/danielmatos\/\",\"name\":\"Daniel Matos\",\"description\":\"\",\"potentialAction\":[{\"@type\":\"SearchAction\",\"target\":{\"@type\":\"EntryPoint\",\"urlTemplate\":\"https:\/\/www.blogsoestado.com\/danielmatos\/?s={search_term_string}\"},\"query-input\":{\"@type\":\"PropertyValueSpecification\",\"valueRequired\":true,\"valueName\":\"search_term_string\"}}],\"inLanguage\":\"pt-BR\"}]}<\/script>\n<!-- \/ Yoast SEO plugin. -->","yoast_head_json":{"title":"Michael Wesley faz tr\u00eas shows especiais em S\u00e3o Lu\u00eds no fim de semana - Daniel Matos","robots":{"index":"index","follow":"follow","max-snippet":"max-snippet:-1","max-image-preview":"max-image-preview:large","max-video-preview":"max-video-preview:-1"},"canonical":"https:\/\/www.blogsoestado.com\/danielmatos\/michael-wesley-faz-tres-shows-especiais-em-sao-luis-no-fim-de-semana\/","og_locale":"pt_BR","og_type":"article","og_title":"Michael Wesley faz tr\u00eas shows especiais em S\u00e3o Lu\u00eds no fim de semana - Daniel Matos","og_description":"Cantor se apresentar\u00e1 no Velho Oeste, Tapera SLZ e Garden\u2019s Pub; programa\u00e7\u00e3o come\u00e7a quinta-feira Prestes a lan\u00e7ar uma nova m\u00fasica, [&hellip;]","og_url":"https:\/\/www.blogsoestado.com\/danielmatos\/michael-wesley-faz-tres-shows-especiais-em-sao-luis-no-fim-de-semana\/","og_site_name":"Daniel Matos","article_published_time":"2020-11-04T23:08:32+00:00","og_image":[{"url":"https:\/\/www.blogsoestado.com\/danielmatos\/files\/2020\/11\/MW-Pinga-.jpg","type":"","width":"","height":""}],"twitter_card":"summary_large_image","twitter_misc":{"Est. tempo de leitura":"2 minutos"},"schema":{"@context":"https:\/\/schema.org","@graph":[{"@type":"WebPage","@id":"https:\/\/www.blogsoestado.com\/danielmatos\/michael-wesley-faz-tres-shows-especiais-em-sao-luis-no-fim-de-semana\/","url":"https:\/\/www.blogsoestado.com\/danielmatos\/michael-wesley-faz-tres-shows-especiais-em-sao-luis-no-fim-de-semana\/","name":"Michael Wesley faz tr\u00eas shows especiais em S\u00e3o Lu\u00eds no fim de semana - Daniel Matos","isPartOf":{"@id":"https:\/\/www.blogsoestado.com\/danielmatos\/#website"},"primaryImageOfPage":{"@id":"https:\/\/www.blogsoestado.com\/danielmatos\/michael-wesley-faz-tres-shows-especiais-em-sao-luis-no-fim-de-semana\/#primaryimage"},"image":{"@id":"https:\/\/www.blogsoestado.com\/danielmatos\/michael-wesley-faz-tres-shows-especiais-em-sao-luis-no-fim-de-semana\/#primaryimage"},"thumbnailUrl":"https:\/\/www.blogsoestado.com\/danielmatos\/files\/2020\/11\/MW-Pinga-.jpg","datePublished":"2020-11-04T23:08:32+00:00","author":{"@id":""},"breadcrumb":{"@id":"https:\/\/www.blogsoestado.com\/danielmatos\/michael-wesley-faz-tres-shows-especiais-em-sao-luis-no-fim-de-semana\/#breadcrumb"},"inLanguage":"pt-BR","potentialAction":[{"@type":"ReadAction","target":["https:\/\/www.blogsoestado.com\/danielmatos\/michael-wesley-faz-tres-shows-especiais-em-sao-luis-no-fim-de-semana\/"]}]},{"@type":"ImageObject","inLanguage":"pt-BR","@id":"https:\/\/www.blogsoestado.com\/danielmatos\/michael-wesley-faz-tres-shows-especiais-em-sao-luis-no-fim-de-semana\/#primaryimage","url":"https:\/\/www.blogsoestado.com\/danielmatos\/files\/2020\/11\/MW-Pinga-.jpg","contentUrl":"https:\/\/www.blogsoestado.com\/danielmatos\/files\/2020\/11\/MW-Pinga-.jpg"},{"@type":"BreadcrumbList","@id":"https:\/\/www.blogsoestado.com\/danielmatos\/michael-wesley-faz-tres-shows-especiais-em-sao-luis-no-fim-de-semana\/#breadcrumb","itemListElement":[{"@type":"ListItem","position":1,"name":"In\u00edcio","item":"https:\/\/www.blogsoestado.com\/danielmatos\/"},{"@type":"ListItem","position":2,"name":"Michael Wesley faz tr\u00eas shows especiais em S\u00e3o Lu\u00eds no fim de semana"}]},{"@type":"WebSite","@id":"https:\/\/www.blogsoestado.com\/danielmatos\/#website","url":"https:\/\/www.blogsoestado.com\/danielmatos\/","name":"Daniel Matos","description":"","potentialAction":[{"@type":"SearchAction","target":{"@type":"EntryPoint","urlTemplate":"https:\/\/www.blogsoestado.com\/danielmatos\/?s={search_term_string}"},"query-input":{"@type":"PropertyValueSpecification","valueRequired":true,"valueName":"search_term_string"}}],"inLanguage":"pt-BR"}]}},"jetpack_featured_media_url":"","_links":{"self":[{"href":"https:\/\/www.blogsoestado.com\/danielmatos\/wp-json\/wp\/v2\/posts\/79282","targetHints":{"allow":["GET"]}}],"collection":[{"href":"https:\/\/www.blogsoestado.com\/danielmatos\/wp-json\/wp\/v2\/posts"}],"about":[{"href":"https:\/\/www.blogsoestado.com\/danielmatos\/wp-json\/wp\/v2\/types\/post"}],"replies":[{"embeddable":true,"href":"https:\/\/www.blogsoestado.com\/danielmatos\/wp-json\/wp\/v2\/comments?post=79282"}],"version-history":[{"count":0,"href":"https:\/\/www.blogsoestado.com\/danielmatos\/wp-json\/wp\/v2\/posts\/79282\/revisions"}],"wp:attachment":[{"href":"https:\/\/www.blogsoestado.com\/danielmatos\/wp-json\/wp\/v2\/media?parent=79282"}],"wp:term":[{"taxonomy":"category","embeddable":true,"href":"https:\/\/www.blogsoestado.com\/danielmatos\/wp-json\/wp\/v2\/categories?post=79282"},{"taxonomy":"post_tag","embeddable":true,"href":"https:\/\/www.blogsoestado.com\/danielmatos\/wp-json\/wp\/v2\/tags?post=79282"}],"curies":[{"name":"wp","href":"https:\/\/api.w.org\/{rel}","templated":true}]}}