{"id":79285,"date":"2020-11-04T22:24:58","date_gmt":"2020-11-05T01:24:58","guid":{"rendered":"https:\/\/www.blogsoestado.com\/danielmatos\/?p=79285"},"modified":"2020-11-04T22:24:58","modified_gmt":"2020-11-05T01:24:58","slug":"ciro-nolasco-defende-criacao-da-secretaria-da-familia","status":"publish","type":"post","link":"https:\/\/www.blogsoestado.com\/danielmatos\/ciro-nolasco-defende-criacao-da-secretaria-da-familia\/","title":{"rendered":"Ciro Nolasco defende cria\u00e7\u00e3o da Secretaria da Fam\u00edlia"},"content":{"rendered":"\n<div class=\"wp-block-image\"><figure class=\"aligncenter size-large\"><img decoding=\"async\" src=\"https:\/\/www.blogsoestado.com\/danielmatos\/files\/2020\/11\/IMG-20201104-WA0178-1024x567.jpg\" alt=\"\" class=\"wp-image-79286\"\/><figcaption>Ciro Nolasco cita o exemplo bem sucedido da cria\u00e7\u00e3o do Minist\u00e9rio da Fam\u00edlia, no governo do presidente Jair Bolsonaro<\/figcaption><\/figure><\/div>\n\n\n\n<p>O candidato a vereador em S\u00e3o Lu\u00eds, Ciro Nolasco, filiado ao Partido Social Crist\u00e3o (PSC), usou as suas redes sociais para defender a cria\u00e7\u00e3o da Secretaria Municipal da Fam\u00edlia na pr\u00f3xima gest\u00e3o p\u00fablica da capital. De acordo com Ciro, faz-se necess\u00e1rio o estabelecimento de pol\u00edticas p\u00fablicas de fortalecimento dos la\u00e7os familiares, com o objetivo de reduzir a viol\u00eancia contra mulheres, crian\u00e7as e idosos.<\/p>\n\n\n\n<p>\u201cO maior indicador da viol\u00eancia, da pobreza e do desvio de conduta em uma sociedade \u00e9 a desagrega\u00e7\u00e3o da fam\u00edlia. Por isso, o foco de qualquer um de n\u00f3s deve ser investir na base da sociedade. Como mais importante bem deixado por Deus para os homens, a fam\u00edlia precisa ser defendida, apoiada. Lutamos pela valoriza\u00e7\u00e3o da fam\u00edlia como o caminho para a forma\u00e7\u00e3o cidad\u00e3 completa, pautada em eixos que promovam a dignidade humana, tais como moradia, emprego e desenvolvimento social, incluindo sa\u00fade e educa\u00e7\u00e3o\u201d, afirma Ciro Nolasco.<\/p>\n\n\n\n<p>Para o candidato, a cria\u00e7\u00e3o da Secretaria Municipal da Fam\u00edlia seria importante, inclusive nas a\u00e7\u00f5es de preven\u00e7\u00e3o contra as drogas. \u201cA sociedade sabe que um dos maiores est\u00edmulos para o uso de drogas \u00e9 a desestrutura\u00e7\u00e3o da fam\u00edlia. Ent\u00e3o temos que atacar a causa dessa problem\u00e1tica social, ou seja, dar as condi\u00e7\u00f5es para pais e professores defenderem seus filhos ou alunos das drogas&#8221;, sugere. &#8220;A nossa inten\u00e7\u00e3o \u00e9 lutar junto ao novo prefeito pela cria\u00e7\u00e3o da Secretaria Municipal da Fam\u00edlia, que agregue as pastas da inf\u00e2ncia, adolesc\u00eancia, jovens, idosos e mulheres. Em n\u00edvel nacional, pela primeira vez na hist\u00f3ria, j\u00e1 temos o Minist\u00e9rio da Fam\u00edlia, chefiado pela Damares Alves, e que deu um novo sentido \u00e0s politicas p\u00fablicas voltadas \u00e0s fam\u00edlias&#8221;, defende.<\/p>\n\n\n\n<p>Ciro Nolasco foi secret\u00e1rio do Conselho Municipal dos Direitos da Crian\u00e7a e do Adolescente; diretor da Rede Maranhense de Di\u00e1logos sobre Drogas (REMADD) e \u00e9 vice-coordenador do Movimento Pro-Fam\u00edlia Maranh\u00e3o.<\/p>\n","protected":false},"excerpt":{"rendered":"<p>O candidato a vereador em S\u00e3o Lu\u00eds, Ciro Nolasco, filiado ao Partido Social Crist\u00e3o (PSC), usou as suas redes sociais [&hellip;]<\/p>\n","protected":false},"author":0,"featured_media":0,"comment_status":"open","ping_status":"open","sticky":false,"template":"","format":"standard","meta":{"site-sidebar-layout":"default","site-content-layout":"","ast-site-content-layout":"default","site-content-style":"default","site-sidebar-style":"default","ast-global-header-display":"","ast-banner-title-visibility":"","ast-main-header-display":"","ast-hfb-above-header-display":"","ast-hfb-below-header-display":"","ast-hfb-mobile-header-display":"","site-post-title":"","ast-breadcrumbs-content":"","ast-featured-img":"","footer-sml-layout":"","ast-disable-related-posts":"","theme-transparent-header-meta":"","adv-header-id-meta":"","stick-header-meta":"","header-above-stick-meta":"","header-main-stick-meta":"","header-below-stick-meta":"","astra-migrate-meta-layouts":"default","ast-page-background-enabled":"default","ast-page-background-meta":{"desktop":{"background-color":"var(--ast-global-color-5)","background-image":"","background-repeat":"repeat","background-position":"center center","background-size":"auto","background-attachment":"scroll","background-type":"","background-media":"","overlay-type":"","overlay-color":"","overlay-opacity":"","overlay-gradient":""},"tablet":{"background-color":"","background-image":"","background-repeat":"repeat","background-position":"center center","background-size":"auto","background-attachment":"scroll","background-type":"","background-media":"","overlay-type":"","overlay-color":"","overlay-opacity":"","overlay-gradient":""},"mobile":{"background-color":"","background-image":"","background-repeat":"repeat","background-position":"center center","background-size":"auto","background-attachment":"scroll","background-type":"","background-media":"","overlay-type":"","overlay-color":"","overlay-opacity":"","overlay-gradient":""}},"ast-content-background-meta":{"desktop":{"background-color":"var(--ast-global-color-4)","background-image":"","background-repeat":"repeat","background-position":"center center","background-size":"auto","background-attachment":"scroll","background-type":"","background-media":"","overlay-type":"","overlay-color":"","overlay-opacity":"","overlay-gradient":""},"tablet":{"background-color":"var(--ast-global-color-4)","background-image":"","background-repeat":"repeat","background-position":"center center","background-size":"auto","background-attachment":"scroll","background-type":"","background-media":"","overlay-type":"","overlay-color":"","overlay-opacity":"","overlay-gradient":""},"mobile":{"background-color":"var(--ast-global-color-4)","background-image":"","background-repeat":"repeat","background-position":"center center","background-size":"auto","background-attachment":"scroll","background-type":"","background-media":"","overlay-type":"","overlay-color":"","overlay-opacity":"","overlay-gradient":""}},"footnotes":""},"categories":[1],"tags":[],"class_list":["post-79285","post","type-post","status-publish","format-standard","hentry","category-sem-categoria"],"yoast_head":"<!-- This site is optimized with the Yoast SEO plugin v26.6 - https:\/\/yoast.com\/wordpress\/plugins\/seo\/ -->\n<title>Ciro Nolasco defende cria\u00e7\u00e3o da Secretaria da Fam\u00edlia - Daniel Matos<\/title>\n<meta name=\"robots\" content=\"index, follow, max-snippet:-1, max-image-preview:large, max-video-preview:-1\" \/>\n<link rel=\"canonical\" href=\"https:\/\/www.blogsoestado.com\/danielmatos\/ciro-nolasco-defende-criacao-da-secretaria-da-familia\/\" \/>\n<meta property=\"og:locale\" content=\"pt_BR\" \/>\n<meta property=\"og:type\" content=\"article\" \/>\n<meta property=\"og:title\" content=\"Ciro Nolasco defende cria\u00e7\u00e3o da Secretaria da Fam\u00edlia - Daniel Matos\" \/>\n<meta property=\"og:description\" content=\"O candidato a vereador em S\u00e3o Lu\u00eds, Ciro Nolasco, filiado ao Partido Social Crist\u00e3o (PSC), usou as suas redes sociais [&hellip;]\" \/>\n<meta property=\"og:url\" content=\"https:\/\/www.blogsoestado.com\/danielmatos\/ciro-nolasco-defende-criacao-da-secretaria-da-familia\/\" \/>\n<meta property=\"og:site_name\" content=\"Daniel Matos\" \/>\n<meta property=\"article:published_time\" content=\"2020-11-05T01:24:58+00:00\" \/>\n<meta property=\"og:image\" content=\"https:\/\/www.blogsoestado.com\/danielmatos\/files\/2020\/11\/IMG-20201104-WA0178-1024x567.jpg\" \/>\n<meta name=\"twitter:card\" content=\"summary_large_image\" \/>\n<meta name=\"twitter:label1\" content=\"Est. tempo de leitura\" \/>\n\t<meta name=\"twitter:data1\" content=\"2 minutos\" \/>\n<script type=\"application\/ld+json\" class=\"yoast-schema-graph\">{\"@context\":\"https:\/\/schema.org\",\"@graph\":[{\"@type\":\"WebPage\",\"@id\":\"https:\/\/www.blogsoestado.com\/danielmatos\/ciro-nolasco-defende-criacao-da-secretaria-da-familia\/\",\"url\":\"https:\/\/www.blogsoestado.com\/danielmatos\/ciro-nolasco-defende-criacao-da-secretaria-da-familia\/\",\"name\":\"Ciro Nolasco defende cria\u00e7\u00e3o da Secretaria da Fam\u00edlia - Daniel Matos\",\"isPartOf\":{\"@id\":\"https:\/\/www.blogsoestado.com\/danielmatos\/#website\"},\"primaryImageOfPage\":{\"@id\":\"https:\/\/www.blogsoestado.com\/danielmatos\/ciro-nolasco-defende-criacao-da-secretaria-da-familia\/#primaryimage\"},\"image\":{\"@id\":\"https:\/\/www.blogsoestado.com\/danielmatos\/ciro-nolasco-defende-criacao-da-secretaria-da-familia\/#primaryimage\"},\"thumbnailUrl\":\"https:\/\/www.blogsoestado.com\/danielmatos\/files\/2020\/11\/IMG-20201104-WA0178-1024x567.jpg\",\"datePublished\":\"2020-11-05T01:24:58+00:00\",\"author\":{\"@id\":\"\"},\"breadcrumb\":{\"@id\":\"https:\/\/www.blogsoestado.com\/danielmatos\/ciro-nolasco-defende-criacao-da-secretaria-da-familia\/#breadcrumb\"},\"inLanguage\":\"pt-BR\",\"potentialAction\":[{\"@type\":\"ReadAction\",\"target\":[\"https:\/\/www.blogsoestado.com\/danielmatos\/ciro-nolasco-defende-criacao-da-secretaria-da-familia\/\"]}]},{\"@type\":\"ImageObject\",\"inLanguage\":\"pt-BR\",\"@id\":\"https:\/\/www.blogsoestado.com\/danielmatos\/ciro-nolasco-defende-criacao-da-secretaria-da-familia\/#primaryimage\",\"url\":\"https:\/\/www.blogsoestado.com\/danielmatos\/files\/2020\/11\/IMG-20201104-WA0178-1024x567.jpg\",\"contentUrl\":\"https:\/\/www.blogsoestado.com\/danielmatos\/files\/2020\/11\/IMG-20201104-WA0178-1024x567.jpg\"},{\"@type\":\"BreadcrumbList\",\"@id\":\"https:\/\/www.blogsoestado.com\/danielmatos\/ciro-nolasco-defende-criacao-da-secretaria-da-familia\/#breadcrumb\",\"itemListElement\":[{\"@type\":\"ListItem\",\"position\":1,\"name\":\"In\u00edcio\",\"item\":\"https:\/\/www.blogsoestado.com\/danielmatos\/\"},{\"@type\":\"ListItem\",\"position\":2,\"name\":\"Ciro Nolasco defende cria\u00e7\u00e3o da Secretaria da Fam\u00edlia\"}]},{\"@type\":\"WebSite\",\"@id\":\"https:\/\/www.blogsoestado.com\/danielmatos\/#website\",\"url\":\"https:\/\/www.blogsoestado.com\/danielmatos\/\",\"name\":\"Daniel Matos\",\"description\":\"\",\"potentialAction\":[{\"@type\":\"SearchAction\",\"target\":{\"@type\":\"EntryPoint\",\"urlTemplate\":\"https:\/\/www.blogsoestado.com\/danielmatos\/?s={search_term_string}\"},\"query-input\":{\"@type\":\"PropertyValueSpecification\",\"valueRequired\":true,\"valueName\":\"search_term_string\"}}],\"inLanguage\":\"pt-BR\"}]}<\/script>\n<!-- \/ Yoast SEO plugin. -->","yoast_head_json":{"title":"Ciro Nolasco defende cria\u00e7\u00e3o da Secretaria da Fam\u00edlia - Daniel Matos","robots":{"index":"index","follow":"follow","max-snippet":"max-snippet:-1","max-image-preview":"max-image-preview:large","max-video-preview":"max-video-preview:-1"},"canonical":"https:\/\/www.blogsoestado.com\/danielmatos\/ciro-nolasco-defende-criacao-da-secretaria-da-familia\/","og_locale":"pt_BR","og_type":"article","og_title":"Ciro Nolasco defende cria\u00e7\u00e3o da Secretaria da Fam\u00edlia - Daniel Matos","og_description":"O candidato a vereador em S\u00e3o Lu\u00eds, Ciro Nolasco, filiado ao Partido Social Crist\u00e3o (PSC), usou as suas redes sociais [&hellip;]","og_url":"https:\/\/www.blogsoestado.com\/danielmatos\/ciro-nolasco-defende-criacao-da-secretaria-da-familia\/","og_site_name":"Daniel Matos","article_published_time":"2020-11-05T01:24:58+00:00","og_image":[{"url":"https:\/\/www.blogsoestado.com\/danielmatos\/files\/2020\/11\/IMG-20201104-WA0178-1024x567.jpg","type":"","width":"","height":""}],"twitter_card":"summary_large_image","twitter_misc":{"Est. tempo de leitura":"2 minutos"},"schema":{"@context":"https:\/\/schema.org","@graph":[{"@type":"WebPage","@id":"https:\/\/www.blogsoestado.com\/danielmatos\/ciro-nolasco-defende-criacao-da-secretaria-da-familia\/","url":"https:\/\/www.blogsoestado.com\/danielmatos\/ciro-nolasco-defende-criacao-da-secretaria-da-familia\/","name":"Ciro Nolasco defende cria\u00e7\u00e3o da Secretaria da Fam\u00edlia - Daniel Matos","isPartOf":{"@id":"https:\/\/www.blogsoestado.com\/danielmatos\/#website"},"primaryImageOfPage":{"@id":"https:\/\/www.blogsoestado.com\/danielmatos\/ciro-nolasco-defende-criacao-da-secretaria-da-familia\/#primaryimage"},"image":{"@id":"https:\/\/www.blogsoestado.com\/danielmatos\/ciro-nolasco-defende-criacao-da-secretaria-da-familia\/#primaryimage"},"thumbnailUrl":"https:\/\/www.blogsoestado.com\/danielmatos\/files\/2020\/11\/IMG-20201104-WA0178-1024x567.jpg","datePublished":"2020-11-05T01:24:58+00:00","author":{"@id":""},"breadcrumb":{"@id":"https:\/\/www.blogsoestado.com\/danielmatos\/ciro-nolasco-defende-criacao-da-secretaria-da-familia\/#breadcrumb"},"inLanguage":"pt-BR","potentialAction":[{"@type":"ReadAction","target":["https:\/\/www.blogsoestado.com\/danielmatos\/ciro-nolasco-defende-criacao-da-secretaria-da-familia\/"]}]},{"@type":"ImageObject","inLanguage":"pt-BR","@id":"https:\/\/www.blogsoestado.com\/danielmatos\/ciro-nolasco-defende-criacao-da-secretaria-da-familia\/#primaryimage","url":"https:\/\/www.blogsoestado.com\/danielmatos\/files\/2020\/11\/IMG-20201104-WA0178-1024x567.jpg","contentUrl":"https:\/\/www.blogsoestado.com\/danielmatos\/files\/2020\/11\/IMG-20201104-WA0178-1024x567.jpg"},{"@type":"BreadcrumbList","@id":"https:\/\/www.blogsoestado.com\/danielmatos\/ciro-nolasco-defende-criacao-da-secretaria-da-familia\/#breadcrumb","itemListElement":[{"@type":"ListItem","position":1,"name":"In\u00edcio","item":"https:\/\/www.blogsoestado.com\/danielmatos\/"},{"@type":"ListItem","position":2,"name":"Ciro Nolasco defende cria\u00e7\u00e3o da Secretaria da Fam\u00edlia"}]},{"@type":"WebSite","@id":"https:\/\/www.blogsoestado.com\/danielmatos\/#website","url":"https:\/\/www.blogsoestado.com\/danielmatos\/","name":"Daniel Matos","description":"","potentialAction":[{"@type":"SearchAction","target":{"@type":"EntryPoint","urlTemplate":"https:\/\/www.blogsoestado.com\/danielmatos\/?s={search_term_string}"},"query-input":{"@type":"PropertyValueSpecification","valueRequired":true,"valueName":"search_term_string"}}],"inLanguage":"pt-BR"}]}},"jetpack_featured_media_url":"","_links":{"self":[{"href":"https:\/\/www.blogsoestado.com\/danielmatos\/wp-json\/wp\/v2\/posts\/79285","targetHints":{"allow":["GET"]}}],"collection":[{"href":"https:\/\/www.blogsoestado.com\/danielmatos\/wp-json\/wp\/v2\/posts"}],"about":[{"href":"https:\/\/www.blogsoestado.com\/danielmatos\/wp-json\/wp\/v2\/types\/post"}],"replies":[{"embeddable":true,"href":"https:\/\/www.blogsoestado.com\/danielmatos\/wp-json\/wp\/v2\/comments?post=79285"}],"version-history":[{"count":0,"href":"https:\/\/www.blogsoestado.com\/danielmatos\/wp-json\/wp\/v2\/posts\/79285\/revisions"}],"wp:attachment":[{"href":"https:\/\/www.blogsoestado.com\/danielmatos\/wp-json\/wp\/v2\/media?parent=79285"}],"wp:term":[{"taxonomy":"category","embeddable":true,"href":"https:\/\/www.blogsoestado.com\/danielmatos\/wp-json\/wp\/v2\/categories?post=79285"},{"taxonomy":"post_tag","embeddable":true,"href":"https:\/\/www.blogsoestado.com\/danielmatos\/wp-json\/wp\/v2\/tags?post=79285"}],"curies":[{"name":"wp","href":"https:\/\/api.w.org\/{rel}","templated":true}]}}