{"id":79297,"date":"2020-11-05T08:23:15","date_gmt":"2020-11-05T11:23:15","guid":{"rendered":"https:\/\/www.blogsoestado.com\/danielmatos\/?p=79297"},"modified":"2020-11-05T08:23:15","modified_gmt":"2020-11-05T11:23:15","slug":"lais-alencar-comanda-encontro-da-juventude-em-sao-de-ribamar","status":"publish","type":"post","link":"https:\/\/www.blogsoestado.com\/danielmatos\/lais-alencar-comanda-encontro-da-juventude-em-sao-de-ribamar\/","title":{"rendered":"La\u00eds Alencar comanda Encontro da Juventude em S\u00e3o Jos\u00e9 de Ribamar"},"content":{"rendered":"\n<div class=\"wp-block-image\"><figure class=\"aligncenter size-large\"><img decoding=\"async\" src=\"https:\/\/www.blogsoestado.com\/danielmatos\/files\/2020\/11\/IMG-20201104-WA0271.jpg\" alt=\"\" class=\"wp-image-79298\"\/><figcaption>Candidata \u00e0 vice-prefeita, La\u00eds Alencar, destacar\u00e1 no encontro propostas da chapa para a juventude<\/figcaption><\/figure><\/div>\n\n\n\n<p><br>A jovem engenheira civil e ambiental, candidata \u00e0 vice-prefeita, La\u00eds Alencar, convoca a juventude ribamarense para um Encontro nesta quinta-feira, 5, \u00e0s 17h, no Felicit\u00e1 Eventos (rua da Alegria \u2013 S\u00e3o Benedito). Ela vai reunir lideran\u00e7as, candidatos a vereadores e presidentes de partidos da coliga\u00e7\u00e3o \u201cA vit\u00f3ria do povo\u201d para firmar compromisso com as pol\u00edticas p\u00fablicas voltadas \u00e0 juventude que constam no plano de governo do candidato a prefeito Beto das Vilas &#8211; 10.<\/p>\n\n\n\n<p>La\u00eds Alencar considera que o Encontro da Juventude Ribamarense \u00e9 uma oportunidade valiosa para que o jovem tenha voz de forma ativa da pol\u00edtica da cidade. \u201cEu sou uma jovem ribamarense que decidi lutar por melhores condi\u00e7\u00f5es de vida para todos; cresci aqui e hoje assumo esse grande desafio porque me sinto pronta; vou al\u00e9m da indigna\u00e7\u00e3o, quero a\u00e7\u00e3o! Tenho sonhos coletivos\u201d, considera.<\/p>\n\n\n\n<div class=\"wp-block-image\"><figure class=\"aligncenter size-large\"><img decoding=\"async\" src=\"https:\/\/www.blogsoestado.com\/danielmatos\/files\/2020\/11\/IMG-20201104-WA0270-1024x1005.jpg\" alt=\"\" class=\"wp-image-79299\"\/><figcaption>Carol Baima ser\u00e1 mediadora do Encontro da Juventude em S\u00e3o Jos\u00e9 de Ribamar<\/figcaption><\/figure><\/div>\n\n\n\n<p>O tema do encontro \u00e9 \u201cJuventude comprometida \u00e9 10\u201d. As presen\u00e7as do coordenador estadual da Juventude Republicana, Cl\u00e9ber Verde Filho, e do candidato a Prefeito Beto das Vilas est\u00e3o confirmadas. Na ocasi\u00e3o, todos poder\u00e3o esclarecer d\u00favidas e trazer informa\u00e7\u00f5es relevantes que impactam diretamente na qualidade de vida dos jovens de S\u00e3o Jos\u00e9 de Ribamar.<\/p>\n\n\n\n<div class=\"wp-block-image\"><figure class=\"aligncenter size-large\"><img decoding=\"async\" src=\"https:\/\/www.blogsoestado.com\/danielmatos\/files\/2020\/11\/IMG-20201104-WA0272-768x1024.jpg\" alt=\"\" class=\"wp-image-79300\"\/><figcaption>M\u00e1rio Freitas \u00e9 um dos coordenadores da juventude da Coliga\u00e7\u00e3o \u201cA Vit\u00f3ria do Povo\u201d<\/figcaption><\/figure><\/div>\n\n\n\n<p>A programa\u00e7\u00e3o ser\u00e1 mediada por Carol Baima. Ela, ao lado das lideran\u00e7as M\u00e1rio Freitas e Eduardo Matias Neto, comp\u00f5e a coordena\u00e7\u00e3o da juventude da Coliga\u00e7\u00e3o \u201cA Vit\u00f3ria do Povo\u201d. Espera-se a participa\u00e7\u00e3o de mais de trezentos jovens; em amplo espa\u00e7o adequado e preparado para a ocasi\u00e3o. \u201c\u00c9 hora da gente estar junto e concentrar as for\u00e7as, faltam apenas 10 dias para as elei\u00e7\u00f5es\u201d, disse Carol. A iniciativa \u00e9 aberta ao p\u00fablico.<br><\/p>\n","protected":false},"excerpt":{"rendered":"<p>A jovem engenheira civil e ambiental, candidata \u00e0 vice-prefeita, La\u00eds Alencar, convoca a juventude ribamarense para um Encontro nesta quinta-feira, [&hellip;]<\/p>\n","protected":false},"author":0,"featured_media":0,"comment_status":"open","ping_status":"open","sticky":false,"template":"","format":"standard","meta":{"site-sidebar-layout":"default","site-content-layout":"","ast-site-content-layout":"default","site-content-style":"default","site-sidebar-style":"default","ast-global-header-display":"","ast-banner-title-visibility":"","ast-main-header-display":"","ast-hfb-above-header-display":"","ast-hfb-below-header-display":"","ast-hfb-mobile-header-display":"","site-post-title":"","ast-breadcrumbs-content":"","ast-featured-img":"","footer-sml-layout":"","ast-disable-related-posts":"","theme-transparent-header-meta":"","adv-header-id-meta":"","stick-header-meta":"","header-above-stick-meta":"","header-main-stick-meta":"","header-below-stick-meta":"","astra-migrate-meta-layouts":"default","ast-page-background-enabled":"default","ast-page-background-meta":{"desktop":{"background-color":"var(--ast-global-color-5)","background-image":"","background-repeat":"repeat","background-position":"center center","background-size":"auto","background-attachment":"scroll","background-type":"","background-media":"","overlay-type":"","overlay-color":"","overlay-opacity":"","overlay-gradient":""},"tablet":{"background-color":"","background-image":"","background-repeat":"repeat","background-position":"center center","background-size":"auto","background-attachment":"scroll","background-type":"","background-media":"","overlay-type":"","overlay-color":"","overlay-opacity":"","overlay-gradient":""},"mobile":{"background-color":"","background-image":"","background-repeat":"repeat","background-position":"center center","background-size":"auto","background-attachment":"scroll","background-type":"","background-media":"","overlay-type":"","overlay-color":"","overlay-opacity":"","overlay-gradient":""}},"ast-content-background-meta":{"desktop":{"background-color":"var(--ast-global-color-4)","background-image":"","background-repeat":"repeat","background-position":"center center","background-size":"auto","background-attachment":"scroll","background-type":"","background-media":"","overlay-type":"","overlay-color":"","overlay-opacity":"","overlay-gradient":""},"tablet":{"background-color":"var(--ast-global-color-4)","background-image":"","background-repeat":"repeat","background-position":"center center","background-size":"auto","background-attachment":"scroll","background-type":"","background-media":"","overlay-type":"","overlay-color":"","overlay-opacity":"","overlay-gradient":""},"mobile":{"background-color":"var(--ast-global-color-4)","background-image":"","background-repeat":"repeat","background-position":"center center","background-size":"auto","background-attachment":"scroll","background-type":"","background-media":"","overlay-type":"","overlay-color":"","overlay-opacity":"","overlay-gradient":""}},"footnotes":""},"categories":[1],"tags":[],"class_list":["post-79297","post","type-post","status-publish","format-standard","hentry","category-sem-categoria"],"yoast_head":"<!-- This site is optimized with the Yoast SEO plugin v26.6 - https:\/\/yoast.com\/wordpress\/plugins\/seo\/ -->\n<title>La\u00eds Alencar comanda Encontro da Juventude em S\u00e3o Jos\u00e9 de Ribamar - Daniel Matos<\/title>\n<meta name=\"robots\" content=\"index, follow, max-snippet:-1, max-image-preview:large, max-video-preview:-1\" \/>\n<link rel=\"canonical\" href=\"https:\/\/www.blogsoestado.com\/danielmatos\/lais-alencar-comanda-encontro-da-juventude-em-sao-de-ribamar\/\" \/>\n<meta property=\"og:locale\" content=\"pt_BR\" \/>\n<meta property=\"og:type\" content=\"article\" \/>\n<meta property=\"og:title\" content=\"La\u00eds Alencar comanda Encontro da Juventude em S\u00e3o Jos\u00e9 de Ribamar - Daniel Matos\" \/>\n<meta property=\"og:description\" content=\"A jovem engenheira civil e ambiental, candidata \u00e0 vice-prefeita, La\u00eds Alencar, convoca a juventude ribamarense para um Encontro nesta quinta-feira, [&hellip;]\" \/>\n<meta property=\"og:url\" content=\"https:\/\/www.blogsoestado.com\/danielmatos\/lais-alencar-comanda-encontro-da-juventude-em-sao-de-ribamar\/\" \/>\n<meta property=\"og:site_name\" content=\"Daniel Matos\" \/>\n<meta property=\"article:published_time\" content=\"2020-11-05T11:23:15+00:00\" \/>\n<meta property=\"og:image\" content=\"https:\/\/www.blogsoestado.com\/danielmatos\/files\/2020\/11\/IMG-20201104-WA0271.jpg\" \/>\n<meta name=\"twitter:card\" content=\"summary_large_image\" \/>\n<meta name=\"twitter:label1\" content=\"Est. tempo de leitura\" \/>\n\t<meta name=\"twitter:data1\" content=\"2 minutos\" \/>\n<script type=\"application\/ld+json\" class=\"yoast-schema-graph\">{\"@context\":\"https:\/\/schema.org\",\"@graph\":[{\"@type\":\"WebPage\",\"@id\":\"https:\/\/www.blogsoestado.com\/danielmatos\/lais-alencar-comanda-encontro-da-juventude-em-sao-de-ribamar\/\",\"url\":\"https:\/\/www.blogsoestado.com\/danielmatos\/lais-alencar-comanda-encontro-da-juventude-em-sao-de-ribamar\/\",\"name\":\"La\u00eds Alencar comanda Encontro da Juventude em S\u00e3o Jos\u00e9 de Ribamar - Daniel Matos\",\"isPartOf\":{\"@id\":\"https:\/\/www.blogsoestado.com\/danielmatos\/#website\"},\"primaryImageOfPage\":{\"@id\":\"https:\/\/www.blogsoestado.com\/danielmatos\/lais-alencar-comanda-encontro-da-juventude-em-sao-de-ribamar\/#primaryimage\"},\"image\":{\"@id\":\"https:\/\/www.blogsoestado.com\/danielmatos\/lais-alencar-comanda-encontro-da-juventude-em-sao-de-ribamar\/#primaryimage\"},\"thumbnailUrl\":\"https:\/\/www.blogsoestado.com\/danielmatos\/files\/2020\/11\/IMG-20201104-WA0271.jpg\",\"datePublished\":\"2020-11-05T11:23:15+00:00\",\"author\":{\"@id\":\"\"},\"breadcrumb\":{\"@id\":\"https:\/\/www.blogsoestado.com\/danielmatos\/lais-alencar-comanda-encontro-da-juventude-em-sao-de-ribamar\/#breadcrumb\"},\"inLanguage\":\"pt-BR\",\"potentialAction\":[{\"@type\":\"ReadAction\",\"target\":[\"https:\/\/www.blogsoestado.com\/danielmatos\/lais-alencar-comanda-encontro-da-juventude-em-sao-de-ribamar\/\"]}]},{\"@type\":\"ImageObject\",\"inLanguage\":\"pt-BR\",\"@id\":\"https:\/\/www.blogsoestado.com\/danielmatos\/lais-alencar-comanda-encontro-da-juventude-em-sao-de-ribamar\/#primaryimage\",\"url\":\"https:\/\/www.blogsoestado.com\/danielmatos\/files\/2020\/11\/IMG-20201104-WA0271.jpg\",\"contentUrl\":\"https:\/\/www.blogsoestado.com\/danielmatos\/files\/2020\/11\/IMG-20201104-WA0271.jpg\"},{\"@type\":\"BreadcrumbList\",\"@id\":\"https:\/\/www.blogsoestado.com\/danielmatos\/lais-alencar-comanda-encontro-da-juventude-em-sao-de-ribamar\/#breadcrumb\",\"itemListElement\":[{\"@type\":\"ListItem\",\"position\":1,\"name\":\"In\u00edcio\",\"item\":\"https:\/\/www.blogsoestado.com\/danielmatos\/\"},{\"@type\":\"ListItem\",\"position\":2,\"name\":\"La\u00eds Alencar comanda Encontro da Juventude em S\u00e3o Jos\u00e9 de Ribamar\"}]},{\"@type\":\"WebSite\",\"@id\":\"https:\/\/www.blogsoestado.com\/danielmatos\/#website\",\"url\":\"https:\/\/www.blogsoestado.com\/danielmatos\/\",\"name\":\"Daniel Matos\",\"description\":\"\",\"potentialAction\":[{\"@type\":\"SearchAction\",\"target\":{\"@type\":\"EntryPoint\",\"urlTemplate\":\"https:\/\/www.blogsoestado.com\/danielmatos\/?s={search_term_string}\"},\"query-input\":{\"@type\":\"PropertyValueSpecification\",\"valueRequired\":true,\"valueName\":\"search_term_string\"}}],\"inLanguage\":\"pt-BR\"}]}<\/script>\n<!-- \/ Yoast SEO plugin. -->","yoast_head_json":{"title":"La\u00eds Alencar comanda Encontro da Juventude em S\u00e3o Jos\u00e9 de Ribamar - Daniel Matos","robots":{"index":"index","follow":"follow","max-snippet":"max-snippet:-1","max-image-preview":"max-image-preview:large","max-video-preview":"max-video-preview:-1"},"canonical":"https:\/\/www.blogsoestado.com\/danielmatos\/lais-alencar-comanda-encontro-da-juventude-em-sao-de-ribamar\/","og_locale":"pt_BR","og_type":"article","og_title":"La\u00eds Alencar comanda Encontro da Juventude em S\u00e3o Jos\u00e9 de Ribamar - Daniel Matos","og_description":"A jovem engenheira civil e ambiental, candidata \u00e0 vice-prefeita, La\u00eds Alencar, convoca a juventude ribamarense para um Encontro nesta quinta-feira, [&hellip;]","og_url":"https:\/\/www.blogsoestado.com\/danielmatos\/lais-alencar-comanda-encontro-da-juventude-em-sao-de-ribamar\/","og_site_name":"Daniel Matos","article_published_time":"2020-11-05T11:23:15+00:00","og_image":[{"url":"https:\/\/www.blogsoestado.com\/danielmatos\/files\/2020\/11\/IMG-20201104-WA0271.jpg","type":"","width":"","height":""}],"twitter_card":"summary_large_image","twitter_misc":{"Est. tempo de leitura":"2 minutos"},"schema":{"@context":"https:\/\/schema.org","@graph":[{"@type":"WebPage","@id":"https:\/\/www.blogsoestado.com\/danielmatos\/lais-alencar-comanda-encontro-da-juventude-em-sao-de-ribamar\/","url":"https:\/\/www.blogsoestado.com\/danielmatos\/lais-alencar-comanda-encontro-da-juventude-em-sao-de-ribamar\/","name":"La\u00eds Alencar comanda Encontro da Juventude em S\u00e3o Jos\u00e9 de Ribamar - Daniel Matos","isPartOf":{"@id":"https:\/\/www.blogsoestado.com\/danielmatos\/#website"},"primaryImageOfPage":{"@id":"https:\/\/www.blogsoestado.com\/danielmatos\/lais-alencar-comanda-encontro-da-juventude-em-sao-de-ribamar\/#primaryimage"},"image":{"@id":"https:\/\/www.blogsoestado.com\/danielmatos\/lais-alencar-comanda-encontro-da-juventude-em-sao-de-ribamar\/#primaryimage"},"thumbnailUrl":"https:\/\/www.blogsoestado.com\/danielmatos\/files\/2020\/11\/IMG-20201104-WA0271.jpg","datePublished":"2020-11-05T11:23:15+00:00","author":{"@id":""},"breadcrumb":{"@id":"https:\/\/www.blogsoestado.com\/danielmatos\/lais-alencar-comanda-encontro-da-juventude-em-sao-de-ribamar\/#breadcrumb"},"inLanguage":"pt-BR","potentialAction":[{"@type":"ReadAction","target":["https:\/\/www.blogsoestado.com\/danielmatos\/lais-alencar-comanda-encontro-da-juventude-em-sao-de-ribamar\/"]}]},{"@type":"ImageObject","inLanguage":"pt-BR","@id":"https:\/\/www.blogsoestado.com\/danielmatos\/lais-alencar-comanda-encontro-da-juventude-em-sao-de-ribamar\/#primaryimage","url":"https:\/\/www.blogsoestado.com\/danielmatos\/files\/2020\/11\/IMG-20201104-WA0271.jpg","contentUrl":"https:\/\/www.blogsoestado.com\/danielmatos\/files\/2020\/11\/IMG-20201104-WA0271.jpg"},{"@type":"BreadcrumbList","@id":"https:\/\/www.blogsoestado.com\/danielmatos\/lais-alencar-comanda-encontro-da-juventude-em-sao-de-ribamar\/#breadcrumb","itemListElement":[{"@type":"ListItem","position":1,"name":"In\u00edcio","item":"https:\/\/www.blogsoestado.com\/danielmatos\/"},{"@type":"ListItem","position":2,"name":"La\u00eds Alencar comanda Encontro da Juventude em S\u00e3o Jos\u00e9 de Ribamar"}]},{"@type":"WebSite","@id":"https:\/\/www.blogsoestado.com\/danielmatos\/#website","url":"https:\/\/www.blogsoestado.com\/danielmatos\/","name":"Daniel Matos","description":"","potentialAction":[{"@type":"SearchAction","target":{"@type":"EntryPoint","urlTemplate":"https:\/\/www.blogsoestado.com\/danielmatos\/?s={search_term_string}"},"query-input":{"@type":"PropertyValueSpecification","valueRequired":true,"valueName":"search_term_string"}}],"inLanguage":"pt-BR"}]}},"jetpack_featured_media_url":"","_links":{"self":[{"href":"https:\/\/www.blogsoestado.com\/danielmatos\/wp-json\/wp\/v2\/posts\/79297","targetHints":{"allow":["GET"]}}],"collection":[{"href":"https:\/\/www.blogsoestado.com\/danielmatos\/wp-json\/wp\/v2\/posts"}],"about":[{"href":"https:\/\/www.blogsoestado.com\/danielmatos\/wp-json\/wp\/v2\/types\/post"}],"replies":[{"embeddable":true,"href":"https:\/\/www.blogsoestado.com\/danielmatos\/wp-json\/wp\/v2\/comments?post=79297"}],"version-history":[{"count":0,"href":"https:\/\/www.blogsoestado.com\/danielmatos\/wp-json\/wp\/v2\/posts\/79297\/revisions"}],"wp:attachment":[{"href":"https:\/\/www.blogsoestado.com\/danielmatos\/wp-json\/wp\/v2\/media?parent=79297"}],"wp:term":[{"taxonomy":"category","embeddable":true,"href":"https:\/\/www.blogsoestado.com\/danielmatos\/wp-json\/wp\/v2\/categories?post=79297"},{"taxonomy":"post_tag","embeddable":true,"href":"https:\/\/www.blogsoestado.com\/danielmatos\/wp-json\/wp\/v2\/tags?post=79297"}],"curies":[{"name":"wp","href":"https:\/\/api.w.org\/{rel}","templated":true}]}}