{"id":79305,"date":"2020-11-05T09:08:04","date_gmt":"2020-11-05T12:08:04","guid":{"rendered":"https:\/\/www.blogsoestado.com\/danielmatos\/?p=79305"},"modified":"2020-11-05T09:08:04","modified_gmt":"2020-11-05T12:08:04","slug":"mais-um-levantamento-aponta-cezar-bombeiro-como-provavel-reeleito","status":"publish","type":"post","link":"https:\/\/www.blogsoestado.com\/danielmatos\/mais-um-levantamento-aponta-cezar-bombeiro-como-provavel-reeleito\/","title":{"rendered":"Mais um levantamento aponta C\u00e9zar Bombeiro como prov\u00e1vel reeleito"},"content":{"rendered":"\n<div class=\"wp-block-image\"><figure class=\"aligncenter size-large\"><img decoding=\"async\" src=\"https:\/\/www.blogsoestado.com\/danielmatos\/files\/2020\/11\/IMG-20201018-WA0089-1024x682.jpg\" alt=\"\" class=\"wp-image-79306\"\/><figcaption>Vereador C\u00e9zar Bombeiro conta com o apoio de peso de Eduardo Braide e \u00e9 apontado como prov\u00e1vel reeleito<\/figcaption><\/figure><\/div>\n\n\n\n<p>Mais um levantamento inclui o vereador C\u00e9zar Bombeiro (PSD) entre os favoritos para ocupar assento na C\u00e2mara Municipal na pr\u00f3xima legislatura. Feita pelo blog do Lukas Carvalho, a sondagem leva em conta o volume de campanha nas ruas e o potencial pol\u00edtico e eleitoral de cada candidato.<\/p>\n\n\n\n<p>Faltando 10 dias para a elei\u00e7\u00e3o C\u00e9zar Bombeiro volta a  despontar como nome forte, tendo como praticamente certa a sua reelei\u00e7\u00e3o, gra\u00e7as ao trabalho comunit\u00e1rio que desenvolve antes mesmo de conquistar o mandato em diversas \u00e1reas de S\u00e3o Lu\u00eds, com atua\u00e7\u00e3o mais presente no bairro Liberdade. <\/p>\n\n\n\n<p>O apoio declarado do candidato a prefeito da capital Eduardo Braide, l\u00edder disparado de todas as pesquisas de inten\u00e7\u00f5es de votos realizadas at\u00e9 agora \u00e9 outro diferencial importante, que explica a presen\u00e7a de C\u00e9zar Bombeiro entre os favoritos na elei\u00e7\u00e3o para a C\u00e2mara.<\/p>\n\n\n\n<p>Os progn\u00f3sticos indicam que Bombeiro ser\u00e1 o \u00fanico vereador do PSD a sair vitorioso das urnas. Caso se confirme, a reelei\u00e7\u00e3o do vereador nada mais ser\u00e1 do que o reconhecimento do povo ao seu trabalho s\u00e9rio, permanente e incans\u00e1vel em favor das comunidades.<\/p>\n\n\n\n<p>Confira <a href=\"http:\/\/blogdolukascarvalho.blogspot.com\/2020\/11\/confira-listagem-e-fotos-dos-candidatos.html?m=1\">aqui<\/a> o levantamento.<\/p>\n","protected":false},"excerpt":{"rendered":"<p>Mais um levantamento inclui o vereador C\u00e9zar Bombeiro (PSD) entre os favoritos para ocupar assento na C\u00e2mara Municipal na pr\u00f3xima [&hellip;]<\/p>\n","protected":false},"author":0,"featured_media":0,"comment_status":"open","ping_status":"open","sticky":false,"template":"","format":"standard","meta":{"site-sidebar-layout":"default","site-content-layout":"","ast-site-content-layout":"default","site-content-style":"default","site-sidebar-style":"default","ast-global-header-display":"","ast-banner-title-visibility":"","ast-main-header-display":"","ast-hfb-above-header-display":"","ast-hfb-below-header-display":"","ast-hfb-mobile-header-display":"","site-post-title":"","ast-breadcrumbs-content":"","ast-featured-img":"","footer-sml-layout":"","ast-disable-related-posts":"","theme-transparent-header-meta":"","adv-header-id-meta":"","stick-header-meta":"","header-above-stick-meta":"","header-main-stick-meta":"","header-below-stick-meta":"","astra-migrate-meta-layouts":"default","ast-page-background-enabled":"default","ast-page-background-meta":{"desktop":{"background-color":"var(--ast-global-color-5)","background-image":"","background-repeat":"repeat","background-position":"center center","background-size":"auto","background-attachment":"scroll","background-type":"","background-media":"","overlay-type":"","overlay-color":"","overlay-opacity":"","overlay-gradient":""},"tablet":{"background-color":"","background-image":"","background-repeat":"repeat","background-position":"center center","background-size":"auto","background-attachment":"scroll","background-type":"","background-media":"","overlay-type":"","overlay-color":"","overlay-opacity":"","overlay-gradient":""},"mobile":{"background-color":"","background-image":"","background-repeat":"repeat","background-position":"center center","background-size":"auto","background-attachment":"scroll","background-type":"","background-media":"","overlay-type":"","overlay-color":"","overlay-opacity":"","overlay-gradient":""}},"ast-content-background-meta":{"desktop":{"background-color":"var(--ast-global-color-4)","background-image":"","background-repeat":"repeat","background-position":"center center","background-size":"auto","background-attachment":"scroll","background-type":"","background-media":"","overlay-type":"","overlay-color":"","overlay-opacity":"","overlay-gradient":""},"tablet":{"background-color":"var(--ast-global-color-4)","background-image":"","background-repeat":"repeat","background-position":"center center","background-size":"auto","background-attachment":"scroll","background-type":"","background-media":"","overlay-type":"","overlay-color":"","overlay-opacity":"","overlay-gradient":""},"mobile":{"background-color":"var(--ast-global-color-4)","background-image":"","background-repeat":"repeat","background-position":"center center","background-size":"auto","background-attachment":"scroll","background-type":"","background-media":"","overlay-type":"","overlay-color":"","overlay-opacity":"","overlay-gradient":""}},"footnotes":""},"categories":[1],"tags":[],"class_list":["post-79305","post","type-post","status-publish","format-standard","hentry","category-sem-categoria"],"yoast_head":"<!-- This site is optimized with the Yoast SEO plugin v26.6 - https:\/\/yoast.com\/wordpress\/plugins\/seo\/ -->\n<title>Mais um levantamento aponta C\u00e9zar Bombeiro como prov\u00e1vel reeleito - Daniel Matos<\/title>\n<meta name=\"robots\" content=\"index, follow, max-snippet:-1, max-image-preview:large, max-video-preview:-1\" \/>\n<link rel=\"canonical\" href=\"https:\/\/www.blogsoestado.com\/danielmatos\/mais-um-levantamento-aponta-cezar-bombeiro-como-provavel-reeleito\/\" \/>\n<meta property=\"og:locale\" content=\"pt_BR\" \/>\n<meta property=\"og:type\" content=\"article\" \/>\n<meta property=\"og:title\" content=\"Mais um levantamento aponta C\u00e9zar Bombeiro como prov\u00e1vel reeleito - Daniel Matos\" \/>\n<meta property=\"og:description\" content=\"Mais um levantamento inclui o vereador C\u00e9zar Bombeiro (PSD) entre os favoritos para ocupar assento na C\u00e2mara Municipal na pr\u00f3xima [&hellip;]\" \/>\n<meta property=\"og:url\" content=\"https:\/\/www.blogsoestado.com\/danielmatos\/mais-um-levantamento-aponta-cezar-bombeiro-como-provavel-reeleito\/\" \/>\n<meta property=\"og:site_name\" content=\"Daniel Matos\" \/>\n<meta property=\"article:published_time\" content=\"2020-11-05T12:08:04+00:00\" \/>\n<meta property=\"og:image\" content=\"https:\/\/www.blogsoestado.com\/danielmatos\/files\/2020\/11\/IMG-20201018-WA0089-1024x682.jpg\" \/>\n<meta name=\"twitter:card\" content=\"summary_large_image\" \/>\n<meta name=\"twitter:label1\" content=\"Est. tempo de leitura\" \/>\n\t<meta name=\"twitter:data1\" content=\"1 minuto\" \/>\n<script type=\"application\/ld+json\" class=\"yoast-schema-graph\">{\"@context\":\"https:\/\/schema.org\",\"@graph\":[{\"@type\":\"WebPage\",\"@id\":\"https:\/\/www.blogsoestado.com\/danielmatos\/mais-um-levantamento-aponta-cezar-bombeiro-como-provavel-reeleito\/\",\"url\":\"https:\/\/www.blogsoestado.com\/danielmatos\/mais-um-levantamento-aponta-cezar-bombeiro-como-provavel-reeleito\/\",\"name\":\"Mais um levantamento aponta C\u00e9zar Bombeiro como prov\u00e1vel reeleito - Daniel Matos\",\"isPartOf\":{\"@id\":\"https:\/\/www.blogsoestado.com\/danielmatos\/#website\"},\"primaryImageOfPage\":{\"@id\":\"https:\/\/www.blogsoestado.com\/danielmatos\/mais-um-levantamento-aponta-cezar-bombeiro-como-provavel-reeleito\/#primaryimage\"},\"image\":{\"@id\":\"https:\/\/www.blogsoestado.com\/danielmatos\/mais-um-levantamento-aponta-cezar-bombeiro-como-provavel-reeleito\/#primaryimage\"},\"thumbnailUrl\":\"https:\/\/www.blogsoestado.com\/danielmatos\/files\/2020\/11\/IMG-20201018-WA0089-1024x682.jpg\",\"datePublished\":\"2020-11-05T12:08:04+00:00\",\"author\":{\"@id\":\"\"},\"breadcrumb\":{\"@id\":\"https:\/\/www.blogsoestado.com\/danielmatos\/mais-um-levantamento-aponta-cezar-bombeiro-como-provavel-reeleito\/#breadcrumb\"},\"inLanguage\":\"pt-BR\",\"potentialAction\":[{\"@type\":\"ReadAction\",\"target\":[\"https:\/\/www.blogsoestado.com\/danielmatos\/mais-um-levantamento-aponta-cezar-bombeiro-como-provavel-reeleito\/\"]}]},{\"@type\":\"ImageObject\",\"inLanguage\":\"pt-BR\",\"@id\":\"https:\/\/www.blogsoestado.com\/danielmatos\/mais-um-levantamento-aponta-cezar-bombeiro-como-provavel-reeleito\/#primaryimage\",\"url\":\"https:\/\/www.blogsoestado.com\/danielmatos\/files\/2020\/11\/IMG-20201018-WA0089-1024x682.jpg\",\"contentUrl\":\"https:\/\/www.blogsoestado.com\/danielmatos\/files\/2020\/11\/IMG-20201018-WA0089-1024x682.jpg\"},{\"@type\":\"BreadcrumbList\",\"@id\":\"https:\/\/www.blogsoestado.com\/danielmatos\/mais-um-levantamento-aponta-cezar-bombeiro-como-provavel-reeleito\/#breadcrumb\",\"itemListElement\":[{\"@type\":\"ListItem\",\"position\":1,\"name\":\"In\u00edcio\",\"item\":\"https:\/\/www.blogsoestado.com\/danielmatos\/\"},{\"@type\":\"ListItem\",\"position\":2,\"name\":\"Mais um levantamento aponta C\u00e9zar Bombeiro como prov\u00e1vel reeleito\"}]},{\"@type\":\"WebSite\",\"@id\":\"https:\/\/www.blogsoestado.com\/danielmatos\/#website\",\"url\":\"https:\/\/www.blogsoestado.com\/danielmatos\/\",\"name\":\"Daniel Matos\",\"description\":\"\",\"potentialAction\":[{\"@type\":\"SearchAction\",\"target\":{\"@type\":\"EntryPoint\",\"urlTemplate\":\"https:\/\/www.blogsoestado.com\/danielmatos\/?s={search_term_string}\"},\"query-input\":{\"@type\":\"PropertyValueSpecification\",\"valueRequired\":true,\"valueName\":\"search_term_string\"}}],\"inLanguage\":\"pt-BR\"}]}<\/script>\n<!-- \/ Yoast SEO plugin. -->","yoast_head_json":{"title":"Mais um levantamento aponta C\u00e9zar Bombeiro como prov\u00e1vel reeleito - Daniel Matos","robots":{"index":"index","follow":"follow","max-snippet":"max-snippet:-1","max-image-preview":"max-image-preview:large","max-video-preview":"max-video-preview:-1"},"canonical":"https:\/\/www.blogsoestado.com\/danielmatos\/mais-um-levantamento-aponta-cezar-bombeiro-como-provavel-reeleito\/","og_locale":"pt_BR","og_type":"article","og_title":"Mais um levantamento aponta C\u00e9zar Bombeiro como prov\u00e1vel reeleito - Daniel Matos","og_description":"Mais um levantamento inclui o vereador C\u00e9zar Bombeiro (PSD) entre os favoritos para ocupar assento na C\u00e2mara Municipal na pr\u00f3xima [&hellip;]","og_url":"https:\/\/www.blogsoestado.com\/danielmatos\/mais-um-levantamento-aponta-cezar-bombeiro-como-provavel-reeleito\/","og_site_name":"Daniel Matos","article_published_time":"2020-11-05T12:08:04+00:00","og_image":[{"url":"https:\/\/www.blogsoestado.com\/danielmatos\/files\/2020\/11\/IMG-20201018-WA0089-1024x682.jpg","type":"","width":"","height":""}],"twitter_card":"summary_large_image","twitter_misc":{"Est. tempo de leitura":"1 minuto"},"schema":{"@context":"https:\/\/schema.org","@graph":[{"@type":"WebPage","@id":"https:\/\/www.blogsoestado.com\/danielmatos\/mais-um-levantamento-aponta-cezar-bombeiro-como-provavel-reeleito\/","url":"https:\/\/www.blogsoestado.com\/danielmatos\/mais-um-levantamento-aponta-cezar-bombeiro-como-provavel-reeleito\/","name":"Mais um levantamento aponta C\u00e9zar Bombeiro como prov\u00e1vel reeleito - Daniel Matos","isPartOf":{"@id":"https:\/\/www.blogsoestado.com\/danielmatos\/#website"},"primaryImageOfPage":{"@id":"https:\/\/www.blogsoestado.com\/danielmatos\/mais-um-levantamento-aponta-cezar-bombeiro-como-provavel-reeleito\/#primaryimage"},"image":{"@id":"https:\/\/www.blogsoestado.com\/danielmatos\/mais-um-levantamento-aponta-cezar-bombeiro-como-provavel-reeleito\/#primaryimage"},"thumbnailUrl":"https:\/\/www.blogsoestado.com\/danielmatos\/files\/2020\/11\/IMG-20201018-WA0089-1024x682.jpg","datePublished":"2020-11-05T12:08:04+00:00","author":{"@id":""},"breadcrumb":{"@id":"https:\/\/www.blogsoestado.com\/danielmatos\/mais-um-levantamento-aponta-cezar-bombeiro-como-provavel-reeleito\/#breadcrumb"},"inLanguage":"pt-BR","potentialAction":[{"@type":"ReadAction","target":["https:\/\/www.blogsoestado.com\/danielmatos\/mais-um-levantamento-aponta-cezar-bombeiro-como-provavel-reeleito\/"]}]},{"@type":"ImageObject","inLanguage":"pt-BR","@id":"https:\/\/www.blogsoestado.com\/danielmatos\/mais-um-levantamento-aponta-cezar-bombeiro-como-provavel-reeleito\/#primaryimage","url":"https:\/\/www.blogsoestado.com\/danielmatos\/files\/2020\/11\/IMG-20201018-WA0089-1024x682.jpg","contentUrl":"https:\/\/www.blogsoestado.com\/danielmatos\/files\/2020\/11\/IMG-20201018-WA0089-1024x682.jpg"},{"@type":"BreadcrumbList","@id":"https:\/\/www.blogsoestado.com\/danielmatos\/mais-um-levantamento-aponta-cezar-bombeiro-como-provavel-reeleito\/#breadcrumb","itemListElement":[{"@type":"ListItem","position":1,"name":"In\u00edcio","item":"https:\/\/www.blogsoestado.com\/danielmatos\/"},{"@type":"ListItem","position":2,"name":"Mais um levantamento aponta C\u00e9zar Bombeiro como prov\u00e1vel reeleito"}]},{"@type":"WebSite","@id":"https:\/\/www.blogsoestado.com\/danielmatos\/#website","url":"https:\/\/www.blogsoestado.com\/danielmatos\/","name":"Daniel Matos","description":"","potentialAction":[{"@type":"SearchAction","target":{"@type":"EntryPoint","urlTemplate":"https:\/\/www.blogsoestado.com\/danielmatos\/?s={search_term_string}"},"query-input":{"@type":"PropertyValueSpecification","valueRequired":true,"valueName":"search_term_string"}}],"inLanguage":"pt-BR"}]}},"jetpack_featured_media_url":"","_links":{"self":[{"href":"https:\/\/www.blogsoestado.com\/danielmatos\/wp-json\/wp\/v2\/posts\/79305","targetHints":{"allow":["GET"]}}],"collection":[{"href":"https:\/\/www.blogsoestado.com\/danielmatos\/wp-json\/wp\/v2\/posts"}],"about":[{"href":"https:\/\/www.blogsoestado.com\/danielmatos\/wp-json\/wp\/v2\/types\/post"}],"replies":[{"embeddable":true,"href":"https:\/\/www.blogsoestado.com\/danielmatos\/wp-json\/wp\/v2\/comments?post=79305"}],"version-history":[{"count":0,"href":"https:\/\/www.blogsoestado.com\/danielmatos\/wp-json\/wp\/v2\/posts\/79305\/revisions"}],"wp:attachment":[{"href":"https:\/\/www.blogsoestado.com\/danielmatos\/wp-json\/wp\/v2\/media?parent=79305"}],"wp:term":[{"taxonomy":"category","embeddable":true,"href":"https:\/\/www.blogsoestado.com\/danielmatos\/wp-json\/wp\/v2\/categories?post=79305"},{"taxonomy":"post_tag","embeddable":true,"href":"https:\/\/www.blogsoestado.com\/danielmatos\/wp-json\/wp\/v2\/tags?post=79305"}],"curies":[{"name":"wp","href":"https:\/\/api.w.org\/{rel}","templated":true}]}}