{"id":79325,"date":"2020-11-05T14:15:49","date_gmt":"2020-11-05T17:15:49","guid":{"rendered":"https:\/\/www.blogsoestado.com\/danielmatos\/?p=79325"},"modified":"2020-11-05T14:15:49","modified_gmt":"2020-11-05T17:15:49","slug":"em-carolina-othelino-reitera-apoio-a-candidatura-de-gilma-barros","status":"publish","type":"post","link":"https:\/\/www.blogsoestado.com\/danielmatos\/em-carolina-othelino-reitera-apoio-a-candidatura-de-gilma-barros\/","title":{"rendered":"Em Carolina, Othelino reitera apoio \u00e0 candidatura de Gilma Barros"},"content":{"rendered":"\n<div class=\"wp-block-image\"><figure class=\"aligncenter size-large\"><img decoding=\"async\" src=\"https:\/\/www.blogsoestado.com\/danielmatos\/files\/2020\/11\/IMG-20201105-WA0176-1024x683.jpg\" alt=\"\" class=\"wp-image-79326\"\/><figcaption>Othelino Neto disse ser um entusiasta da candidatura de Gilma Barros<\/figcaption><\/figure><\/div>\n\n\n\n<p>O presidente da Assembleia Legislativa do Maranh\u00e3o, deputado Othelino Neto (PCdoB), participou, na quarta-feira (4), da grande &#8216;Caminhada da Vit\u00f3ria&#8217;, seguida de com\u00edcio, que marcou a campanha de Gilma Barros (DEM) \u00e0 Prefeitura de Carolina e de seu companheiro de chapa, Iran Rocha (DEM), candidato a vice-prefeito. No evento, o parlamentar destacou a trajet\u00f3ria da candidata como lideran\u00e7a da regi\u00e3o e a sua luta permanente em favor do desenvolvimento da &#8220;Cidade Paraiso das \u00c1guas&#8221;, como \u00e9 conhecida, e pelo bem-estar da popula\u00e7\u00e3o carolinense.<\/p>\n\n\n\n<div class=\"wp-block-image\"><figure class=\"aligncenter size-large\"><img decoding=\"async\" src=\"https:\/\/www.blogsoestado.com\/danielmatos\/files\/2020\/11\/IMG-20201105-WA0177-1024x683.jpg\" alt=\"\" class=\"wp-image-79327\"\/><figcaption>Othelino foi para o meio do povo sentir a vibra\u00e7\u00e3o da campanha de Gilma.Barros<\/figcaption><\/figure><\/div>\n\n\n\n<p>O ato pol\u00edtico come\u00e7ou com uma caminhada realizada pelas ruas do bairro Nova Carolina, um dos mais populosos da cidade. Em apoio a Gilma e Iran, milhares de apoiadores entusiasmados percorreram um longo percurso at\u00e9 a rua Caraj\u00e1s, onde foi realizado o com\u00edcio.<\/p>\n\n\n\n<p>O deputado Othelino afirmou ser um entusiasta da candidatura de Gilma Barros pelas muitas qualidades que ela tem, sempre sens\u00edvel com as demandas da popula\u00e7\u00e3o de Carolina.<\/p>\n\n\n\n<div class=\"wp-block-image\"><figure class=\"aligncenter size-large\"><img decoding=\"async\" src=\"https:\/\/www.blogsoestado.com\/danielmatos\/files\/2020\/11\/IMG-20201105-WA0178-1024x683.jpg\" alt=\"\" class=\"wp-image-79328\"\/><figcaption>Othelino, Gilma Barros e aliados no palanque em gesto que simbolizou uni\u00e3o do grupo pol\u00edtico<\/figcaption><\/figure><\/div>\n\n\n\n<p>&#8220;Gilma \u00e9 uma leg\u00edtima filha desta terra e, al\u00e9m disso, \u00e9 a mais capacitada para administrar a cidade porque sabe exatamente o que fazer para valorizar todos os atrativos que Carolina tem como cidade tur\u00edstica, sem deixar de priorizar os servi\u00e7os que promovam o bem-estar do povo carolinense. O grupo pol\u00edtico de Gilma j\u00e1 tem grandes trabalhos executados na cidade e vai fazer muito mais agora &#8220;, afirmou Othelino.<\/p>\n\n\n\n<div class=\"wp-block-image\"><figure class=\"aligncenter size-large\"><img decoding=\"async\" src=\"https:\/\/www.blogsoestado.com\/danielmatos\/files\/2020\/11\/IMG-20201105-WA0179-1024x683.jpg\" alt=\"\" class=\"wp-image-79329\"\/><figcaption>Othelino foi abra\u00e7ado pela milit\u00e2ncia, que agradeceu a ele o apoio \u00e0 candidatura de Gilma Barros<\/figcaption><\/figure><\/div>\n\n\n\n<p>O parlamentar ressaltou ainda que os muitos atrativos ofertados pelo munic\u00edpio, com sua exuber\u00e2ncia natural e sendo um dos mais importantes destinos tur\u00edsticos do Maranh\u00e3o, fazem de Carolina uma cidade especial. &#8220;Por esse e outros aspectos, merece gestores que entendam essa voca\u00e7\u00e3o do lugar e saibam cuidar com carinho do seu povo e dos visitantes. E Gilma ter\u00e1 esse olhar especial como gestora&#8221;, frisou.<\/p>\n\n\n\n<p><em><strong>Apoio<\/strong><\/em><\/p>\n\n\n\n<p>Gilma Barros agradeceu a presen\u00e7a do deputado no ato, que promoveu uma verdadeira onda verde pelas ruas da cidade, e afirmou que est\u00e1 preparada para transformar Carolina na cidade que ela merece ser. &#8220;Temos problemas de toda ordem aqui, que precisam ser resolvidos urgentemente, e \u00e9 isso que eu quero fazer com o apoio de pessoas comprometidas com a nossa cidade, como o deputado Othelino. \u00c9 para colocar Carolina no caminho do progresso, valorizando suas riquezas naturais e sua gente, que quero administrar nossa cidade&#8221;, ressaltou a candidata.<\/p>\n\n\n\n<div class=\"wp-block-image\"><figure class=\"aligncenter size-large\"><img decoding=\"async\" src=\"https:\/\/www.blogsoestado.com\/danielmatos\/files\/2020\/11\/IMG-20201105-WA0180-1024x683.jpg\" alt=\"\" class=\"wp-image-79330\"\/><figcaption>O povo prestigiou em massa o ato pol\u00edtico liderado por Gilma Barros com a presen\u00e7a de Othelino Neto<\/figcaption><\/figure><\/div>\n\n\n\n<p>Para isso, ela contar\u00e1 com Iran Rocha, candidato a vice-prefeito. &#8220;Nosso projeto para Carolina \u00e9 o mais completo e abrange todas as \u00e1reas. S\u00e3o propostas fact\u00edveis registradas em cart\u00f3rio, contemplando, entre outras, a realiza\u00e7\u00e3o de concurso p\u00fablico, a contrata\u00e7\u00e3o de mais m\u00e9dicos para as unidades de sa\u00fade e a constru\u00e7\u00e3o de moradias populares&#8221;, pontuou Iran.<\/p>\n","protected":false},"excerpt":{"rendered":"<p>O presidente da Assembleia Legislativa do Maranh\u00e3o, deputado Othelino Neto (PCdoB), participou, na quarta-feira (4), da grande &#8216;Caminhada da Vit\u00f3ria&#8217;, [&hellip;]<\/p>\n","protected":false},"author":0,"featured_media":0,"comment_status":"open","ping_status":"open","sticky":false,"template":"","format":"standard","meta":{"site-sidebar-layout":"default","site-content-layout":"","ast-site-content-layout":"default","site-content-style":"default","site-sidebar-style":"default","ast-global-header-display":"","ast-banner-title-visibility":"","ast-main-header-display":"","ast-hfb-above-header-display":"","ast-hfb-below-header-display":"","ast-hfb-mobile-header-display":"","site-post-title":"","ast-breadcrumbs-content":"","ast-featured-img":"","footer-sml-layout":"","ast-disable-related-posts":"","theme-transparent-header-meta":"","adv-header-id-meta":"","stick-header-meta":"","header-above-stick-meta":"","header-main-stick-meta":"","header-below-stick-meta":"","astra-migrate-meta-layouts":"default","ast-page-background-enabled":"default","ast-page-background-meta":{"desktop":{"background-color":"var(--ast-global-color-5)","background-image":"","background-repeat":"repeat","background-position":"center center","background-size":"auto","background-attachment":"scroll","background-type":"","background-media":"","overlay-type":"","overlay-color":"","overlay-opacity":"","overlay-gradient":""},"tablet":{"background-color":"","background-image":"","background-repeat":"repeat","background-position":"center center","background-size":"auto","background-attachment":"scroll","background-type":"","background-media":"","overlay-type":"","overlay-color":"","overlay-opacity":"","overlay-gradient":""},"mobile":{"background-color":"","background-image":"","background-repeat":"repeat","background-position":"center center","background-size":"auto","background-attachment":"scroll","background-type":"","background-media":"","overlay-type":"","overlay-color":"","overlay-opacity":"","overlay-gradient":""}},"ast-content-background-meta":{"desktop":{"background-color":"var(--ast-global-color-4)","background-image":"","background-repeat":"repeat","background-position":"center center","background-size":"auto","background-attachment":"scroll","background-type":"","background-media":"","overlay-type":"","overlay-color":"","overlay-opacity":"","overlay-gradient":""},"tablet":{"background-color":"var(--ast-global-color-4)","background-image":"","background-repeat":"repeat","background-position":"center center","background-size":"auto","background-attachment":"scroll","background-type":"","background-media":"","overlay-type":"","overlay-color":"","overlay-opacity":"","overlay-gradient":""},"mobile":{"background-color":"var(--ast-global-color-4)","background-image":"","background-repeat":"repeat","background-position":"center center","background-size":"auto","background-attachment":"scroll","background-type":"","background-media":"","overlay-type":"","overlay-color":"","overlay-opacity":"","overlay-gradient":""}},"footnotes":""},"categories":[1],"tags":[],"class_list":["post-79325","post","type-post","status-publish","format-standard","hentry","category-sem-categoria"],"yoast_head":"<!-- This site is optimized with the Yoast SEO plugin v26.6 - https:\/\/yoast.com\/wordpress\/plugins\/seo\/ -->\n<title>Em Carolina, Othelino reitera apoio \u00e0 candidatura de Gilma Barros - Daniel Matos<\/title>\n<meta name=\"robots\" content=\"index, follow, max-snippet:-1, max-image-preview:large, max-video-preview:-1\" \/>\n<link rel=\"canonical\" href=\"https:\/\/www.blogsoestado.com\/danielmatos\/em-carolina-othelino-reitera-apoio-a-candidatura-de-gilma-barros\/\" \/>\n<meta property=\"og:locale\" content=\"pt_BR\" \/>\n<meta property=\"og:type\" content=\"article\" \/>\n<meta property=\"og:title\" content=\"Em Carolina, Othelino reitera apoio \u00e0 candidatura de Gilma Barros - Daniel Matos\" \/>\n<meta property=\"og:description\" content=\"O presidente da Assembleia Legislativa do Maranh\u00e3o, deputado Othelino Neto (PCdoB), participou, na quarta-feira (4), da grande &#8216;Caminhada da Vit\u00f3ria&#8217;, [&hellip;]\" \/>\n<meta property=\"og:url\" content=\"https:\/\/www.blogsoestado.com\/danielmatos\/em-carolina-othelino-reitera-apoio-a-candidatura-de-gilma-barros\/\" \/>\n<meta property=\"og:site_name\" content=\"Daniel Matos\" \/>\n<meta property=\"article:published_time\" content=\"2020-11-05T17:15:49+00:00\" \/>\n<meta property=\"og:image\" content=\"https:\/\/www.blogsoestado.com\/danielmatos\/files\/2020\/11\/IMG-20201105-WA0176-1024x683.jpg\" \/>\n<meta name=\"twitter:card\" content=\"summary_large_image\" \/>\n<meta name=\"twitter:label1\" content=\"Est. tempo de leitura\" \/>\n\t<meta name=\"twitter:data1\" content=\"3 minutos\" \/>\n<script type=\"application\/ld+json\" class=\"yoast-schema-graph\">{\"@context\":\"https:\/\/schema.org\",\"@graph\":[{\"@type\":\"WebPage\",\"@id\":\"https:\/\/www.blogsoestado.com\/danielmatos\/em-carolina-othelino-reitera-apoio-a-candidatura-de-gilma-barros\/\",\"url\":\"https:\/\/www.blogsoestado.com\/danielmatos\/em-carolina-othelino-reitera-apoio-a-candidatura-de-gilma-barros\/\",\"name\":\"Em Carolina, Othelino reitera apoio \u00e0 candidatura de Gilma Barros - Daniel Matos\",\"isPartOf\":{\"@id\":\"https:\/\/www.blogsoestado.com\/danielmatos\/#website\"},\"primaryImageOfPage\":{\"@id\":\"https:\/\/www.blogsoestado.com\/danielmatos\/em-carolina-othelino-reitera-apoio-a-candidatura-de-gilma-barros\/#primaryimage\"},\"image\":{\"@id\":\"https:\/\/www.blogsoestado.com\/danielmatos\/em-carolina-othelino-reitera-apoio-a-candidatura-de-gilma-barros\/#primaryimage\"},\"thumbnailUrl\":\"https:\/\/www.blogsoestado.com\/danielmatos\/files\/2020\/11\/IMG-20201105-WA0176-1024x683.jpg\",\"datePublished\":\"2020-11-05T17:15:49+00:00\",\"author\":{\"@id\":\"\"},\"breadcrumb\":{\"@id\":\"https:\/\/www.blogsoestado.com\/danielmatos\/em-carolina-othelino-reitera-apoio-a-candidatura-de-gilma-barros\/#breadcrumb\"},\"inLanguage\":\"pt-BR\",\"potentialAction\":[{\"@type\":\"ReadAction\",\"target\":[\"https:\/\/www.blogsoestado.com\/danielmatos\/em-carolina-othelino-reitera-apoio-a-candidatura-de-gilma-barros\/\"]}]},{\"@type\":\"ImageObject\",\"inLanguage\":\"pt-BR\",\"@id\":\"https:\/\/www.blogsoestado.com\/danielmatos\/em-carolina-othelino-reitera-apoio-a-candidatura-de-gilma-barros\/#primaryimage\",\"url\":\"https:\/\/www.blogsoestado.com\/danielmatos\/files\/2020\/11\/IMG-20201105-WA0176-1024x683.jpg\",\"contentUrl\":\"https:\/\/www.blogsoestado.com\/danielmatos\/files\/2020\/11\/IMG-20201105-WA0176-1024x683.jpg\"},{\"@type\":\"BreadcrumbList\",\"@id\":\"https:\/\/www.blogsoestado.com\/danielmatos\/em-carolina-othelino-reitera-apoio-a-candidatura-de-gilma-barros\/#breadcrumb\",\"itemListElement\":[{\"@type\":\"ListItem\",\"position\":1,\"name\":\"In\u00edcio\",\"item\":\"https:\/\/www.blogsoestado.com\/danielmatos\/\"},{\"@type\":\"ListItem\",\"position\":2,\"name\":\"Em Carolina, Othelino reitera apoio \u00e0 candidatura de Gilma Barros\"}]},{\"@type\":\"WebSite\",\"@id\":\"https:\/\/www.blogsoestado.com\/danielmatos\/#website\",\"url\":\"https:\/\/www.blogsoestado.com\/danielmatos\/\",\"name\":\"Daniel Matos\",\"description\":\"\",\"potentialAction\":[{\"@type\":\"SearchAction\",\"target\":{\"@type\":\"EntryPoint\",\"urlTemplate\":\"https:\/\/www.blogsoestado.com\/danielmatos\/?s={search_term_string}\"},\"query-input\":{\"@type\":\"PropertyValueSpecification\",\"valueRequired\":true,\"valueName\":\"search_term_string\"}}],\"inLanguage\":\"pt-BR\"}]}<\/script>\n<!-- \/ Yoast SEO plugin. -->","yoast_head_json":{"title":"Em Carolina, Othelino reitera apoio \u00e0 candidatura de Gilma Barros - Daniel Matos","robots":{"index":"index","follow":"follow","max-snippet":"max-snippet:-1","max-image-preview":"max-image-preview:large","max-video-preview":"max-video-preview:-1"},"canonical":"https:\/\/www.blogsoestado.com\/danielmatos\/em-carolina-othelino-reitera-apoio-a-candidatura-de-gilma-barros\/","og_locale":"pt_BR","og_type":"article","og_title":"Em Carolina, Othelino reitera apoio \u00e0 candidatura de Gilma Barros - Daniel Matos","og_description":"O presidente da Assembleia Legislativa do Maranh\u00e3o, deputado Othelino Neto (PCdoB), participou, na quarta-feira (4), da grande &#8216;Caminhada da Vit\u00f3ria&#8217;, [&hellip;]","og_url":"https:\/\/www.blogsoestado.com\/danielmatos\/em-carolina-othelino-reitera-apoio-a-candidatura-de-gilma-barros\/","og_site_name":"Daniel Matos","article_published_time":"2020-11-05T17:15:49+00:00","og_image":[{"url":"https:\/\/www.blogsoestado.com\/danielmatos\/files\/2020\/11\/IMG-20201105-WA0176-1024x683.jpg","type":"","width":"","height":""}],"twitter_card":"summary_large_image","twitter_misc":{"Est. tempo de leitura":"3 minutos"},"schema":{"@context":"https:\/\/schema.org","@graph":[{"@type":"WebPage","@id":"https:\/\/www.blogsoestado.com\/danielmatos\/em-carolina-othelino-reitera-apoio-a-candidatura-de-gilma-barros\/","url":"https:\/\/www.blogsoestado.com\/danielmatos\/em-carolina-othelino-reitera-apoio-a-candidatura-de-gilma-barros\/","name":"Em Carolina, Othelino reitera apoio \u00e0 candidatura de Gilma Barros - Daniel Matos","isPartOf":{"@id":"https:\/\/www.blogsoestado.com\/danielmatos\/#website"},"primaryImageOfPage":{"@id":"https:\/\/www.blogsoestado.com\/danielmatos\/em-carolina-othelino-reitera-apoio-a-candidatura-de-gilma-barros\/#primaryimage"},"image":{"@id":"https:\/\/www.blogsoestado.com\/danielmatos\/em-carolina-othelino-reitera-apoio-a-candidatura-de-gilma-barros\/#primaryimage"},"thumbnailUrl":"https:\/\/www.blogsoestado.com\/danielmatos\/files\/2020\/11\/IMG-20201105-WA0176-1024x683.jpg","datePublished":"2020-11-05T17:15:49+00:00","author":{"@id":""},"breadcrumb":{"@id":"https:\/\/www.blogsoestado.com\/danielmatos\/em-carolina-othelino-reitera-apoio-a-candidatura-de-gilma-barros\/#breadcrumb"},"inLanguage":"pt-BR","potentialAction":[{"@type":"ReadAction","target":["https:\/\/www.blogsoestado.com\/danielmatos\/em-carolina-othelino-reitera-apoio-a-candidatura-de-gilma-barros\/"]}]},{"@type":"ImageObject","inLanguage":"pt-BR","@id":"https:\/\/www.blogsoestado.com\/danielmatos\/em-carolina-othelino-reitera-apoio-a-candidatura-de-gilma-barros\/#primaryimage","url":"https:\/\/www.blogsoestado.com\/danielmatos\/files\/2020\/11\/IMG-20201105-WA0176-1024x683.jpg","contentUrl":"https:\/\/www.blogsoestado.com\/danielmatos\/files\/2020\/11\/IMG-20201105-WA0176-1024x683.jpg"},{"@type":"BreadcrumbList","@id":"https:\/\/www.blogsoestado.com\/danielmatos\/em-carolina-othelino-reitera-apoio-a-candidatura-de-gilma-barros\/#breadcrumb","itemListElement":[{"@type":"ListItem","position":1,"name":"In\u00edcio","item":"https:\/\/www.blogsoestado.com\/danielmatos\/"},{"@type":"ListItem","position":2,"name":"Em Carolina, Othelino reitera apoio \u00e0 candidatura de Gilma Barros"}]},{"@type":"WebSite","@id":"https:\/\/www.blogsoestado.com\/danielmatos\/#website","url":"https:\/\/www.blogsoestado.com\/danielmatos\/","name":"Daniel Matos","description":"","potentialAction":[{"@type":"SearchAction","target":{"@type":"EntryPoint","urlTemplate":"https:\/\/www.blogsoestado.com\/danielmatos\/?s={search_term_string}"},"query-input":{"@type":"PropertyValueSpecification","valueRequired":true,"valueName":"search_term_string"}}],"inLanguage":"pt-BR"}]}},"jetpack_featured_media_url":"","_links":{"self":[{"href":"https:\/\/www.blogsoestado.com\/danielmatos\/wp-json\/wp\/v2\/posts\/79325","targetHints":{"allow":["GET"]}}],"collection":[{"href":"https:\/\/www.blogsoestado.com\/danielmatos\/wp-json\/wp\/v2\/posts"}],"about":[{"href":"https:\/\/www.blogsoestado.com\/danielmatos\/wp-json\/wp\/v2\/types\/post"}],"replies":[{"embeddable":true,"href":"https:\/\/www.blogsoestado.com\/danielmatos\/wp-json\/wp\/v2\/comments?post=79325"}],"version-history":[{"count":0,"href":"https:\/\/www.blogsoestado.com\/danielmatos\/wp-json\/wp\/v2\/posts\/79325\/revisions"}],"wp:attachment":[{"href":"https:\/\/www.blogsoestado.com\/danielmatos\/wp-json\/wp\/v2\/media?parent=79325"}],"wp:term":[{"taxonomy":"category","embeddable":true,"href":"https:\/\/www.blogsoestado.com\/danielmatos\/wp-json\/wp\/v2\/categories?post=79325"},{"taxonomy":"post_tag","embeddable":true,"href":"https:\/\/www.blogsoestado.com\/danielmatos\/wp-json\/wp\/v2\/tags?post=79325"}],"curies":[{"name":"wp","href":"https:\/\/api.w.org\/{rel}","templated":true}]}}