{"id":79339,"date":"2020-11-10T14:22:42","date_gmt":"2020-11-10T17:22:42","guid":{"rendered":"https:\/\/www.blogsoestado.com\/danielmatos\/?p=79339"},"modified":"2020-11-10T14:22:42","modified_gmt":"2020-11-10T17:22:42","slug":"fred-campos-tenta-iludir-povo-de-paco-do-lumiar-com-maquete-virtual-de-obra-que-paula-ja-iniciou","status":"publish","type":"post","link":"https:\/\/www.blogsoestado.com\/danielmatos\/fred-campos-tenta-iludir-povo-de-paco-do-lumiar-com-maquete-virtual-de-obra-que-paula-ja-iniciou\/","title":{"rendered":"Fred Campos tenta iludir povo de Pa\u00e7o do Lumiar com maquete virtual de obra que Paula j\u00e1 iniciou"},"content":{"rendered":"\n<div class=\"wp-block-image\"><figure class=\"aligncenter size-large\"><img decoding=\"async\" src=\"https:\/\/www.blogsoestado.com\/danielmatos\/files\/2020\/11\/IMG_5791-1024x683.jpg\" alt=\"\" class=\"wp-image-79575\"\/><figcaption>O antigo Viva j\u00e1 foi isolado e est\u00e1 com obras em andamento para dar lugar \u00e0 Pra\u00e7a da Fam\u00edlia do Maiob\u00e3o<\/figcaption><\/figure><\/div>\n\n\n\n<p>O candidato a prefeito de Pa\u00e7o do Lumiar Fred Campos (PL) tenta mais uma vez iludir a popula\u00e7\u00e3o do munic\u00edpio, propagandeando, \u00e0s v\u00e9speras da elei\u00e7\u00e3o, um suposto projeto de revitaliza\u00e7\u00e3o do Maiob\u00e3o. Disposto a ludibriar eleitores desatentos, o astuto Fred encomendou maquetes virtuais da obra, que n\u00e3o passam de pe\u00e7as de computa\u00e7\u00e3o gr\u00e1fica, vendidas no mercado pela bagatela de US$ 22 (vinte e dois d\u00f3lares), algo em torno de R$ 118 (cento e dezoito reais), uma mixaria, se comparada aos fartos recursos da sua milion\u00e1ria campanha.<\/p>\n\n\n\n<div class=\"wp-block-image\"><figure class=\"aligncenter size-large\"><img decoding=\"async\" src=\"https:\/\/www.blogsoestado.com\/danielmatos\/files\/2020\/11\/IMG_5790-1-1024x683.jpg\" alt=\"\" class=\"wp-image-79577\"\/><figcaption>Logradouro ter\u00e1 espa\u00e7o para pr\u00e1ticas saud\u00e1veis, de lazer, esporte e cultura<\/figcaption><\/figure><\/div>\n\n\n\n<p>Mas, para desespero do candidato do PL, a prefeita Paula Azevedo (PCdoB), que disputa a reelei\u00e7\u00e3o e lidera as inten\u00e7\u00f5es de votos com ampla vantagem, a readequa\u00e7\u00e3o estrutural e urban\u00edstica do Viva Maiob\u00e3o j\u00e1 foi iniciada pela atual gest\u00e3o e est\u00e1 em pleno andamento, para se transformar no principal espa\u00e7o do munic\u00edpio destinado ao lazer, \u00e0 conviv\u00eancia, \u00e0 cultura e \u00e0 pr\u00e1tica de atividades saud\u00e1veis.<\/p>\n\n\n\n<div class=\"wp-block-image\"><figure class=\"aligncenter size-large\"><img decoding=\"async\" src=\"https:\/\/www.blogsoestado.com\/danielmatos\/files\/2020\/11\/IMG_5801-1024x683.jpg\" alt=\"\" class=\"wp-image-79578\"\/><figcaption>Obra j\u00e1 tem recursos garantidos e sua execu\u00e7\u00e3o ter\u00e1 apoio do governo estadual<\/figcaption><\/figure><\/div>\n\n\n\n<p>O projeto tocado pela administra\u00e7\u00e3o de Paula resultar\u00e1 em uma obra revolucion\u00e1ria, jamais vista na hist\u00f3ria de Pa\u00e7o do Lumiar. E \u00e9 algo real, concreto, n\u00e3o uma alegoria montada por designers de computa\u00e7\u00e3o gr\u00e1fica, com fim meramente eleitoreiro e que, certamente, n\u00e3o sair\u00e1 do papel, caso o principal opositor da prefeita saia vitorioso das urnas.<\/p>\n\n\n\n<div class=\"wp-block-image\"><figure class=\"aligncenter size-large\"><img decoding=\"async\" src=\"https:\/\/www.blogsoestado.com\/danielmatos\/files\/2020\/11\/IMG_5802-1024x683.jpg\" alt=\"\" class=\"wp-image-79579\"\/><figcaption>Oper\u00e1rio faz levantamento na \u00e1rea para dar andamento aos servi\u00e7os<\/figcaption><\/figure><\/div>\n\n\n\n<p>O logradouro em constru\u00e7\u00e3o j\u00e1 foi batizado com o sugestivo nome de Pra\u00e7a da Fam\u00edlia do Maiob\u00e3o. O projeto contempla revitaliza\u00e7\u00e3o de toda a \u00e1rea com reforma da quadra poliesportiva, reforma da quadra de areia, reforma da arquibancada, nova ilumina\u00e7\u00e3o, nova pagina\u00e7\u00e3o de piso. Ser\u00e1 constru\u00edda uma fonte luminosa, espa\u00e7o para brinquedos infantis com implanta\u00e7\u00e3o de um labirinto. Ser\u00e1 revitalizado o paisagismo existente com novos mobili\u00e1rios urbanos, como lixeiras, bancos e sinaliza\u00e7\u00e3o.<\/p>\n\n\n\n<div class=\"wp-block-image\"><figure class=\"aligncenter size-large\"><img decoding=\"async\" src=\"https:\/\/www.blogsoestado.com\/danielmatos\/files\/2020\/11\/IMG_5806-1024x683.jpg\" alt=\"\" class=\"wp-image-79580\"\/><figcaption>Equipe mobilizada no canteiro de obra: ritmo intenso garante celeridade \u00e0 execu\u00e7\u00e3o do projeto<\/figcaption><\/figure><\/div>\n\n\n\n<p>O ritmo de trabalho no canteiro de obras \u00e9 intenso e, dia ap\u00f3s dia, vai ganhando forma, deixando os luminenses cheios de boas expectativas. Totalmente o oposto da pe\u00e7a fantasiosa elaborada pela equipe de Fred Campos, que s\u00f3 pode ser contemplada na tela do notebook, PC, celular, tablet ou outra plataforma digital. <\/p>\n","protected":false},"excerpt":{"rendered":"<p>O candidato a prefeito de Pa\u00e7o do Lumiar Fred Campos (PL) tenta mais uma vez iludir a popula\u00e7\u00e3o do munic\u00edpio, [&hellip;]<\/p>\n","protected":false},"author":0,"featured_media":0,"comment_status":"open","ping_status":"open","sticky":false,"template":"","format":"standard","meta":{"site-sidebar-layout":"default","site-content-layout":"","ast-site-content-layout":"default","site-content-style":"default","site-sidebar-style":"default","ast-global-header-display":"","ast-banner-title-visibility":"","ast-main-header-display":"","ast-hfb-above-header-display":"","ast-hfb-below-header-display":"","ast-hfb-mobile-header-display":"","site-post-title":"","ast-breadcrumbs-content":"","ast-featured-img":"","footer-sml-layout":"","ast-disable-related-posts":"","theme-transparent-header-meta":"","adv-header-id-meta":"","stick-header-meta":"","header-above-stick-meta":"","header-main-stick-meta":"","header-below-stick-meta":"","astra-migrate-meta-layouts":"default","ast-page-background-enabled":"default","ast-page-background-meta":{"desktop":{"background-color":"var(--ast-global-color-5)","background-image":"","background-repeat":"repeat","background-position":"center center","background-size":"auto","background-attachment":"scroll","background-type":"","background-media":"","overlay-type":"","overlay-color":"","overlay-opacity":"","overlay-gradient":""},"tablet":{"background-color":"","background-image":"","background-repeat":"repeat","background-position":"center center","background-size":"auto","background-attachment":"scroll","background-type":"","background-media":"","overlay-type":"","overlay-color":"","overlay-opacity":"","overlay-gradient":""},"mobile":{"background-color":"","background-image":"","background-repeat":"repeat","background-position":"center center","background-size":"auto","background-attachment":"scroll","background-type":"","background-media":"","overlay-type":"","overlay-color":"","overlay-opacity":"","overlay-gradient":""}},"ast-content-background-meta":{"desktop":{"background-color":"var(--ast-global-color-4)","background-image":"","background-repeat":"repeat","background-position":"center center","background-size":"auto","background-attachment":"scroll","background-type":"","background-media":"","overlay-type":"","overlay-color":"","overlay-opacity":"","overlay-gradient":""},"tablet":{"background-color":"var(--ast-global-color-4)","background-image":"","background-repeat":"repeat","background-position":"center center","background-size":"auto","background-attachment":"scroll","background-type":"","background-media":"","overlay-type":"","overlay-color":"","overlay-opacity":"","overlay-gradient":""},"mobile":{"background-color":"var(--ast-global-color-4)","background-image":"","background-repeat":"repeat","background-position":"center center","background-size":"auto","background-attachment":"scroll","background-type":"","background-media":"","overlay-type":"","overlay-color":"","overlay-opacity":"","overlay-gradient":""}},"footnotes":""},"categories":[1],"tags":[],"class_list":["post-79339","post","type-post","status-publish","format-standard","hentry","category-sem-categoria"],"yoast_head":"<!-- This site is optimized with the Yoast SEO plugin v26.6 - https:\/\/yoast.com\/wordpress\/plugins\/seo\/ -->\n<title>Fred Campos tenta iludir povo de Pa\u00e7o do Lumiar com maquete virtual de obra que Paula j\u00e1 iniciou - Daniel Matos<\/title>\n<meta name=\"robots\" content=\"index, follow, max-snippet:-1, max-image-preview:large, max-video-preview:-1\" \/>\n<link rel=\"canonical\" href=\"https:\/\/www.blogsoestado.com\/danielmatos\/fred-campos-tenta-iludir-povo-de-paco-do-lumiar-com-maquete-virtual-de-obra-que-paula-ja-iniciou\/\" \/>\n<meta property=\"og:locale\" content=\"pt_BR\" \/>\n<meta property=\"og:type\" content=\"article\" \/>\n<meta property=\"og:title\" content=\"Fred Campos tenta iludir povo de Pa\u00e7o do Lumiar com maquete virtual de obra que Paula j\u00e1 iniciou - Daniel Matos\" \/>\n<meta property=\"og:description\" content=\"O candidato a prefeito de Pa\u00e7o do Lumiar Fred Campos (PL) tenta mais uma vez iludir a popula\u00e7\u00e3o do munic\u00edpio, [&hellip;]\" \/>\n<meta property=\"og:url\" content=\"https:\/\/www.blogsoestado.com\/danielmatos\/fred-campos-tenta-iludir-povo-de-paco-do-lumiar-com-maquete-virtual-de-obra-que-paula-ja-iniciou\/\" \/>\n<meta property=\"og:site_name\" content=\"Daniel Matos\" \/>\n<meta property=\"article:published_time\" content=\"2020-11-10T17:22:42+00:00\" \/>\n<meta property=\"og:image\" content=\"https:\/\/www.blogsoestado.com\/danielmatos\/files\/2020\/11\/IMG_5791-1024x683.jpg\" \/>\n<meta name=\"twitter:card\" content=\"summary_large_image\" \/>\n<meta name=\"twitter:label1\" content=\"Est. tempo de leitura\" \/>\n\t<meta name=\"twitter:data1\" content=\"2 minutos\" \/>\n<script type=\"application\/ld+json\" class=\"yoast-schema-graph\">{\"@context\":\"https:\/\/schema.org\",\"@graph\":[{\"@type\":\"WebPage\",\"@id\":\"https:\/\/www.blogsoestado.com\/danielmatos\/fred-campos-tenta-iludir-povo-de-paco-do-lumiar-com-maquete-virtual-de-obra-que-paula-ja-iniciou\/\",\"url\":\"https:\/\/www.blogsoestado.com\/danielmatos\/fred-campos-tenta-iludir-povo-de-paco-do-lumiar-com-maquete-virtual-de-obra-que-paula-ja-iniciou\/\",\"name\":\"Fred Campos tenta iludir povo de Pa\u00e7o do Lumiar com maquete virtual de obra que Paula j\u00e1 iniciou - Daniel Matos\",\"isPartOf\":{\"@id\":\"https:\/\/www.blogsoestado.com\/danielmatos\/#website\"},\"primaryImageOfPage\":{\"@id\":\"https:\/\/www.blogsoestado.com\/danielmatos\/fred-campos-tenta-iludir-povo-de-paco-do-lumiar-com-maquete-virtual-de-obra-que-paula-ja-iniciou\/#primaryimage\"},\"image\":{\"@id\":\"https:\/\/www.blogsoestado.com\/danielmatos\/fred-campos-tenta-iludir-povo-de-paco-do-lumiar-com-maquete-virtual-de-obra-que-paula-ja-iniciou\/#primaryimage\"},\"thumbnailUrl\":\"https:\/\/www.blogsoestado.com\/danielmatos\/files\/2020\/11\/IMG_5791-1024x683.jpg\",\"datePublished\":\"2020-11-10T17:22:42+00:00\",\"author\":{\"@id\":\"\"},\"breadcrumb\":{\"@id\":\"https:\/\/www.blogsoestado.com\/danielmatos\/fred-campos-tenta-iludir-povo-de-paco-do-lumiar-com-maquete-virtual-de-obra-que-paula-ja-iniciou\/#breadcrumb\"},\"inLanguage\":\"pt-BR\",\"potentialAction\":[{\"@type\":\"ReadAction\",\"target\":[\"https:\/\/www.blogsoestado.com\/danielmatos\/fred-campos-tenta-iludir-povo-de-paco-do-lumiar-com-maquete-virtual-de-obra-que-paula-ja-iniciou\/\"]}]},{\"@type\":\"ImageObject\",\"inLanguage\":\"pt-BR\",\"@id\":\"https:\/\/www.blogsoestado.com\/danielmatos\/fred-campos-tenta-iludir-povo-de-paco-do-lumiar-com-maquete-virtual-de-obra-que-paula-ja-iniciou\/#primaryimage\",\"url\":\"https:\/\/www.blogsoestado.com\/danielmatos\/files\/2020\/11\/IMG_5791-1024x683.jpg\",\"contentUrl\":\"https:\/\/www.blogsoestado.com\/danielmatos\/files\/2020\/11\/IMG_5791-1024x683.jpg\"},{\"@type\":\"BreadcrumbList\",\"@id\":\"https:\/\/www.blogsoestado.com\/danielmatos\/fred-campos-tenta-iludir-povo-de-paco-do-lumiar-com-maquete-virtual-de-obra-que-paula-ja-iniciou\/#breadcrumb\",\"itemListElement\":[{\"@type\":\"ListItem\",\"position\":1,\"name\":\"In\u00edcio\",\"item\":\"https:\/\/www.blogsoestado.com\/danielmatos\/\"},{\"@type\":\"ListItem\",\"position\":2,\"name\":\"Fred Campos tenta iludir povo de Pa\u00e7o do Lumiar com maquete virtual de obra que Paula j\u00e1 iniciou\"}]},{\"@type\":\"WebSite\",\"@id\":\"https:\/\/www.blogsoestado.com\/danielmatos\/#website\",\"url\":\"https:\/\/www.blogsoestado.com\/danielmatos\/\",\"name\":\"Daniel Matos\",\"description\":\"\",\"potentialAction\":[{\"@type\":\"SearchAction\",\"target\":{\"@type\":\"EntryPoint\",\"urlTemplate\":\"https:\/\/www.blogsoestado.com\/danielmatos\/?s={search_term_string}\"},\"query-input\":{\"@type\":\"PropertyValueSpecification\",\"valueRequired\":true,\"valueName\":\"search_term_string\"}}],\"inLanguage\":\"pt-BR\"}]}<\/script>\n<!-- \/ Yoast SEO plugin. -->","yoast_head_json":{"title":"Fred Campos tenta iludir povo de Pa\u00e7o do Lumiar com maquete virtual de obra que Paula j\u00e1 iniciou - Daniel Matos","robots":{"index":"index","follow":"follow","max-snippet":"max-snippet:-1","max-image-preview":"max-image-preview:large","max-video-preview":"max-video-preview:-1"},"canonical":"https:\/\/www.blogsoestado.com\/danielmatos\/fred-campos-tenta-iludir-povo-de-paco-do-lumiar-com-maquete-virtual-de-obra-que-paula-ja-iniciou\/","og_locale":"pt_BR","og_type":"article","og_title":"Fred Campos tenta iludir povo de Pa\u00e7o do Lumiar com maquete virtual de obra que Paula j\u00e1 iniciou - Daniel Matos","og_description":"O candidato a prefeito de Pa\u00e7o do Lumiar Fred Campos (PL) tenta mais uma vez iludir a popula\u00e7\u00e3o do munic\u00edpio, [&hellip;]","og_url":"https:\/\/www.blogsoestado.com\/danielmatos\/fred-campos-tenta-iludir-povo-de-paco-do-lumiar-com-maquete-virtual-de-obra-que-paula-ja-iniciou\/","og_site_name":"Daniel Matos","article_published_time":"2020-11-10T17:22:42+00:00","og_image":[{"url":"https:\/\/www.blogsoestado.com\/danielmatos\/files\/2020\/11\/IMG_5791-1024x683.jpg","type":"","width":"","height":""}],"twitter_card":"summary_large_image","twitter_misc":{"Est. tempo de leitura":"2 minutos"},"schema":{"@context":"https:\/\/schema.org","@graph":[{"@type":"WebPage","@id":"https:\/\/www.blogsoestado.com\/danielmatos\/fred-campos-tenta-iludir-povo-de-paco-do-lumiar-com-maquete-virtual-de-obra-que-paula-ja-iniciou\/","url":"https:\/\/www.blogsoestado.com\/danielmatos\/fred-campos-tenta-iludir-povo-de-paco-do-lumiar-com-maquete-virtual-de-obra-que-paula-ja-iniciou\/","name":"Fred Campos tenta iludir povo de Pa\u00e7o do Lumiar com maquete virtual de obra que Paula j\u00e1 iniciou - Daniel Matos","isPartOf":{"@id":"https:\/\/www.blogsoestado.com\/danielmatos\/#website"},"primaryImageOfPage":{"@id":"https:\/\/www.blogsoestado.com\/danielmatos\/fred-campos-tenta-iludir-povo-de-paco-do-lumiar-com-maquete-virtual-de-obra-que-paula-ja-iniciou\/#primaryimage"},"image":{"@id":"https:\/\/www.blogsoestado.com\/danielmatos\/fred-campos-tenta-iludir-povo-de-paco-do-lumiar-com-maquete-virtual-de-obra-que-paula-ja-iniciou\/#primaryimage"},"thumbnailUrl":"https:\/\/www.blogsoestado.com\/danielmatos\/files\/2020\/11\/IMG_5791-1024x683.jpg","datePublished":"2020-11-10T17:22:42+00:00","author":{"@id":""},"breadcrumb":{"@id":"https:\/\/www.blogsoestado.com\/danielmatos\/fred-campos-tenta-iludir-povo-de-paco-do-lumiar-com-maquete-virtual-de-obra-que-paula-ja-iniciou\/#breadcrumb"},"inLanguage":"pt-BR","potentialAction":[{"@type":"ReadAction","target":["https:\/\/www.blogsoestado.com\/danielmatos\/fred-campos-tenta-iludir-povo-de-paco-do-lumiar-com-maquete-virtual-de-obra-que-paula-ja-iniciou\/"]}]},{"@type":"ImageObject","inLanguage":"pt-BR","@id":"https:\/\/www.blogsoestado.com\/danielmatos\/fred-campos-tenta-iludir-povo-de-paco-do-lumiar-com-maquete-virtual-de-obra-que-paula-ja-iniciou\/#primaryimage","url":"https:\/\/www.blogsoestado.com\/danielmatos\/files\/2020\/11\/IMG_5791-1024x683.jpg","contentUrl":"https:\/\/www.blogsoestado.com\/danielmatos\/files\/2020\/11\/IMG_5791-1024x683.jpg"},{"@type":"BreadcrumbList","@id":"https:\/\/www.blogsoestado.com\/danielmatos\/fred-campos-tenta-iludir-povo-de-paco-do-lumiar-com-maquete-virtual-de-obra-que-paula-ja-iniciou\/#breadcrumb","itemListElement":[{"@type":"ListItem","position":1,"name":"In\u00edcio","item":"https:\/\/www.blogsoestado.com\/danielmatos\/"},{"@type":"ListItem","position":2,"name":"Fred Campos tenta iludir povo de Pa\u00e7o do Lumiar com maquete virtual de obra que Paula j\u00e1 iniciou"}]},{"@type":"WebSite","@id":"https:\/\/www.blogsoestado.com\/danielmatos\/#website","url":"https:\/\/www.blogsoestado.com\/danielmatos\/","name":"Daniel Matos","description":"","potentialAction":[{"@type":"SearchAction","target":{"@type":"EntryPoint","urlTemplate":"https:\/\/www.blogsoestado.com\/danielmatos\/?s={search_term_string}"},"query-input":{"@type":"PropertyValueSpecification","valueRequired":true,"valueName":"search_term_string"}}],"inLanguage":"pt-BR"}]}},"jetpack_featured_media_url":"","_links":{"self":[{"href":"https:\/\/www.blogsoestado.com\/danielmatos\/wp-json\/wp\/v2\/posts\/79339","targetHints":{"allow":["GET"]}}],"collection":[{"href":"https:\/\/www.blogsoestado.com\/danielmatos\/wp-json\/wp\/v2\/posts"}],"about":[{"href":"https:\/\/www.blogsoestado.com\/danielmatos\/wp-json\/wp\/v2\/types\/post"}],"replies":[{"embeddable":true,"href":"https:\/\/www.blogsoestado.com\/danielmatos\/wp-json\/wp\/v2\/comments?post=79339"}],"version-history":[{"count":0,"href":"https:\/\/www.blogsoestado.com\/danielmatos\/wp-json\/wp\/v2\/posts\/79339\/revisions"}],"wp:attachment":[{"href":"https:\/\/www.blogsoestado.com\/danielmatos\/wp-json\/wp\/v2\/media?parent=79339"}],"wp:term":[{"taxonomy":"category","embeddable":true,"href":"https:\/\/www.blogsoestado.com\/danielmatos\/wp-json\/wp\/v2\/categories?post=79339"},{"taxonomy":"post_tag","embeddable":true,"href":"https:\/\/www.blogsoestado.com\/danielmatos\/wp-json\/wp\/v2\/tags?post=79339"}],"curies":[{"name":"wp","href":"https:\/\/api.w.org\/{rel}","templated":true}]}}