{"id":79344,"date":"2020-11-05T20:47:59","date_gmt":"2020-11-05T23:47:59","guid":{"rendered":"https:\/\/www.blogsoestado.com\/danielmatos\/?p=79344"},"modified":"2020-11-05T20:47:59","modified_gmt":"2020-11-05T23:47:59","slug":"ex-secretarios-estaduais-sao-absolvidos-por-falta-de-provas","status":"publish","type":"post","link":"https:\/\/www.blogsoestado.com\/danielmatos\/ex-secretarios-estaduais-sao-absolvidos-por-falta-de-provas\/","title":{"rendered":"Ex-secret\u00e1rios estaduais s\u00e3o absolvidos por falta de provas"},"content":{"rendered":"\n<p class=\"has-text-color has-text-align-left has-huge-font-size has-vivid-red-color\">Minist\u00e9rio P\u00fablico requereu a absolvi\u00e7\u00e3o dos acusados, pedido que acatado pela magistrada; Ulisses C\u00e9sar Martins de Sousa, advogado de um deles, elogiou decis\u00e3o final<\/p>\n\n\n\n<div class=\"wp-block-image\"><figure class=\"aligncenter size-large\"><img decoding=\"async\" src=\"https:\/\/www.blogsoestado.com\/danielmatos\/files\/2020\/11\/IMG-20201105-WA0343.jpg\" alt=\"\" class=\"wp-image-79345\"\/><figcaption>Decis\u00e3o favoreceu os dois ex-secret\u00e1rios da Fazenda do Maranh\u00e3o<\/figcaption><\/figure><\/div>\n\n\n\n<p>Os ex-secret\u00e1rios da Fazenda do Maranh\u00e3o Cl\u00e1udio Jos\u00e9 Trinch\u00e3o Santos e Akio Valente Wakiyama foram absolvidos de acusa\u00e7\u00e3o de esquema fraudulento de concess\u00e3o de isen\u00e7\u00f5es fiscais durante gest\u00e3o do governo Roseana Sarney. A decis\u00e3o \u00e9 da ju\u00edza de Direito Stela Pereira Muniz Braga, da 8\u00aa vara Criminal da Ilha de S\u00e3o Lu\u00eds. Ela acatou o pedido do Minist\u00e9rio P\u00fablico por insufici\u00eancia de provas.<\/p>\n\n\n\n<p>Segundo Ulisses C\u00e9sar Martins de Sousa, advogado de defesa de Cl\u00e1udio Jos\u00e9 Trinch\u00e3o Santos, ainda existem no Minist\u00e9rio P\u00fablico e na magistratura aqueles que t\u00eam no\u00e7\u00e3o da grandeza da fun\u00e7\u00e3o que exercem.<\/p>\n\n\n\n<p>\u201cE que conseguem compreender que o r\u00e9u, por mais grave que seja a acusa\u00e7\u00e3o, tem direito a ser julgado em um processo justo, com respeito aos seus direitos e garantias\u201d, disse o advogado, acrescentando que o ex-secret\u00e1rio \u00e9 um funcion\u00e1rio p\u00fablico honesto, que se viu na posi\u00e7\u00e3o de r\u00e9u em uma a\u00e7\u00e3o penal \u201ccarente de justa causa, iniciada com base em den\u00fancia totalmente inepta\u201d.<\/p>\n\n\n\n<p>Em 2016, o Minist\u00e9rio P\u00fablico do Maranh\u00e3o denunciou os dois ex-secret\u00e1rios com o intuito de investigar poss\u00edvel concess\u00e3o de isen\u00e7\u00f5es fiscais sem observ\u00e2ncia da previs\u00e3o legislativa, que teria provocado rombo de mais de R$ 400 milh\u00f5es aos cofres p\u00fablicos.<\/p>\n\n\n\n<p>A defesa de Cl\u00e1udio Trinch\u00e3o sustentou a legitimidade dos incentivos fiscais concedidos e a inexist\u00eancia de provas de que tenha concedido qualquer benef\u00edcio fiscal de forma ilegal e requereu a realiza\u00e7\u00e3o de per\u00edcia cont\u00e1bil. Ap\u00f3s audi\u00eancias e per\u00edcia, o MP\/MA pediu a absolvi\u00e7\u00e3o dos r\u00e9us de todas as imputa\u00e7\u00f5es por insufici\u00eancia de provas.<\/p>\n\n\n\n<p>Ao analisar o caso, a ju\u00edza Stela Pereira Muniz Braga considerou que n\u00e3o houve subtra\u00e7\u00e3o, pois os valores decorrentes das isen\u00e7\u00f5es fiscais nem mesmo chegaram a integrar o patrim\u00f4nio da administra\u00e7\u00e3o p\u00fablica, n\u00e3o se amoldando, portanto, ao crime de peculato. Ela citou precedente do Supremo Tribunal de Justi\u00e7a em que foi reconhecido que \u00e9 necess\u00e1rio que o agente subtraia ou concorra para que o dinheiro, valor ou bem seja subtra\u00eddo. Para a magistrada, n\u00e3o \u00e9 o caso em quest\u00e3o.<\/p>\n\n\n\n<p>\u201cConforme depoimento da testemunha, interrogat\u00f3rios supracitados, bem assim ante o laudo pericial, observo a aus\u00eancia de dolo espec\u00edfico consistente em satisfazer interesse ou sentimento pessoal\u201d, escreveu a ju\u00edza.<\/p>\n\n\n\n<p>Para a magistrada, ainda que as isen\u00e7\u00f5es tribut\u00e1rias tenham se dado de forma inconstitucional ou ilegal, o \u00f3rg\u00e3o de acusa\u00e7\u00e3o n\u00e3o se desincumbiu do \u00f4nus de comprovar a materialidade e autoria dos crimes, \u201craz\u00e3o pela qual as suas absolvi\u00e7\u00f5es \u00e9 medida que se imp\u00f5e\u201d. Assim, absolveu os ex-secret\u00e1rios das acusa\u00e7\u00f5es que lhe foram imputadas.<\/p>\n","protected":false},"excerpt":{"rendered":"<p>Minist\u00e9rio P\u00fablico requereu a absolvi\u00e7\u00e3o dos acusados, pedido que acatado pela magistrada; Ulisses C\u00e9sar Martins de Sousa, advogado de um [&hellip;]<\/p>\n","protected":false},"author":0,"featured_media":0,"comment_status":"open","ping_status":"open","sticky":false,"template":"","format":"standard","meta":{"site-sidebar-layout":"default","site-content-layout":"","ast-site-content-layout":"default","site-content-style":"default","site-sidebar-style":"default","ast-global-header-display":"","ast-banner-title-visibility":"","ast-main-header-display":"","ast-hfb-above-header-display":"","ast-hfb-below-header-display":"","ast-hfb-mobile-header-display":"","site-post-title":"","ast-breadcrumbs-content":"","ast-featured-img":"","footer-sml-layout":"","ast-disable-related-posts":"","theme-transparent-header-meta":"","adv-header-id-meta":"","stick-header-meta":"","header-above-stick-meta":"","header-main-stick-meta":"","header-below-stick-meta":"","astra-migrate-meta-layouts":"default","ast-page-background-enabled":"default","ast-page-background-meta":{"desktop":{"background-color":"var(--ast-global-color-5)","background-image":"","background-repeat":"repeat","background-position":"center center","background-size":"auto","background-attachment":"scroll","background-type":"","background-media":"","overlay-type":"","overlay-color":"","overlay-opacity":"","overlay-gradient":""},"tablet":{"background-color":"","background-image":"","background-repeat":"repeat","background-position":"center center","background-size":"auto","background-attachment":"scroll","background-type":"","background-media":"","overlay-type":"","overlay-color":"","overlay-opacity":"","overlay-gradient":""},"mobile":{"background-color":"","background-image":"","background-repeat":"repeat","background-position":"center center","background-size":"auto","background-attachment":"scroll","background-type":"","background-media":"","overlay-type":"","overlay-color":"","overlay-opacity":"","overlay-gradient":""}},"ast-content-background-meta":{"desktop":{"background-color":"var(--ast-global-color-4)","background-image":"","background-repeat":"repeat","background-position":"center center","background-size":"auto","background-attachment":"scroll","background-type":"","background-media":"","overlay-type":"","overlay-color":"","overlay-opacity":"","overlay-gradient":""},"tablet":{"background-color":"var(--ast-global-color-4)","background-image":"","background-repeat":"repeat","background-position":"center center","background-size":"auto","background-attachment":"scroll","background-type":"","background-media":"","overlay-type":"","overlay-color":"","overlay-opacity":"","overlay-gradient":""},"mobile":{"background-color":"var(--ast-global-color-4)","background-image":"","background-repeat":"repeat","background-position":"center center","background-size":"auto","background-attachment":"scroll","background-type":"","background-media":"","overlay-type":"","overlay-color":"","overlay-opacity":"","overlay-gradient":""}},"footnotes":""},"categories":[1],"tags":[],"class_list":["post-79344","post","type-post","status-publish","format-standard","hentry","category-sem-categoria"],"yoast_head":"<!-- This site is optimized with the Yoast SEO plugin v26.6 - https:\/\/yoast.com\/wordpress\/plugins\/seo\/ -->\n<title>Ex-secret\u00e1rios estaduais s\u00e3o absolvidos por falta de provas - Daniel Matos<\/title>\n<meta name=\"robots\" content=\"index, follow, max-snippet:-1, max-image-preview:large, max-video-preview:-1\" \/>\n<link rel=\"canonical\" href=\"https:\/\/www.blogsoestado.com\/danielmatos\/ex-secretarios-estaduais-sao-absolvidos-por-falta-de-provas\/\" \/>\n<meta property=\"og:locale\" content=\"pt_BR\" \/>\n<meta property=\"og:type\" content=\"article\" \/>\n<meta property=\"og:title\" content=\"Ex-secret\u00e1rios estaduais s\u00e3o absolvidos por falta de provas - Daniel Matos\" \/>\n<meta property=\"og:description\" content=\"Minist\u00e9rio P\u00fablico requereu a absolvi\u00e7\u00e3o dos acusados, pedido que acatado pela magistrada; Ulisses C\u00e9sar Martins de Sousa, advogado de um [&hellip;]\" \/>\n<meta property=\"og:url\" content=\"https:\/\/www.blogsoestado.com\/danielmatos\/ex-secretarios-estaduais-sao-absolvidos-por-falta-de-provas\/\" \/>\n<meta property=\"og:site_name\" content=\"Daniel Matos\" \/>\n<meta property=\"article:published_time\" content=\"2020-11-05T23:47:59+00:00\" \/>\n<meta property=\"og:image\" content=\"https:\/\/www.blogsoestado.com\/danielmatos\/files\/2020\/11\/IMG-20201105-WA0343.jpg\" \/>\n<meta name=\"twitter:card\" content=\"summary_large_image\" \/>\n<meta name=\"twitter:label1\" content=\"Est. tempo de leitura\" \/>\n\t<meta name=\"twitter:data1\" content=\"3 minutos\" \/>\n<script type=\"application\/ld+json\" class=\"yoast-schema-graph\">{\"@context\":\"https:\/\/schema.org\",\"@graph\":[{\"@type\":\"WebPage\",\"@id\":\"https:\/\/www.blogsoestado.com\/danielmatos\/ex-secretarios-estaduais-sao-absolvidos-por-falta-de-provas\/\",\"url\":\"https:\/\/www.blogsoestado.com\/danielmatos\/ex-secretarios-estaduais-sao-absolvidos-por-falta-de-provas\/\",\"name\":\"Ex-secret\u00e1rios estaduais s\u00e3o absolvidos por falta de provas - Daniel Matos\",\"isPartOf\":{\"@id\":\"https:\/\/www.blogsoestado.com\/danielmatos\/#website\"},\"primaryImageOfPage\":{\"@id\":\"https:\/\/www.blogsoestado.com\/danielmatos\/ex-secretarios-estaduais-sao-absolvidos-por-falta-de-provas\/#primaryimage\"},\"image\":{\"@id\":\"https:\/\/www.blogsoestado.com\/danielmatos\/ex-secretarios-estaduais-sao-absolvidos-por-falta-de-provas\/#primaryimage\"},\"thumbnailUrl\":\"https:\/\/www.blogsoestado.com\/danielmatos\/files\/2020\/11\/IMG-20201105-WA0343.jpg\",\"datePublished\":\"2020-11-05T23:47:59+00:00\",\"author\":{\"@id\":\"\"},\"breadcrumb\":{\"@id\":\"https:\/\/www.blogsoestado.com\/danielmatos\/ex-secretarios-estaduais-sao-absolvidos-por-falta-de-provas\/#breadcrumb\"},\"inLanguage\":\"pt-BR\",\"potentialAction\":[{\"@type\":\"ReadAction\",\"target\":[\"https:\/\/www.blogsoestado.com\/danielmatos\/ex-secretarios-estaduais-sao-absolvidos-por-falta-de-provas\/\"]}]},{\"@type\":\"ImageObject\",\"inLanguage\":\"pt-BR\",\"@id\":\"https:\/\/www.blogsoestado.com\/danielmatos\/ex-secretarios-estaduais-sao-absolvidos-por-falta-de-provas\/#primaryimage\",\"url\":\"https:\/\/www.blogsoestado.com\/danielmatos\/files\/2020\/11\/IMG-20201105-WA0343.jpg\",\"contentUrl\":\"https:\/\/www.blogsoestado.com\/danielmatos\/files\/2020\/11\/IMG-20201105-WA0343.jpg\"},{\"@type\":\"BreadcrumbList\",\"@id\":\"https:\/\/www.blogsoestado.com\/danielmatos\/ex-secretarios-estaduais-sao-absolvidos-por-falta-de-provas\/#breadcrumb\",\"itemListElement\":[{\"@type\":\"ListItem\",\"position\":1,\"name\":\"In\u00edcio\",\"item\":\"https:\/\/www.blogsoestado.com\/danielmatos\/\"},{\"@type\":\"ListItem\",\"position\":2,\"name\":\"Ex-secret\u00e1rios estaduais s\u00e3o absolvidos por falta de provas\"}]},{\"@type\":\"WebSite\",\"@id\":\"https:\/\/www.blogsoestado.com\/danielmatos\/#website\",\"url\":\"https:\/\/www.blogsoestado.com\/danielmatos\/\",\"name\":\"Daniel Matos\",\"description\":\"\",\"potentialAction\":[{\"@type\":\"SearchAction\",\"target\":{\"@type\":\"EntryPoint\",\"urlTemplate\":\"https:\/\/www.blogsoestado.com\/danielmatos\/?s={search_term_string}\"},\"query-input\":{\"@type\":\"PropertyValueSpecification\",\"valueRequired\":true,\"valueName\":\"search_term_string\"}}],\"inLanguage\":\"pt-BR\"}]}<\/script>\n<!-- \/ Yoast SEO plugin. -->","yoast_head_json":{"title":"Ex-secret\u00e1rios estaduais s\u00e3o absolvidos por falta de provas - Daniel Matos","robots":{"index":"index","follow":"follow","max-snippet":"max-snippet:-1","max-image-preview":"max-image-preview:large","max-video-preview":"max-video-preview:-1"},"canonical":"https:\/\/www.blogsoestado.com\/danielmatos\/ex-secretarios-estaduais-sao-absolvidos-por-falta-de-provas\/","og_locale":"pt_BR","og_type":"article","og_title":"Ex-secret\u00e1rios estaduais s\u00e3o absolvidos por falta de provas - Daniel Matos","og_description":"Minist\u00e9rio P\u00fablico requereu a absolvi\u00e7\u00e3o dos acusados, pedido que acatado pela magistrada; Ulisses C\u00e9sar Martins de Sousa, advogado de um [&hellip;]","og_url":"https:\/\/www.blogsoestado.com\/danielmatos\/ex-secretarios-estaduais-sao-absolvidos-por-falta-de-provas\/","og_site_name":"Daniel Matos","article_published_time":"2020-11-05T23:47:59+00:00","og_image":[{"url":"https:\/\/www.blogsoestado.com\/danielmatos\/files\/2020\/11\/IMG-20201105-WA0343.jpg","type":"","width":"","height":""}],"twitter_card":"summary_large_image","twitter_misc":{"Est. tempo de leitura":"3 minutos"},"schema":{"@context":"https:\/\/schema.org","@graph":[{"@type":"WebPage","@id":"https:\/\/www.blogsoestado.com\/danielmatos\/ex-secretarios-estaduais-sao-absolvidos-por-falta-de-provas\/","url":"https:\/\/www.blogsoestado.com\/danielmatos\/ex-secretarios-estaduais-sao-absolvidos-por-falta-de-provas\/","name":"Ex-secret\u00e1rios estaduais s\u00e3o absolvidos por falta de provas - Daniel Matos","isPartOf":{"@id":"https:\/\/www.blogsoestado.com\/danielmatos\/#website"},"primaryImageOfPage":{"@id":"https:\/\/www.blogsoestado.com\/danielmatos\/ex-secretarios-estaduais-sao-absolvidos-por-falta-de-provas\/#primaryimage"},"image":{"@id":"https:\/\/www.blogsoestado.com\/danielmatos\/ex-secretarios-estaduais-sao-absolvidos-por-falta-de-provas\/#primaryimage"},"thumbnailUrl":"https:\/\/www.blogsoestado.com\/danielmatos\/files\/2020\/11\/IMG-20201105-WA0343.jpg","datePublished":"2020-11-05T23:47:59+00:00","author":{"@id":""},"breadcrumb":{"@id":"https:\/\/www.blogsoestado.com\/danielmatos\/ex-secretarios-estaduais-sao-absolvidos-por-falta-de-provas\/#breadcrumb"},"inLanguage":"pt-BR","potentialAction":[{"@type":"ReadAction","target":["https:\/\/www.blogsoestado.com\/danielmatos\/ex-secretarios-estaduais-sao-absolvidos-por-falta-de-provas\/"]}]},{"@type":"ImageObject","inLanguage":"pt-BR","@id":"https:\/\/www.blogsoestado.com\/danielmatos\/ex-secretarios-estaduais-sao-absolvidos-por-falta-de-provas\/#primaryimage","url":"https:\/\/www.blogsoestado.com\/danielmatos\/files\/2020\/11\/IMG-20201105-WA0343.jpg","contentUrl":"https:\/\/www.blogsoestado.com\/danielmatos\/files\/2020\/11\/IMG-20201105-WA0343.jpg"},{"@type":"BreadcrumbList","@id":"https:\/\/www.blogsoestado.com\/danielmatos\/ex-secretarios-estaduais-sao-absolvidos-por-falta-de-provas\/#breadcrumb","itemListElement":[{"@type":"ListItem","position":1,"name":"In\u00edcio","item":"https:\/\/www.blogsoestado.com\/danielmatos\/"},{"@type":"ListItem","position":2,"name":"Ex-secret\u00e1rios estaduais s\u00e3o absolvidos por falta de provas"}]},{"@type":"WebSite","@id":"https:\/\/www.blogsoestado.com\/danielmatos\/#website","url":"https:\/\/www.blogsoestado.com\/danielmatos\/","name":"Daniel Matos","description":"","potentialAction":[{"@type":"SearchAction","target":{"@type":"EntryPoint","urlTemplate":"https:\/\/www.blogsoestado.com\/danielmatos\/?s={search_term_string}"},"query-input":{"@type":"PropertyValueSpecification","valueRequired":true,"valueName":"search_term_string"}}],"inLanguage":"pt-BR"}]}},"jetpack_featured_media_url":"","_links":{"self":[{"href":"https:\/\/www.blogsoestado.com\/danielmatos\/wp-json\/wp\/v2\/posts\/79344","targetHints":{"allow":["GET"]}}],"collection":[{"href":"https:\/\/www.blogsoestado.com\/danielmatos\/wp-json\/wp\/v2\/posts"}],"about":[{"href":"https:\/\/www.blogsoestado.com\/danielmatos\/wp-json\/wp\/v2\/types\/post"}],"replies":[{"embeddable":true,"href":"https:\/\/www.blogsoestado.com\/danielmatos\/wp-json\/wp\/v2\/comments?post=79344"}],"version-history":[{"count":0,"href":"https:\/\/www.blogsoestado.com\/danielmatos\/wp-json\/wp\/v2\/posts\/79344\/revisions"}],"wp:attachment":[{"href":"https:\/\/www.blogsoestado.com\/danielmatos\/wp-json\/wp\/v2\/media?parent=79344"}],"wp:term":[{"taxonomy":"category","embeddable":true,"href":"https:\/\/www.blogsoestado.com\/danielmatos\/wp-json\/wp\/v2\/categories?post=79344"},{"taxonomy":"post_tag","embeddable":true,"href":"https:\/\/www.blogsoestado.com\/danielmatos\/wp-json\/wp\/v2\/tags?post=79344"}],"curies":[{"name":"wp","href":"https:\/\/api.w.org\/{rel}","templated":true}]}}