{"id":79356,"date":"2020-11-05T21:44:38","date_gmt":"2020-11-06T00:44:38","guid":{"rendered":"https:\/\/www.blogsoestado.com\/danielmatos\/?p=79356"},"modified":"2020-11-05T21:44:38","modified_gmt":"2020-11-06T00:44:38","slug":"yglesio-caminha-pela-rua-grande-e-recebe-adesoes-da-populacao-na-reta-final-da-campanha","status":"publish","type":"post","link":"https:\/\/www.blogsoestado.com\/danielmatos\/yglesio-caminha-pela-rua-grande-e-recebe-adesoes-da-populacao-na-reta-final-da-campanha\/","title":{"rendered":"Ygl\u00e9sio caminha pela Rua Grande e recebe ades\u00f5es da popula\u00e7\u00e3o na reta final da campanha"},"content":{"rendered":"\n<div class=\"wp-block-image\"><figure class=\"aligncenter size-large\"><img decoding=\"async\" src=\"https:\/\/www.blogsoestado.com\/danielmatos\/files\/2020\/11\/IMG-20201105-WA0370-1024x682.jpg\" alt=\"\" class=\"wp-image-79357\"\/><figcaption>Ygl\u00e9sio recebe abra\u00e7o de eleitora durante caminhada na principal via do com\u00e9rcio de S\u00e3o Lu\u00eds<\/figcaption><\/figure><\/div>\n\n\n\n<p>O Centro de S\u00e3o Lu\u00eds foi palco para mais um Debate de Verdade e a grande caminhada do candidato a prefeito Ygl\u00e9sio Moyses pelo Partido Republicano da Ordem Social (PROS), na manh\u00e3 desta quinta-feira (5).<\/p>\n\n\n\n<p>A presen\u00e7a do candidato chamou aten\u00e7\u00e3o de centenas de pessoas que circulavam pela Pra\u00e7a Deodoro e pela Rua Grande. Ygl\u00e9sio falou aos eleitores de diversos bairros sobre assuntos relacionados \u00e0 mobilidade urbana, educa\u00e7\u00e3o, emprego e perspectivas de oportunidades para os jovens.<\/p>\n\n\n\n<p>\u201cQueremos fazer uma S\u00e3o Lu\u00eds para as pessoas. Aqui, no debate de verdade, ouvimos relatos do que acontece todos os dias em nossa cidade e na vida da dona de casa, do jovem estudante, do trabalhador. As pessoas cada vez mais conhecendo nossas propostas e manifestando apoio na nossa candidatura nessa reta final. Vamos fazer o melhor S\u00e3o Lu\u00eds. S\u00f3 depende de n\u00f3s no dia 15 de novembro\u201d, declarou Ygl\u00e9sio.<\/p>\n\n\n\n<p>A sa\u00fade foi o carro-chefe das perguntas dos ludovicenses, que ouviram dele a experi\u00eancia como m\u00e9dico e o plano de governo como prefeito da capital, a partir de janeiro de 2021. O candidato mostrou dados e valores de or\u00e7amentos, e falou dos desafios para o retorno \u00e0s aulas, da dificuldade na marca\u00e7\u00e3o e realiza\u00e7\u00e3o de consultas e exames, em que apresentou o programa Venha Bem e de como vai trabalhar no enfrentamento e combate ao novo Coronav\u00edrus.<\/p>\n\n\n\n<p>A dona de casa Maria dos Rem\u00e9dios do Residencial Para\u00edso disse que acredita nas propostas de Ygl\u00e9sio e sabe da sua compet\u00eancia como m\u00e9dico e que ser\u00e1 um bom prefeito para S\u00e3o Lu\u00eds. Ela relatou que h\u00e1 um ano espera para fazer um exame na rede p\u00fablica e perguntou sobre como ele ir\u00e1 fazer para facilitar a vida das pessoas. \u201cYgl\u00e9sio \u00e9 um bom m\u00e9dico, jovem e tem capacidade para ser nosso prefeito\u201d, disse.<\/p>\n\n\n\n<p>Ygl\u00e9sio caminhou pelo com\u00e9rcio da capital, conversou com moradores e com os guardas municipais, distribuiu seu material de campanha e recebeu in\u00fameras manifesta\u00e7\u00f5es de carinho e apoio \u00e0 sua candidatura. Ao som da charanga, ele percorreu toda extens\u00e3o da Rua Grande e ouviu, tamb\u00e9m, as demandas dos trabalhadores do com\u00e9rcio informal.<\/p>\n","protected":false},"excerpt":{"rendered":"<p>O Centro de S\u00e3o Lu\u00eds foi palco para mais um Debate de Verdade e a grande caminhada do candidato a [&hellip;]<\/p>\n","protected":false},"author":0,"featured_media":0,"comment_status":"open","ping_status":"open","sticky":false,"template":"","format":"standard","meta":{"site-sidebar-layout":"default","site-content-layout":"","ast-site-content-layout":"default","site-content-style":"default","site-sidebar-style":"default","ast-global-header-display":"","ast-banner-title-visibility":"","ast-main-header-display":"","ast-hfb-above-header-display":"","ast-hfb-below-header-display":"","ast-hfb-mobile-header-display":"","site-post-title":"","ast-breadcrumbs-content":"","ast-featured-img":"","footer-sml-layout":"","ast-disable-related-posts":"","theme-transparent-header-meta":"","adv-header-id-meta":"","stick-header-meta":"","header-above-stick-meta":"","header-main-stick-meta":"","header-below-stick-meta":"","astra-migrate-meta-layouts":"default","ast-page-background-enabled":"default","ast-page-background-meta":{"desktop":{"background-color":"var(--ast-global-color-5)","background-image":"","background-repeat":"repeat","background-position":"center center","background-size":"auto","background-attachment":"scroll","background-type":"","background-media":"","overlay-type":"","overlay-color":"","overlay-opacity":"","overlay-gradient":""},"tablet":{"background-color":"","background-image":"","background-repeat":"repeat","background-position":"center center","background-size":"auto","background-attachment":"scroll","background-type":"","background-media":"","overlay-type":"","overlay-color":"","overlay-opacity":"","overlay-gradient":""},"mobile":{"background-color":"","background-image":"","background-repeat":"repeat","background-position":"center center","background-size":"auto","background-attachment":"scroll","background-type":"","background-media":"","overlay-type":"","overlay-color":"","overlay-opacity":"","overlay-gradient":""}},"ast-content-background-meta":{"desktop":{"background-color":"var(--ast-global-color-4)","background-image":"","background-repeat":"repeat","background-position":"center center","background-size":"auto","background-attachment":"scroll","background-type":"","background-media":"","overlay-type":"","overlay-color":"","overlay-opacity":"","overlay-gradient":""},"tablet":{"background-color":"var(--ast-global-color-4)","background-image":"","background-repeat":"repeat","background-position":"center center","background-size":"auto","background-attachment":"scroll","background-type":"","background-media":"","overlay-type":"","overlay-color":"","overlay-opacity":"","overlay-gradient":""},"mobile":{"background-color":"var(--ast-global-color-4)","background-image":"","background-repeat":"repeat","background-position":"center center","background-size":"auto","background-attachment":"scroll","background-type":"","background-media":"","overlay-type":"","overlay-color":"","overlay-opacity":"","overlay-gradient":""}},"footnotes":""},"categories":[1],"tags":[],"class_list":["post-79356","post","type-post","status-publish","format-standard","hentry","category-sem-categoria"],"yoast_head":"<!-- This site is optimized with the Yoast SEO plugin v26.6 - https:\/\/yoast.com\/wordpress\/plugins\/seo\/ -->\n<title>Ygl\u00e9sio caminha pela Rua Grande e recebe ades\u00f5es da popula\u00e7\u00e3o na reta final da campanha - Daniel Matos<\/title>\n<meta name=\"robots\" content=\"index, follow, max-snippet:-1, max-image-preview:large, max-video-preview:-1\" \/>\n<link rel=\"canonical\" href=\"https:\/\/www.blogsoestado.com\/danielmatos\/yglesio-caminha-pela-rua-grande-e-recebe-adesoes-da-populacao-na-reta-final-da-campanha\/\" \/>\n<meta property=\"og:locale\" content=\"pt_BR\" \/>\n<meta property=\"og:type\" content=\"article\" \/>\n<meta property=\"og:title\" content=\"Ygl\u00e9sio caminha pela Rua Grande e recebe ades\u00f5es da popula\u00e7\u00e3o na reta final da campanha - Daniel Matos\" \/>\n<meta property=\"og:description\" content=\"O Centro de S\u00e3o Lu\u00eds foi palco para mais um Debate de Verdade e a grande caminhada do candidato a [&hellip;]\" \/>\n<meta property=\"og:url\" content=\"https:\/\/www.blogsoestado.com\/danielmatos\/yglesio-caminha-pela-rua-grande-e-recebe-adesoes-da-populacao-na-reta-final-da-campanha\/\" \/>\n<meta property=\"og:site_name\" content=\"Daniel Matos\" \/>\n<meta property=\"article:published_time\" content=\"2020-11-06T00:44:38+00:00\" \/>\n<meta property=\"og:image\" content=\"https:\/\/www.blogsoestado.com\/danielmatos\/files\/2020\/11\/IMG-20201105-WA0370-1024x682.jpg\" \/>\n<meta name=\"twitter:card\" content=\"summary_large_image\" \/>\n<meta name=\"twitter:label1\" content=\"Est. tempo de leitura\" \/>\n\t<meta name=\"twitter:data1\" content=\"2 minutos\" \/>\n<script type=\"application\/ld+json\" class=\"yoast-schema-graph\">{\"@context\":\"https:\/\/schema.org\",\"@graph\":[{\"@type\":\"WebPage\",\"@id\":\"https:\/\/www.blogsoestado.com\/danielmatos\/yglesio-caminha-pela-rua-grande-e-recebe-adesoes-da-populacao-na-reta-final-da-campanha\/\",\"url\":\"https:\/\/www.blogsoestado.com\/danielmatos\/yglesio-caminha-pela-rua-grande-e-recebe-adesoes-da-populacao-na-reta-final-da-campanha\/\",\"name\":\"Ygl\u00e9sio caminha pela Rua Grande e recebe ades\u00f5es da popula\u00e7\u00e3o na reta final da campanha - Daniel Matos\",\"isPartOf\":{\"@id\":\"https:\/\/www.blogsoestado.com\/danielmatos\/#website\"},\"primaryImageOfPage\":{\"@id\":\"https:\/\/www.blogsoestado.com\/danielmatos\/yglesio-caminha-pela-rua-grande-e-recebe-adesoes-da-populacao-na-reta-final-da-campanha\/#primaryimage\"},\"image\":{\"@id\":\"https:\/\/www.blogsoestado.com\/danielmatos\/yglesio-caminha-pela-rua-grande-e-recebe-adesoes-da-populacao-na-reta-final-da-campanha\/#primaryimage\"},\"thumbnailUrl\":\"https:\/\/www.blogsoestado.com\/danielmatos\/files\/2020\/11\/IMG-20201105-WA0370-1024x682.jpg\",\"datePublished\":\"2020-11-06T00:44:38+00:00\",\"author\":{\"@id\":\"\"},\"breadcrumb\":{\"@id\":\"https:\/\/www.blogsoestado.com\/danielmatos\/yglesio-caminha-pela-rua-grande-e-recebe-adesoes-da-populacao-na-reta-final-da-campanha\/#breadcrumb\"},\"inLanguage\":\"pt-BR\",\"potentialAction\":[{\"@type\":\"ReadAction\",\"target\":[\"https:\/\/www.blogsoestado.com\/danielmatos\/yglesio-caminha-pela-rua-grande-e-recebe-adesoes-da-populacao-na-reta-final-da-campanha\/\"]}]},{\"@type\":\"ImageObject\",\"inLanguage\":\"pt-BR\",\"@id\":\"https:\/\/www.blogsoestado.com\/danielmatos\/yglesio-caminha-pela-rua-grande-e-recebe-adesoes-da-populacao-na-reta-final-da-campanha\/#primaryimage\",\"url\":\"https:\/\/www.blogsoestado.com\/danielmatos\/files\/2020\/11\/IMG-20201105-WA0370-1024x682.jpg\",\"contentUrl\":\"https:\/\/www.blogsoestado.com\/danielmatos\/files\/2020\/11\/IMG-20201105-WA0370-1024x682.jpg\"},{\"@type\":\"BreadcrumbList\",\"@id\":\"https:\/\/www.blogsoestado.com\/danielmatos\/yglesio-caminha-pela-rua-grande-e-recebe-adesoes-da-populacao-na-reta-final-da-campanha\/#breadcrumb\",\"itemListElement\":[{\"@type\":\"ListItem\",\"position\":1,\"name\":\"In\u00edcio\",\"item\":\"https:\/\/www.blogsoestado.com\/danielmatos\/\"},{\"@type\":\"ListItem\",\"position\":2,\"name\":\"Ygl\u00e9sio caminha pela Rua Grande e recebe ades\u00f5es da popula\u00e7\u00e3o na reta final da campanha\"}]},{\"@type\":\"WebSite\",\"@id\":\"https:\/\/www.blogsoestado.com\/danielmatos\/#website\",\"url\":\"https:\/\/www.blogsoestado.com\/danielmatos\/\",\"name\":\"Daniel Matos\",\"description\":\"\",\"potentialAction\":[{\"@type\":\"SearchAction\",\"target\":{\"@type\":\"EntryPoint\",\"urlTemplate\":\"https:\/\/www.blogsoestado.com\/danielmatos\/?s={search_term_string}\"},\"query-input\":{\"@type\":\"PropertyValueSpecification\",\"valueRequired\":true,\"valueName\":\"search_term_string\"}}],\"inLanguage\":\"pt-BR\"}]}<\/script>\n<!-- \/ Yoast SEO plugin. -->","yoast_head_json":{"title":"Ygl\u00e9sio caminha pela Rua Grande e recebe ades\u00f5es da popula\u00e7\u00e3o na reta final da campanha - Daniel Matos","robots":{"index":"index","follow":"follow","max-snippet":"max-snippet:-1","max-image-preview":"max-image-preview:large","max-video-preview":"max-video-preview:-1"},"canonical":"https:\/\/www.blogsoestado.com\/danielmatos\/yglesio-caminha-pela-rua-grande-e-recebe-adesoes-da-populacao-na-reta-final-da-campanha\/","og_locale":"pt_BR","og_type":"article","og_title":"Ygl\u00e9sio caminha pela Rua Grande e recebe ades\u00f5es da popula\u00e7\u00e3o na reta final da campanha - Daniel Matos","og_description":"O Centro de S\u00e3o Lu\u00eds foi palco para mais um Debate de Verdade e a grande caminhada do candidato a [&hellip;]","og_url":"https:\/\/www.blogsoestado.com\/danielmatos\/yglesio-caminha-pela-rua-grande-e-recebe-adesoes-da-populacao-na-reta-final-da-campanha\/","og_site_name":"Daniel Matos","article_published_time":"2020-11-06T00:44:38+00:00","og_image":[{"url":"https:\/\/www.blogsoestado.com\/danielmatos\/files\/2020\/11\/IMG-20201105-WA0370-1024x682.jpg","type":"","width":"","height":""}],"twitter_card":"summary_large_image","twitter_misc":{"Est. tempo de leitura":"2 minutos"},"schema":{"@context":"https:\/\/schema.org","@graph":[{"@type":"WebPage","@id":"https:\/\/www.blogsoestado.com\/danielmatos\/yglesio-caminha-pela-rua-grande-e-recebe-adesoes-da-populacao-na-reta-final-da-campanha\/","url":"https:\/\/www.blogsoestado.com\/danielmatos\/yglesio-caminha-pela-rua-grande-e-recebe-adesoes-da-populacao-na-reta-final-da-campanha\/","name":"Ygl\u00e9sio caminha pela Rua Grande e recebe ades\u00f5es da popula\u00e7\u00e3o na reta final da campanha - Daniel Matos","isPartOf":{"@id":"https:\/\/www.blogsoestado.com\/danielmatos\/#website"},"primaryImageOfPage":{"@id":"https:\/\/www.blogsoestado.com\/danielmatos\/yglesio-caminha-pela-rua-grande-e-recebe-adesoes-da-populacao-na-reta-final-da-campanha\/#primaryimage"},"image":{"@id":"https:\/\/www.blogsoestado.com\/danielmatos\/yglesio-caminha-pela-rua-grande-e-recebe-adesoes-da-populacao-na-reta-final-da-campanha\/#primaryimage"},"thumbnailUrl":"https:\/\/www.blogsoestado.com\/danielmatos\/files\/2020\/11\/IMG-20201105-WA0370-1024x682.jpg","datePublished":"2020-11-06T00:44:38+00:00","author":{"@id":""},"breadcrumb":{"@id":"https:\/\/www.blogsoestado.com\/danielmatos\/yglesio-caminha-pela-rua-grande-e-recebe-adesoes-da-populacao-na-reta-final-da-campanha\/#breadcrumb"},"inLanguage":"pt-BR","potentialAction":[{"@type":"ReadAction","target":["https:\/\/www.blogsoestado.com\/danielmatos\/yglesio-caminha-pela-rua-grande-e-recebe-adesoes-da-populacao-na-reta-final-da-campanha\/"]}]},{"@type":"ImageObject","inLanguage":"pt-BR","@id":"https:\/\/www.blogsoestado.com\/danielmatos\/yglesio-caminha-pela-rua-grande-e-recebe-adesoes-da-populacao-na-reta-final-da-campanha\/#primaryimage","url":"https:\/\/www.blogsoestado.com\/danielmatos\/files\/2020\/11\/IMG-20201105-WA0370-1024x682.jpg","contentUrl":"https:\/\/www.blogsoestado.com\/danielmatos\/files\/2020\/11\/IMG-20201105-WA0370-1024x682.jpg"},{"@type":"BreadcrumbList","@id":"https:\/\/www.blogsoestado.com\/danielmatos\/yglesio-caminha-pela-rua-grande-e-recebe-adesoes-da-populacao-na-reta-final-da-campanha\/#breadcrumb","itemListElement":[{"@type":"ListItem","position":1,"name":"In\u00edcio","item":"https:\/\/www.blogsoestado.com\/danielmatos\/"},{"@type":"ListItem","position":2,"name":"Ygl\u00e9sio caminha pela Rua Grande e recebe ades\u00f5es da popula\u00e7\u00e3o na reta final da campanha"}]},{"@type":"WebSite","@id":"https:\/\/www.blogsoestado.com\/danielmatos\/#website","url":"https:\/\/www.blogsoestado.com\/danielmatos\/","name":"Daniel Matos","description":"","potentialAction":[{"@type":"SearchAction","target":{"@type":"EntryPoint","urlTemplate":"https:\/\/www.blogsoestado.com\/danielmatos\/?s={search_term_string}"},"query-input":{"@type":"PropertyValueSpecification","valueRequired":true,"valueName":"search_term_string"}}],"inLanguage":"pt-BR"}]}},"jetpack_featured_media_url":"","_links":{"self":[{"href":"https:\/\/www.blogsoestado.com\/danielmatos\/wp-json\/wp\/v2\/posts\/79356","targetHints":{"allow":["GET"]}}],"collection":[{"href":"https:\/\/www.blogsoestado.com\/danielmatos\/wp-json\/wp\/v2\/posts"}],"about":[{"href":"https:\/\/www.blogsoestado.com\/danielmatos\/wp-json\/wp\/v2\/types\/post"}],"replies":[{"embeddable":true,"href":"https:\/\/www.blogsoestado.com\/danielmatos\/wp-json\/wp\/v2\/comments?post=79356"}],"version-history":[{"count":0,"href":"https:\/\/www.blogsoestado.com\/danielmatos\/wp-json\/wp\/v2\/posts\/79356\/revisions"}],"wp:attachment":[{"href":"https:\/\/www.blogsoestado.com\/danielmatos\/wp-json\/wp\/v2\/media?parent=79356"}],"wp:term":[{"taxonomy":"category","embeddable":true,"href":"https:\/\/www.blogsoestado.com\/danielmatos\/wp-json\/wp\/v2\/categories?post=79356"},{"taxonomy":"post_tag","embeddable":true,"href":"https:\/\/www.blogsoestado.com\/danielmatos\/wp-json\/wp\/v2\/tags?post=79356"}],"curies":[{"name":"wp","href":"https:\/\/api.w.org\/{rel}","templated":true}]}}