{"id":79359,"date":"2020-11-05T23:20:33","date_gmt":"2020-11-06T02:20:33","guid":{"rendered":"https:\/\/www.blogsoestado.com\/danielmatos\/?p=79359"},"modified":"2020-11-05T23:20:33","modified_gmt":"2020-11-06T02:20:33","slug":"paula-pcdob-dispara-quase-10-pontos-na-lideranca-em-paco-do-lumiar-aponta-pesquisa-data-m","status":"publish","type":"post","link":"https:\/\/www.blogsoestado.com\/danielmatos\/paula-pcdob-dispara-quase-10-pontos-na-lideranca-em-paco-do-lumiar-aponta-pesquisa-data-m\/","title":{"rendered":"Paula 65 dispara quase 10 pontos na lideran\u00e7a em Pa\u00e7o do Lumiar, aponta pesquisa Data M"},"content":{"rendered":"\n<p class=\"has-text-color has-huge-font-size has-vivid-red-color\"><em>Na pesquisa espont\u00e2nea, atual prefeita, Paula (PCdoB), aparece com 37,7%, seguida por Fred Campos, que tem 28,5%. Na estimulada, Paula pontua 39,1% e Campos, 30,6%<\/em><\/p>\n\n\n\n<div class=\"wp-block-image\"><figure class=\"aligncenter size-large\"><img decoding=\"async\" src=\"https:\/\/www.blogsoestado.com\/danielmatos\/files\/2020\/11\/IMG_2298-scaled-1-1024x683.jpg\" alt=\"\" class=\"wp-image-79361\"\/><figcaption>Prefeita Paula Azevedo est\u00e1 quase 10 pontos \u00e0 frente do segundo colocado, de acordo com a pesquisa<\/figcaption><\/figure><\/div>\n\n\n\n<p>O instituto DATA M divulgou mais uma pesquisa de inten\u00e7\u00e3o de votos para as elei\u00e7\u00f5es municipais em Pa\u00e7o do Lumiar. Foram apresentados seis cen\u00e1rios estimulados, al\u00e9m do espont\u00e2neo. A mais recente pesquisa, e que deve ser a \u00faltima realizada antes do dia de vota\u00e7\u00e3o, revela que a atual prefeita e candidata \u00e0 reelei\u00e7\u00e3o, Paula (PCdoB), disparou na lideran\u00e7a em todos os cen\u00e1rios e deve ser eleita no dia 15 de novembro.<\/p>\n\n\n\n<p>Realizada entre os dias 25 e 27 de outubro, a pesquisa, registrada no Tribunal Superior Eleitoral (TSE) com o n\u00famero MA-01185\/2020, ouviu 380 pessoas, com mais de 16 anos e residentes de Pa\u00e7o do Lumiar, utilizando os par\u00e2metros de proporcionalidade do Tribunal Regional Eleitoral (TER) quanto a sexo, idade, grau de instru\u00e7\u00e3o e renda familiar. A margem de erro \u00e9 de quatro pontos para mais ou para menos.<\/p>\n\n\n\n<p>O eleitor de Pa\u00e7o do Lumiar foi questionado em quem votaria sem que nomes de postulantes fossem citados. Neste cen\u00e1rio espont\u00e2neo, a atual prefeita, Paula, aparece com 37,7%, seguida por Fred Campos (28,5%), Karla Sobreiro (4,7%), Francisco Neto (1,3%), Bamal do Igua\u00edba (1,1%) e Edinaldo Moura (0,3%). 7,4% dos entrevistados responderam que n\u00e3o votariam em nenhum candidato, enquanto 19% n\u00e3o souberam ou n\u00e3o responderam.<\/p>\n\n\n\n<p>No cen\u00e1rio estimulado, quando o nome do candidato \u00e9 citado, a prefeita Paula tamb\u00e9m lidera, com 39,1%, seguida por Fred Campos (30,6%), Karla Sobreiro (4,7%), Bamal do Igua\u00edba (1,1%), Francisco Neto (1,1%) e Edinaldo Moura (0,3%). 8,2% dos entrevistados responderam que n\u00e3o votariam em nenhum deles, enquanto 15% n\u00e3o souberam ou n\u00e3o responderam.<\/p>\n\n\n\n<p>A nova pesquisa mostra um elevado crescimento da prefeita Paula no \u00faltimo m\u00eas. Ela saltou de 26,4% para os atuais 37,7% no cen\u00e1rio espont\u00e2neo, e de 34,9% para 39,1%, no estimulado. Os n\u00fameros tamb\u00e9m mostram que Paula ampliou a vantagem sobre o segundo colocado, e agora pontua quase 10 pontos a mais que Fred Campos.<\/p>\n\n\n\n<p><strong>Rejei\u00e7\u00e3o<\/strong><\/p>\n\n\n\n<p>A amostra tamb\u00e9m revela a taxa de rejei\u00e7\u00e3o dos candidatos. Na pesquisa estimulada, quando o entrevistador pergunta em qual candidato o eleitor n\u00e3o votaria de jeito nenhum, a rejei\u00e7\u00e3o ao nome de Fred Campos subiu de 18,8% para 33,5%. E a da prefeita Paula de 12,8% para 20,3%. Os dois s\u00e3o seguidos por Bamal do Igua\u00edba (7,9%), Karla Maria (7,7%), Francisco Neto (6,9%) e Edinaldo Moura (3,2%). 3,2% responderam que poderiam votar em todos os candidatos, enquanto 16,6% n\u00e3o souberam ou n\u00e3o responderam.<\/p>\n\n\n\n<p>Quando perguntados se votariam em um candidato apoiado pelo governador Fl\u00e1vio Dino, 52 % responderam que \u201cvotariam com certeza\u201d, e 12,4% disseram que \u201cpoderiam votar\u201d, enquanto 31,9% disseram que \u201cn\u00e3o votariam de jeito nenhum\u201d.<\/p>\n\n\n\n<p>Em Pa\u00e7o do Lumiar, o governador Fl\u00e1vio Dino j\u00e1 declarou apoio p\u00fablico \u00e0 reelei\u00e7\u00e3o da prefeita Paula, que tamb\u00e9m \u00e9 sua colega de partido.<\/p>\n","protected":false},"excerpt":{"rendered":"<p>Na pesquisa espont\u00e2nea, atual prefeita, Paula (PCdoB), aparece com 37,7%, seguida por Fred Campos, que tem 28,5%. Na estimulada, Paula [&hellip;]<\/p>\n","protected":false},"author":0,"featured_media":0,"comment_status":"open","ping_status":"open","sticky":false,"template":"","format":"standard","meta":{"site-sidebar-layout":"default","site-content-layout":"","ast-site-content-layout":"default","site-content-style":"default","site-sidebar-style":"default","ast-global-header-display":"","ast-banner-title-visibility":"","ast-main-header-display":"","ast-hfb-above-header-display":"","ast-hfb-below-header-display":"","ast-hfb-mobile-header-display":"","site-post-title":"","ast-breadcrumbs-content":"","ast-featured-img":"","footer-sml-layout":"","ast-disable-related-posts":"","theme-transparent-header-meta":"","adv-header-id-meta":"","stick-header-meta":"","header-above-stick-meta":"","header-main-stick-meta":"","header-below-stick-meta":"","astra-migrate-meta-layouts":"default","ast-page-background-enabled":"default","ast-page-background-meta":{"desktop":{"background-color":"var(--ast-global-color-5)","background-image":"","background-repeat":"repeat","background-position":"center center","background-size":"auto","background-attachment":"scroll","background-type":"","background-media":"","overlay-type":"","overlay-color":"","overlay-opacity":"","overlay-gradient":""},"tablet":{"background-color":"","background-image":"","background-repeat":"repeat","background-position":"center center","background-size":"auto","background-attachment":"scroll","background-type":"","background-media":"","overlay-type":"","overlay-color":"","overlay-opacity":"","overlay-gradient":""},"mobile":{"background-color":"","background-image":"","background-repeat":"repeat","background-position":"center center","background-size":"auto","background-attachment":"scroll","background-type":"","background-media":"","overlay-type":"","overlay-color":"","overlay-opacity":"","overlay-gradient":""}},"ast-content-background-meta":{"desktop":{"background-color":"var(--ast-global-color-4)","background-image":"","background-repeat":"repeat","background-position":"center center","background-size":"auto","background-attachment":"scroll","background-type":"","background-media":"","overlay-type":"","overlay-color":"","overlay-opacity":"","overlay-gradient":""},"tablet":{"background-color":"var(--ast-global-color-4)","background-image":"","background-repeat":"repeat","background-position":"center center","background-size":"auto","background-attachment":"scroll","background-type":"","background-media":"","overlay-type":"","overlay-color":"","overlay-opacity":"","overlay-gradient":""},"mobile":{"background-color":"var(--ast-global-color-4)","background-image":"","background-repeat":"repeat","background-position":"center center","background-size":"auto","background-attachment":"scroll","background-type":"","background-media":"","overlay-type":"","overlay-color":"","overlay-opacity":"","overlay-gradient":""}},"footnotes":""},"categories":[1],"tags":[],"class_list":["post-79359","post","type-post","status-publish","format-standard","hentry","category-sem-categoria"],"yoast_head":"<!-- This site is optimized with the Yoast SEO plugin v26.6 - https:\/\/yoast.com\/wordpress\/plugins\/seo\/ -->\n<title>Paula 65 dispara quase 10 pontos na lideran\u00e7a em Pa\u00e7o do Lumiar, aponta pesquisa Data M - Daniel Matos<\/title>\n<meta name=\"robots\" content=\"index, follow, max-snippet:-1, max-image-preview:large, max-video-preview:-1\" \/>\n<link rel=\"canonical\" href=\"https:\/\/www.blogsoestado.com\/danielmatos\/paula-pcdob-dispara-quase-10-pontos-na-lideranca-em-paco-do-lumiar-aponta-pesquisa-data-m\/\" \/>\n<meta property=\"og:locale\" content=\"pt_BR\" \/>\n<meta property=\"og:type\" content=\"article\" \/>\n<meta property=\"og:title\" content=\"Paula 65 dispara quase 10 pontos na lideran\u00e7a em Pa\u00e7o do Lumiar, aponta pesquisa Data M - Daniel Matos\" \/>\n<meta property=\"og:description\" content=\"Na pesquisa espont\u00e2nea, atual prefeita, Paula (PCdoB), aparece com 37,7%, seguida por Fred Campos, que tem 28,5%. Na estimulada, Paula [&hellip;]\" \/>\n<meta property=\"og:url\" content=\"https:\/\/www.blogsoestado.com\/danielmatos\/paula-pcdob-dispara-quase-10-pontos-na-lideranca-em-paco-do-lumiar-aponta-pesquisa-data-m\/\" \/>\n<meta property=\"og:site_name\" content=\"Daniel Matos\" \/>\n<meta property=\"article:published_time\" content=\"2020-11-06T02:20:33+00:00\" \/>\n<meta property=\"og:image\" content=\"https:\/\/www.blogsoestado.com\/danielmatos\/files\/2020\/11\/IMG_2298-scaled-1-1024x683.jpg\" \/>\n<meta name=\"twitter:card\" content=\"summary_large_image\" \/>\n<meta name=\"twitter:label1\" content=\"Est. tempo de leitura\" \/>\n\t<meta name=\"twitter:data1\" content=\"2 minutos\" \/>\n<script type=\"application\/ld+json\" class=\"yoast-schema-graph\">{\"@context\":\"https:\/\/schema.org\",\"@graph\":[{\"@type\":\"WebPage\",\"@id\":\"https:\/\/www.blogsoestado.com\/danielmatos\/paula-pcdob-dispara-quase-10-pontos-na-lideranca-em-paco-do-lumiar-aponta-pesquisa-data-m\/\",\"url\":\"https:\/\/www.blogsoestado.com\/danielmatos\/paula-pcdob-dispara-quase-10-pontos-na-lideranca-em-paco-do-lumiar-aponta-pesquisa-data-m\/\",\"name\":\"Paula 65 dispara quase 10 pontos na lideran\u00e7a em Pa\u00e7o do Lumiar, aponta pesquisa Data M - Daniel Matos\",\"isPartOf\":{\"@id\":\"https:\/\/www.blogsoestado.com\/danielmatos\/#website\"},\"primaryImageOfPage\":{\"@id\":\"https:\/\/www.blogsoestado.com\/danielmatos\/paula-pcdob-dispara-quase-10-pontos-na-lideranca-em-paco-do-lumiar-aponta-pesquisa-data-m\/#primaryimage\"},\"image\":{\"@id\":\"https:\/\/www.blogsoestado.com\/danielmatos\/paula-pcdob-dispara-quase-10-pontos-na-lideranca-em-paco-do-lumiar-aponta-pesquisa-data-m\/#primaryimage\"},\"thumbnailUrl\":\"https:\/\/www.blogsoestado.com\/danielmatos\/files\/2020\/11\/IMG_2298-scaled-1-1024x683.jpg\",\"datePublished\":\"2020-11-06T02:20:33+00:00\",\"author\":{\"@id\":\"\"},\"breadcrumb\":{\"@id\":\"https:\/\/www.blogsoestado.com\/danielmatos\/paula-pcdob-dispara-quase-10-pontos-na-lideranca-em-paco-do-lumiar-aponta-pesquisa-data-m\/#breadcrumb\"},\"inLanguage\":\"pt-BR\",\"potentialAction\":[{\"@type\":\"ReadAction\",\"target\":[\"https:\/\/www.blogsoestado.com\/danielmatos\/paula-pcdob-dispara-quase-10-pontos-na-lideranca-em-paco-do-lumiar-aponta-pesquisa-data-m\/\"]}]},{\"@type\":\"ImageObject\",\"inLanguage\":\"pt-BR\",\"@id\":\"https:\/\/www.blogsoestado.com\/danielmatos\/paula-pcdob-dispara-quase-10-pontos-na-lideranca-em-paco-do-lumiar-aponta-pesquisa-data-m\/#primaryimage\",\"url\":\"https:\/\/www.blogsoestado.com\/danielmatos\/files\/2020\/11\/IMG_2298-scaled-1-1024x683.jpg\",\"contentUrl\":\"https:\/\/www.blogsoestado.com\/danielmatos\/files\/2020\/11\/IMG_2298-scaled-1-1024x683.jpg\"},{\"@type\":\"BreadcrumbList\",\"@id\":\"https:\/\/www.blogsoestado.com\/danielmatos\/paula-pcdob-dispara-quase-10-pontos-na-lideranca-em-paco-do-lumiar-aponta-pesquisa-data-m\/#breadcrumb\",\"itemListElement\":[{\"@type\":\"ListItem\",\"position\":1,\"name\":\"In\u00edcio\",\"item\":\"https:\/\/www.blogsoestado.com\/danielmatos\/\"},{\"@type\":\"ListItem\",\"position\":2,\"name\":\"Paula 65 dispara quase 10 pontos na lideran\u00e7a em Pa\u00e7o do Lumiar, aponta pesquisa Data M\"}]},{\"@type\":\"WebSite\",\"@id\":\"https:\/\/www.blogsoestado.com\/danielmatos\/#website\",\"url\":\"https:\/\/www.blogsoestado.com\/danielmatos\/\",\"name\":\"Daniel Matos\",\"description\":\"\",\"potentialAction\":[{\"@type\":\"SearchAction\",\"target\":{\"@type\":\"EntryPoint\",\"urlTemplate\":\"https:\/\/www.blogsoestado.com\/danielmatos\/?s={search_term_string}\"},\"query-input\":{\"@type\":\"PropertyValueSpecification\",\"valueRequired\":true,\"valueName\":\"search_term_string\"}}],\"inLanguage\":\"pt-BR\"}]}<\/script>\n<!-- \/ Yoast SEO plugin. -->","yoast_head_json":{"title":"Paula 65 dispara quase 10 pontos na lideran\u00e7a em Pa\u00e7o do Lumiar, aponta pesquisa Data M - Daniel Matos","robots":{"index":"index","follow":"follow","max-snippet":"max-snippet:-1","max-image-preview":"max-image-preview:large","max-video-preview":"max-video-preview:-1"},"canonical":"https:\/\/www.blogsoestado.com\/danielmatos\/paula-pcdob-dispara-quase-10-pontos-na-lideranca-em-paco-do-lumiar-aponta-pesquisa-data-m\/","og_locale":"pt_BR","og_type":"article","og_title":"Paula 65 dispara quase 10 pontos na lideran\u00e7a em Pa\u00e7o do Lumiar, aponta pesquisa Data M - Daniel Matos","og_description":"Na pesquisa espont\u00e2nea, atual prefeita, Paula (PCdoB), aparece com 37,7%, seguida por Fred Campos, que tem 28,5%. Na estimulada, Paula [&hellip;]","og_url":"https:\/\/www.blogsoestado.com\/danielmatos\/paula-pcdob-dispara-quase-10-pontos-na-lideranca-em-paco-do-lumiar-aponta-pesquisa-data-m\/","og_site_name":"Daniel Matos","article_published_time":"2020-11-06T02:20:33+00:00","og_image":[{"url":"https:\/\/www.blogsoestado.com\/danielmatos\/files\/2020\/11\/IMG_2298-scaled-1-1024x683.jpg","type":"","width":"","height":""}],"twitter_card":"summary_large_image","twitter_misc":{"Est. tempo de leitura":"2 minutos"},"schema":{"@context":"https:\/\/schema.org","@graph":[{"@type":"WebPage","@id":"https:\/\/www.blogsoestado.com\/danielmatos\/paula-pcdob-dispara-quase-10-pontos-na-lideranca-em-paco-do-lumiar-aponta-pesquisa-data-m\/","url":"https:\/\/www.blogsoestado.com\/danielmatos\/paula-pcdob-dispara-quase-10-pontos-na-lideranca-em-paco-do-lumiar-aponta-pesquisa-data-m\/","name":"Paula 65 dispara quase 10 pontos na lideran\u00e7a em Pa\u00e7o do Lumiar, aponta pesquisa Data M - Daniel Matos","isPartOf":{"@id":"https:\/\/www.blogsoestado.com\/danielmatos\/#website"},"primaryImageOfPage":{"@id":"https:\/\/www.blogsoestado.com\/danielmatos\/paula-pcdob-dispara-quase-10-pontos-na-lideranca-em-paco-do-lumiar-aponta-pesquisa-data-m\/#primaryimage"},"image":{"@id":"https:\/\/www.blogsoestado.com\/danielmatos\/paula-pcdob-dispara-quase-10-pontos-na-lideranca-em-paco-do-lumiar-aponta-pesquisa-data-m\/#primaryimage"},"thumbnailUrl":"https:\/\/www.blogsoestado.com\/danielmatos\/files\/2020\/11\/IMG_2298-scaled-1-1024x683.jpg","datePublished":"2020-11-06T02:20:33+00:00","author":{"@id":""},"breadcrumb":{"@id":"https:\/\/www.blogsoestado.com\/danielmatos\/paula-pcdob-dispara-quase-10-pontos-na-lideranca-em-paco-do-lumiar-aponta-pesquisa-data-m\/#breadcrumb"},"inLanguage":"pt-BR","potentialAction":[{"@type":"ReadAction","target":["https:\/\/www.blogsoestado.com\/danielmatos\/paula-pcdob-dispara-quase-10-pontos-na-lideranca-em-paco-do-lumiar-aponta-pesquisa-data-m\/"]}]},{"@type":"ImageObject","inLanguage":"pt-BR","@id":"https:\/\/www.blogsoestado.com\/danielmatos\/paula-pcdob-dispara-quase-10-pontos-na-lideranca-em-paco-do-lumiar-aponta-pesquisa-data-m\/#primaryimage","url":"https:\/\/www.blogsoestado.com\/danielmatos\/files\/2020\/11\/IMG_2298-scaled-1-1024x683.jpg","contentUrl":"https:\/\/www.blogsoestado.com\/danielmatos\/files\/2020\/11\/IMG_2298-scaled-1-1024x683.jpg"},{"@type":"BreadcrumbList","@id":"https:\/\/www.blogsoestado.com\/danielmatos\/paula-pcdob-dispara-quase-10-pontos-na-lideranca-em-paco-do-lumiar-aponta-pesquisa-data-m\/#breadcrumb","itemListElement":[{"@type":"ListItem","position":1,"name":"In\u00edcio","item":"https:\/\/www.blogsoestado.com\/danielmatos\/"},{"@type":"ListItem","position":2,"name":"Paula 65 dispara quase 10 pontos na lideran\u00e7a em Pa\u00e7o do Lumiar, aponta pesquisa Data M"}]},{"@type":"WebSite","@id":"https:\/\/www.blogsoestado.com\/danielmatos\/#website","url":"https:\/\/www.blogsoestado.com\/danielmatos\/","name":"Daniel Matos","description":"","potentialAction":[{"@type":"SearchAction","target":{"@type":"EntryPoint","urlTemplate":"https:\/\/www.blogsoestado.com\/danielmatos\/?s={search_term_string}"},"query-input":{"@type":"PropertyValueSpecification","valueRequired":true,"valueName":"search_term_string"}}],"inLanguage":"pt-BR"}]}},"jetpack_featured_media_url":"","_links":{"self":[{"href":"https:\/\/www.blogsoestado.com\/danielmatos\/wp-json\/wp\/v2\/posts\/79359","targetHints":{"allow":["GET"]}}],"collection":[{"href":"https:\/\/www.blogsoestado.com\/danielmatos\/wp-json\/wp\/v2\/posts"}],"about":[{"href":"https:\/\/www.blogsoestado.com\/danielmatos\/wp-json\/wp\/v2\/types\/post"}],"replies":[{"embeddable":true,"href":"https:\/\/www.blogsoestado.com\/danielmatos\/wp-json\/wp\/v2\/comments?post=79359"}],"version-history":[{"count":0,"href":"https:\/\/www.blogsoestado.com\/danielmatos\/wp-json\/wp\/v2\/posts\/79359\/revisions"}],"wp:attachment":[{"href":"https:\/\/www.blogsoestado.com\/danielmatos\/wp-json\/wp\/v2\/media?parent=79359"}],"wp:term":[{"taxonomy":"category","embeddable":true,"href":"https:\/\/www.blogsoestado.com\/danielmatos\/wp-json\/wp\/v2\/categories?post=79359"},{"taxonomy":"post_tag","embeddable":true,"href":"https:\/\/www.blogsoestado.com\/danielmatos\/wp-json\/wp\/v2\/tags?post=79359"}],"curies":[{"name":"wp","href":"https:\/\/api.w.org\/{rel}","templated":true}]}}