{"id":79363,"date":"2020-11-06T02:09:28","date_gmt":"2020-11-06T05:09:28","guid":{"rendered":"https:\/\/www.blogsoestado.com\/danielmatos\/?p=79363"},"modified":"2020-11-06T02:09:28","modified_gmt":"2020-11-06T05:09:28","slug":"consorcio-palaciano-mais-coeso-no-debate-da-tv-guara","status":"publish","type":"post","link":"https:\/\/www.blogsoestado.com\/danielmatos\/consorcio-palaciano-mais-coeso-no-debate-da-tv-guara\/","title":{"rendered":"Cons\u00f3rcio palaciano mais coeso no debate da TV Guar\u00e1"},"content":{"rendered":"\n<div class=\"wp-block-image\"><figure class=\"aligncenter size-large\"><img decoding=\"async\" src=\"https:\/\/www.blogsoestado.com\/danielmatos\/files\/2020\/11\/IMG_20201106_005932_0842-617x1024.jpg\" alt=\"\" class=\"wp-image-79364\"\/><figcaption>Cons\u00f3rcio palaciano mostrou harmonia at\u00e9 mesmo no momento de posar para a foto ao fim do debate<\/figcaption><\/figure><\/div>\n\n\n\n<p>Ficou evidente, no debate promovido pela TV Guar\u00e1, encerrado j\u00e1 na madrugada desta sexta-feira (6), a postura desarmada dos cinco candidatos que integram o cons\u00f3rcio patrocinado pelo Governo do Estado e pela Prefeitura de S\u00e3o Lu\u00eds na elei\u00e7\u00e3o majorit\u00e1ria na capital. Bem diferente do clima tenso e hostil que marcou o debate anterior, realizado s\u00e1bado, dia 31, pela TV Difusora, o quinteto ungido pelo comunismo, pedestismo e agregados conteve os \u00e2nimos, como se tivesse seguindo uma nova diretriz, emanada estrategicamente do posto mais alto da hierarquia.<\/p>\n\n\n\n<p>Em tr\u00eas horas de programa, n\u00e3o se viu troca de acusa\u00e7\u00f5es entres os palacianos, que seis dias atr\u00e1s partiram para o embate com pot\u00eancia e virul\u00eancia m\u00e1ximas, ignorando, at\u00e9 mesmo, a origem a qual todos pertencem, o palanque de Fl\u00e1vio Dino. <\/p>\n\n\n\n<p>A prop\u00f3sito, ap\u00f3s o debate nervoso da Difusora, o pr\u00f3prio governador se disp\u00f4s a agir como bombeiro, reafirmando a identifica\u00e7\u00e3o pol\u00edtica e a boa rela\u00e7\u00e3o pessoal com seis dos 10 candidatos que disputam a sucess\u00e3o municipal na capital. Apenas um dos citados, Ygl\u00e9sio Moyses, tratou de excluir seu nome da trupe governista, dando um chega pra l\u00e1 em Dino, uma sacada inteligente, afirmam analistas.<\/p>\n\n\n\n<p>Com \u00e2nimos contidos, os consorciados protagonizaram um debate morno, sem emo\u00e7\u00f5es. Exceto por algumas estocadas no l\u00edder Eduardo Braide e pela rusga ideol\u00f3gica dos opostos S\u00edlvio Ant\u00f4nio, bolsonarista assumido, e Hertz Dias, com seu discurso de rep\u00fadio ao presidente, a temperatura no est\u00fadio foi amena, frustrando as expectativas do p\u00fablico, que esperava o acirramento t\u00edpico da  reta final de qualquer campanha pol\u00edtica.<\/p>\n\n\n\n<p>Dessa vez, os dinistas n\u00e3o ousaram partir para a briga de foice, muito menos de martelo entre si. Ter\u00e1 sido medo da autofagia? Afinal, o risco de o cons\u00f3rcio ser implodido e de todos morrerem abra\u00e7ados j\u00e1 no 1\u00b0 turno continua real.<\/p>\n","protected":false},"excerpt":{"rendered":"<p>Ficou evidente, no debate promovido pela TV Guar\u00e1, encerrado j\u00e1 na madrugada desta sexta-feira (6), a postura desarmada dos cinco [&hellip;]<\/p>\n","protected":false},"author":0,"featured_media":0,"comment_status":"open","ping_status":"open","sticky":false,"template":"","format":"standard","meta":{"site-sidebar-layout":"default","site-content-layout":"","ast-site-content-layout":"default","site-content-style":"default","site-sidebar-style":"default","ast-global-header-display":"","ast-banner-title-visibility":"","ast-main-header-display":"","ast-hfb-above-header-display":"","ast-hfb-below-header-display":"","ast-hfb-mobile-header-display":"","site-post-title":"","ast-breadcrumbs-content":"","ast-featured-img":"","footer-sml-layout":"","ast-disable-related-posts":"","theme-transparent-header-meta":"","adv-header-id-meta":"","stick-header-meta":"","header-above-stick-meta":"","header-main-stick-meta":"","header-below-stick-meta":"","astra-migrate-meta-layouts":"default","ast-page-background-enabled":"default","ast-page-background-meta":{"desktop":{"background-color":"var(--ast-global-color-5)","background-image":"","background-repeat":"repeat","background-position":"center center","background-size":"auto","background-attachment":"scroll","background-type":"","background-media":"","overlay-type":"","overlay-color":"","overlay-opacity":"","overlay-gradient":""},"tablet":{"background-color":"","background-image":"","background-repeat":"repeat","background-position":"center center","background-size":"auto","background-attachment":"scroll","background-type":"","background-media":"","overlay-type":"","overlay-color":"","overlay-opacity":"","overlay-gradient":""},"mobile":{"background-color":"","background-image":"","background-repeat":"repeat","background-position":"center center","background-size":"auto","background-attachment":"scroll","background-type":"","background-media":"","overlay-type":"","overlay-color":"","overlay-opacity":"","overlay-gradient":""}},"ast-content-background-meta":{"desktop":{"background-color":"var(--ast-global-color-4)","background-image":"","background-repeat":"repeat","background-position":"center center","background-size":"auto","background-attachment":"scroll","background-type":"","background-media":"","overlay-type":"","overlay-color":"","overlay-opacity":"","overlay-gradient":""},"tablet":{"background-color":"var(--ast-global-color-4)","background-image":"","background-repeat":"repeat","background-position":"center center","background-size":"auto","background-attachment":"scroll","background-type":"","background-media":"","overlay-type":"","overlay-color":"","overlay-opacity":"","overlay-gradient":""},"mobile":{"background-color":"var(--ast-global-color-4)","background-image":"","background-repeat":"repeat","background-position":"center center","background-size":"auto","background-attachment":"scroll","background-type":"","background-media":"","overlay-type":"","overlay-color":"","overlay-opacity":"","overlay-gradient":""}},"footnotes":""},"categories":[1],"tags":[],"class_list":["post-79363","post","type-post","status-publish","format-standard","hentry","category-sem-categoria"],"yoast_head":"<!-- This site is optimized with the Yoast SEO plugin v26.6 - https:\/\/yoast.com\/wordpress\/plugins\/seo\/ -->\n<title>Cons\u00f3rcio palaciano mais coeso no debate da TV Guar\u00e1 - Daniel Matos<\/title>\n<meta name=\"robots\" content=\"index, follow, max-snippet:-1, max-image-preview:large, max-video-preview:-1\" \/>\n<link rel=\"canonical\" href=\"https:\/\/www.blogsoestado.com\/danielmatos\/consorcio-palaciano-mais-coeso-no-debate-da-tv-guara\/\" \/>\n<meta property=\"og:locale\" content=\"pt_BR\" \/>\n<meta property=\"og:type\" content=\"article\" \/>\n<meta property=\"og:title\" content=\"Cons\u00f3rcio palaciano mais coeso no debate da TV Guar\u00e1 - Daniel Matos\" \/>\n<meta property=\"og:description\" content=\"Ficou evidente, no debate promovido pela TV Guar\u00e1, encerrado j\u00e1 na madrugada desta sexta-feira (6), a postura desarmada dos cinco [&hellip;]\" \/>\n<meta property=\"og:url\" content=\"https:\/\/www.blogsoestado.com\/danielmatos\/consorcio-palaciano-mais-coeso-no-debate-da-tv-guara\/\" \/>\n<meta property=\"og:site_name\" content=\"Daniel Matos\" \/>\n<meta property=\"article:published_time\" content=\"2020-11-06T05:09:28+00:00\" \/>\n<meta property=\"og:image\" content=\"https:\/\/www.blogsoestado.com\/danielmatos\/files\/2020\/11\/IMG_20201106_005932_0842-617x1024.jpg\" \/>\n<meta name=\"twitter:card\" content=\"summary_large_image\" \/>\n<meta name=\"twitter:label1\" content=\"Est. tempo de leitura\" \/>\n\t<meta name=\"twitter:data1\" content=\"2 minutos\" \/>\n<script type=\"application\/ld+json\" class=\"yoast-schema-graph\">{\"@context\":\"https:\/\/schema.org\",\"@graph\":[{\"@type\":\"WebPage\",\"@id\":\"https:\/\/www.blogsoestado.com\/danielmatos\/consorcio-palaciano-mais-coeso-no-debate-da-tv-guara\/\",\"url\":\"https:\/\/www.blogsoestado.com\/danielmatos\/consorcio-palaciano-mais-coeso-no-debate-da-tv-guara\/\",\"name\":\"Cons\u00f3rcio palaciano mais coeso no debate da TV Guar\u00e1 - Daniel Matos\",\"isPartOf\":{\"@id\":\"https:\/\/www.blogsoestado.com\/danielmatos\/#website\"},\"primaryImageOfPage\":{\"@id\":\"https:\/\/www.blogsoestado.com\/danielmatos\/consorcio-palaciano-mais-coeso-no-debate-da-tv-guara\/#primaryimage\"},\"image\":{\"@id\":\"https:\/\/www.blogsoestado.com\/danielmatos\/consorcio-palaciano-mais-coeso-no-debate-da-tv-guara\/#primaryimage\"},\"thumbnailUrl\":\"https:\/\/www.blogsoestado.com\/danielmatos\/files\/2020\/11\/IMG_20201106_005932_0842-617x1024.jpg\",\"datePublished\":\"2020-11-06T05:09:28+00:00\",\"author\":{\"@id\":\"\"},\"breadcrumb\":{\"@id\":\"https:\/\/www.blogsoestado.com\/danielmatos\/consorcio-palaciano-mais-coeso-no-debate-da-tv-guara\/#breadcrumb\"},\"inLanguage\":\"pt-BR\",\"potentialAction\":[{\"@type\":\"ReadAction\",\"target\":[\"https:\/\/www.blogsoestado.com\/danielmatos\/consorcio-palaciano-mais-coeso-no-debate-da-tv-guara\/\"]}]},{\"@type\":\"ImageObject\",\"inLanguage\":\"pt-BR\",\"@id\":\"https:\/\/www.blogsoestado.com\/danielmatos\/consorcio-palaciano-mais-coeso-no-debate-da-tv-guara\/#primaryimage\",\"url\":\"https:\/\/www.blogsoestado.com\/danielmatos\/files\/2020\/11\/IMG_20201106_005932_0842-617x1024.jpg\",\"contentUrl\":\"https:\/\/www.blogsoestado.com\/danielmatos\/files\/2020\/11\/IMG_20201106_005932_0842-617x1024.jpg\"},{\"@type\":\"BreadcrumbList\",\"@id\":\"https:\/\/www.blogsoestado.com\/danielmatos\/consorcio-palaciano-mais-coeso-no-debate-da-tv-guara\/#breadcrumb\",\"itemListElement\":[{\"@type\":\"ListItem\",\"position\":1,\"name\":\"In\u00edcio\",\"item\":\"https:\/\/www.blogsoestado.com\/danielmatos\/\"},{\"@type\":\"ListItem\",\"position\":2,\"name\":\"Cons\u00f3rcio palaciano mais coeso no debate da TV Guar\u00e1\"}]},{\"@type\":\"WebSite\",\"@id\":\"https:\/\/www.blogsoestado.com\/danielmatos\/#website\",\"url\":\"https:\/\/www.blogsoestado.com\/danielmatos\/\",\"name\":\"Daniel Matos\",\"description\":\"\",\"potentialAction\":[{\"@type\":\"SearchAction\",\"target\":{\"@type\":\"EntryPoint\",\"urlTemplate\":\"https:\/\/www.blogsoestado.com\/danielmatos\/?s={search_term_string}\"},\"query-input\":{\"@type\":\"PropertyValueSpecification\",\"valueRequired\":true,\"valueName\":\"search_term_string\"}}],\"inLanguage\":\"pt-BR\"}]}<\/script>\n<!-- \/ Yoast SEO plugin. -->","yoast_head_json":{"title":"Cons\u00f3rcio palaciano mais coeso no debate da TV Guar\u00e1 - Daniel Matos","robots":{"index":"index","follow":"follow","max-snippet":"max-snippet:-1","max-image-preview":"max-image-preview:large","max-video-preview":"max-video-preview:-1"},"canonical":"https:\/\/www.blogsoestado.com\/danielmatos\/consorcio-palaciano-mais-coeso-no-debate-da-tv-guara\/","og_locale":"pt_BR","og_type":"article","og_title":"Cons\u00f3rcio palaciano mais coeso no debate da TV Guar\u00e1 - Daniel Matos","og_description":"Ficou evidente, no debate promovido pela TV Guar\u00e1, encerrado j\u00e1 na madrugada desta sexta-feira (6), a postura desarmada dos cinco [&hellip;]","og_url":"https:\/\/www.blogsoestado.com\/danielmatos\/consorcio-palaciano-mais-coeso-no-debate-da-tv-guara\/","og_site_name":"Daniel Matos","article_published_time":"2020-11-06T05:09:28+00:00","og_image":[{"url":"https:\/\/www.blogsoestado.com\/danielmatos\/files\/2020\/11\/IMG_20201106_005932_0842-617x1024.jpg","type":"","width":"","height":""}],"twitter_card":"summary_large_image","twitter_misc":{"Est. tempo de leitura":"2 minutos"},"schema":{"@context":"https:\/\/schema.org","@graph":[{"@type":"WebPage","@id":"https:\/\/www.blogsoestado.com\/danielmatos\/consorcio-palaciano-mais-coeso-no-debate-da-tv-guara\/","url":"https:\/\/www.blogsoestado.com\/danielmatos\/consorcio-palaciano-mais-coeso-no-debate-da-tv-guara\/","name":"Cons\u00f3rcio palaciano mais coeso no debate da TV Guar\u00e1 - Daniel Matos","isPartOf":{"@id":"https:\/\/www.blogsoestado.com\/danielmatos\/#website"},"primaryImageOfPage":{"@id":"https:\/\/www.blogsoestado.com\/danielmatos\/consorcio-palaciano-mais-coeso-no-debate-da-tv-guara\/#primaryimage"},"image":{"@id":"https:\/\/www.blogsoestado.com\/danielmatos\/consorcio-palaciano-mais-coeso-no-debate-da-tv-guara\/#primaryimage"},"thumbnailUrl":"https:\/\/www.blogsoestado.com\/danielmatos\/files\/2020\/11\/IMG_20201106_005932_0842-617x1024.jpg","datePublished":"2020-11-06T05:09:28+00:00","author":{"@id":""},"breadcrumb":{"@id":"https:\/\/www.blogsoestado.com\/danielmatos\/consorcio-palaciano-mais-coeso-no-debate-da-tv-guara\/#breadcrumb"},"inLanguage":"pt-BR","potentialAction":[{"@type":"ReadAction","target":["https:\/\/www.blogsoestado.com\/danielmatos\/consorcio-palaciano-mais-coeso-no-debate-da-tv-guara\/"]}]},{"@type":"ImageObject","inLanguage":"pt-BR","@id":"https:\/\/www.blogsoestado.com\/danielmatos\/consorcio-palaciano-mais-coeso-no-debate-da-tv-guara\/#primaryimage","url":"https:\/\/www.blogsoestado.com\/danielmatos\/files\/2020\/11\/IMG_20201106_005932_0842-617x1024.jpg","contentUrl":"https:\/\/www.blogsoestado.com\/danielmatos\/files\/2020\/11\/IMG_20201106_005932_0842-617x1024.jpg"},{"@type":"BreadcrumbList","@id":"https:\/\/www.blogsoestado.com\/danielmatos\/consorcio-palaciano-mais-coeso-no-debate-da-tv-guara\/#breadcrumb","itemListElement":[{"@type":"ListItem","position":1,"name":"In\u00edcio","item":"https:\/\/www.blogsoestado.com\/danielmatos\/"},{"@type":"ListItem","position":2,"name":"Cons\u00f3rcio palaciano mais coeso no debate da TV Guar\u00e1"}]},{"@type":"WebSite","@id":"https:\/\/www.blogsoestado.com\/danielmatos\/#website","url":"https:\/\/www.blogsoestado.com\/danielmatos\/","name":"Daniel Matos","description":"","potentialAction":[{"@type":"SearchAction","target":{"@type":"EntryPoint","urlTemplate":"https:\/\/www.blogsoestado.com\/danielmatos\/?s={search_term_string}"},"query-input":{"@type":"PropertyValueSpecification","valueRequired":true,"valueName":"search_term_string"}}],"inLanguage":"pt-BR"}]}},"jetpack_featured_media_url":"","_links":{"self":[{"href":"https:\/\/www.blogsoestado.com\/danielmatos\/wp-json\/wp\/v2\/posts\/79363","targetHints":{"allow":["GET"]}}],"collection":[{"href":"https:\/\/www.blogsoestado.com\/danielmatos\/wp-json\/wp\/v2\/posts"}],"about":[{"href":"https:\/\/www.blogsoestado.com\/danielmatos\/wp-json\/wp\/v2\/types\/post"}],"replies":[{"embeddable":true,"href":"https:\/\/www.blogsoestado.com\/danielmatos\/wp-json\/wp\/v2\/comments?post=79363"}],"version-history":[{"count":0,"href":"https:\/\/www.blogsoestado.com\/danielmatos\/wp-json\/wp\/v2\/posts\/79363\/revisions"}],"wp:attachment":[{"href":"https:\/\/www.blogsoestado.com\/danielmatos\/wp-json\/wp\/v2\/media?parent=79363"}],"wp:term":[{"taxonomy":"category","embeddable":true,"href":"https:\/\/www.blogsoestado.com\/danielmatos\/wp-json\/wp\/v2\/categories?post=79363"},{"taxonomy":"post_tag","embeddable":true,"href":"https:\/\/www.blogsoestado.com\/danielmatos\/wp-json\/wp\/v2\/tags?post=79363"}],"curies":[{"name":"wp","href":"https:\/\/api.w.org\/{rel}","templated":true}]}}