{"id":79386,"date":"2020-11-06T13:36:57","date_gmt":"2020-11-06T16:36:57","guid":{"rendered":"https:\/\/www.blogsoestado.com\/danielmatos\/?p=79386"},"modified":"2020-11-06T13:36:57","modified_gmt":"2020-11-06T16:36:57","slug":"beto-das-vilas-realiza-comicio-hoje-no-viva-vilas","status":"publish","type":"post","link":"https:\/\/www.blogsoestado.com\/danielmatos\/beto-das-vilas-realiza-comicio-hoje-no-viva-vilas\/","title":{"rendered":"Beto das Vilas realiza com\u00edcio hoje no Viva Vilas"},"content":{"rendered":"\n<div class=\"wp-block-image\"><figure class=\"aligncenter size-large\"><img decoding=\"async\" src=\"https:\/\/www.blogsoestado.com\/danielmatos\/files\/2020\/11\/IMG-20201106-WA0090-1024x684.jpg\" alt=\"\" class=\"wp-image-79387\"\/><figcaption>Beto das Vilas far\u00e1 mais um com\u00edcio e mostrar\u00e1 novamente a for\u00e7a da sua candidatura a prefeito de S\u00e3o Jos\u00e9 de Ribamar<\/figcaption><\/figure><\/div>\n\n\n\n<p>Come\u00e7ou a contagem regressiva para as Elei\u00e7\u00f5es 2020. Em S\u00e3o Jos\u00e9 de Ribamar, a agenda do candidato Beto das Vilas, da coliga\u00e7\u00e3o \u201cA Vit\u00f3ria do Povo\u201d intensifica com programa\u00e7\u00e3o que inclui visitas aos bairros, reuni\u00e3o com lideran\u00e7as e com\u00edcios nas regi\u00f5es dos parques, vilas, zona rural e sede; durante a manh\u00e3, tarde e noite. O objetivo \u00e9 cumprir toda a demanda de sua base pol\u00edtica estando no corpo a corpo com o povo levando ao conhecimento suas propostas de seu Plano de Governo.<\/p>\n\n\n\n<div class=\"wp-block-image\"><figure class=\"aligncenter size-large\"><img decoding=\"async\" src=\"https:\/\/www.blogsoestado.com\/danielmatos\/files\/2020\/11\/IMG-20201106-WA0091-1024x684.jpg\" alt=\"\" class=\"wp-image-79388\"\/><figcaption>A cada pol\u00edtico o palanque de Beto das Vilas se fortalece ainda mais<\/figcaption><\/figure><\/div>\n\n\n\n<p>Nesta sexta-feira, 6, durante a manh\u00e3 e tarde tem caminhada na Vila Sarney I e II. E as 19h, haver\u00e1 grande com\u00edcio no Viva Vilas da Vila Flamengo, com a presen\u00e7a do candidato Beto das Vilas, da candidata a vice-prefeita La\u00eds Alencar e de todos os presidentes de partidos e candidatos da coliga\u00e7\u00e3o \u201cA Vit\u00f3ria do Povo\u201d. \u201cEssa \u00e9 a hora de acreditar e convocar todos os Ribamarenses para esse projeto de renova\u00e7\u00e3o pol\u00edtica em nossa cidade\u201d, disse Ely Mota, presidente do Partido Verde em Ribamar, possivelmente a pr\u00f3xima primeira-dama.<\/p>\n\n\n\n<div class=\"wp-block-image\"><figure class=\"aligncenter size-large\"><img decoding=\"async\" src=\"https:\/\/www.blogsoestado.com\/danielmatos\/files\/2020\/11\/IMG-20201106-WA0141-1024x683.jpg\" alt=\"\" class=\"wp-image-79389\"\/><figcaption>O povo d\u00e1 mais uma demonstra\u00e7\u00e3o de que abra\u00e7ou a campanha de Beto das Vilas<\/figcaption><\/figure><\/div>\n\n\n\n<p>\u201cJ\u00e1 chega de retrocesso, o trabalho que estaremos executando vai proporcionar mais qualidade de vida, principalmente, mais oportunidades para os jovens e para as mulheres\u201d, conclui La\u00eds Alencar.<\/p>\n\n\n\n<div class=\"wp-block-image\"><figure class=\"aligncenter size-large\"><img decoding=\"async\" src=\"https:\/\/www.blogsoestado.com\/danielmatos\/files\/2020\/11\/IMG-20201106-WA0139-1024x682.jpg\" alt=\"\" class=\"wp-image-79390\"\/><figcaption>A candidata a vice-prefeita na chapa de Beto das Vilas representa o sangue novo da juventude<\/figcaption><\/figure><\/div>\n\n\n\n<p>O com\u00edcio desta sexta-feira ser\u00e1 de grande import\u00e2ncia, haja vista, a multid\u00e3o que o Beto das Vilas vem arrastando com sua campanha popular e de forte forma\u00e7\u00e3o pol\u00edtica.<\/p>\n\n\n\n<div class=\"wp-block-image\"><figure class=\"aligncenter size-large\"><img decoding=\"async\" src=\"https:\/\/www.blogsoestado.com\/danielmatos\/files\/2020\/11\/IMG-20201106-WA0088-1024x768.jpg\" alt=\"\" class=\"wp-image-79391\"\/><figcaption>Caminhada liderada por Beto das Vilas com participa\u00e7\u00e3o popular expressiva<\/figcaption><\/figure><\/div>\n","protected":false},"excerpt":{"rendered":"<p>Come\u00e7ou a contagem regressiva para as Elei\u00e7\u00f5es 2020. Em S\u00e3o Jos\u00e9 de Ribamar, a agenda do candidato Beto das Vilas, [&hellip;]<\/p>\n","protected":false},"author":0,"featured_media":0,"comment_status":"open","ping_status":"open","sticky":false,"template":"","format":"standard","meta":{"site-sidebar-layout":"default","site-content-layout":"","ast-site-content-layout":"default","site-content-style":"default","site-sidebar-style":"default","ast-global-header-display":"","ast-banner-title-visibility":"","ast-main-header-display":"","ast-hfb-above-header-display":"","ast-hfb-below-header-display":"","ast-hfb-mobile-header-display":"","site-post-title":"","ast-breadcrumbs-content":"","ast-featured-img":"","footer-sml-layout":"","ast-disable-related-posts":"","theme-transparent-header-meta":"","adv-header-id-meta":"","stick-header-meta":"","header-above-stick-meta":"","header-main-stick-meta":"","header-below-stick-meta":"","astra-migrate-meta-layouts":"default","ast-page-background-enabled":"default","ast-page-background-meta":{"desktop":{"background-color":"var(--ast-global-color-5)","background-image":"","background-repeat":"repeat","background-position":"center center","background-size":"auto","background-attachment":"scroll","background-type":"","background-media":"","overlay-type":"","overlay-color":"","overlay-opacity":"","overlay-gradient":""},"tablet":{"background-color":"","background-image":"","background-repeat":"repeat","background-position":"center center","background-size":"auto","background-attachment":"scroll","background-type":"","background-media":"","overlay-type":"","overlay-color":"","overlay-opacity":"","overlay-gradient":""},"mobile":{"background-color":"","background-image":"","background-repeat":"repeat","background-position":"center center","background-size":"auto","background-attachment":"scroll","background-type":"","background-media":"","overlay-type":"","overlay-color":"","overlay-opacity":"","overlay-gradient":""}},"ast-content-background-meta":{"desktop":{"background-color":"var(--ast-global-color-4)","background-image":"","background-repeat":"repeat","background-position":"center center","background-size":"auto","background-attachment":"scroll","background-type":"","background-media":"","overlay-type":"","overlay-color":"","overlay-opacity":"","overlay-gradient":""},"tablet":{"background-color":"var(--ast-global-color-4)","background-image":"","background-repeat":"repeat","background-position":"center center","background-size":"auto","background-attachment":"scroll","background-type":"","background-media":"","overlay-type":"","overlay-color":"","overlay-opacity":"","overlay-gradient":""},"mobile":{"background-color":"var(--ast-global-color-4)","background-image":"","background-repeat":"repeat","background-position":"center center","background-size":"auto","background-attachment":"scroll","background-type":"","background-media":"","overlay-type":"","overlay-color":"","overlay-opacity":"","overlay-gradient":""}},"footnotes":""},"categories":[1],"tags":[],"class_list":["post-79386","post","type-post","status-publish","format-standard","hentry","category-sem-categoria"],"yoast_head":"<!-- This site is optimized with the Yoast SEO plugin v26.6 - https:\/\/yoast.com\/wordpress\/plugins\/seo\/ -->\n<title>Beto das Vilas realiza com\u00edcio hoje no Viva Vilas - Daniel Matos<\/title>\n<meta name=\"robots\" content=\"index, follow, max-snippet:-1, max-image-preview:large, max-video-preview:-1\" \/>\n<link rel=\"canonical\" href=\"https:\/\/www.blogsoestado.com\/danielmatos\/beto-das-vilas-realiza-comicio-hoje-no-viva-vilas\/\" \/>\n<meta property=\"og:locale\" content=\"pt_BR\" \/>\n<meta property=\"og:type\" content=\"article\" \/>\n<meta property=\"og:title\" content=\"Beto das Vilas realiza com\u00edcio hoje no Viva Vilas - Daniel Matos\" \/>\n<meta property=\"og:description\" content=\"Come\u00e7ou a contagem regressiva para as Elei\u00e7\u00f5es 2020. Em S\u00e3o Jos\u00e9 de Ribamar, a agenda do candidato Beto das Vilas, [&hellip;]\" \/>\n<meta property=\"og:url\" content=\"https:\/\/www.blogsoestado.com\/danielmatos\/beto-das-vilas-realiza-comicio-hoje-no-viva-vilas\/\" \/>\n<meta property=\"og:site_name\" content=\"Daniel Matos\" \/>\n<meta property=\"article:published_time\" content=\"2020-11-06T16:36:57+00:00\" \/>\n<meta property=\"og:image\" content=\"https:\/\/www.blogsoestado.com\/danielmatos\/files\/2020\/11\/IMG-20201106-WA0090-1024x684.jpg\" \/>\n<meta name=\"twitter:card\" content=\"summary_large_image\" \/>\n<meta name=\"twitter:label1\" content=\"Est. tempo de leitura\" \/>\n\t<meta name=\"twitter:data1\" content=\"2 minutos\" \/>\n<script type=\"application\/ld+json\" class=\"yoast-schema-graph\">{\"@context\":\"https:\/\/schema.org\",\"@graph\":[{\"@type\":\"WebPage\",\"@id\":\"https:\/\/www.blogsoestado.com\/danielmatos\/beto-das-vilas-realiza-comicio-hoje-no-viva-vilas\/\",\"url\":\"https:\/\/www.blogsoestado.com\/danielmatos\/beto-das-vilas-realiza-comicio-hoje-no-viva-vilas\/\",\"name\":\"Beto das Vilas realiza com\u00edcio hoje no Viva Vilas - Daniel Matos\",\"isPartOf\":{\"@id\":\"https:\/\/www.blogsoestado.com\/danielmatos\/#website\"},\"primaryImageOfPage\":{\"@id\":\"https:\/\/www.blogsoestado.com\/danielmatos\/beto-das-vilas-realiza-comicio-hoje-no-viva-vilas\/#primaryimage\"},\"image\":{\"@id\":\"https:\/\/www.blogsoestado.com\/danielmatos\/beto-das-vilas-realiza-comicio-hoje-no-viva-vilas\/#primaryimage\"},\"thumbnailUrl\":\"https:\/\/www.blogsoestado.com\/danielmatos\/files\/2020\/11\/IMG-20201106-WA0090-1024x684.jpg\",\"datePublished\":\"2020-11-06T16:36:57+00:00\",\"author\":{\"@id\":\"\"},\"breadcrumb\":{\"@id\":\"https:\/\/www.blogsoestado.com\/danielmatos\/beto-das-vilas-realiza-comicio-hoje-no-viva-vilas\/#breadcrumb\"},\"inLanguage\":\"pt-BR\",\"potentialAction\":[{\"@type\":\"ReadAction\",\"target\":[\"https:\/\/www.blogsoestado.com\/danielmatos\/beto-das-vilas-realiza-comicio-hoje-no-viva-vilas\/\"]}]},{\"@type\":\"ImageObject\",\"inLanguage\":\"pt-BR\",\"@id\":\"https:\/\/www.blogsoestado.com\/danielmatos\/beto-das-vilas-realiza-comicio-hoje-no-viva-vilas\/#primaryimage\",\"url\":\"https:\/\/www.blogsoestado.com\/danielmatos\/files\/2020\/11\/IMG-20201106-WA0090-1024x684.jpg\",\"contentUrl\":\"https:\/\/www.blogsoestado.com\/danielmatos\/files\/2020\/11\/IMG-20201106-WA0090-1024x684.jpg\"},{\"@type\":\"BreadcrumbList\",\"@id\":\"https:\/\/www.blogsoestado.com\/danielmatos\/beto-das-vilas-realiza-comicio-hoje-no-viva-vilas\/#breadcrumb\",\"itemListElement\":[{\"@type\":\"ListItem\",\"position\":1,\"name\":\"In\u00edcio\",\"item\":\"https:\/\/www.blogsoestado.com\/danielmatos\/\"},{\"@type\":\"ListItem\",\"position\":2,\"name\":\"Beto das Vilas realiza com\u00edcio hoje no Viva Vilas\"}]},{\"@type\":\"WebSite\",\"@id\":\"https:\/\/www.blogsoestado.com\/danielmatos\/#website\",\"url\":\"https:\/\/www.blogsoestado.com\/danielmatos\/\",\"name\":\"Daniel Matos\",\"description\":\"\",\"potentialAction\":[{\"@type\":\"SearchAction\",\"target\":{\"@type\":\"EntryPoint\",\"urlTemplate\":\"https:\/\/www.blogsoestado.com\/danielmatos\/?s={search_term_string}\"},\"query-input\":{\"@type\":\"PropertyValueSpecification\",\"valueRequired\":true,\"valueName\":\"search_term_string\"}}],\"inLanguage\":\"pt-BR\"}]}<\/script>\n<!-- \/ Yoast SEO plugin. -->","yoast_head_json":{"title":"Beto das Vilas realiza com\u00edcio hoje no Viva Vilas - Daniel Matos","robots":{"index":"index","follow":"follow","max-snippet":"max-snippet:-1","max-image-preview":"max-image-preview:large","max-video-preview":"max-video-preview:-1"},"canonical":"https:\/\/www.blogsoestado.com\/danielmatos\/beto-das-vilas-realiza-comicio-hoje-no-viva-vilas\/","og_locale":"pt_BR","og_type":"article","og_title":"Beto das Vilas realiza com\u00edcio hoje no Viva Vilas - Daniel Matos","og_description":"Come\u00e7ou a contagem regressiva para as Elei\u00e7\u00f5es 2020. Em S\u00e3o Jos\u00e9 de Ribamar, a agenda do candidato Beto das Vilas, [&hellip;]","og_url":"https:\/\/www.blogsoestado.com\/danielmatos\/beto-das-vilas-realiza-comicio-hoje-no-viva-vilas\/","og_site_name":"Daniel Matos","article_published_time":"2020-11-06T16:36:57+00:00","og_image":[{"url":"https:\/\/www.blogsoestado.com\/danielmatos\/files\/2020\/11\/IMG-20201106-WA0090-1024x684.jpg","type":"","width":"","height":""}],"twitter_card":"summary_large_image","twitter_misc":{"Est. tempo de leitura":"2 minutos"},"schema":{"@context":"https:\/\/schema.org","@graph":[{"@type":"WebPage","@id":"https:\/\/www.blogsoestado.com\/danielmatos\/beto-das-vilas-realiza-comicio-hoje-no-viva-vilas\/","url":"https:\/\/www.blogsoestado.com\/danielmatos\/beto-das-vilas-realiza-comicio-hoje-no-viva-vilas\/","name":"Beto das Vilas realiza com\u00edcio hoje no Viva Vilas - Daniel Matos","isPartOf":{"@id":"https:\/\/www.blogsoestado.com\/danielmatos\/#website"},"primaryImageOfPage":{"@id":"https:\/\/www.blogsoestado.com\/danielmatos\/beto-das-vilas-realiza-comicio-hoje-no-viva-vilas\/#primaryimage"},"image":{"@id":"https:\/\/www.blogsoestado.com\/danielmatos\/beto-das-vilas-realiza-comicio-hoje-no-viva-vilas\/#primaryimage"},"thumbnailUrl":"https:\/\/www.blogsoestado.com\/danielmatos\/files\/2020\/11\/IMG-20201106-WA0090-1024x684.jpg","datePublished":"2020-11-06T16:36:57+00:00","author":{"@id":""},"breadcrumb":{"@id":"https:\/\/www.blogsoestado.com\/danielmatos\/beto-das-vilas-realiza-comicio-hoje-no-viva-vilas\/#breadcrumb"},"inLanguage":"pt-BR","potentialAction":[{"@type":"ReadAction","target":["https:\/\/www.blogsoestado.com\/danielmatos\/beto-das-vilas-realiza-comicio-hoje-no-viva-vilas\/"]}]},{"@type":"ImageObject","inLanguage":"pt-BR","@id":"https:\/\/www.blogsoestado.com\/danielmatos\/beto-das-vilas-realiza-comicio-hoje-no-viva-vilas\/#primaryimage","url":"https:\/\/www.blogsoestado.com\/danielmatos\/files\/2020\/11\/IMG-20201106-WA0090-1024x684.jpg","contentUrl":"https:\/\/www.blogsoestado.com\/danielmatos\/files\/2020\/11\/IMG-20201106-WA0090-1024x684.jpg"},{"@type":"BreadcrumbList","@id":"https:\/\/www.blogsoestado.com\/danielmatos\/beto-das-vilas-realiza-comicio-hoje-no-viva-vilas\/#breadcrumb","itemListElement":[{"@type":"ListItem","position":1,"name":"In\u00edcio","item":"https:\/\/www.blogsoestado.com\/danielmatos\/"},{"@type":"ListItem","position":2,"name":"Beto das Vilas realiza com\u00edcio hoje no Viva Vilas"}]},{"@type":"WebSite","@id":"https:\/\/www.blogsoestado.com\/danielmatos\/#website","url":"https:\/\/www.blogsoestado.com\/danielmatos\/","name":"Daniel Matos","description":"","potentialAction":[{"@type":"SearchAction","target":{"@type":"EntryPoint","urlTemplate":"https:\/\/www.blogsoestado.com\/danielmatos\/?s={search_term_string}"},"query-input":{"@type":"PropertyValueSpecification","valueRequired":true,"valueName":"search_term_string"}}],"inLanguage":"pt-BR"}]}},"jetpack_featured_media_url":"","_links":{"self":[{"href":"https:\/\/www.blogsoestado.com\/danielmatos\/wp-json\/wp\/v2\/posts\/79386","targetHints":{"allow":["GET"]}}],"collection":[{"href":"https:\/\/www.blogsoestado.com\/danielmatos\/wp-json\/wp\/v2\/posts"}],"about":[{"href":"https:\/\/www.blogsoestado.com\/danielmatos\/wp-json\/wp\/v2\/types\/post"}],"replies":[{"embeddable":true,"href":"https:\/\/www.blogsoestado.com\/danielmatos\/wp-json\/wp\/v2\/comments?post=79386"}],"version-history":[{"count":0,"href":"https:\/\/www.blogsoestado.com\/danielmatos\/wp-json\/wp\/v2\/posts\/79386\/revisions"}],"wp:attachment":[{"href":"https:\/\/www.blogsoestado.com\/danielmatos\/wp-json\/wp\/v2\/media?parent=79386"}],"wp:term":[{"taxonomy":"category","embeddable":true,"href":"https:\/\/www.blogsoestado.com\/danielmatos\/wp-json\/wp\/v2\/categories?post=79386"},{"taxonomy":"post_tag","embeddable":true,"href":"https:\/\/www.blogsoestado.com\/danielmatos\/wp-json\/wp\/v2\/tags?post=79386"}],"curies":[{"name":"wp","href":"https:\/\/api.w.org\/{rel}","templated":true}]}}