{"id":79393,"date":"2020-11-06T17:08:18","date_gmt":"2020-11-06T20:08:18","guid":{"rendered":"https:\/\/www.blogsoestado.com\/danielmatos\/?p=79393"},"modified":"2020-11-06T17:08:18","modified_gmt":"2020-11-06T20:08:18","slug":"justica-afasta-prefeito-de-bom-jardim-do-cargo-a-pedido-do-mpma","status":"publish","type":"post","link":"https:\/\/www.blogsoestado.com\/danielmatos\/justica-afasta-prefeito-de-bom-jardim-do-cargo-a-pedido-do-mpma\/","title":{"rendered":"Justi\u00e7a afasta prefeito de Bom Jardim do cargo a pedido do MPMA"},"content":{"rendered":"\n<div class=\"wp-block-image\"><figure class=\"aligncenter size-large\"><img decoding=\"async\" src=\"https:\/\/www.blogsoestado.com\/danielmatos\/files\/2020\/11\/prefeito.jpg\" alt=\"\" class=\"wp-image-79394\"\/><figcaption>Prefeito Francisco Alves de Ara\u00fajo foi afastado por ilegalidade em licita\u00e7\u00e3o para aluguel de ve\u00edculos<\/figcaption><\/figure><\/div>\n\n\n\n<p>O prefeito de Bom Jardim e candidato \u00e0 reelei\u00e7\u00e3o, Francisco Alves de Ara\u00fajo, foi afastado do cargo, pelo prazo de 180 dias, por determina\u00e7\u00e3o un\u00e2nime da 3\u00aa C\u00e2mara C\u00edvel do Tribunal de Justi\u00e7a, nesta quinta-feira, 5. A C\u00e2mara de Vereadores de Bom Jardim dever\u00e1 providenciar, em 48 horas, a posse do vice-prefeito, bem como informar \u00e0s institui\u00e7\u00f5es financeiras a mudan\u00e7a de titularidade do chefe do Poder Executivo Municipal.<\/p>\n\n\n\n<p>Participaram do julgamento os desembargadores Raimundo Jos\u00e9 Barros de Sousa, que foi o relator; Cleones Carvalho Cunha e Jamil de Miranda Gedeon Neto. Representando o Minist\u00e9rio P\u00fablico do Maranh\u00e3o (MPMA), participou a procuradora de justi\u00e7a Maril\u00e9a Campos dos Santos Costa.<\/p>\n\n\n\n<p>A medida foi adotada no julgamento de um agravo de instrumento, com pedido de efeito suspensivo, interposto pelo MPMA, contra decis\u00e3o do ju\u00edzo de direito da Comarca de Bom Jardim, nos autos de uma A\u00e7\u00e3o Civil P\u00fablica (N\u00ba 0800421-46.2018.8.10.0074) proposta contra Francisco Alves de Ara\u00fajo e outros agravados.<\/p>\n\n\n\n<p>A Promotoria de Justi\u00e7a de Bom Jardim ajuizou a A\u00e7\u00e3o Civil P\u00fablica em raz\u00e3o de ilegalidades referentes ao preg\u00e3o presencial n\u00ba 020\/2017, no valor de R$ 1.026.618,32, para contrata\u00e7\u00e3o de aluguel de ve\u00edculos. Al\u00e9m do prefeito, s\u00e3o alvos da a\u00e7\u00e3o a empresa R L DE FARIAS &#8211; ME, Roberto Lima de Farias, Neudivan de Jesus, Ayrton Alves de Ara\u00fajo, Rossini Davemport Tavares J\u00fanior e Jo\u00e3o Batista Mello Filho.<\/p>\n\n\n\n<p>Como a Justi\u00e7a de 1\u00ba grau indeferiu o pedido de afastamento do prefeito, o Minist\u00e9rio P\u00fablico recorreu ao Tribunal de Justi\u00e7a por meio do agravo de instrumento. Em sua justificativa, o promotor de justi\u00e7a F\u00e1bio Santos de Oliveira alegou que foram demonstrados os requisitos legais para a concess\u00e3o da medida liminar, pois o gestor municipal j\u00e1 responde a cinco demandas por improbidade administrativa. \u201cEle continua praticando atos \u00edmprobos em sua gest\u00e3o, de forma que sua perman\u00eancia no cargo prejudicar\u00e1 a instru\u00e7\u00e3o processual\u201d, argumentou.<\/p>\n\n\n\n<p><strong>OS FATOS<\/strong><\/p>\n\n\n\n<p>Conforme as investiga\u00e7\u00f5es da Promotoria de Bom Jardim, o preju\u00edzo ao er\u00e1rio p\u00fablico ficou caracterizado ao ser constatado que o procedimento licitat\u00f3rio questionado \u201cvisava t\u00e3o somente regularizar os contratos de alugu\u00e9is de ve\u00edculos j\u00e1 existentes, antes do processo licitat\u00f3rio atrav\u00e9s do qual se contratou a empresa vencedora\u201d.<\/p>\n\n\n\n<p>Segundo o promotor de justi\u00e7a F\u00e1bio Santos Oliveira, o prefeito n\u00e3o apresentou documentos e informa\u00e7\u00f5es requeridas pelo Minist\u00e9rio P\u00fablico a respeito dos processos licitat\u00f3rios do Munic\u00edpio. Como foi provado nos autos, das 18 requisi\u00e7\u00f5es expedidas, o gestor respondeu 15 fora do prazo ou com dados insuficientes, bem como n\u00e3o prestou qualquer resposta a tr\u00eas expedientes.<\/p>\n\n\n\n<p>O chefe do Executivo de Bom Jardim tamb\u00e9m deixou de informar ao Minist\u00e9rio P\u00fablico, apesar de diversas reitera\u00e7\u00f5es, a \u201clista completa dos ve\u00edculos locados para a Prefeitura (contendo placa, marca, ano, modelo, condutor, destina\u00e7\u00e3o, local onde fica estacionado ap\u00f3s o uso); valor do contrato para cada ve\u00edculo; c\u00f3pia do contrato; extrato de pagamentos efetuados pelos servi\u00e7os; nota fiscal dos alugu\u00e9is; endere\u00e7o e telefone dos propriet\u00e1rios dos ve\u00edculos\u201d.<\/p>\n\n\n\n<p><strong>Fonte:<\/strong> Minist\u00e9rio P\u00fablico do Maranh\u00e3o<\/p>\n","protected":false},"excerpt":{"rendered":"<p>O prefeito de Bom Jardim e candidato \u00e0 reelei\u00e7\u00e3o, Francisco Alves de Ara\u00fajo, foi afastado do cargo, pelo prazo de [&hellip;]<\/p>\n","protected":false},"author":0,"featured_media":0,"comment_status":"open","ping_status":"open","sticky":false,"template":"","format":"standard","meta":{"site-sidebar-layout":"default","site-content-layout":"","ast-site-content-layout":"default","site-content-style":"default","site-sidebar-style":"default","ast-global-header-display":"","ast-banner-title-visibility":"","ast-main-header-display":"","ast-hfb-above-header-display":"","ast-hfb-below-header-display":"","ast-hfb-mobile-header-display":"","site-post-title":"","ast-breadcrumbs-content":"","ast-featured-img":"","footer-sml-layout":"","ast-disable-related-posts":"","theme-transparent-header-meta":"","adv-header-id-meta":"","stick-header-meta":"","header-above-stick-meta":"","header-main-stick-meta":"","header-below-stick-meta":"","astra-migrate-meta-layouts":"default","ast-page-background-enabled":"default","ast-page-background-meta":{"desktop":{"background-color":"var(--ast-global-color-5)","background-image":"","background-repeat":"repeat","background-position":"center center","background-size":"auto","background-attachment":"scroll","background-type":"","background-media":"","overlay-type":"","overlay-color":"","overlay-opacity":"","overlay-gradient":""},"tablet":{"background-color":"","background-image":"","background-repeat":"repeat","background-position":"center center","background-size":"auto","background-attachment":"scroll","background-type":"","background-media":"","overlay-type":"","overlay-color":"","overlay-opacity":"","overlay-gradient":""},"mobile":{"background-color":"","background-image":"","background-repeat":"repeat","background-position":"center center","background-size":"auto","background-attachment":"scroll","background-type":"","background-media":"","overlay-type":"","overlay-color":"","overlay-opacity":"","overlay-gradient":""}},"ast-content-background-meta":{"desktop":{"background-color":"var(--ast-global-color-4)","background-image":"","background-repeat":"repeat","background-position":"center center","background-size":"auto","background-attachment":"scroll","background-type":"","background-media":"","overlay-type":"","overlay-color":"","overlay-opacity":"","overlay-gradient":""},"tablet":{"background-color":"var(--ast-global-color-4)","background-image":"","background-repeat":"repeat","background-position":"center center","background-size":"auto","background-attachment":"scroll","background-type":"","background-media":"","overlay-type":"","overlay-color":"","overlay-opacity":"","overlay-gradient":""},"mobile":{"background-color":"var(--ast-global-color-4)","background-image":"","background-repeat":"repeat","background-position":"center center","background-size":"auto","background-attachment":"scroll","background-type":"","background-media":"","overlay-type":"","overlay-color":"","overlay-opacity":"","overlay-gradient":""}},"footnotes":""},"categories":[1],"tags":[],"class_list":["post-79393","post","type-post","status-publish","format-standard","hentry","category-sem-categoria"],"yoast_head":"<!-- This site is optimized with the Yoast SEO plugin v26.6 - https:\/\/yoast.com\/wordpress\/plugins\/seo\/ -->\n<title>Justi\u00e7a afasta prefeito de Bom Jardim do cargo a pedido do MPMA - Daniel Matos<\/title>\n<meta name=\"robots\" content=\"index, follow, max-snippet:-1, max-image-preview:large, max-video-preview:-1\" \/>\n<link rel=\"canonical\" href=\"https:\/\/www.blogsoestado.com\/danielmatos\/justica-afasta-prefeito-de-bom-jardim-do-cargo-a-pedido-do-mpma\/\" \/>\n<meta property=\"og:locale\" content=\"pt_BR\" \/>\n<meta property=\"og:type\" content=\"article\" \/>\n<meta property=\"og:title\" content=\"Justi\u00e7a afasta prefeito de Bom Jardim do cargo a pedido do MPMA - Daniel Matos\" \/>\n<meta property=\"og:description\" content=\"O prefeito de Bom Jardim e candidato \u00e0 reelei\u00e7\u00e3o, Francisco Alves de Ara\u00fajo, foi afastado do cargo, pelo prazo de [&hellip;]\" \/>\n<meta property=\"og:url\" content=\"https:\/\/www.blogsoestado.com\/danielmatos\/justica-afasta-prefeito-de-bom-jardim-do-cargo-a-pedido-do-mpma\/\" \/>\n<meta property=\"og:site_name\" content=\"Daniel Matos\" \/>\n<meta property=\"article:published_time\" content=\"2020-11-06T20:08:18+00:00\" \/>\n<meta property=\"og:image\" content=\"https:\/\/www.blogsoestado.com\/danielmatos\/files\/2020\/11\/prefeito.jpg\" \/>\n<meta name=\"twitter:card\" content=\"summary_large_image\" \/>\n<meta name=\"twitter:label1\" content=\"Est. tempo de leitura\" \/>\n\t<meta name=\"twitter:data1\" content=\"3 minutos\" \/>\n<script type=\"application\/ld+json\" class=\"yoast-schema-graph\">{\"@context\":\"https:\/\/schema.org\",\"@graph\":[{\"@type\":\"WebPage\",\"@id\":\"https:\/\/www.blogsoestado.com\/danielmatos\/justica-afasta-prefeito-de-bom-jardim-do-cargo-a-pedido-do-mpma\/\",\"url\":\"https:\/\/www.blogsoestado.com\/danielmatos\/justica-afasta-prefeito-de-bom-jardim-do-cargo-a-pedido-do-mpma\/\",\"name\":\"Justi\u00e7a afasta prefeito de Bom Jardim do cargo a pedido do MPMA - Daniel Matos\",\"isPartOf\":{\"@id\":\"https:\/\/www.blogsoestado.com\/danielmatos\/#website\"},\"primaryImageOfPage\":{\"@id\":\"https:\/\/www.blogsoestado.com\/danielmatos\/justica-afasta-prefeito-de-bom-jardim-do-cargo-a-pedido-do-mpma\/#primaryimage\"},\"image\":{\"@id\":\"https:\/\/www.blogsoestado.com\/danielmatos\/justica-afasta-prefeito-de-bom-jardim-do-cargo-a-pedido-do-mpma\/#primaryimage\"},\"thumbnailUrl\":\"https:\/\/www.blogsoestado.com\/danielmatos\/files\/2020\/11\/prefeito.jpg\",\"datePublished\":\"2020-11-06T20:08:18+00:00\",\"author\":{\"@id\":\"\"},\"breadcrumb\":{\"@id\":\"https:\/\/www.blogsoestado.com\/danielmatos\/justica-afasta-prefeito-de-bom-jardim-do-cargo-a-pedido-do-mpma\/#breadcrumb\"},\"inLanguage\":\"pt-BR\",\"potentialAction\":[{\"@type\":\"ReadAction\",\"target\":[\"https:\/\/www.blogsoestado.com\/danielmatos\/justica-afasta-prefeito-de-bom-jardim-do-cargo-a-pedido-do-mpma\/\"]}]},{\"@type\":\"ImageObject\",\"inLanguage\":\"pt-BR\",\"@id\":\"https:\/\/www.blogsoestado.com\/danielmatos\/justica-afasta-prefeito-de-bom-jardim-do-cargo-a-pedido-do-mpma\/#primaryimage\",\"url\":\"https:\/\/www.blogsoestado.com\/danielmatos\/files\/2020\/11\/prefeito.jpg\",\"contentUrl\":\"https:\/\/www.blogsoestado.com\/danielmatos\/files\/2020\/11\/prefeito.jpg\"},{\"@type\":\"BreadcrumbList\",\"@id\":\"https:\/\/www.blogsoestado.com\/danielmatos\/justica-afasta-prefeito-de-bom-jardim-do-cargo-a-pedido-do-mpma\/#breadcrumb\",\"itemListElement\":[{\"@type\":\"ListItem\",\"position\":1,\"name\":\"In\u00edcio\",\"item\":\"https:\/\/www.blogsoestado.com\/danielmatos\/\"},{\"@type\":\"ListItem\",\"position\":2,\"name\":\"Justi\u00e7a afasta prefeito de Bom Jardim do cargo a pedido do MPMA\"}]},{\"@type\":\"WebSite\",\"@id\":\"https:\/\/www.blogsoestado.com\/danielmatos\/#website\",\"url\":\"https:\/\/www.blogsoestado.com\/danielmatos\/\",\"name\":\"Daniel Matos\",\"description\":\"\",\"potentialAction\":[{\"@type\":\"SearchAction\",\"target\":{\"@type\":\"EntryPoint\",\"urlTemplate\":\"https:\/\/www.blogsoestado.com\/danielmatos\/?s={search_term_string}\"},\"query-input\":{\"@type\":\"PropertyValueSpecification\",\"valueRequired\":true,\"valueName\":\"search_term_string\"}}],\"inLanguage\":\"pt-BR\"}]}<\/script>\n<!-- \/ Yoast SEO plugin. -->","yoast_head_json":{"title":"Justi\u00e7a afasta prefeito de Bom Jardim do cargo a pedido do MPMA - Daniel Matos","robots":{"index":"index","follow":"follow","max-snippet":"max-snippet:-1","max-image-preview":"max-image-preview:large","max-video-preview":"max-video-preview:-1"},"canonical":"https:\/\/www.blogsoestado.com\/danielmatos\/justica-afasta-prefeito-de-bom-jardim-do-cargo-a-pedido-do-mpma\/","og_locale":"pt_BR","og_type":"article","og_title":"Justi\u00e7a afasta prefeito de Bom Jardim do cargo a pedido do MPMA - Daniel Matos","og_description":"O prefeito de Bom Jardim e candidato \u00e0 reelei\u00e7\u00e3o, Francisco Alves de Ara\u00fajo, foi afastado do cargo, pelo prazo de [&hellip;]","og_url":"https:\/\/www.blogsoestado.com\/danielmatos\/justica-afasta-prefeito-de-bom-jardim-do-cargo-a-pedido-do-mpma\/","og_site_name":"Daniel Matos","article_published_time":"2020-11-06T20:08:18+00:00","og_image":[{"url":"https:\/\/www.blogsoestado.com\/danielmatos\/files\/2020\/11\/prefeito.jpg","type":"","width":"","height":""}],"twitter_card":"summary_large_image","twitter_misc":{"Est. tempo de leitura":"3 minutos"},"schema":{"@context":"https:\/\/schema.org","@graph":[{"@type":"WebPage","@id":"https:\/\/www.blogsoestado.com\/danielmatos\/justica-afasta-prefeito-de-bom-jardim-do-cargo-a-pedido-do-mpma\/","url":"https:\/\/www.blogsoestado.com\/danielmatos\/justica-afasta-prefeito-de-bom-jardim-do-cargo-a-pedido-do-mpma\/","name":"Justi\u00e7a afasta prefeito de Bom Jardim do cargo a pedido do MPMA - Daniel Matos","isPartOf":{"@id":"https:\/\/www.blogsoestado.com\/danielmatos\/#website"},"primaryImageOfPage":{"@id":"https:\/\/www.blogsoestado.com\/danielmatos\/justica-afasta-prefeito-de-bom-jardim-do-cargo-a-pedido-do-mpma\/#primaryimage"},"image":{"@id":"https:\/\/www.blogsoestado.com\/danielmatos\/justica-afasta-prefeito-de-bom-jardim-do-cargo-a-pedido-do-mpma\/#primaryimage"},"thumbnailUrl":"https:\/\/www.blogsoestado.com\/danielmatos\/files\/2020\/11\/prefeito.jpg","datePublished":"2020-11-06T20:08:18+00:00","author":{"@id":""},"breadcrumb":{"@id":"https:\/\/www.blogsoestado.com\/danielmatos\/justica-afasta-prefeito-de-bom-jardim-do-cargo-a-pedido-do-mpma\/#breadcrumb"},"inLanguage":"pt-BR","potentialAction":[{"@type":"ReadAction","target":["https:\/\/www.blogsoestado.com\/danielmatos\/justica-afasta-prefeito-de-bom-jardim-do-cargo-a-pedido-do-mpma\/"]}]},{"@type":"ImageObject","inLanguage":"pt-BR","@id":"https:\/\/www.blogsoestado.com\/danielmatos\/justica-afasta-prefeito-de-bom-jardim-do-cargo-a-pedido-do-mpma\/#primaryimage","url":"https:\/\/www.blogsoestado.com\/danielmatos\/files\/2020\/11\/prefeito.jpg","contentUrl":"https:\/\/www.blogsoestado.com\/danielmatos\/files\/2020\/11\/prefeito.jpg"},{"@type":"BreadcrumbList","@id":"https:\/\/www.blogsoestado.com\/danielmatos\/justica-afasta-prefeito-de-bom-jardim-do-cargo-a-pedido-do-mpma\/#breadcrumb","itemListElement":[{"@type":"ListItem","position":1,"name":"In\u00edcio","item":"https:\/\/www.blogsoestado.com\/danielmatos\/"},{"@type":"ListItem","position":2,"name":"Justi\u00e7a afasta prefeito de Bom Jardim do cargo a pedido do MPMA"}]},{"@type":"WebSite","@id":"https:\/\/www.blogsoestado.com\/danielmatos\/#website","url":"https:\/\/www.blogsoestado.com\/danielmatos\/","name":"Daniel Matos","description":"","potentialAction":[{"@type":"SearchAction","target":{"@type":"EntryPoint","urlTemplate":"https:\/\/www.blogsoestado.com\/danielmatos\/?s={search_term_string}"},"query-input":{"@type":"PropertyValueSpecification","valueRequired":true,"valueName":"search_term_string"}}],"inLanguage":"pt-BR"}]}},"jetpack_featured_media_url":"","_links":{"self":[{"href":"https:\/\/www.blogsoestado.com\/danielmatos\/wp-json\/wp\/v2\/posts\/79393","targetHints":{"allow":["GET"]}}],"collection":[{"href":"https:\/\/www.blogsoestado.com\/danielmatos\/wp-json\/wp\/v2\/posts"}],"about":[{"href":"https:\/\/www.blogsoestado.com\/danielmatos\/wp-json\/wp\/v2\/types\/post"}],"replies":[{"embeddable":true,"href":"https:\/\/www.blogsoestado.com\/danielmatos\/wp-json\/wp\/v2\/comments?post=79393"}],"version-history":[{"count":0,"href":"https:\/\/www.blogsoestado.com\/danielmatos\/wp-json\/wp\/v2\/posts\/79393\/revisions"}],"wp:attachment":[{"href":"https:\/\/www.blogsoestado.com\/danielmatos\/wp-json\/wp\/v2\/media?parent=79393"}],"wp:term":[{"taxonomy":"category","embeddable":true,"href":"https:\/\/www.blogsoestado.com\/danielmatos\/wp-json\/wp\/v2\/categories?post=79393"},{"taxonomy":"post_tag","embeddable":true,"href":"https:\/\/www.blogsoestado.com\/danielmatos\/wp-json\/wp\/v2\/tags?post=79393"}],"curies":[{"name":"wp","href":"https:\/\/api.w.org\/{rel}","templated":true}]}}