{"id":79397,"date":"2020-11-06T20:25:30","date_gmt":"2020-11-06T23:25:30","guid":{"rendered":"https:\/\/www.blogsoestado.com\/danielmatos\/?p=79397"},"modified":"2020-11-06T20:25:30","modified_gmt":"2020-11-06T23:25:30","slug":"maranhao-esta-preparado-para-as-eleicoes-2020-garante-tre","status":"publish","type":"post","link":"https:\/\/www.blogsoestado.com\/danielmatos\/maranhao-esta-preparado-para-as-eleicoes-2020-garante-tre\/","title":{"rendered":"Maranh\u00e3o est\u00e1 preparado para as elei\u00e7\u00f5es 2020, garante TRE"},"content":{"rendered":"\n<div class=\"wp-block-image\"><figure class=\"alignright size-large\"><img decoding=\"async\" src=\"https:\/\/www.blogsoestado.com\/danielmatos\/files\/2020\/06\/tre-ma.jpg\" alt=\"\" class=\"wp-image-74417\"\/><figcaption>Sede do Tribunal Regional Eleitoral, em S\u00e3o Lu\u00eds<\/figcaption><\/figure><\/div>\n\n\n\n<p>Os desembargadores Tyrone Silva e Joaquim Figueiredo, presidente e corregedor do Tribunal Regional Eleitoral do Maranh\u00e3o, respectivamente, reuniram-se uma \u00faltima vez na manh\u00e3 desta sexta, 6 de novembro, com todos os ju\u00edzes que ir\u00e3o trabalhar nas elei\u00e7\u00f5es 2020.<\/p>\n\n\n\n<p>Foram 2 reuni\u00f5es: a primeira presencial apenas com os ju\u00edzes que ir\u00e3o atuar nas 31 juntas especiais e a segunda por videoconfer\u00eancia. Ap\u00f3s a presencial, os ju\u00edzes das juntas treinaram no sistema de transmiss\u00e3o de resultados das elei\u00e7\u00f5es.<\/p>\n\n\n\n<p>O desembargador Tyrone Silva registrou que j\u00e1 fez diversas elei\u00e7\u00f5es e que as de 2020 est\u00e3o diferentes das outras at\u00e9 pelo momento sanit\u00e1rio que o mundo vive, um fato in\u00e9dito que imp\u00f4s diversos desafios, dos quais est\u00e3o sendo enfrentados com bastante cuidado e aten\u00e7\u00e3o, visando a seguran\u00e7a de todos os envolvidos no processo eleitoral. Pediu, por este motivo, que os magistrados difundam, em entrevistas em emissoras de r\u00e1dio e televis\u00e3o, jornais impressos e m\u00eddias sociais, os protocolos sanit\u00e1rios que ser\u00e3o utilizados no dia 15 de novembro.<\/p>\n\n\n\n<p>Por sua vez, o desembargador Joaquim Figueiredo refor\u00e7ou a preocupa\u00e7\u00e3o que possui com a seguran\u00e7a de ju\u00edzes, servidores, colaboradores e eleitores, cujas for\u00e7as de seguran\u00e7a p\u00fablica j\u00e1 est\u00e3o alinhadas para atuarem, inclusive o Ex\u00e9rcito, que j\u00e1 foi autorizado pelo Tribunal Superior Eleitoral para atuar em 98 munic\u00edpios do Maranh\u00e3o. Tratou ainda de propaganda eleitoral, julgamentos, condutas vedadas, auditoria das urnas, entre outros assuntos.<\/p>\n\n\n\n<p>O juiz Gon\u00e7alo Filho, membro da Corte, ouvidor e presidente da Comiss\u00e3o de Acessibilidade, aproveitou para lembrar sobre a novidade para o eleitor com defici\u00eancia visual que poder\u00e1 ouvir \u2013 desde que manifeste vontade em sua se\u00e7\u00e3o eleitoral, os nomes de seus candidatos ao votar, usando um fone de ouvido. Tamb\u00e9m elencou todos os avan\u00e7os em acessibilidade alcan\u00e7ados pela Comiss\u00e3o, que j\u00e1 ser\u00e3o realizados neste pleito.<\/p>\n\n\n\n<p>A ju\u00edza Lav\u00ednia Coelho, membro da Corte, desejou \u00eaxito nas elei\u00e7\u00f5es aos colegas e se colocou \u00e0 disposi\u00e7\u00e3o.<\/p>\n\n\n\n<p>Gualter Lopes, secret\u00e1rio de Tecnologia da Informa\u00e7\u00e3o, e a servidora Adriane Sauerbronn, falaram acerca da elei\u00e7\u00e3o simulada de Lima Campos e presta\u00e7\u00e3o de contas.<\/p>\n\n\n\n<p><strong>Junta Eleitoral<\/strong><\/p>\n\n\n\n<p>Junta eleitoral \u00e9 um \u00f3rg\u00e3o colegiado provis\u00f3rio constitu\u00eddo por 2 ou 4 cidad\u00e3os e 1 juiz, presidente, que nomeia quantos escrutinadores e auxiliares forem necess\u00e1rios para atender \u00e0 boa marcha dos trabalhos durante uma elei\u00e7\u00e3o.<\/p>\n\n\n\n<p><strong>Fonte:<\/strong> Tribunal Regional Eleitoral (TRE-MA)<\/p>\n","protected":false},"excerpt":{"rendered":"<p>Os desembargadores Tyrone Silva e Joaquim Figueiredo, presidente e corregedor do Tribunal Regional Eleitoral do Maranh\u00e3o, respectivamente, reuniram-se uma \u00faltima [&hellip;]<\/p>\n","protected":false},"author":0,"featured_media":0,"comment_status":"open","ping_status":"open","sticky":false,"template":"","format":"standard","meta":{"site-sidebar-layout":"default","site-content-layout":"","ast-site-content-layout":"default","site-content-style":"default","site-sidebar-style":"default","ast-global-header-display":"","ast-banner-title-visibility":"","ast-main-header-display":"","ast-hfb-above-header-display":"","ast-hfb-below-header-display":"","ast-hfb-mobile-header-display":"","site-post-title":"","ast-breadcrumbs-content":"","ast-featured-img":"","footer-sml-layout":"","ast-disable-related-posts":"","theme-transparent-header-meta":"","adv-header-id-meta":"","stick-header-meta":"","header-above-stick-meta":"","header-main-stick-meta":"","header-below-stick-meta":"","astra-migrate-meta-layouts":"default","ast-page-background-enabled":"default","ast-page-background-meta":{"desktop":{"background-color":"var(--ast-global-color-5)","background-image":"","background-repeat":"repeat","background-position":"center center","background-size":"auto","background-attachment":"scroll","background-type":"","background-media":"","overlay-type":"","overlay-color":"","overlay-opacity":"","overlay-gradient":""},"tablet":{"background-color":"","background-image":"","background-repeat":"repeat","background-position":"center center","background-size":"auto","background-attachment":"scroll","background-type":"","background-media":"","overlay-type":"","overlay-color":"","overlay-opacity":"","overlay-gradient":""},"mobile":{"background-color":"","background-image":"","background-repeat":"repeat","background-position":"center center","background-size":"auto","background-attachment":"scroll","background-type":"","background-media":"","overlay-type":"","overlay-color":"","overlay-opacity":"","overlay-gradient":""}},"ast-content-background-meta":{"desktop":{"background-color":"var(--ast-global-color-4)","background-image":"","background-repeat":"repeat","background-position":"center center","background-size":"auto","background-attachment":"scroll","background-type":"","background-media":"","overlay-type":"","overlay-color":"","overlay-opacity":"","overlay-gradient":""},"tablet":{"background-color":"var(--ast-global-color-4)","background-image":"","background-repeat":"repeat","background-position":"center center","background-size":"auto","background-attachment":"scroll","background-type":"","background-media":"","overlay-type":"","overlay-color":"","overlay-opacity":"","overlay-gradient":""},"mobile":{"background-color":"var(--ast-global-color-4)","background-image":"","background-repeat":"repeat","background-position":"center center","background-size":"auto","background-attachment":"scroll","background-type":"","background-media":"","overlay-type":"","overlay-color":"","overlay-opacity":"","overlay-gradient":""}},"footnotes":""},"categories":[1],"tags":[],"class_list":["post-79397","post","type-post","status-publish","format-standard","hentry","category-sem-categoria"],"yoast_head":"<!-- This site is optimized with the Yoast SEO plugin v26.6 - https:\/\/yoast.com\/wordpress\/plugins\/seo\/ -->\n<title>Maranh\u00e3o est\u00e1 preparado para as elei\u00e7\u00f5es 2020, garante TRE - Daniel Matos<\/title>\n<meta name=\"robots\" content=\"index, follow, max-snippet:-1, max-image-preview:large, max-video-preview:-1\" \/>\n<link rel=\"canonical\" href=\"https:\/\/www.blogsoestado.com\/danielmatos\/maranhao-esta-preparado-para-as-eleicoes-2020-garante-tre\/\" \/>\n<meta property=\"og:locale\" content=\"pt_BR\" \/>\n<meta property=\"og:type\" content=\"article\" \/>\n<meta property=\"og:title\" content=\"Maranh\u00e3o est\u00e1 preparado para as elei\u00e7\u00f5es 2020, garante TRE - Daniel Matos\" \/>\n<meta property=\"og:description\" content=\"Os desembargadores Tyrone Silva e Joaquim Figueiredo, presidente e corregedor do Tribunal Regional Eleitoral do Maranh\u00e3o, respectivamente, reuniram-se uma \u00faltima [&hellip;]\" \/>\n<meta property=\"og:url\" content=\"https:\/\/www.blogsoestado.com\/danielmatos\/maranhao-esta-preparado-para-as-eleicoes-2020-garante-tre\/\" \/>\n<meta property=\"og:site_name\" content=\"Daniel Matos\" \/>\n<meta property=\"article:published_time\" content=\"2020-11-06T23:25:30+00:00\" \/>\n<meta property=\"og:image\" content=\"https:\/\/www.blogsoestado.com\/danielmatos\/files\/2020\/06\/tre-ma.jpg\" \/>\n<meta name=\"twitter:card\" content=\"summary_large_image\" \/>\n<meta name=\"twitter:label1\" content=\"Est. tempo de leitura\" \/>\n\t<meta name=\"twitter:data1\" content=\"2 minutos\" \/>\n<script type=\"application\/ld+json\" class=\"yoast-schema-graph\">{\"@context\":\"https:\/\/schema.org\",\"@graph\":[{\"@type\":\"WebPage\",\"@id\":\"https:\/\/www.blogsoestado.com\/danielmatos\/maranhao-esta-preparado-para-as-eleicoes-2020-garante-tre\/\",\"url\":\"https:\/\/www.blogsoestado.com\/danielmatos\/maranhao-esta-preparado-para-as-eleicoes-2020-garante-tre\/\",\"name\":\"Maranh\u00e3o est\u00e1 preparado para as elei\u00e7\u00f5es 2020, garante TRE - Daniel Matos\",\"isPartOf\":{\"@id\":\"https:\/\/www.blogsoestado.com\/danielmatos\/#website\"},\"primaryImageOfPage\":{\"@id\":\"https:\/\/www.blogsoestado.com\/danielmatos\/maranhao-esta-preparado-para-as-eleicoes-2020-garante-tre\/#primaryimage\"},\"image\":{\"@id\":\"https:\/\/www.blogsoestado.com\/danielmatos\/maranhao-esta-preparado-para-as-eleicoes-2020-garante-tre\/#primaryimage\"},\"thumbnailUrl\":\"https:\/\/www.blogsoestado.com\/danielmatos\/files\/2020\/06\/tre-ma.jpg\",\"datePublished\":\"2020-11-06T23:25:30+00:00\",\"author\":{\"@id\":\"\"},\"breadcrumb\":{\"@id\":\"https:\/\/www.blogsoestado.com\/danielmatos\/maranhao-esta-preparado-para-as-eleicoes-2020-garante-tre\/#breadcrumb\"},\"inLanguage\":\"pt-BR\",\"potentialAction\":[{\"@type\":\"ReadAction\",\"target\":[\"https:\/\/www.blogsoestado.com\/danielmatos\/maranhao-esta-preparado-para-as-eleicoes-2020-garante-tre\/\"]}]},{\"@type\":\"ImageObject\",\"inLanguage\":\"pt-BR\",\"@id\":\"https:\/\/www.blogsoestado.com\/danielmatos\/maranhao-esta-preparado-para-as-eleicoes-2020-garante-tre\/#primaryimage\",\"url\":\"https:\/\/www.blogsoestado.com\/danielmatos\/files\/2020\/06\/tre-ma.jpg\",\"contentUrl\":\"https:\/\/www.blogsoestado.com\/danielmatos\/files\/2020\/06\/tre-ma.jpg\"},{\"@type\":\"BreadcrumbList\",\"@id\":\"https:\/\/www.blogsoestado.com\/danielmatos\/maranhao-esta-preparado-para-as-eleicoes-2020-garante-tre\/#breadcrumb\",\"itemListElement\":[{\"@type\":\"ListItem\",\"position\":1,\"name\":\"In\u00edcio\",\"item\":\"https:\/\/www.blogsoestado.com\/danielmatos\/\"},{\"@type\":\"ListItem\",\"position\":2,\"name\":\"Maranh\u00e3o est\u00e1 preparado para as elei\u00e7\u00f5es 2020, garante TRE\"}]},{\"@type\":\"WebSite\",\"@id\":\"https:\/\/www.blogsoestado.com\/danielmatos\/#website\",\"url\":\"https:\/\/www.blogsoestado.com\/danielmatos\/\",\"name\":\"Daniel Matos\",\"description\":\"\",\"potentialAction\":[{\"@type\":\"SearchAction\",\"target\":{\"@type\":\"EntryPoint\",\"urlTemplate\":\"https:\/\/www.blogsoestado.com\/danielmatos\/?s={search_term_string}\"},\"query-input\":{\"@type\":\"PropertyValueSpecification\",\"valueRequired\":true,\"valueName\":\"search_term_string\"}}],\"inLanguage\":\"pt-BR\"}]}<\/script>\n<!-- \/ Yoast SEO plugin. -->","yoast_head_json":{"title":"Maranh\u00e3o est\u00e1 preparado para as elei\u00e7\u00f5es 2020, garante TRE - Daniel Matos","robots":{"index":"index","follow":"follow","max-snippet":"max-snippet:-1","max-image-preview":"max-image-preview:large","max-video-preview":"max-video-preview:-1"},"canonical":"https:\/\/www.blogsoestado.com\/danielmatos\/maranhao-esta-preparado-para-as-eleicoes-2020-garante-tre\/","og_locale":"pt_BR","og_type":"article","og_title":"Maranh\u00e3o est\u00e1 preparado para as elei\u00e7\u00f5es 2020, garante TRE - Daniel Matos","og_description":"Os desembargadores Tyrone Silva e Joaquim Figueiredo, presidente e corregedor do Tribunal Regional Eleitoral do Maranh\u00e3o, respectivamente, reuniram-se uma \u00faltima [&hellip;]","og_url":"https:\/\/www.blogsoestado.com\/danielmatos\/maranhao-esta-preparado-para-as-eleicoes-2020-garante-tre\/","og_site_name":"Daniel Matos","article_published_time":"2020-11-06T23:25:30+00:00","og_image":[{"url":"https:\/\/www.blogsoestado.com\/danielmatos\/files\/2020\/06\/tre-ma.jpg","type":"","width":"","height":""}],"twitter_card":"summary_large_image","twitter_misc":{"Est. tempo de leitura":"2 minutos"},"schema":{"@context":"https:\/\/schema.org","@graph":[{"@type":"WebPage","@id":"https:\/\/www.blogsoestado.com\/danielmatos\/maranhao-esta-preparado-para-as-eleicoes-2020-garante-tre\/","url":"https:\/\/www.blogsoestado.com\/danielmatos\/maranhao-esta-preparado-para-as-eleicoes-2020-garante-tre\/","name":"Maranh\u00e3o est\u00e1 preparado para as elei\u00e7\u00f5es 2020, garante TRE - Daniel Matos","isPartOf":{"@id":"https:\/\/www.blogsoestado.com\/danielmatos\/#website"},"primaryImageOfPage":{"@id":"https:\/\/www.blogsoestado.com\/danielmatos\/maranhao-esta-preparado-para-as-eleicoes-2020-garante-tre\/#primaryimage"},"image":{"@id":"https:\/\/www.blogsoestado.com\/danielmatos\/maranhao-esta-preparado-para-as-eleicoes-2020-garante-tre\/#primaryimage"},"thumbnailUrl":"https:\/\/www.blogsoestado.com\/danielmatos\/files\/2020\/06\/tre-ma.jpg","datePublished":"2020-11-06T23:25:30+00:00","author":{"@id":""},"breadcrumb":{"@id":"https:\/\/www.blogsoestado.com\/danielmatos\/maranhao-esta-preparado-para-as-eleicoes-2020-garante-tre\/#breadcrumb"},"inLanguage":"pt-BR","potentialAction":[{"@type":"ReadAction","target":["https:\/\/www.blogsoestado.com\/danielmatos\/maranhao-esta-preparado-para-as-eleicoes-2020-garante-tre\/"]}]},{"@type":"ImageObject","inLanguage":"pt-BR","@id":"https:\/\/www.blogsoestado.com\/danielmatos\/maranhao-esta-preparado-para-as-eleicoes-2020-garante-tre\/#primaryimage","url":"https:\/\/www.blogsoestado.com\/danielmatos\/files\/2020\/06\/tre-ma.jpg","contentUrl":"https:\/\/www.blogsoestado.com\/danielmatos\/files\/2020\/06\/tre-ma.jpg"},{"@type":"BreadcrumbList","@id":"https:\/\/www.blogsoestado.com\/danielmatos\/maranhao-esta-preparado-para-as-eleicoes-2020-garante-tre\/#breadcrumb","itemListElement":[{"@type":"ListItem","position":1,"name":"In\u00edcio","item":"https:\/\/www.blogsoestado.com\/danielmatos\/"},{"@type":"ListItem","position":2,"name":"Maranh\u00e3o est\u00e1 preparado para as elei\u00e7\u00f5es 2020, garante TRE"}]},{"@type":"WebSite","@id":"https:\/\/www.blogsoestado.com\/danielmatos\/#website","url":"https:\/\/www.blogsoestado.com\/danielmatos\/","name":"Daniel Matos","description":"","potentialAction":[{"@type":"SearchAction","target":{"@type":"EntryPoint","urlTemplate":"https:\/\/www.blogsoestado.com\/danielmatos\/?s={search_term_string}"},"query-input":{"@type":"PropertyValueSpecification","valueRequired":true,"valueName":"search_term_string"}}],"inLanguage":"pt-BR"}]}},"jetpack_featured_media_url":"","_links":{"self":[{"href":"https:\/\/www.blogsoestado.com\/danielmatos\/wp-json\/wp\/v2\/posts\/79397","targetHints":{"allow":["GET"]}}],"collection":[{"href":"https:\/\/www.blogsoestado.com\/danielmatos\/wp-json\/wp\/v2\/posts"}],"about":[{"href":"https:\/\/www.blogsoestado.com\/danielmatos\/wp-json\/wp\/v2\/types\/post"}],"replies":[{"embeddable":true,"href":"https:\/\/www.blogsoestado.com\/danielmatos\/wp-json\/wp\/v2\/comments?post=79397"}],"version-history":[{"count":0,"href":"https:\/\/www.blogsoestado.com\/danielmatos\/wp-json\/wp\/v2\/posts\/79397\/revisions"}],"wp:attachment":[{"href":"https:\/\/www.blogsoestado.com\/danielmatos\/wp-json\/wp\/v2\/media?parent=79397"}],"wp:term":[{"taxonomy":"category","embeddable":true,"href":"https:\/\/www.blogsoestado.com\/danielmatos\/wp-json\/wp\/v2\/categories?post=79397"},{"taxonomy":"post_tag","embeddable":true,"href":"https:\/\/www.blogsoestado.com\/danielmatos\/wp-json\/wp\/v2\/tags?post=79397"}],"curies":[{"name":"wp","href":"https:\/\/api.w.org\/{rel}","templated":true}]}}