{"id":79426,"date":"2020-11-07T13:15:24","date_gmt":"2020-11-07T16:15:24","guid":{"rendered":"https:\/\/www.blogsoestado.com\/danielmatos\/?p=79426"},"modified":"2020-11-07T13:15:24","modified_gmt":"2020-11-07T16:15:24","slug":"direito-de-resposta-4","status":"publish","type":"post","link":"https:\/\/www.blogsoestado.com\/danielmatos\/direito-de-resposta-4\/","title":{"rendered":"Direito de resposta"},"content":{"rendered":"\n<p>A COLIGA\u00c7\u00c3O \u201cLIBERTAR PARA CRESCER\u201d vem a p\u00fablico esclarecer, em direito de resposta concedido por decis\u00e3o da Justi\u00e7a Eleitoral, a mat\u00e9ria que veicula fatos caluniosos e difamat\u00f3rios contra o candidato a prefeito de Primeira Cruz, o Sr. Guilherme Carneiro a Guiar e os seus apoiadores.<\/p>\n\n\n\n<p>A referida mat\u00e9ria associa os candidatos e apoiadores da Coliga\u00e7\u00e3o a um fato criminoso, afirmando que o Dr. Guilherme e demais correligion\u00e1rios estariam envolvidos em um homic\u00eddio triplo ocorrido no dia 06 de outubro de 2020, al\u00e9m de associar o PCdoB de Primeira Cruz ao tr\u00e1fico de drogas no munic\u00edpio.<\/p>\n\n\n\n<p>Trata-se de uma not\u00edcia que veicula conte\u00fado manifestamente calunioso e difamat\u00f3rio, na medida em que, nos termos do Boletim de Ocorr\u00eancia divulgado na pr\u00f3pria mat\u00e9ria, n\u00e3o h\u00e1 qualquer m\u00ednimo ind\u00edcio de que qualquer candidato da Coliga\u00e7\u00e3o requerente ou membros do PCdoB de Primeira Cruz tenham participado dos homic\u00eddios narrados; h\u00e1 t\u00e3o somente uma liga\u00e7\u00e3o de parentesco entre o principal suspeito do crime e um candidato a vereador pelo PCdoB, que sequer est\u00e1 sendo investigado pela pr\u00e1tica dos delitos.<\/p>\n\n\n\n<p>A not\u00edcia veiculada pelo blog possui um car\u00e1ter evidentemente eleitoreiro, com o objetivo de manchar a imagem dos candidatos e apoiadores da Coliga\u00e7\u00e3o, imputando, sem qualquer fundamento, crimes grav\u00edssimos. <\/p>\n\n\n\n<p>Por fim, a Coliga\u00e7\u00e3o \u201cLibertar para Crescer\u201d reafirma o seu compromisso com o munic\u00edpio de Primeira Cruz, por uma campanha justa, limpa e propositiva, sem a veicula\u00e7\u00e3o de cal\u00fanias ou fake news na imprensa para atacar os seus advers\u00e1rios.<\/p>\n","protected":false},"excerpt":{"rendered":"<p>A COLIGA\u00c7\u00c3O \u201cLIBERTAR PARA CRESCER\u201d vem a p\u00fablico esclarecer, em direito de resposta concedido por decis\u00e3o da Justi\u00e7a Eleitoral, a [&hellip;]<\/p>\n","protected":false},"author":0,"featured_media":0,"comment_status":"open","ping_status":"open","sticky":false,"template":"","format":"standard","meta":{"site-sidebar-layout":"default","site-content-layout":"","ast-site-content-layout":"default","site-content-style":"default","site-sidebar-style":"default","ast-global-header-display":"","ast-banner-title-visibility":"","ast-main-header-display":"","ast-hfb-above-header-display":"","ast-hfb-below-header-display":"","ast-hfb-mobile-header-display":"","site-post-title":"","ast-breadcrumbs-content":"","ast-featured-img":"","footer-sml-layout":"","ast-disable-related-posts":"","theme-transparent-header-meta":"","adv-header-id-meta":"","stick-header-meta":"","header-above-stick-meta":"","header-main-stick-meta":"","header-below-stick-meta":"","astra-migrate-meta-layouts":"default","ast-page-background-enabled":"default","ast-page-background-meta":{"desktop":{"background-color":"var(--ast-global-color-5)","background-image":"","background-repeat":"repeat","background-position":"center center","background-size":"auto","background-attachment":"scroll","background-type":"","background-media":"","overlay-type":"","overlay-color":"","overlay-opacity":"","overlay-gradient":""},"tablet":{"background-color":"","background-image":"","background-repeat":"repeat","background-position":"center center","background-size":"auto","background-attachment":"scroll","background-type":"","background-media":"","overlay-type":"","overlay-color":"","overlay-opacity":"","overlay-gradient":""},"mobile":{"background-color":"","background-image":"","background-repeat":"repeat","background-position":"center center","background-size":"auto","background-attachment":"scroll","background-type":"","background-media":"","overlay-type":"","overlay-color":"","overlay-opacity":"","overlay-gradient":""}},"ast-content-background-meta":{"desktop":{"background-color":"var(--ast-global-color-4)","background-image":"","background-repeat":"repeat","background-position":"center center","background-size":"auto","background-attachment":"scroll","background-type":"","background-media":"","overlay-type":"","overlay-color":"","overlay-opacity":"","overlay-gradient":""},"tablet":{"background-color":"var(--ast-global-color-4)","background-image":"","background-repeat":"repeat","background-position":"center center","background-size":"auto","background-attachment":"scroll","background-type":"","background-media":"","overlay-type":"","overlay-color":"","overlay-opacity":"","overlay-gradient":""},"mobile":{"background-color":"var(--ast-global-color-4)","background-image":"","background-repeat":"repeat","background-position":"center center","background-size":"auto","background-attachment":"scroll","background-type":"","background-media":"","overlay-type":"","overlay-color":"","overlay-opacity":"","overlay-gradient":""}},"footnotes":""},"categories":[1],"tags":[],"class_list":["post-79426","post","type-post","status-publish","format-standard","hentry","category-sem-categoria"],"yoast_head":"<!-- This site is optimized with the Yoast SEO plugin v26.6 - https:\/\/yoast.com\/wordpress\/plugins\/seo\/ -->\n<title>Direito de resposta - Daniel Matos<\/title>\n<meta name=\"robots\" content=\"index, follow, max-snippet:-1, max-image-preview:large, max-video-preview:-1\" \/>\n<link rel=\"canonical\" href=\"https:\/\/www.blogsoestado.com\/danielmatos\/direito-de-resposta-4\/\" \/>\n<meta property=\"og:locale\" content=\"pt_BR\" \/>\n<meta property=\"og:type\" content=\"article\" \/>\n<meta property=\"og:title\" content=\"Direito de resposta - Daniel Matos\" \/>\n<meta property=\"og:description\" content=\"A COLIGA\u00c7\u00c3O \u201cLIBERTAR PARA CRESCER\u201d vem a p\u00fablico esclarecer, em direito de resposta concedido por decis\u00e3o da Justi\u00e7a Eleitoral, a [&hellip;]\" \/>\n<meta property=\"og:url\" content=\"https:\/\/www.blogsoestado.com\/danielmatos\/direito-de-resposta-4\/\" \/>\n<meta property=\"og:site_name\" content=\"Daniel Matos\" \/>\n<meta property=\"article:published_time\" content=\"2020-11-07T16:15:24+00:00\" \/>\n<meta name=\"twitter:card\" content=\"summary_large_image\" \/>\n<meta name=\"twitter:label1\" content=\"Est. tempo de leitura\" \/>\n\t<meta name=\"twitter:data1\" content=\"1 minuto\" \/>\n<script type=\"application\/ld+json\" class=\"yoast-schema-graph\">{\"@context\":\"https:\/\/schema.org\",\"@graph\":[{\"@type\":\"WebPage\",\"@id\":\"https:\/\/www.blogsoestado.com\/danielmatos\/direito-de-resposta-4\/\",\"url\":\"https:\/\/www.blogsoestado.com\/danielmatos\/direito-de-resposta-4\/\",\"name\":\"Direito de resposta - Daniel Matos\",\"isPartOf\":{\"@id\":\"https:\/\/www.blogsoestado.com\/danielmatos\/#website\"},\"datePublished\":\"2020-11-07T16:15:24+00:00\",\"author\":{\"@id\":\"\"},\"breadcrumb\":{\"@id\":\"https:\/\/www.blogsoestado.com\/danielmatos\/direito-de-resposta-4\/#breadcrumb\"},\"inLanguage\":\"pt-BR\",\"potentialAction\":[{\"@type\":\"ReadAction\",\"target\":[\"https:\/\/www.blogsoestado.com\/danielmatos\/direito-de-resposta-4\/\"]}]},{\"@type\":\"BreadcrumbList\",\"@id\":\"https:\/\/www.blogsoestado.com\/danielmatos\/direito-de-resposta-4\/#breadcrumb\",\"itemListElement\":[{\"@type\":\"ListItem\",\"position\":1,\"name\":\"In\u00edcio\",\"item\":\"https:\/\/www.blogsoestado.com\/danielmatos\/\"},{\"@type\":\"ListItem\",\"position\":2,\"name\":\"Direito de resposta\"}]},{\"@type\":\"WebSite\",\"@id\":\"https:\/\/www.blogsoestado.com\/danielmatos\/#website\",\"url\":\"https:\/\/www.blogsoestado.com\/danielmatos\/\",\"name\":\"Daniel Matos\",\"description\":\"\",\"potentialAction\":[{\"@type\":\"SearchAction\",\"target\":{\"@type\":\"EntryPoint\",\"urlTemplate\":\"https:\/\/www.blogsoestado.com\/danielmatos\/?s={search_term_string}\"},\"query-input\":{\"@type\":\"PropertyValueSpecification\",\"valueRequired\":true,\"valueName\":\"search_term_string\"}}],\"inLanguage\":\"pt-BR\"}]}<\/script>\n<!-- \/ Yoast SEO plugin. -->","yoast_head_json":{"title":"Direito de resposta - Daniel Matos","robots":{"index":"index","follow":"follow","max-snippet":"max-snippet:-1","max-image-preview":"max-image-preview:large","max-video-preview":"max-video-preview:-1"},"canonical":"https:\/\/www.blogsoestado.com\/danielmatos\/direito-de-resposta-4\/","og_locale":"pt_BR","og_type":"article","og_title":"Direito de resposta - Daniel Matos","og_description":"A COLIGA\u00c7\u00c3O \u201cLIBERTAR PARA CRESCER\u201d vem a p\u00fablico esclarecer, em direito de resposta concedido por decis\u00e3o da Justi\u00e7a Eleitoral, a [&hellip;]","og_url":"https:\/\/www.blogsoestado.com\/danielmatos\/direito-de-resposta-4\/","og_site_name":"Daniel Matos","article_published_time":"2020-11-07T16:15:24+00:00","twitter_card":"summary_large_image","twitter_misc":{"Est. tempo de leitura":"1 minuto"},"schema":{"@context":"https:\/\/schema.org","@graph":[{"@type":"WebPage","@id":"https:\/\/www.blogsoestado.com\/danielmatos\/direito-de-resposta-4\/","url":"https:\/\/www.blogsoestado.com\/danielmatos\/direito-de-resposta-4\/","name":"Direito de resposta - Daniel Matos","isPartOf":{"@id":"https:\/\/www.blogsoestado.com\/danielmatos\/#website"},"datePublished":"2020-11-07T16:15:24+00:00","author":{"@id":""},"breadcrumb":{"@id":"https:\/\/www.blogsoestado.com\/danielmatos\/direito-de-resposta-4\/#breadcrumb"},"inLanguage":"pt-BR","potentialAction":[{"@type":"ReadAction","target":["https:\/\/www.blogsoestado.com\/danielmatos\/direito-de-resposta-4\/"]}]},{"@type":"BreadcrumbList","@id":"https:\/\/www.blogsoestado.com\/danielmatos\/direito-de-resposta-4\/#breadcrumb","itemListElement":[{"@type":"ListItem","position":1,"name":"In\u00edcio","item":"https:\/\/www.blogsoestado.com\/danielmatos\/"},{"@type":"ListItem","position":2,"name":"Direito de resposta"}]},{"@type":"WebSite","@id":"https:\/\/www.blogsoestado.com\/danielmatos\/#website","url":"https:\/\/www.blogsoestado.com\/danielmatos\/","name":"Daniel Matos","description":"","potentialAction":[{"@type":"SearchAction","target":{"@type":"EntryPoint","urlTemplate":"https:\/\/www.blogsoestado.com\/danielmatos\/?s={search_term_string}"},"query-input":{"@type":"PropertyValueSpecification","valueRequired":true,"valueName":"search_term_string"}}],"inLanguage":"pt-BR"}]}},"jetpack_featured_media_url":"","_links":{"self":[{"href":"https:\/\/www.blogsoestado.com\/danielmatos\/wp-json\/wp\/v2\/posts\/79426","targetHints":{"allow":["GET"]}}],"collection":[{"href":"https:\/\/www.blogsoestado.com\/danielmatos\/wp-json\/wp\/v2\/posts"}],"about":[{"href":"https:\/\/www.blogsoestado.com\/danielmatos\/wp-json\/wp\/v2\/types\/post"}],"replies":[{"embeddable":true,"href":"https:\/\/www.blogsoestado.com\/danielmatos\/wp-json\/wp\/v2\/comments?post=79426"}],"version-history":[{"count":0,"href":"https:\/\/www.blogsoestado.com\/danielmatos\/wp-json\/wp\/v2\/posts\/79426\/revisions"}],"wp:attachment":[{"href":"https:\/\/www.blogsoestado.com\/danielmatos\/wp-json\/wp\/v2\/media?parent=79426"}],"wp:term":[{"taxonomy":"category","embeddable":true,"href":"https:\/\/www.blogsoestado.com\/danielmatos\/wp-json\/wp\/v2\/categories?post=79426"},{"taxonomy":"post_tag","embeddable":true,"href":"https:\/\/www.blogsoestado.com\/danielmatos\/wp-json\/wp\/v2\/tags?post=79426"}],"curies":[{"name":"wp","href":"https:\/\/api.w.org\/{rel}","templated":true}]}}