{"id":79431,"date":"2020-11-09T10:59:18","date_gmt":"2020-11-09T13:59:18","guid":{"rendered":"https:\/\/www.blogsoestado.com\/danielmatos\/?p=79431"},"modified":"2020-11-09T10:59:18","modified_gmt":"2020-11-09T13:59:18","slug":"william-jr-fortalece-candidatura-a-vereador-ao-defender-mandato-participativo-e-inclusivo","status":"publish","type":"post","link":"https:\/\/www.blogsoestado.com\/danielmatos\/william-jr-fortalece-candidatura-a-vereador-ao-defender-mandato-participativo-e-inclusivo\/","title":{"rendered":"William Jr. fortalece candidatura a vereador ao defender mandato participativo e inclusivo"},"content":{"rendered":"\n<div class=\"wp-block-image\"><figure class=\"aligncenter size-large\"><img decoding=\"async\" src=\"https:\/\/www.blogsoestado.com\/danielmatos\/files\/2020\/11\/Screenshot_20201109-1038382.png\" alt=\"\" class=\"wp-image-79490\"\/><figcaption>William Jr. defende a participa\u00e7\u00e3o do povo nas decis\u00f5es do poder p\u00fablico<\/figcaption><\/figure><\/div>\n\n\n\n<p>O l\u00edder pol\u00edtico William Jr. 43321 tem entre os principais pilares da sua candidatura a vereador de S\u00e3o Lu\u00eds pelo Partido Verde (PV) a defesa da maior participa\u00e7\u00e3o popular nas decis\u00f5es do poder p\u00fablico. Nas visitas di\u00e1rias que tem feito \u00e0s comunidades da capital durante a campanha, o candidato reafirma que os cidad\u00e3os podem e devem ser ouvidos pelos gestores p\u00fablicos para que as a\u00e7\u00f5es atendam verdadeiramente as necessidades e anseios do povo. <\/p>\n\n\n\n<p>A mensagem \u00e9 sempre bem recebida pelos ludovicenses, que logo se identificam com as ideias inovadoras e manifestam apoio crescente a William Jr., que nesta reta final da campanha desponta entre os nomes mais bem cotados para assumir vaga na C\u00e2mara Municipal de S\u00e3o Lu\u00eds a partir de 1\u00b0 de janeiro de 2021.<\/p>\n\n\n\n<div class=\"wp-block-image\"><figure class=\"aligncenter size-large\"><img decoding=\"async\" src=\"https:\/\/www.blogsoestado.com\/danielmatos\/files\/2020\/11\/Screenshot_20201109-1039052.png\" alt=\"\" class=\"wp-image-79491\"\/><figcaption>O contato permanente com as comunidades torna William Jr. um dos candidatos com boas chances de vencer a elei\u00e7\u00e3o de vereador de S\u00e3o Lu\u00eds<\/figcaption><\/figure><\/div>\n\n\n\n<p>&#8220;Acredito que com a participa\u00e7\u00e3o da popula\u00e7\u00e3o podemos construir uma S\u00e3o Lu\u00eds mais justa e que atenda aos anseios de todos&#8221;, defende. &#8220;\u00c9 assim que estamos construindo nossa campanha, ouvindo, debatendo e encontrando solu\u00e7\u00f5es. Estaremos juntos pelo movimento de reconstru\u00e7\u00e3o, com trabalho e coragem mudaremos a realidade da nossa cidade&#8221;, aposta.<\/p>\n\n\n\n<p>Com propostas diferenciadas e de amplo alcance, elaboradas de modo a atender as demandas populares, William Jr. tem obtido importantes ades\u00f5es nos bairros que visita, onde a aus\u00eancia da administra\u00e7\u00e3o p\u00fablica \u00e9 notada \u00e0 primeira vista e lamentada pelos moradores. Disposto a mudar essa realidade, o candidato faz quest\u00e3o de dialogar com as comunidades para expor suas ideias e apontar poss\u00edveis solu\u00e7\u00f5es.<\/p>\n\n\n\n<div class=\"wp-block-image\"><figure class=\"aligncenter size-large\"><img decoding=\"async\" src=\"https:\/\/www.blogsoestado.com\/danielmatos\/files\/2020\/11\/Screenshot_20201109-1039322.png\" alt=\"\" class=\"wp-image-79492\"\/><figcaption>William Jr. \u00e9 sempre bem recebido nas visitas que faz aos bairros durante a campanha<\/figcaption><\/figure><\/div>\n\n\n\n<p>&#8220;Nossa campanha ganha a cada dia mais for\u00e7a. J\u00e1 percorremos os quatro cantos da cidade e sempre somos bem recepcionados&#8221;, registra William Jr., exaltando, ainda, a participa\u00e7\u00e3o dos amigos e companheiros que se uniram a ele na luta por uma S\u00e3o Lu\u00eds renovada. &#8220;Juntos temos mostrado a nossa for\u00e7a nesta campanha. Vamos seguir firmes, fortes e unidos na disputa por uma vaga na C\u00e2mara Municipal&#8221;, assegura.<\/p>\n\n\n\n<p><strong>Demandas e propostas<\/strong> <\/p>\n\n\n\n<div class=\"wp-block-image\"><figure class=\"aligncenter size-large\"><img decoding=\"async\" src=\"https:\/\/www.blogsoestado.com\/danielmatos\/files\/2020\/11\/Screenshot_20201109-1038192.png\" alt=\"\" class=\"wp-image-79495\"\/><figcaption>A forma\u00e7\u00e3o de cidad\u00e3os por meio do esporte \u00e9 uma das bandeiras de luta de William Jr.<\/figcaption><\/figure><\/div>\n\n\n\n<p>Em suas andan\u00e7as pela cidade para ouvir a popula\u00e7\u00e3o, William Jr. tem se deparado com diversas demandas, nas \u00e1reas de infraestrutura e transporte p\u00fablico, situa\u00e7\u00e3o que aflige os moradores da Santa B\u00e1rbara, um dos bairros que j\u00e1 visitou. Na Cidade Oper\u00e1ria, se reuniu com um grupo de jovens durante um evento voltado \u00e0 pr\u00e1tica do esporte e se comprometeu a dar incentivo ao setor, caso conquiste o mandato de vereador. &#8220;O investimento no esporte e lazer para nossas crian\u00e7as e jovens tem que ser tratado como direito b\u00e1sico, assim como a sa\u00fade e a educa\u00e7\u00e3o. Estas pessoas merecem acesso a pol\u00edticas p\u00fablicas eficientes. S\u00f3 assim estaremos criando e educando cidad\u00e3os mais conscientes&#8221;, assinalou. No mesmo bairro, escutou reclama\u00e7\u00f5es sobre a defici\u00eancia da limpeza p\u00fablica.<\/p>\n\n\n\n<div class=\"wp-block-image\"><figure class=\"aligncenter size-large\"><img decoding=\"async\" src=\"https:\/\/www.blogsoestado.com\/danielmatos\/files\/2020\/11\/Screenshot_20201109-1037522.png\" alt=\"\" class=\"wp-image-79493\"\/><figcaption>O candidato agradece o carinho do povo durante suas andan\u00e7as na campanha<\/figcaption><\/figure><\/div>\n\n\n\n<p><strong>Marca\u00e7\u00e3o de consultas<\/strong><\/p>\n\n\n\n<p>Outra bandeira de luta de William Jr. refere-se \u00e0 melhoria do sistema de marca\u00e7\u00e3o de consultas na rede p\u00fablica de sa\u00fade de S\u00e3o Lu\u00eds. Ele faz duras cr\u00edticas \u00e0 dificuldade da popula\u00e7\u00e3o para ter acesso a esse servi\u00e7o. &#8220;O atual prefeito passou oito anos no cargo e n\u00e3o conseguiu resolver esse problema, que piora a cada dia&#8221;, lamenta. O candidato prop\u00f5e um modelo que garanta a marca\u00e7\u00e3o \u00e1gil de consultas e exames, capaz de atender a todas as pessoas que precisem. &#8220;Vamos lutar na C\u00e2mara Municipal para que a Prefeitura de S\u00e3o Lu\u00eds cumpra a sua obriga\u00e7\u00e3o de dar a toda a popula\u00e7\u00e3o pleno acesso a mais esse direito fundamental&#8221;, anuncia.<\/p>\n\n\n\n<p>No Parque Vit\u00f3ria e na comunidade Terra Livre, ouviu dos cidad\u00e3os reivindica\u00e7\u00f5es nas \u00e1reas de sa\u00fade e infraestrutura. No bairro Maria Arag\u00e3o Tiradentes, conversou com lideran\u00e7as sobre os problemas enfrentados pelos moradores, como a falta de pol\u00edticas p\u00fablicas e a falta de representatividade no Legislativo municipal. J\u00e1 no Bairro de F\u00e1tima e no Diamante, populares cobraram a instala\u00e7\u00e3o de q de sa\u00fade, obras de saneamento b\u00e1sico e a constru\u00e7\u00e3o de creches.<\/p>\n\n\n\n<p>O candidato a vereador visitou diversos outros bairros da capital, nas zonas urbana e rural, como Apicum, Santa Cruz, Aurora, Cidade Ol\u00edmpica, Vila Embratel, Matinha e Vila Funil, sempre ouvindo as fam\u00edlias de casa em casa.<\/p>\n\n\n\n<p><strong>Autismo<\/strong><\/p>\n\n\n\n<div class=\"wp-block-image\"><figure class=\"aligncenter size-large\"><img decoding=\"async\" src=\"https:\/\/www.blogsoestado.com\/danielmatos\/files\/2020\/11\/Screenshot_20201109-1037292.png\" alt=\"\" class=\"wp-image-79494\"\/><figcaption>William Jr. ouve demandas diversas a cada encontro com moradores de diferentes bairros<\/figcaption><\/figure><\/div>\n\n\n\n<p>William Jr. tamb\u00e9m se compromete a lutar pela causa dos portadores do Transtorno do Espectro Autista (TEA), que acomete parcela expressiva da sociedade, sem que sejam implementadas pol\u00edticas p\u00fablicas de amparo \u00e0s fam\u00edlias afetadas. &#8220;Trabalhar para garantir que direitos b\u00e1sicos de pessoas com &nbsp;Transtorno de Espectro Autista sejam respeitados e garantidos. Essa \u00e9 uma das causas que nos motiva a lutar por uma vaga na C\u00e2mara Municipal&#8221;, pontua o candidato.<\/p>\n\n\n\n<p>O candidato agradece todo o carinho recebido at\u00e9 aqui e garante que o povo sempre poder\u00e1 contar com o seu apoio. &#8220;Obrigado a todos pela acolhida e receptividade. Seguiremos na luta pela garantia plena de mais dignidade e qualidade de vida para a popula\u00e7\u00e3o de S\u00e3o Lu\u00eds&#8221;.<\/p>\n","protected":false},"excerpt":{"rendered":"<p>O l\u00edder pol\u00edtico William Jr. 43321 tem entre os principais pilares da sua candidatura a vereador de S\u00e3o Lu\u00eds pelo [&hellip;]<\/p>\n","protected":false},"author":0,"featured_media":0,"comment_status":"open","ping_status":"open","sticky":false,"template":"","format":"standard","meta":{"site-sidebar-layout":"default","site-content-layout":"","ast-site-content-layout":"default","site-content-style":"default","site-sidebar-style":"default","ast-global-header-display":"","ast-banner-title-visibility":"","ast-main-header-display":"","ast-hfb-above-header-display":"","ast-hfb-below-header-display":"","ast-hfb-mobile-header-display":"","site-post-title":"","ast-breadcrumbs-content":"","ast-featured-img":"","footer-sml-layout":"","ast-disable-related-posts":"","theme-transparent-header-meta":"","adv-header-id-meta":"","stick-header-meta":"","header-above-stick-meta":"","header-main-stick-meta":"","header-below-stick-meta":"","astra-migrate-meta-layouts":"default","ast-page-background-enabled":"default","ast-page-background-meta":{"desktop":{"background-color":"var(--ast-global-color-5)","background-image":"","background-repeat":"repeat","background-position":"center center","background-size":"auto","background-attachment":"scroll","background-type":"","background-media":"","overlay-type":"","overlay-color":"","overlay-opacity":"","overlay-gradient":""},"tablet":{"background-color":"","background-image":"","background-repeat":"repeat","background-position":"center center","background-size":"auto","background-attachment":"scroll","background-type":"","background-media":"","overlay-type":"","overlay-color":"","overlay-opacity":"","overlay-gradient":""},"mobile":{"background-color":"","background-image":"","background-repeat":"repeat","background-position":"center center","background-size":"auto","background-attachment":"scroll","background-type":"","background-media":"","overlay-type":"","overlay-color":"","overlay-opacity":"","overlay-gradient":""}},"ast-content-background-meta":{"desktop":{"background-color":"var(--ast-global-color-4)","background-image":"","background-repeat":"repeat","background-position":"center center","background-size":"auto","background-attachment":"scroll","background-type":"","background-media":"","overlay-type":"","overlay-color":"","overlay-opacity":"","overlay-gradient":""},"tablet":{"background-color":"var(--ast-global-color-4)","background-image":"","background-repeat":"repeat","background-position":"center center","background-size":"auto","background-attachment":"scroll","background-type":"","background-media":"","overlay-type":"","overlay-color":"","overlay-opacity":"","overlay-gradient":""},"mobile":{"background-color":"var(--ast-global-color-4)","background-image":"","background-repeat":"repeat","background-position":"center center","background-size":"auto","background-attachment":"scroll","background-type":"","background-media":"","overlay-type":"","overlay-color":"","overlay-opacity":"","overlay-gradient":""}},"footnotes":""},"categories":[1],"tags":[],"class_list":["post-79431","post","type-post","status-publish","format-standard","hentry","category-sem-categoria"],"yoast_head":"<!-- This site is optimized with the Yoast SEO plugin v26.6 - https:\/\/yoast.com\/wordpress\/plugins\/seo\/ -->\n<title>William Jr. fortalece candidatura a vereador ao defender mandato participativo e inclusivo - Daniel Matos<\/title>\n<meta name=\"robots\" content=\"index, follow, max-snippet:-1, max-image-preview:large, max-video-preview:-1\" \/>\n<link rel=\"canonical\" href=\"https:\/\/www.blogsoestado.com\/danielmatos\/william-jr-fortalece-candidatura-a-vereador-ao-defender-mandato-participativo-e-inclusivo\/\" \/>\n<meta property=\"og:locale\" content=\"pt_BR\" \/>\n<meta property=\"og:type\" content=\"article\" \/>\n<meta property=\"og:title\" content=\"William Jr. fortalece candidatura a vereador ao defender mandato participativo e inclusivo - Daniel Matos\" \/>\n<meta property=\"og:description\" content=\"O l\u00edder pol\u00edtico William Jr. 43321 tem entre os principais pilares da sua candidatura a vereador de S\u00e3o Lu\u00eds pelo [&hellip;]\" \/>\n<meta property=\"og:url\" content=\"https:\/\/www.blogsoestado.com\/danielmatos\/william-jr-fortalece-candidatura-a-vereador-ao-defender-mandato-participativo-e-inclusivo\/\" \/>\n<meta property=\"og:site_name\" content=\"Daniel Matos\" \/>\n<meta property=\"article:published_time\" content=\"2020-11-09T13:59:18+00:00\" \/>\n<meta property=\"og:image\" content=\"https:\/\/www.blogsoestado.com\/danielmatos\/files\/2020\/11\/Screenshot_20201109-1038382.png\" \/>\n<meta name=\"twitter:card\" content=\"summary_large_image\" \/>\n<meta name=\"twitter:label1\" content=\"Est. tempo de leitura\" \/>\n\t<meta name=\"twitter:data1\" content=\"5 minutos\" \/>\n<script type=\"application\/ld+json\" class=\"yoast-schema-graph\">{\"@context\":\"https:\/\/schema.org\",\"@graph\":[{\"@type\":\"WebPage\",\"@id\":\"https:\/\/www.blogsoestado.com\/danielmatos\/william-jr-fortalece-candidatura-a-vereador-ao-defender-mandato-participativo-e-inclusivo\/\",\"url\":\"https:\/\/www.blogsoestado.com\/danielmatos\/william-jr-fortalece-candidatura-a-vereador-ao-defender-mandato-participativo-e-inclusivo\/\",\"name\":\"William Jr. fortalece candidatura a vereador ao defender mandato participativo e inclusivo - Daniel Matos\",\"isPartOf\":{\"@id\":\"https:\/\/www.blogsoestado.com\/danielmatos\/#website\"},\"primaryImageOfPage\":{\"@id\":\"https:\/\/www.blogsoestado.com\/danielmatos\/william-jr-fortalece-candidatura-a-vereador-ao-defender-mandato-participativo-e-inclusivo\/#primaryimage\"},\"image\":{\"@id\":\"https:\/\/www.blogsoestado.com\/danielmatos\/william-jr-fortalece-candidatura-a-vereador-ao-defender-mandato-participativo-e-inclusivo\/#primaryimage\"},\"thumbnailUrl\":\"https:\/\/www.blogsoestado.com\/danielmatos\/files\/2020\/11\/Screenshot_20201109-1038382.png\",\"datePublished\":\"2020-11-09T13:59:18+00:00\",\"author\":{\"@id\":\"\"},\"breadcrumb\":{\"@id\":\"https:\/\/www.blogsoestado.com\/danielmatos\/william-jr-fortalece-candidatura-a-vereador-ao-defender-mandato-participativo-e-inclusivo\/#breadcrumb\"},\"inLanguage\":\"pt-BR\",\"potentialAction\":[{\"@type\":\"ReadAction\",\"target\":[\"https:\/\/www.blogsoestado.com\/danielmatos\/william-jr-fortalece-candidatura-a-vereador-ao-defender-mandato-participativo-e-inclusivo\/\"]}]},{\"@type\":\"ImageObject\",\"inLanguage\":\"pt-BR\",\"@id\":\"https:\/\/www.blogsoestado.com\/danielmatos\/william-jr-fortalece-candidatura-a-vereador-ao-defender-mandato-participativo-e-inclusivo\/#primaryimage\",\"url\":\"https:\/\/www.blogsoestado.com\/danielmatos\/files\/2020\/11\/Screenshot_20201109-1038382.png\",\"contentUrl\":\"https:\/\/www.blogsoestado.com\/danielmatos\/files\/2020\/11\/Screenshot_20201109-1038382.png\"},{\"@type\":\"BreadcrumbList\",\"@id\":\"https:\/\/www.blogsoestado.com\/danielmatos\/william-jr-fortalece-candidatura-a-vereador-ao-defender-mandato-participativo-e-inclusivo\/#breadcrumb\",\"itemListElement\":[{\"@type\":\"ListItem\",\"position\":1,\"name\":\"In\u00edcio\",\"item\":\"https:\/\/www.blogsoestado.com\/danielmatos\/\"},{\"@type\":\"ListItem\",\"position\":2,\"name\":\"William Jr. fortalece candidatura a vereador ao defender mandato participativo e inclusivo\"}]},{\"@type\":\"WebSite\",\"@id\":\"https:\/\/www.blogsoestado.com\/danielmatos\/#website\",\"url\":\"https:\/\/www.blogsoestado.com\/danielmatos\/\",\"name\":\"Daniel Matos\",\"description\":\"\",\"potentialAction\":[{\"@type\":\"SearchAction\",\"target\":{\"@type\":\"EntryPoint\",\"urlTemplate\":\"https:\/\/www.blogsoestado.com\/danielmatos\/?s={search_term_string}\"},\"query-input\":{\"@type\":\"PropertyValueSpecification\",\"valueRequired\":true,\"valueName\":\"search_term_string\"}}],\"inLanguage\":\"pt-BR\"}]}<\/script>\n<!-- \/ Yoast SEO plugin. -->","yoast_head_json":{"title":"William Jr. fortalece candidatura a vereador ao defender mandato participativo e inclusivo - Daniel Matos","robots":{"index":"index","follow":"follow","max-snippet":"max-snippet:-1","max-image-preview":"max-image-preview:large","max-video-preview":"max-video-preview:-1"},"canonical":"https:\/\/www.blogsoestado.com\/danielmatos\/william-jr-fortalece-candidatura-a-vereador-ao-defender-mandato-participativo-e-inclusivo\/","og_locale":"pt_BR","og_type":"article","og_title":"William Jr. fortalece candidatura a vereador ao defender mandato participativo e inclusivo - Daniel Matos","og_description":"O l\u00edder pol\u00edtico William Jr. 43321 tem entre os principais pilares da sua candidatura a vereador de S\u00e3o Lu\u00eds pelo [&hellip;]","og_url":"https:\/\/www.blogsoestado.com\/danielmatos\/william-jr-fortalece-candidatura-a-vereador-ao-defender-mandato-participativo-e-inclusivo\/","og_site_name":"Daniel Matos","article_published_time":"2020-11-09T13:59:18+00:00","og_image":[{"url":"https:\/\/www.blogsoestado.com\/danielmatos\/files\/2020\/11\/Screenshot_20201109-1038382.png","type":"","width":"","height":""}],"twitter_card":"summary_large_image","twitter_misc":{"Est. tempo de leitura":"5 minutos"},"schema":{"@context":"https:\/\/schema.org","@graph":[{"@type":"WebPage","@id":"https:\/\/www.blogsoestado.com\/danielmatos\/william-jr-fortalece-candidatura-a-vereador-ao-defender-mandato-participativo-e-inclusivo\/","url":"https:\/\/www.blogsoestado.com\/danielmatos\/william-jr-fortalece-candidatura-a-vereador-ao-defender-mandato-participativo-e-inclusivo\/","name":"William Jr. fortalece candidatura a vereador ao defender mandato participativo e inclusivo - Daniel Matos","isPartOf":{"@id":"https:\/\/www.blogsoestado.com\/danielmatos\/#website"},"primaryImageOfPage":{"@id":"https:\/\/www.blogsoestado.com\/danielmatos\/william-jr-fortalece-candidatura-a-vereador-ao-defender-mandato-participativo-e-inclusivo\/#primaryimage"},"image":{"@id":"https:\/\/www.blogsoestado.com\/danielmatos\/william-jr-fortalece-candidatura-a-vereador-ao-defender-mandato-participativo-e-inclusivo\/#primaryimage"},"thumbnailUrl":"https:\/\/www.blogsoestado.com\/danielmatos\/files\/2020\/11\/Screenshot_20201109-1038382.png","datePublished":"2020-11-09T13:59:18+00:00","author":{"@id":""},"breadcrumb":{"@id":"https:\/\/www.blogsoestado.com\/danielmatos\/william-jr-fortalece-candidatura-a-vereador-ao-defender-mandato-participativo-e-inclusivo\/#breadcrumb"},"inLanguage":"pt-BR","potentialAction":[{"@type":"ReadAction","target":["https:\/\/www.blogsoestado.com\/danielmatos\/william-jr-fortalece-candidatura-a-vereador-ao-defender-mandato-participativo-e-inclusivo\/"]}]},{"@type":"ImageObject","inLanguage":"pt-BR","@id":"https:\/\/www.blogsoestado.com\/danielmatos\/william-jr-fortalece-candidatura-a-vereador-ao-defender-mandato-participativo-e-inclusivo\/#primaryimage","url":"https:\/\/www.blogsoestado.com\/danielmatos\/files\/2020\/11\/Screenshot_20201109-1038382.png","contentUrl":"https:\/\/www.blogsoestado.com\/danielmatos\/files\/2020\/11\/Screenshot_20201109-1038382.png"},{"@type":"BreadcrumbList","@id":"https:\/\/www.blogsoestado.com\/danielmatos\/william-jr-fortalece-candidatura-a-vereador-ao-defender-mandato-participativo-e-inclusivo\/#breadcrumb","itemListElement":[{"@type":"ListItem","position":1,"name":"In\u00edcio","item":"https:\/\/www.blogsoestado.com\/danielmatos\/"},{"@type":"ListItem","position":2,"name":"William Jr. fortalece candidatura a vereador ao defender mandato participativo e inclusivo"}]},{"@type":"WebSite","@id":"https:\/\/www.blogsoestado.com\/danielmatos\/#website","url":"https:\/\/www.blogsoestado.com\/danielmatos\/","name":"Daniel Matos","description":"","potentialAction":[{"@type":"SearchAction","target":{"@type":"EntryPoint","urlTemplate":"https:\/\/www.blogsoestado.com\/danielmatos\/?s={search_term_string}"},"query-input":{"@type":"PropertyValueSpecification","valueRequired":true,"valueName":"search_term_string"}}],"inLanguage":"pt-BR"}]}},"jetpack_featured_media_url":"","_links":{"self":[{"href":"https:\/\/www.blogsoestado.com\/danielmatos\/wp-json\/wp\/v2\/posts\/79431","targetHints":{"allow":["GET"]}}],"collection":[{"href":"https:\/\/www.blogsoestado.com\/danielmatos\/wp-json\/wp\/v2\/posts"}],"about":[{"href":"https:\/\/www.blogsoestado.com\/danielmatos\/wp-json\/wp\/v2\/types\/post"}],"replies":[{"embeddable":true,"href":"https:\/\/www.blogsoestado.com\/danielmatos\/wp-json\/wp\/v2\/comments?post=79431"}],"version-history":[{"count":0,"href":"https:\/\/www.blogsoestado.com\/danielmatos\/wp-json\/wp\/v2\/posts\/79431\/revisions"}],"wp:attachment":[{"href":"https:\/\/www.blogsoestado.com\/danielmatos\/wp-json\/wp\/v2\/media?parent=79431"}],"wp:term":[{"taxonomy":"category","embeddable":true,"href":"https:\/\/www.blogsoestado.com\/danielmatos\/wp-json\/wp\/v2\/categories?post=79431"},{"taxonomy":"post_tag","embeddable":true,"href":"https:\/\/www.blogsoestado.com\/danielmatos\/wp-json\/wp\/v2\/tags?post=79431"}],"curies":[{"name":"wp","href":"https:\/\/api.w.org\/{rel}","templated":true}]}}