{"id":79436,"date":"2020-11-07T17:58:51","date_gmt":"2020-11-07T20:58:51","guid":{"rendered":"https:\/\/www.blogsoestado.com\/danielmatos\/?p=79436"},"modified":"2020-11-07T17:58:51","modified_gmt":"2020-11-07T20:58:51","slug":"forca-popular-de-beto-das-vilas","status":"publish","type":"post","link":"https:\/\/www.blogsoestado.com\/danielmatos\/forca-popular-de-beto-das-vilas\/","title":{"rendered":"For\u00e7a popular de Beto das Vilas"},"content":{"rendered":"\n<div class=\"wp-block-image\"><figure class=\"aligncenter size-large\"><img decoding=\"async\" src=\"https:\/\/www.blogsoestado.com\/danielmatos\/files\/2020\/11\/IMG-20201107-WA0235.jpg\" alt=\"\" class=\"wp-image-79437\"\/><figcaption>Beto da Vilas deu mais uma demonstra\u00e7\u00e3o de for\u00e7a e popularidade em ato pol\u00edtico<\/figcaption><\/figure><\/div>\n\n\n\n<p>Em S\u00e3o Jos\u00e9 de Ribamar (MA) o candidato republicano \u00e0 Prefeito, Beto das Vilas, far\u00e1 visita ao Parque Jair, \u00e0s 15h, neste s\u00e1bado, 07, seguindo de l\u00e1 diretamente para a caminhada com o candidato a vereador Paulo Alencar, \u00e0s 17h30, conhecido como o \u201cvereador da juventude\u201d, um forte nome na coliga\u00e7\u00e3o \u201cA Vit\u00f3ria do Povo\u201d.<\/p>\n\n\n\n<div class=\"wp-block-image\"><figure class=\"aligncenter size-large\"><img decoding=\"async\" src=\"https:\/\/www.blogsoestado.com\/danielmatos\/files\/2020\/11\/IMG-20201107-WA0234.jpg\" alt=\"\" class=\"wp-image-79438\"\/><figcaption>Beto da Vilas fazem gesto que expressa confian\u00e7a em \u00eaxito nas urnas<\/figcaption><\/figure><\/div>\n\n\n\n<p>\u00c0 noite, 20h, Beto das Vilas re\u00fane-se com o tamb\u00e9m candidato \u00e0 reelei\u00e7\u00e3o para vereador J\u00f4 Viana. Beto das Vilas vem tendo uma excelente receptividade a cada visita; o povo o recebe calorosamente de forma espont\u00e2nea o que gera m\u00e3os confian\u00e7a e desejo de renova\u00e7\u00e3o na gest\u00e3o municipal.<\/p>\n\n\n\n<p>Na noite de ontem, 06, inclusive mais de duas mil pessoas compareceram ao Com\u00edcio do Viva Vilas na Vila Flamengo..Todos os presentes ouviram atentos as propostas do plano de governo de Beto das Vilas, e firmaram compromisso atrav\u00e9s do voto 10 no pr\u00f3ximo dia 15 de novembro..O com\u00edcio foi marcado tamb\u00e9m pelos \u201cparab\u00e9ns a voc\u00ea\u201d ao candidato a vereador Serra Alta, aniversariante do dia. E tamb\u00e9m pela emocionante ora\u00e7\u00e3o realizada pelo Pastor Augusto de Jesus.<\/p>\n\n\n\n<div class=\"wp-block-image\"><figure class=\"aligncenter size-large\"><img decoding=\"async\" src=\"https:\/\/www.blogsoestado.com\/danielmatos\/files\/2020\/11\/IMG-20201107-WA0233-1024x576.jpg\" alt=\"\" class=\"wp-image-79439\"\/><figcaption>Povo tem prestigiado em massa os eventos de campanha de Beto das Vilas<\/figcaption><\/figure><\/div>\n\n\n\n<p>Toda a agenda do candidato Beto das Vilas vem sendo cumprida tamb\u00e9m pela candidata a vice-prefeita La\u00eds Alencar. Ela est\u00e1 sempre ao lado dele, e mostra-se bem dedicada e com muita vontade de vencer para fazer a diferen\u00e7a, colocando em pr\u00e1tica pol\u00edticas p\u00fablicas voltadas, principalmente, para os jovens e mulheres.<\/p>\n","protected":false},"excerpt":{"rendered":"<p>Em S\u00e3o Jos\u00e9 de Ribamar (MA) o candidato republicano \u00e0 Prefeito, Beto das Vilas, far\u00e1 visita ao Parque Jair, \u00e0s [&hellip;]<\/p>\n","protected":false},"author":0,"featured_media":0,"comment_status":"open","ping_status":"open","sticky":false,"template":"","format":"standard","meta":{"site-sidebar-layout":"default","site-content-layout":"","ast-site-content-layout":"default","site-content-style":"default","site-sidebar-style":"default","ast-global-header-display":"","ast-banner-title-visibility":"","ast-main-header-display":"","ast-hfb-above-header-display":"","ast-hfb-below-header-display":"","ast-hfb-mobile-header-display":"","site-post-title":"","ast-breadcrumbs-content":"","ast-featured-img":"","footer-sml-layout":"","ast-disable-related-posts":"","theme-transparent-header-meta":"","adv-header-id-meta":"","stick-header-meta":"","header-above-stick-meta":"","header-main-stick-meta":"","header-below-stick-meta":"","astra-migrate-meta-layouts":"default","ast-page-background-enabled":"default","ast-page-background-meta":{"desktop":{"background-color":"var(--ast-global-color-5)","background-image":"","background-repeat":"repeat","background-position":"center center","background-size":"auto","background-attachment":"scroll","background-type":"","background-media":"","overlay-type":"","overlay-color":"","overlay-opacity":"","overlay-gradient":""},"tablet":{"background-color":"","background-image":"","background-repeat":"repeat","background-position":"center center","background-size":"auto","background-attachment":"scroll","background-type":"","background-media":"","overlay-type":"","overlay-color":"","overlay-opacity":"","overlay-gradient":""},"mobile":{"background-color":"","background-image":"","background-repeat":"repeat","background-position":"center center","background-size":"auto","background-attachment":"scroll","background-type":"","background-media":"","overlay-type":"","overlay-color":"","overlay-opacity":"","overlay-gradient":""}},"ast-content-background-meta":{"desktop":{"background-color":"var(--ast-global-color-4)","background-image":"","background-repeat":"repeat","background-position":"center center","background-size":"auto","background-attachment":"scroll","background-type":"","background-media":"","overlay-type":"","overlay-color":"","overlay-opacity":"","overlay-gradient":""},"tablet":{"background-color":"var(--ast-global-color-4)","background-image":"","background-repeat":"repeat","background-position":"center center","background-size":"auto","background-attachment":"scroll","background-type":"","background-media":"","overlay-type":"","overlay-color":"","overlay-opacity":"","overlay-gradient":""},"mobile":{"background-color":"var(--ast-global-color-4)","background-image":"","background-repeat":"repeat","background-position":"center center","background-size":"auto","background-attachment":"scroll","background-type":"","background-media":"","overlay-type":"","overlay-color":"","overlay-opacity":"","overlay-gradient":""}},"footnotes":""},"categories":[1],"tags":[],"class_list":["post-79436","post","type-post","status-publish","format-standard","hentry","category-sem-categoria"],"yoast_head":"<!-- This site is optimized with the Yoast SEO plugin v26.6 - https:\/\/yoast.com\/wordpress\/plugins\/seo\/ -->\n<title>For\u00e7a popular de Beto das Vilas - Daniel Matos<\/title>\n<meta name=\"robots\" content=\"index, follow, max-snippet:-1, max-image-preview:large, max-video-preview:-1\" \/>\n<link rel=\"canonical\" href=\"https:\/\/www.blogsoestado.com\/danielmatos\/forca-popular-de-beto-das-vilas\/\" \/>\n<meta property=\"og:locale\" content=\"pt_BR\" \/>\n<meta property=\"og:type\" content=\"article\" \/>\n<meta property=\"og:title\" content=\"For\u00e7a popular de Beto das Vilas - Daniel Matos\" \/>\n<meta property=\"og:description\" content=\"Em S\u00e3o Jos\u00e9 de Ribamar (MA) o candidato republicano \u00e0 Prefeito, Beto das Vilas, far\u00e1 visita ao Parque Jair, \u00e0s [&hellip;]\" \/>\n<meta property=\"og:url\" content=\"https:\/\/www.blogsoestado.com\/danielmatos\/forca-popular-de-beto-das-vilas\/\" \/>\n<meta property=\"og:site_name\" content=\"Daniel Matos\" \/>\n<meta property=\"article:published_time\" content=\"2020-11-07T20:58:51+00:00\" \/>\n<meta property=\"og:image\" content=\"https:\/\/www.blogsoestado.com\/danielmatos\/files\/2020\/11\/IMG-20201107-WA0235.jpg\" \/>\n<meta name=\"twitter:card\" content=\"summary_large_image\" \/>\n<meta name=\"twitter:label1\" content=\"Est. tempo de leitura\" \/>\n\t<meta name=\"twitter:data1\" content=\"1 minuto\" \/>\n<script type=\"application\/ld+json\" class=\"yoast-schema-graph\">{\"@context\":\"https:\/\/schema.org\",\"@graph\":[{\"@type\":\"WebPage\",\"@id\":\"https:\/\/www.blogsoestado.com\/danielmatos\/forca-popular-de-beto-das-vilas\/\",\"url\":\"https:\/\/www.blogsoestado.com\/danielmatos\/forca-popular-de-beto-das-vilas\/\",\"name\":\"For\u00e7a popular de Beto das Vilas - Daniel Matos\",\"isPartOf\":{\"@id\":\"https:\/\/www.blogsoestado.com\/danielmatos\/#website\"},\"primaryImageOfPage\":{\"@id\":\"https:\/\/www.blogsoestado.com\/danielmatos\/forca-popular-de-beto-das-vilas\/#primaryimage\"},\"image\":{\"@id\":\"https:\/\/www.blogsoestado.com\/danielmatos\/forca-popular-de-beto-das-vilas\/#primaryimage\"},\"thumbnailUrl\":\"https:\/\/www.blogsoestado.com\/danielmatos\/files\/2020\/11\/IMG-20201107-WA0235.jpg\",\"datePublished\":\"2020-11-07T20:58:51+00:00\",\"author\":{\"@id\":\"\"},\"breadcrumb\":{\"@id\":\"https:\/\/www.blogsoestado.com\/danielmatos\/forca-popular-de-beto-das-vilas\/#breadcrumb\"},\"inLanguage\":\"pt-BR\",\"potentialAction\":[{\"@type\":\"ReadAction\",\"target\":[\"https:\/\/www.blogsoestado.com\/danielmatos\/forca-popular-de-beto-das-vilas\/\"]}]},{\"@type\":\"ImageObject\",\"inLanguage\":\"pt-BR\",\"@id\":\"https:\/\/www.blogsoestado.com\/danielmatos\/forca-popular-de-beto-das-vilas\/#primaryimage\",\"url\":\"https:\/\/www.blogsoestado.com\/danielmatos\/files\/2020\/11\/IMG-20201107-WA0235.jpg\",\"contentUrl\":\"https:\/\/www.blogsoestado.com\/danielmatos\/files\/2020\/11\/IMG-20201107-WA0235.jpg\"},{\"@type\":\"BreadcrumbList\",\"@id\":\"https:\/\/www.blogsoestado.com\/danielmatos\/forca-popular-de-beto-das-vilas\/#breadcrumb\",\"itemListElement\":[{\"@type\":\"ListItem\",\"position\":1,\"name\":\"In\u00edcio\",\"item\":\"https:\/\/www.blogsoestado.com\/danielmatos\/\"},{\"@type\":\"ListItem\",\"position\":2,\"name\":\"For\u00e7a popular de Beto das Vilas\"}]},{\"@type\":\"WebSite\",\"@id\":\"https:\/\/www.blogsoestado.com\/danielmatos\/#website\",\"url\":\"https:\/\/www.blogsoestado.com\/danielmatos\/\",\"name\":\"Daniel Matos\",\"description\":\"\",\"potentialAction\":[{\"@type\":\"SearchAction\",\"target\":{\"@type\":\"EntryPoint\",\"urlTemplate\":\"https:\/\/www.blogsoestado.com\/danielmatos\/?s={search_term_string}\"},\"query-input\":{\"@type\":\"PropertyValueSpecification\",\"valueRequired\":true,\"valueName\":\"search_term_string\"}}],\"inLanguage\":\"pt-BR\"}]}<\/script>\n<!-- \/ Yoast SEO plugin. -->","yoast_head_json":{"title":"For\u00e7a popular de Beto das Vilas - Daniel Matos","robots":{"index":"index","follow":"follow","max-snippet":"max-snippet:-1","max-image-preview":"max-image-preview:large","max-video-preview":"max-video-preview:-1"},"canonical":"https:\/\/www.blogsoestado.com\/danielmatos\/forca-popular-de-beto-das-vilas\/","og_locale":"pt_BR","og_type":"article","og_title":"For\u00e7a popular de Beto das Vilas - Daniel Matos","og_description":"Em S\u00e3o Jos\u00e9 de Ribamar (MA) o candidato republicano \u00e0 Prefeito, Beto das Vilas, far\u00e1 visita ao Parque Jair, \u00e0s [&hellip;]","og_url":"https:\/\/www.blogsoestado.com\/danielmatos\/forca-popular-de-beto-das-vilas\/","og_site_name":"Daniel Matos","article_published_time":"2020-11-07T20:58:51+00:00","og_image":[{"url":"https:\/\/www.blogsoestado.com\/danielmatos\/files\/2020\/11\/IMG-20201107-WA0235.jpg","type":"","width":"","height":""}],"twitter_card":"summary_large_image","twitter_misc":{"Est. tempo de leitura":"1 minuto"},"schema":{"@context":"https:\/\/schema.org","@graph":[{"@type":"WebPage","@id":"https:\/\/www.blogsoestado.com\/danielmatos\/forca-popular-de-beto-das-vilas\/","url":"https:\/\/www.blogsoestado.com\/danielmatos\/forca-popular-de-beto-das-vilas\/","name":"For\u00e7a popular de Beto das Vilas - Daniel Matos","isPartOf":{"@id":"https:\/\/www.blogsoestado.com\/danielmatos\/#website"},"primaryImageOfPage":{"@id":"https:\/\/www.blogsoestado.com\/danielmatos\/forca-popular-de-beto-das-vilas\/#primaryimage"},"image":{"@id":"https:\/\/www.blogsoestado.com\/danielmatos\/forca-popular-de-beto-das-vilas\/#primaryimage"},"thumbnailUrl":"https:\/\/www.blogsoestado.com\/danielmatos\/files\/2020\/11\/IMG-20201107-WA0235.jpg","datePublished":"2020-11-07T20:58:51+00:00","author":{"@id":""},"breadcrumb":{"@id":"https:\/\/www.blogsoestado.com\/danielmatos\/forca-popular-de-beto-das-vilas\/#breadcrumb"},"inLanguage":"pt-BR","potentialAction":[{"@type":"ReadAction","target":["https:\/\/www.blogsoestado.com\/danielmatos\/forca-popular-de-beto-das-vilas\/"]}]},{"@type":"ImageObject","inLanguage":"pt-BR","@id":"https:\/\/www.blogsoestado.com\/danielmatos\/forca-popular-de-beto-das-vilas\/#primaryimage","url":"https:\/\/www.blogsoestado.com\/danielmatos\/files\/2020\/11\/IMG-20201107-WA0235.jpg","contentUrl":"https:\/\/www.blogsoestado.com\/danielmatos\/files\/2020\/11\/IMG-20201107-WA0235.jpg"},{"@type":"BreadcrumbList","@id":"https:\/\/www.blogsoestado.com\/danielmatos\/forca-popular-de-beto-das-vilas\/#breadcrumb","itemListElement":[{"@type":"ListItem","position":1,"name":"In\u00edcio","item":"https:\/\/www.blogsoestado.com\/danielmatos\/"},{"@type":"ListItem","position":2,"name":"For\u00e7a popular de Beto das Vilas"}]},{"@type":"WebSite","@id":"https:\/\/www.blogsoestado.com\/danielmatos\/#website","url":"https:\/\/www.blogsoestado.com\/danielmatos\/","name":"Daniel Matos","description":"","potentialAction":[{"@type":"SearchAction","target":{"@type":"EntryPoint","urlTemplate":"https:\/\/www.blogsoestado.com\/danielmatos\/?s={search_term_string}"},"query-input":{"@type":"PropertyValueSpecification","valueRequired":true,"valueName":"search_term_string"}}],"inLanguage":"pt-BR"}]}},"jetpack_featured_media_url":"","_links":{"self":[{"href":"https:\/\/www.blogsoestado.com\/danielmatos\/wp-json\/wp\/v2\/posts\/79436","targetHints":{"allow":["GET"]}}],"collection":[{"href":"https:\/\/www.blogsoestado.com\/danielmatos\/wp-json\/wp\/v2\/posts"}],"about":[{"href":"https:\/\/www.blogsoestado.com\/danielmatos\/wp-json\/wp\/v2\/types\/post"}],"replies":[{"embeddable":true,"href":"https:\/\/www.blogsoestado.com\/danielmatos\/wp-json\/wp\/v2\/comments?post=79436"}],"version-history":[{"count":0,"href":"https:\/\/www.blogsoestado.com\/danielmatos\/wp-json\/wp\/v2\/posts\/79436\/revisions"}],"wp:attachment":[{"href":"https:\/\/www.blogsoestado.com\/danielmatos\/wp-json\/wp\/v2\/media?parent=79436"}],"wp:term":[{"taxonomy":"category","embeddable":true,"href":"https:\/\/www.blogsoestado.com\/danielmatos\/wp-json\/wp\/v2\/categories?post=79436"},{"taxonomy":"post_tag","embeddable":true,"href":"https:\/\/www.blogsoestado.com\/danielmatos\/wp-json\/wp\/v2\/tags?post=79436"}],"curies":[{"name":"wp","href":"https:\/\/api.w.org\/{rel}","templated":true}]}}