{"id":79441,"date":"2020-11-08T07:24:36","date_gmt":"2020-11-08T10:24:36","guid":{"rendered":"https:\/\/www.blogsoestado.com\/danielmatos\/?p=79441"},"modified":"2020-11-08T07:24:36","modified_gmt":"2020-11-08T10:24:36","slug":"anibal-e-duarte-jr-assumem-compromisso-com-com-economistas-pelo-desenvolvimento-sustentavel-de-sao-luis","status":"publish","type":"post","link":"https:\/\/www.blogsoestado.com\/danielmatos\/anibal-e-duarte-jr-assumem-compromisso-com-com-economistas-pelo-desenvolvimento-sustentavel-de-sao-luis\/","title":{"rendered":"An\u00edbal e Duarte Jr assumem compromisso com com economistas pelo desenvolvimento sustent\u00e1vel de S\u00e3o Lu\u00eds"},"content":{"rendered":"\n<div class=\"wp-block-image\"><figure class=\"aligncenter size-large\"><img decoding=\"async\" src=\"https:\/\/www.blogsoestado.com\/danielmatos\/files\/2020\/11\/IMG-20201107-WA0290.jpg\" alt=\"\" class=\"wp-image-79442\"\/><figcaption>Anibal Lins e exp\u00f5e os motivos pelos quais assinou a carta- compromisso<\/figcaption><\/figure><\/div>\n\n\n\n<p>O candidato a vereador pelo PL, An\u00edbal Lins, participou, nesta sexta-feira (6), no audit\u00f3rio da Associa\u00e7\u00e3o Comercial do Maranh\u00e3o, de um encontro promovido pelo Conselho Regional de Economia (Corecon) entre economistas e o candidato a prefeito pelo Republicanos, Duarte J\u00fanior. Na ocasi\u00e3o, o candidato a prefeito assumiu o compromisso de aplicar &#8220;fundamentos norteadores&#8221; elencados pelos economistas maranhenses para o desenvolvimento sustent\u00e1vel de S\u00e3o Lu\u00eds.<\/p>\n\n\n\n<p>An\u00edbal, que \u00e9 economista e membro do Corecon, subscreveu juntamente com Duarte J\u00fanior os fundamentos apresentados. &#8220;Eles expressam meu pensamento t\u00e9cnico sobre as prioridades para uma boa administra\u00e7\u00e3o municipal. S\u00e3o princ\u00edpios important\u00edssimos para planejar o desenvolvimento sustent\u00e1vel de S\u00e3o Lu\u00eds, no curto e no longo prazo&#8221;, afirma.<\/p>\n\n\n\n<figure class=\"wp-block-image size-large\"><img decoding=\"async\" src=\"https:\/\/www.blogsoestado.com\/danielmatos\/files\/2020\/11\/IMG-20201107-WA0291.jpg\" alt=\"\" class=\"wp-image-79443\"\/><figcaption>Anibal Lins exp\u00f5e carta em que firma compromisso com a sustentabilidade da cidade<\/figcaption><\/figure>\n\n\n\n<p>Todas as ideias foram reunidas em uma &#8220;Carta Compromisso&#8221; que foi enviada pelo Conselho a todos os candidatos a prefeito da capital maranhense. Duarte J\u00fanior foi o primeiro candidato a assumir publicamente esse compromisso.<\/p>\n\n\n\n<p>Um dos primeiros fundamentos listados na Carta do Corecon \u00e9 o planejamento municipal de longo prazo por meio do Plano Plurianual, da Lei de Diretrizes Or\u00e7ament\u00e1rias e da Lei Or\u00e7ament\u00e1ria Anual para tra\u00e7ar um plano maior que ultrapasse os mandatos dos gestores municipais, o que seria uma &#8220;Agenda S\u00e3o Lu\u00eds 2030&#8221;.<\/p>\n\n\n\n<p>A carta tamb\u00e9m destaca o investimento em infraestrutura para a gera\u00e7\u00e3o de empregos e a prioriza\u00e7\u00e3o de obras com potencial para atrair investimentos privados; a lideran\u00e7a de S\u00e3o Lu\u00eds nos projetos intermunicipais, o uso de fontes alternativas de energia e chama aten\u00e7\u00e3o para a situa\u00e7\u00e3o fiscal de S\u00e3o Lu\u00eds, que possui baixa arrecada\u00e7\u00e3o o que a torna dependente de transfer\u00eancias dos governos estadual e federal.<\/p>\n\n\n\n<div class=\"wp-block-image\"><figure class=\"aligncenter size-large\"><img decoding=\"async\" src=\"https:\/\/www.blogsoestado.com\/danielmatos\/files\/2020\/11\/IMG-20201107-WA0289.jpg\" alt=\"\" class=\"wp-image-79444\"\/><figcaption>O candidato a prefeito Duarte Jr. tamb\u00e9m assinou o documento, aderindo \u00e0 causa<\/figcaption><\/figure><\/div>\n\n\n\n<p>&#8220;Esses s\u00e3o fundamentos que t\u00eam em vista as pessoas e o combate \u00e0s desigualdades sociais! Uma vez na C\u00e2mara dos Vereadores, garanto que irei buscar e cobrar a aplica\u00e7\u00e3o dessas diretrizes que foram constru\u00eddas com a base cient\u00edfica dos membros do Corecon&#8221;, afirma An\u00edbal.<\/p>\n\n\n\n<p>Abaixo, a Carta Compromisso assinada conjuntamente por An\u00edbal e Duarte J\u00fanior:<\/p>\n\n\n\n<div class=\"wp-block-image\"><figure class=\"aligncenter size-large\"><img decoding=\"async\" src=\"https:\/\/www.blogsoestado.com\/danielmatos\/files\/2020\/11\/Screenshot_20201108-0712012.png\" alt=\"\" class=\"wp-image-79449\"\/><\/figure><\/div>\n\n\n\n<div class=\"wp-block-image\"><figure class=\"aligncenter size-large\"><img decoding=\"async\" src=\"https:\/\/www.blogsoestado.com\/danielmatos\/files\/2020\/11\/Screenshot_20201108-0712012-2.png\" alt=\"\" class=\"wp-image-79451\"\/><\/figure><\/div>\n\n\n\n<div class=\"wp-block-image\"><figure class=\"aligncenter size-large\"><img decoding=\"async\" src=\"https:\/\/www.blogsoestado.com\/danielmatos\/files\/2020\/11\/Screenshot_20201108-071225-461x1024.png\" alt=\"\" class=\"wp-image-79452\"\/><\/figure><\/div>\n\n\n\n<div class=\"wp-block-image\"><figure class=\"aligncenter size-large\"><img decoding=\"async\" src=\"https:\/\/www.blogsoestado.com\/danielmatos\/files\/2020\/11\/Screenshot_20201108-0711222.png\" alt=\"\" class=\"wp-image-79453\"\/><\/figure><\/div>\n","protected":false},"excerpt":{"rendered":"<p>O candidato a vereador pelo PL, An\u00edbal Lins, participou, nesta sexta-feira (6), no audit\u00f3rio da Associa\u00e7\u00e3o Comercial do Maranh\u00e3o, de [&hellip;]<\/p>\n","protected":false},"author":0,"featured_media":0,"comment_status":"open","ping_status":"open","sticky":false,"template":"","format":"standard","meta":{"site-sidebar-layout":"default","site-content-layout":"","ast-site-content-layout":"default","site-content-style":"default","site-sidebar-style":"default","ast-global-header-display":"","ast-banner-title-visibility":"","ast-main-header-display":"","ast-hfb-above-header-display":"","ast-hfb-below-header-display":"","ast-hfb-mobile-header-display":"","site-post-title":"","ast-breadcrumbs-content":"","ast-featured-img":"","footer-sml-layout":"","ast-disable-related-posts":"","theme-transparent-header-meta":"","adv-header-id-meta":"","stick-header-meta":"","header-above-stick-meta":"","header-main-stick-meta":"","header-below-stick-meta":"","astra-migrate-meta-layouts":"default","ast-page-background-enabled":"default","ast-page-background-meta":{"desktop":{"background-color":"var(--ast-global-color-5)","background-image":"","background-repeat":"repeat","background-position":"center center","background-size":"auto","background-attachment":"scroll","background-type":"","background-media":"","overlay-type":"","overlay-color":"","overlay-opacity":"","overlay-gradient":""},"tablet":{"background-color":"","background-image":"","background-repeat":"repeat","background-position":"center center","background-size":"auto","background-attachment":"scroll","background-type":"","background-media":"","overlay-type":"","overlay-color":"","overlay-opacity":"","overlay-gradient":""},"mobile":{"background-color":"","background-image":"","background-repeat":"repeat","background-position":"center center","background-size":"auto","background-attachment":"scroll","background-type":"","background-media":"","overlay-type":"","overlay-color":"","overlay-opacity":"","overlay-gradient":""}},"ast-content-background-meta":{"desktop":{"background-color":"var(--ast-global-color-4)","background-image":"","background-repeat":"repeat","background-position":"center center","background-size":"auto","background-attachment":"scroll","background-type":"","background-media":"","overlay-type":"","overlay-color":"","overlay-opacity":"","overlay-gradient":""},"tablet":{"background-color":"var(--ast-global-color-4)","background-image":"","background-repeat":"repeat","background-position":"center center","background-size":"auto","background-attachment":"scroll","background-type":"","background-media":"","overlay-type":"","overlay-color":"","overlay-opacity":"","overlay-gradient":""},"mobile":{"background-color":"var(--ast-global-color-4)","background-image":"","background-repeat":"repeat","background-position":"center center","background-size":"auto","background-attachment":"scroll","background-type":"","background-media":"","overlay-type":"","overlay-color":"","overlay-opacity":"","overlay-gradient":""}},"footnotes":""},"categories":[1],"tags":[],"class_list":["post-79441","post","type-post","status-publish","format-standard","hentry","category-sem-categoria"],"yoast_head":"<!-- This site is optimized with the Yoast SEO plugin v26.6 - https:\/\/yoast.com\/wordpress\/plugins\/seo\/ -->\n<title>An\u00edbal e Duarte Jr assumem compromisso com com economistas pelo desenvolvimento sustent\u00e1vel de S\u00e3o Lu\u00eds - Daniel Matos<\/title>\n<meta name=\"robots\" content=\"index, follow, max-snippet:-1, max-image-preview:large, max-video-preview:-1\" \/>\n<link rel=\"canonical\" href=\"https:\/\/www.blogsoestado.com\/danielmatos\/anibal-e-duarte-jr-assumem-compromisso-com-com-economistas-pelo-desenvolvimento-sustentavel-de-sao-luis\/\" \/>\n<meta property=\"og:locale\" content=\"pt_BR\" \/>\n<meta property=\"og:type\" content=\"article\" \/>\n<meta property=\"og:title\" content=\"An\u00edbal e Duarte Jr assumem compromisso com com economistas pelo desenvolvimento sustent\u00e1vel de S\u00e3o Lu\u00eds - Daniel Matos\" \/>\n<meta property=\"og:description\" content=\"O candidato a vereador pelo PL, An\u00edbal Lins, participou, nesta sexta-feira (6), no audit\u00f3rio da Associa\u00e7\u00e3o Comercial do Maranh\u00e3o, de [&hellip;]\" \/>\n<meta property=\"og:url\" content=\"https:\/\/www.blogsoestado.com\/danielmatos\/anibal-e-duarte-jr-assumem-compromisso-com-com-economistas-pelo-desenvolvimento-sustentavel-de-sao-luis\/\" \/>\n<meta property=\"og:site_name\" content=\"Daniel Matos\" \/>\n<meta property=\"article:published_time\" content=\"2020-11-08T10:24:36+00:00\" \/>\n<meta property=\"og:image\" content=\"https:\/\/www.blogsoestado.com\/danielmatos\/files\/2020\/11\/IMG-20201107-WA0290.jpg\" \/>\n<meta name=\"twitter:card\" content=\"summary_large_image\" \/>\n<meta name=\"twitter:label1\" content=\"Est. tempo de leitura\" \/>\n\t<meta name=\"twitter:data1\" content=\"2 minutos\" \/>\n<script type=\"application\/ld+json\" class=\"yoast-schema-graph\">{\"@context\":\"https:\/\/schema.org\",\"@graph\":[{\"@type\":\"WebPage\",\"@id\":\"https:\/\/www.blogsoestado.com\/danielmatos\/anibal-e-duarte-jr-assumem-compromisso-com-com-economistas-pelo-desenvolvimento-sustentavel-de-sao-luis\/\",\"url\":\"https:\/\/www.blogsoestado.com\/danielmatos\/anibal-e-duarte-jr-assumem-compromisso-com-com-economistas-pelo-desenvolvimento-sustentavel-de-sao-luis\/\",\"name\":\"An\u00edbal e Duarte Jr assumem compromisso com com economistas pelo desenvolvimento sustent\u00e1vel de S\u00e3o Lu\u00eds - Daniel Matos\",\"isPartOf\":{\"@id\":\"https:\/\/www.blogsoestado.com\/danielmatos\/#website\"},\"primaryImageOfPage\":{\"@id\":\"https:\/\/www.blogsoestado.com\/danielmatos\/anibal-e-duarte-jr-assumem-compromisso-com-com-economistas-pelo-desenvolvimento-sustentavel-de-sao-luis\/#primaryimage\"},\"image\":{\"@id\":\"https:\/\/www.blogsoestado.com\/danielmatos\/anibal-e-duarte-jr-assumem-compromisso-com-com-economistas-pelo-desenvolvimento-sustentavel-de-sao-luis\/#primaryimage\"},\"thumbnailUrl\":\"https:\/\/www.blogsoestado.com\/danielmatos\/files\/2020\/11\/IMG-20201107-WA0290.jpg\",\"datePublished\":\"2020-11-08T10:24:36+00:00\",\"author\":{\"@id\":\"\"},\"breadcrumb\":{\"@id\":\"https:\/\/www.blogsoestado.com\/danielmatos\/anibal-e-duarte-jr-assumem-compromisso-com-com-economistas-pelo-desenvolvimento-sustentavel-de-sao-luis\/#breadcrumb\"},\"inLanguage\":\"pt-BR\",\"potentialAction\":[{\"@type\":\"ReadAction\",\"target\":[\"https:\/\/www.blogsoestado.com\/danielmatos\/anibal-e-duarte-jr-assumem-compromisso-com-com-economistas-pelo-desenvolvimento-sustentavel-de-sao-luis\/\"]}]},{\"@type\":\"ImageObject\",\"inLanguage\":\"pt-BR\",\"@id\":\"https:\/\/www.blogsoestado.com\/danielmatos\/anibal-e-duarte-jr-assumem-compromisso-com-com-economistas-pelo-desenvolvimento-sustentavel-de-sao-luis\/#primaryimage\",\"url\":\"https:\/\/www.blogsoestado.com\/danielmatos\/files\/2020\/11\/IMG-20201107-WA0290.jpg\",\"contentUrl\":\"https:\/\/www.blogsoestado.com\/danielmatos\/files\/2020\/11\/IMG-20201107-WA0290.jpg\"},{\"@type\":\"BreadcrumbList\",\"@id\":\"https:\/\/www.blogsoestado.com\/danielmatos\/anibal-e-duarte-jr-assumem-compromisso-com-com-economistas-pelo-desenvolvimento-sustentavel-de-sao-luis\/#breadcrumb\",\"itemListElement\":[{\"@type\":\"ListItem\",\"position\":1,\"name\":\"In\u00edcio\",\"item\":\"https:\/\/www.blogsoestado.com\/danielmatos\/\"},{\"@type\":\"ListItem\",\"position\":2,\"name\":\"An\u00edbal e Duarte Jr assumem compromisso com com economistas pelo desenvolvimento sustent\u00e1vel de S\u00e3o Lu\u00eds\"}]},{\"@type\":\"WebSite\",\"@id\":\"https:\/\/www.blogsoestado.com\/danielmatos\/#website\",\"url\":\"https:\/\/www.blogsoestado.com\/danielmatos\/\",\"name\":\"Daniel Matos\",\"description\":\"\",\"potentialAction\":[{\"@type\":\"SearchAction\",\"target\":{\"@type\":\"EntryPoint\",\"urlTemplate\":\"https:\/\/www.blogsoestado.com\/danielmatos\/?s={search_term_string}\"},\"query-input\":{\"@type\":\"PropertyValueSpecification\",\"valueRequired\":true,\"valueName\":\"search_term_string\"}}],\"inLanguage\":\"pt-BR\"}]}<\/script>\n<!-- \/ Yoast SEO plugin. -->","yoast_head_json":{"title":"An\u00edbal e Duarte Jr assumem compromisso com com economistas pelo desenvolvimento sustent\u00e1vel de S\u00e3o Lu\u00eds - Daniel Matos","robots":{"index":"index","follow":"follow","max-snippet":"max-snippet:-1","max-image-preview":"max-image-preview:large","max-video-preview":"max-video-preview:-1"},"canonical":"https:\/\/www.blogsoestado.com\/danielmatos\/anibal-e-duarte-jr-assumem-compromisso-com-com-economistas-pelo-desenvolvimento-sustentavel-de-sao-luis\/","og_locale":"pt_BR","og_type":"article","og_title":"An\u00edbal e Duarte Jr assumem compromisso com com economistas pelo desenvolvimento sustent\u00e1vel de S\u00e3o Lu\u00eds - Daniel Matos","og_description":"O candidato a vereador pelo PL, An\u00edbal Lins, participou, nesta sexta-feira (6), no audit\u00f3rio da Associa\u00e7\u00e3o Comercial do Maranh\u00e3o, de [&hellip;]","og_url":"https:\/\/www.blogsoestado.com\/danielmatos\/anibal-e-duarte-jr-assumem-compromisso-com-com-economistas-pelo-desenvolvimento-sustentavel-de-sao-luis\/","og_site_name":"Daniel Matos","article_published_time":"2020-11-08T10:24:36+00:00","og_image":[{"url":"https:\/\/www.blogsoestado.com\/danielmatos\/files\/2020\/11\/IMG-20201107-WA0290.jpg","type":"","width":"","height":""}],"twitter_card":"summary_large_image","twitter_misc":{"Est. tempo de leitura":"2 minutos"},"schema":{"@context":"https:\/\/schema.org","@graph":[{"@type":"WebPage","@id":"https:\/\/www.blogsoestado.com\/danielmatos\/anibal-e-duarte-jr-assumem-compromisso-com-com-economistas-pelo-desenvolvimento-sustentavel-de-sao-luis\/","url":"https:\/\/www.blogsoestado.com\/danielmatos\/anibal-e-duarte-jr-assumem-compromisso-com-com-economistas-pelo-desenvolvimento-sustentavel-de-sao-luis\/","name":"An\u00edbal e Duarte Jr assumem compromisso com com economistas pelo desenvolvimento sustent\u00e1vel de S\u00e3o Lu\u00eds - Daniel Matos","isPartOf":{"@id":"https:\/\/www.blogsoestado.com\/danielmatos\/#website"},"primaryImageOfPage":{"@id":"https:\/\/www.blogsoestado.com\/danielmatos\/anibal-e-duarte-jr-assumem-compromisso-com-com-economistas-pelo-desenvolvimento-sustentavel-de-sao-luis\/#primaryimage"},"image":{"@id":"https:\/\/www.blogsoestado.com\/danielmatos\/anibal-e-duarte-jr-assumem-compromisso-com-com-economistas-pelo-desenvolvimento-sustentavel-de-sao-luis\/#primaryimage"},"thumbnailUrl":"https:\/\/www.blogsoestado.com\/danielmatos\/files\/2020\/11\/IMG-20201107-WA0290.jpg","datePublished":"2020-11-08T10:24:36+00:00","author":{"@id":""},"breadcrumb":{"@id":"https:\/\/www.blogsoestado.com\/danielmatos\/anibal-e-duarte-jr-assumem-compromisso-com-com-economistas-pelo-desenvolvimento-sustentavel-de-sao-luis\/#breadcrumb"},"inLanguage":"pt-BR","potentialAction":[{"@type":"ReadAction","target":["https:\/\/www.blogsoestado.com\/danielmatos\/anibal-e-duarte-jr-assumem-compromisso-com-com-economistas-pelo-desenvolvimento-sustentavel-de-sao-luis\/"]}]},{"@type":"ImageObject","inLanguage":"pt-BR","@id":"https:\/\/www.blogsoestado.com\/danielmatos\/anibal-e-duarte-jr-assumem-compromisso-com-com-economistas-pelo-desenvolvimento-sustentavel-de-sao-luis\/#primaryimage","url":"https:\/\/www.blogsoestado.com\/danielmatos\/files\/2020\/11\/IMG-20201107-WA0290.jpg","contentUrl":"https:\/\/www.blogsoestado.com\/danielmatos\/files\/2020\/11\/IMG-20201107-WA0290.jpg"},{"@type":"BreadcrumbList","@id":"https:\/\/www.blogsoestado.com\/danielmatos\/anibal-e-duarte-jr-assumem-compromisso-com-com-economistas-pelo-desenvolvimento-sustentavel-de-sao-luis\/#breadcrumb","itemListElement":[{"@type":"ListItem","position":1,"name":"In\u00edcio","item":"https:\/\/www.blogsoestado.com\/danielmatos\/"},{"@type":"ListItem","position":2,"name":"An\u00edbal e Duarte Jr assumem compromisso com com economistas pelo desenvolvimento sustent\u00e1vel de S\u00e3o Lu\u00eds"}]},{"@type":"WebSite","@id":"https:\/\/www.blogsoestado.com\/danielmatos\/#website","url":"https:\/\/www.blogsoestado.com\/danielmatos\/","name":"Daniel Matos","description":"","potentialAction":[{"@type":"SearchAction","target":{"@type":"EntryPoint","urlTemplate":"https:\/\/www.blogsoestado.com\/danielmatos\/?s={search_term_string}"},"query-input":{"@type":"PropertyValueSpecification","valueRequired":true,"valueName":"search_term_string"}}],"inLanguage":"pt-BR"}]}},"jetpack_featured_media_url":"","_links":{"self":[{"href":"https:\/\/www.blogsoestado.com\/danielmatos\/wp-json\/wp\/v2\/posts\/79441","targetHints":{"allow":["GET"]}}],"collection":[{"href":"https:\/\/www.blogsoestado.com\/danielmatos\/wp-json\/wp\/v2\/posts"}],"about":[{"href":"https:\/\/www.blogsoestado.com\/danielmatos\/wp-json\/wp\/v2\/types\/post"}],"replies":[{"embeddable":true,"href":"https:\/\/www.blogsoestado.com\/danielmatos\/wp-json\/wp\/v2\/comments?post=79441"}],"version-history":[{"count":0,"href":"https:\/\/www.blogsoestado.com\/danielmatos\/wp-json\/wp\/v2\/posts\/79441\/revisions"}],"wp:attachment":[{"href":"https:\/\/www.blogsoestado.com\/danielmatos\/wp-json\/wp\/v2\/media?parent=79441"}],"wp:term":[{"taxonomy":"category","embeddable":true,"href":"https:\/\/www.blogsoestado.com\/danielmatos\/wp-json\/wp\/v2\/categories?post=79441"},{"taxonomy":"post_tag","embeddable":true,"href":"https:\/\/www.blogsoestado.com\/danielmatos\/wp-json\/wp\/v2\/tags?post=79441"}],"curies":[{"name":"wp","href":"https:\/\/api.w.org\/{rel}","templated":true}]}}