{"id":79455,"date":"2020-11-08T16:50:14","date_gmt":"2020-11-08T19:50:14","guid":{"rendered":"https:\/\/www.blogsoestado.com\/danielmatos\/?p=79455"},"modified":"2020-11-08T16:50:14","modified_gmt":"2020-11-08T19:50:14","slug":"com-a-presenca-do-prefeito-fabio-gentil-candidata-a-vereadora-cynthia-lucena-reune-multidao-na-reta-final-da-campanha-em-caxias","status":"publish","type":"post","link":"https:\/\/www.blogsoestado.com\/danielmatos\/com-a-presenca-do-prefeito-fabio-gentil-candidata-a-vereadora-cynthia-lucena-reune-multidao-na-reta-final-da-campanha-em-caxias\/","title":{"rendered":"Com a presen\u00e7a do prefeito F\u00e1bio Gentil, candidata a vereadora Cynthia Lucena re\u00fane multid\u00e3o na reta final da campanha em Caxias"},"content":{"rendered":"\n<div class=\"wp-block-image\"><figure class=\"aligncenter size-large\"><img decoding=\"async\" src=\"https:\/\/www.blogsoestado.com\/danielmatos\/files\/2020\/11\/IMG-20201108-WA0045-1024x682.jpg\" alt=\"\" class=\"wp-image-79456\"\/><figcaption>F\u00e1bio Gentil destacou as qualidades que fazem da aliada Cynthia Lucena uma boa op\u00e7\u00e3o para representar o povo de Caxias na C\u00e2mara Municipal<\/figcaption><\/figure><\/div>\n\n\n\n<p>A candidata a vereadora de Caxias Cynthia Lucena foi prestigiada por uma multid\u00e3o, na noite de s\u00e1bado (7), em sua \u00faltima reuni\u00e3o de campanha. No palanque, ao lado do prefeito e candidato \u00e0 reelei\u00e7\u00e3o F\u00e1bio Gentil, Cynthia reafirmou seu compromisso de lutar por melhorias para o povo na C\u00e2mara Municipal, citando a honestidade como principal virtude de um pol\u00edtico disposto a bem representar a popula\u00e7\u00e3o.<\/p>\n\n\n\n<div class=\"wp-block-image\"><figure class=\"aligncenter size-large\"><img decoding=\"async\" src=\"https:\/\/www.blogsoestado.com\/danielmatos\/files\/2020\/11\/IMG-20201108-WA0048-1024x682.jpg\" alt=\"\" class=\"wp-image-79457\"\/><figcaption>Cynthia Lucena e F\u00e1bio Gentil no palanque,.diante <\/figcaption><\/figure><\/div>\n\n\n\n<p>A candidata foi aplaudida em v\u00e1rios momentos pelas centenas de pessoas que compareceram ao com\u00edcio. &#8220;Pol\u00edtico compromissado gosta de gente. Por isso, meus amigos e minhas amigas, analisem bem at\u00e9 o dia da elei\u00e7\u00e3o&#8221;, recomendou Cynthia.<\/p>\n\n\n\n<p><\/p>\n\n\n\n<p>O prefeito F\u00e1bio Gentil defendeu a elei\u00e7\u00e3o de Cynthia Lucena, destacando que a candidata vem fazendo um bom trabalho desde a , campanha. &#8220;Um trabalho bonito, sem esculhambar ningu\u00e9m, sem falar mal de ningu\u00e9m, pedindo uma oportunidade, apresentando propostas e projetos&#8221;, comentou.<\/p>\n\n\n\n<div class=\"wp-block-image\"><figure class=\"aligncenter size-large\"><img decoding=\"async\" src=\"https:\/\/www.blogsoestado.com\/danielmatos\/files\/2020\/11\/Screenshot_20201108-1624403-1024x480.png\" alt=\"\" class=\"wp-image-79459\"\/><\/figure><\/div>\n\n\n\n<p>Entusiasmado com os discursos de Cynthia e F\u00e1bio Gentil deu diversas demonstra\u00e7\u00f5es, durante o ato pol\u00edtico que a dedica\u00e7\u00e3o de ambos a Caxias ser\u00e1 reconhecida nas urnas. .<\/p>\n\n\n\n<p>Veja mais fotos do ato pol\u00edtico grandioso liderado por Cynthia Lucena:<\/p>\n\n\n\n<div class=\"wp-block-image\"><figure class=\"aligncenter size-large\"><img decoding=\"async\" src=\"https:\/\/www.blogsoestado.com\/danielmatos\/files\/2020\/11\/IMG-20201108-WA0050-1024x484.jpg\" alt=\"\" class=\"wp-image-79460\"\/><\/figure><\/div>\n\n\n\n<figure class=\"wp-block-image size-large\"><img decoding=\"async\" src=\"https:\/\/www.blogsoestado.com\/danielmatos\/files\/2020\/11\/IMG-20201108-WA0047-1024x682.jpg\" alt=\"\" class=\"wp-image-79462\"\/><\/figure>\n\n\n\n<figure class=\"wp-block-image size-large\"><img decoding=\"async\" src=\"https:\/\/www.blogsoestado.com\/danielmatos\/files\/2020\/11\/IMG-20201108-WA0044-1024x682.jpg\" alt=\"\" class=\"wp-image-79464\"\/><\/figure>\n\n\n\n<div class=\"wp-block-image\"><figure class=\"aligncenter size-large\"><img decoding=\"async\" src=\"https:\/\/www.blogsoestado.com\/danielmatos\/files\/2020\/11\/IMG-20201108-WA0049-1024x682.jpg\" alt=\"\" class=\"wp-image-79465\"\/><\/figure><\/div>\n\n\n\n<div class=\"wp-block-image\"><figure class=\"aligncenter size-large\"><img decoding=\"async\" src=\"https:\/\/www.blogsoestado.com\/danielmatos\/files\/2020\/11\/IMG-20201108-WA0046-1024x682.jpg\" alt=\"\" class=\"wp-image-79466\"\/><\/figure><\/div>\n\n\n\n<figure class=\"wp-block-image size-large\"><img decoding=\"async\" src=\"https:\/\/www.blogsoestado.com\/danielmatos\/files\/2020\/11\/IMG-20201108-WA0051-1024x484.jpg\" alt=\"\" class=\"wp-image-79474\"\/><\/figure>\n","protected":false},"excerpt":{"rendered":"<p>A candidata a vereadora de Caxias Cynthia Lucena foi prestigiada por uma multid\u00e3o, na noite de s\u00e1bado (7), em sua [&hellip;]<\/p>\n","protected":false},"author":0,"featured_media":0,"comment_status":"open","ping_status":"open","sticky":false,"template":"","format":"standard","meta":{"site-sidebar-layout":"default","site-content-layout":"","ast-site-content-layout":"default","site-content-style":"default","site-sidebar-style":"default","ast-global-header-display":"","ast-banner-title-visibility":"","ast-main-header-display":"","ast-hfb-above-header-display":"","ast-hfb-below-header-display":"","ast-hfb-mobile-header-display":"","site-post-title":"","ast-breadcrumbs-content":"","ast-featured-img":"","footer-sml-layout":"","ast-disable-related-posts":"","theme-transparent-header-meta":"","adv-header-id-meta":"","stick-header-meta":"","header-above-stick-meta":"","header-main-stick-meta":"","header-below-stick-meta":"","astra-migrate-meta-layouts":"default","ast-page-background-enabled":"default","ast-page-background-meta":{"desktop":{"background-color":"var(--ast-global-color-5)","background-image":"","background-repeat":"repeat","background-position":"center center","background-size":"auto","background-attachment":"scroll","background-type":"","background-media":"","overlay-type":"","overlay-color":"","overlay-opacity":"","overlay-gradient":""},"tablet":{"background-color":"","background-image":"","background-repeat":"repeat","background-position":"center center","background-size":"auto","background-attachment":"scroll","background-type":"","background-media":"","overlay-type":"","overlay-color":"","overlay-opacity":"","overlay-gradient":""},"mobile":{"background-color":"","background-image":"","background-repeat":"repeat","background-position":"center center","background-size":"auto","background-attachment":"scroll","background-type":"","background-media":"","overlay-type":"","overlay-color":"","overlay-opacity":"","overlay-gradient":""}},"ast-content-background-meta":{"desktop":{"background-color":"var(--ast-global-color-4)","background-image":"","background-repeat":"repeat","background-position":"center center","background-size":"auto","background-attachment":"scroll","background-type":"","background-media":"","overlay-type":"","overlay-color":"","overlay-opacity":"","overlay-gradient":""},"tablet":{"background-color":"var(--ast-global-color-4)","background-image":"","background-repeat":"repeat","background-position":"center center","background-size":"auto","background-attachment":"scroll","background-type":"","background-media":"","overlay-type":"","overlay-color":"","overlay-opacity":"","overlay-gradient":""},"mobile":{"background-color":"var(--ast-global-color-4)","background-image":"","background-repeat":"repeat","background-position":"center center","background-size":"auto","background-attachment":"scroll","background-type":"","background-media":"","overlay-type":"","overlay-color":"","overlay-opacity":"","overlay-gradient":""}},"footnotes":""},"categories":[1],"tags":[],"class_list":["post-79455","post","type-post","status-publish","format-standard","hentry","category-sem-categoria"],"yoast_head":"<!-- This site is optimized with the Yoast SEO plugin v26.6 - https:\/\/yoast.com\/wordpress\/plugins\/seo\/ -->\n<title>Com a presen\u00e7a do prefeito F\u00e1bio Gentil, candidata a vereadora Cynthia Lucena re\u00fane multid\u00e3o na reta final da campanha em Caxias - Daniel Matos<\/title>\n<meta name=\"robots\" content=\"index, follow, max-snippet:-1, max-image-preview:large, max-video-preview:-1\" \/>\n<link rel=\"canonical\" href=\"https:\/\/www.blogsoestado.com\/danielmatos\/com-a-presenca-do-prefeito-fabio-gentil-candidata-a-vereadora-cynthia-lucena-reune-multidao-na-reta-final-da-campanha-em-caxias\/\" \/>\n<meta property=\"og:locale\" content=\"pt_BR\" \/>\n<meta property=\"og:type\" content=\"article\" \/>\n<meta property=\"og:title\" content=\"Com a presen\u00e7a do prefeito F\u00e1bio Gentil, candidata a vereadora Cynthia Lucena re\u00fane multid\u00e3o na reta final da campanha em Caxias - Daniel Matos\" \/>\n<meta property=\"og:description\" content=\"A candidata a vereadora de Caxias Cynthia Lucena foi prestigiada por uma multid\u00e3o, na noite de s\u00e1bado (7), em sua [&hellip;]\" \/>\n<meta property=\"og:url\" content=\"https:\/\/www.blogsoestado.com\/danielmatos\/com-a-presenca-do-prefeito-fabio-gentil-candidata-a-vereadora-cynthia-lucena-reune-multidao-na-reta-final-da-campanha-em-caxias\/\" \/>\n<meta property=\"og:site_name\" content=\"Daniel Matos\" \/>\n<meta property=\"article:published_time\" content=\"2020-11-08T19:50:14+00:00\" \/>\n<meta property=\"og:image\" content=\"https:\/\/www.blogsoestado.com\/danielmatos\/files\/2020\/11\/IMG-20201108-WA0045-1024x682.jpg\" \/>\n<meta name=\"twitter:card\" content=\"summary_large_image\" \/>\n<meta name=\"twitter:label1\" content=\"Est. tempo de leitura\" \/>\n\t<meta name=\"twitter:data1\" content=\"1 minuto\" \/>\n<script type=\"application\/ld+json\" class=\"yoast-schema-graph\">{\"@context\":\"https:\/\/schema.org\",\"@graph\":[{\"@type\":\"WebPage\",\"@id\":\"https:\/\/www.blogsoestado.com\/danielmatos\/com-a-presenca-do-prefeito-fabio-gentil-candidata-a-vereadora-cynthia-lucena-reune-multidao-na-reta-final-da-campanha-em-caxias\/\",\"url\":\"https:\/\/www.blogsoestado.com\/danielmatos\/com-a-presenca-do-prefeito-fabio-gentil-candidata-a-vereadora-cynthia-lucena-reune-multidao-na-reta-final-da-campanha-em-caxias\/\",\"name\":\"Com a presen\u00e7a do prefeito F\u00e1bio Gentil, candidata a vereadora Cynthia Lucena re\u00fane multid\u00e3o na reta final da campanha em Caxias - Daniel Matos\",\"isPartOf\":{\"@id\":\"https:\/\/www.blogsoestado.com\/danielmatos\/#website\"},\"primaryImageOfPage\":{\"@id\":\"https:\/\/www.blogsoestado.com\/danielmatos\/com-a-presenca-do-prefeito-fabio-gentil-candidata-a-vereadora-cynthia-lucena-reune-multidao-na-reta-final-da-campanha-em-caxias\/#primaryimage\"},\"image\":{\"@id\":\"https:\/\/www.blogsoestado.com\/danielmatos\/com-a-presenca-do-prefeito-fabio-gentil-candidata-a-vereadora-cynthia-lucena-reune-multidao-na-reta-final-da-campanha-em-caxias\/#primaryimage\"},\"thumbnailUrl\":\"https:\/\/www.blogsoestado.com\/danielmatos\/files\/2020\/11\/IMG-20201108-WA0045-1024x682.jpg\",\"datePublished\":\"2020-11-08T19:50:14+00:00\",\"author\":{\"@id\":\"\"},\"breadcrumb\":{\"@id\":\"https:\/\/www.blogsoestado.com\/danielmatos\/com-a-presenca-do-prefeito-fabio-gentil-candidata-a-vereadora-cynthia-lucena-reune-multidao-na-reta-final-da-campanha-em-caxias\/#breadcrumb\"},\"inLanguage\":\"pt-BR\",\"potentialAction\":[{\"@type\":\"ReadAction\",\"target\":[\"https:\/\/www.blogsoestado.com\/danielmatos\/com-a-presenca-do-prefeito-fabio-gentil-candidata-a-vereadora-cynthia-lucena-reune-multidao-na-reta-final-da-campanha-em-caxias\/\"]}]},{\"@type\":\"ImageObject\",\"inLanguage\":\"pt-BR\",\"@id\":\"https:\/\/www.blogsoestado.com\/danielmatos\/com-a-presenca-do-prefeito-fabio-gentil-candidata-a-vereadora-cynthia-lucena-reune-multidao-na-reta-final-da-campanha-em-caxias\/#primaryimage\",\"url\":\"https:\/\/www.blogsoestado.com\/danielmatos\/files\/2020\/11\/IMG-20201108-WA0045-1024x682.jpg\",\"contentUrl\":\"https:\/\/www.blogsoestado.com\/danielmatos\/files\/2020\/11\/IMG-20201108-WA0045-1024x682.jpg\"},{\"@type\":\"BreadcrumbList\",\"@id\":\"https:\/\/www.blogsoestado.com\/danielmatos\/com-a-presenca-do-prefeito-fabio-gentil-candidata-a-vereadora-cynthia-lucena-reune-multidao-na-reta-final-da-campanha-em-caxias\/#breadcrumb\",\"itemListElement\":[{\"@type\":\"ListItem\",\"position\":1,\"name\":\"In\u00edcio\",\"item\":\"https:\/\/www.blogsoestado.com\/danielmatos\/\"},{\"@type\":\"ListItem\",\"position\":2,\"name\":\"Com a presen\u00e7a do prefeito F\u00e1bio Gentil, candidata a vereadora Cynthia Lucena re\u00fane multid\u00e3o na reta final da campanha em Caxias\"}]},{\"@type\":\"WebSite\",\"@id\":\"https:\/\/www.blogsoestado.com\/danielmatos\/#website\",\"url\":\"https:\/\/www.blogsoestado.com\/danielmatos\/\",\"name\":\"Daniel Matos\",\"description\":\"\",\"potentialAction\":[{\"@type\":\"SearchAction\",\"target\":{\"@type\":\"EntryPoint\",\"urlTemplate\":\"https:\/\/www.blogsoestado.com\/danielmatos\/?s={search_term_string}\"},\"query-input\":{\"@type\":\"PropertyValueSpecification\",\"valueRequired\":true,\"valueName\":\"search_term_string\"}}],\"inLanguage\":\"pt-BR\"}]}<\/script>\n<!-- \/ Yoast SEO plugin. -->","yoast_head_json":{"title":"Com a presen\u00e7a do prefeito F\u00e1bio Gentil, candidata a vereadora Cynthia Lucena re\u00fane multid\u00e3o na reta final da campanha em Caxias - Daniel Matos","robots":{"index":"index","follow":"follow","max-snippet":"max-snippet:-1","max-image-preview":"max-image-preview:large","max-video-preview":"max-video-preview:-1"},"canonical":"https:\/\/www.blogsoestado.com\/danielmatos\/com-a-presenca-do-prefeito-fabio-gentil-candidata-a-vereadora-cynthia-lucena-reune-multidao-na-reta-final-da-campanha-em-caxias\/","og_locale":"pt_BR","og_type":"article","og_title":"Com a presen\u00e7a do prefeito F\u00e1bio Gentil, candidata a vereadora Cynthia Lucena re\u00fane multid\u00e3o na reta final da campanha em Caxias - Daniel Matos","og_description":"A candidata a vereadora de Caxias Cynthia Lucena foi prestigiada por uma multid\u00e3o, na noite de s\u00e1bado (7), em sua [&hellip;]","og_url":"https:\/\/www.blogsoestado.com\/danielmatos\/com-a-presenca-do-prefeito-fabio-gentil-candidata-a-vereadora-cynthia-lucena-reune-multidao-na-reta-final-da-campanha-em-caxias\/","og_site_name":"Daniel Matos","article_published_time":"2020-11-08T19:50:14+00:00","og_image":[{"url":"https:\/\/www.blogsoestado.com\/danielmatos\/files\/2020\/11\/IMG-20201108-WA0045-1024x682.jpg","type":"","width":"","height":""}],"twitter_card":"summary_large_image","twitter_misc":{"Est. tempo de leitura":"1 minuto"},"schema":{"@context":"https:\/\/schema.org","@graph":[{"@type":"WebPage","@id":"https:\/\/www.blogsoestado.com\/danielmatos\/com-a-presenca-do-prefeito-fabio-gentil-candidata-a-vereadora-cynthia-lucena-reune-multidao-na-reta-final-da-campanha-em-caxias\/","url":"https:\/\/www.blogsoestado.com\/danielmatos\/com-a-presenca-do-prefeito-fabio-gentil-candidata-a-vereadora-cynthia-lucena-reune-multidao-na-reta-final-da-campanha-em-caxias\/","name":"Com a presen\u00e7a do prefeito F\u00e1bio Gentil, candidata a vereadora Cynthia Lucena re\u00fane multid\u00e3o na reta final da campanha em Caxias - Daniel Matos","isPartOf":{"@id":"https:\/\/www.blogsoestado.com\/danielmatos\/#website"},"primaryImageOfPage":{"@id":"https:\/\/www.blogsoestado.com\/danielmatos\/com-a-presenca-do-prefeito-fabio-gentil-candidata-a-vereadora-cynthia-lucena-reune-multidao-na-reta-final-da-campanha-em-caxias\/#primaryimage"},"image":{"@id":"https:\/\/www.blogsoestado.com\/danielmatos\/com-a-presenca-do-prefeito-fabio-gentil-candidata-a-vereadora-cynthia-lucena-reune-multidao-na-reta-final-da-campanha-em-caxias\/#primaryimage"},"thumbnailUrl":"https:\/\/www.blogsoestado.com\/danielmatos\/files\/2020\/11\/IMG-20201108-WA0045-1024x682.jpg","datePublished":"2020-11-08T19:50:14+00:00","author":{"@id":""},"breadcrumb":{"@id":"https:\/\/www.blogsoestado.com\/danielmatos\/com-a-presenca-do-prefeito-fabio-gentil-candidata-a-vereadora-cynthia-lucena-reune-multidao-na-reta-final-da-campanha-em-caxias\/#breadcrumb"},"inLanguage":"pt-BR","potentialAction":[{"@type":"ReadAction","target":["https:\/\/www.blogsoestado.com\/danielmatos\/com-a-presenca-do-prefeito-fabio-gentil-candidata-a-vereadora-cynthia-lucena-reune-multidao-na-reta-final-da-campanha-em-caxias\/"]}]},{"@type":"ImageObject","inLanguage":"pt-BR","@id":"https:\/\/www.blogsoestado.com\/danielmatos\/com-a-presenca-do-prefeito-fabio-gentil-candidata-a-vereadora-cynthia-lucena-reune-multidao-na-reta-final-da-campanha-em-caxias\/#primaryimage","url":"https:\/\/www.blogsoestado.com\/danielmatos\/files\/2020\/11\/IMG-20201108-WA0045-1024x682.jpg","contentUrl":"https:\/\/www.blogsoestado.com\/danielmatos\/files\/2020\/11\/IMG-20201108-WA0045-1024x682.jpg"},{"@type":"BreadcrumbList","@id":"https:\/\/www.blogsoestado.com\/danielmatos\/com-a-presenca-do-prefeito-fabio-gentil-candidata-a-vereadora-cynthia-lucena-reune-multidao-na-reta-final-da-campanha-em-caxias\/#breadcrumb","itemListElement":[{"@type":"ListItem","position":1,"name":"In\u00edcio","item":"https:\/\/www.blogsoestado.com\/danielmatos\/"},{"@type":"ListItem","position":2,"name":"Com a presen\u00e7a do prefeito F\u00e1bio Gentil, candidata a vereadora Cynthia Lucena re\u00fane multid\u00e3o na reta final da campanha em Caxias"}]},{"@type":"WebSite","@id":"https:\/\/www.blogsoestado.com\/danielmatos\/#website","url":"https:\/\/www.blogsoestado.com\/danielmatos\/","name":"Daniel Matos","description":"","potentialAction":[{"@type":"SearchAction","target":{"@type":"EntryPoint","urlTemplate":"https:\/\/www.blogsoestado.com\/danielmatos\/?s={search_term_string}"},"query-input":{"@type":"PropertyValueSpecification","valueRequired":true,"valueName":"search_term_string"}}],"inLanguage":"pt-BR"}]}},"jetpack_featured_media_url":"","_links":{"self":[{"href":"https:\/\/www.blogsoestado.com\/danielmatos\/wp-json\/wp\/v2\/posts\/79455","targetHints":{"allow":["GET"]}}],"collection":[{"href":"https:\/\/www.blogsoestado.com\/danielmatos\/wp-json\/wp\/v2\/posts"}],"about":[{"href":"https:\/\/www.blogsoestado.com\/danielmatos\/wp-json\/wp\/v2\/types\/post"}],"replies":[{"embeddable":true,"href":"https:\/\/www.blogsoestado.com\/danielmatos\/wp-json\/wp\/v2\/comments?post=79455"}],"version-history":[{"count":0,"href":"https:\/\/www.blogsoestado.com\/danielmatos\/wp-json\/wp\/v2\/posts\/79455\/revisions"}],"wp:attachment":[{"href":"https:\/\/www.blogsoestado.com\/danielmatos\/wp-json\/wp\/v2\/media?parent=79455"}],"wp:term":[{"taxonomy":"category","embeddable":true,"href":"https:\/\/www.blogsoestado.com\/danielmatos\/wp-json\/wp\/v2\/categories?post=79455"},{"taxonomy":"post_tag","embeddable":true,"href":"https:\/\/www.blogsoestado.com\/danielmatos\/wp-json\/wp\/v2\/tags?post=79455"}],"curies":[{"name":"wp","href":"https:\/\/api.w.org\/{rel}","templated":true}]}}