{"id":79476,"date":"2020-11-08T18:41:23","date_gmt":"2020-11-08T21:41:23","guid":{"rendered":"https:\/\/www.blogsoestado.com\/danielmatos\/?p=79476"},"modified":"2020-11-08T18:41:23","modified_gmt":"2020-11-08T21:41:23","slug":"bom-lugar-delegado-que-assegurou-evento-da-campanha-do-45-e-afastado-pela-secretaria-de-seguranca-por-pressao-do-65","status":"publish","type":"post","link":"https:\/\/www.blogsoestado.com\/danielmatos\/bom-lugar-delegado-que-assegurou-evento-da-campanha-do-45-e-afastado-pela-secretaria-de-seguranca-por-pressao-do-65\/","title":{"rendered":"Bom Lugar: delegado que assegurou evento da campanha do 45 \u00e9 afastado pela Secretaria de Seguran\u00e7a por press\u00e3o do 65"},"content":{"rendered":"\n<div class=\"wp-block-image\"><figure class=\"aligncenter size-large\"><img decoding=\"async\" src=\"https:\/\/www.blogsoestado.com\/danielmatos\/files\/2020\/11\/Screenshot_20201108-1834012.png\" alt=\"\" class=\"wp-image-79477\"\/><figcaption>Marcos Miranda insufla povo a dar vai no delegado Marcelo e diz que o profissional de seguran\u00e7a ser\u00e1 afastado de Bom Lugar, o que de fato ocorreu<\/figcaption><\/figure><\/div>\n\n\n\n<p>Mais um ato arbitr\u00e1rio cometido pelo grupo do 65 foi registrado ontem na campanha pol\u00edtica em Bom Lugar. Se anteriormente, as v\u00edtimas da persegui\u00e7\u00e3o, opress\u00e3o e atos de intimida\u00e7\u00e3o foram cidad\u00e3os que se recusaram a confirmar voto na candidata Marlene Miranda (PCdoB), esposa do ex-prefeito ineleg\u00edvel Marcos Miranda, agora, o alvo dos abusos do grupo comunista foi um delegado de Pol\u00edcia Civil.<\/p>\n\n\n\n<p>Designado pela Secretaria de Seguran\u00e7a P\u00fablica para uma miss\u00e3o de 15 dias em Bom Lugar, com o intuito de refor\u00e7ar o policiamento na reta final do per\u00edodo eleitoral no munic\u00edpio, o delegado Marcelo foi afastado depois de apenas um dia de trabalho, ap\u00f3s assegurar o cumprimento de uma decis\u00e3o judicial que determinou \u00e0 pol\u00edcia que desse suporte aos eventos de campanha do grupo do 45, liderado pela prefeita Luciene Costa, que disputa a reelei\u00e7\u00e3o.<\/p>\n\n\n\n<p>O fato que motivou o afastamento do delegado ocorreu na noite desse s\u00e1bado (7), quando uma caminhada do grupo do 65 tentou percorrer o mesmo espa\u00e7o onde a coliga\u00e7\u00e3o do 45 realizava um ato pol\u00edtico. Presente no local, o delegado Marcelo determinou, em a\u00e7\u00e3o conjunta com a Pol\u00edcia Militar, que os apoiadores da candidata a prefeita Marlene Miranda que desse a volta e percorresse outro trajeto, a fim de evitar um poss\u00edvel confronto com o grupo advers\u00e1rio. E assim foi feito.<\/p>\n\n\n\n<p>A passeata do 65 seguiu por outro caminho e ao chegar ao comit\u00ea central da campanha, os participantes foram recebidos por Marcos Miranda, que, da sacada do im\u00f3vel, pediu vaias ao delegado, sendo prontamente atendido. Em seguida, declarou abertamente que Marcelo n\u00e3o trabalharia mais em Bom Lugar, o que de fato ocorreu.<\/p>\n\n\n\n<p>Mais um epis\u00f3dio grav\u00edssimo, que confirma a atua\u00e7\u00e3o do sistema de seguran\u00e7a p\u00fablica do Maranh\u00e3o em favor do grupo pol\u00edtico comunista em Bom Lugar.<\/p>\n\n\n\n<p>Assista&#8217;<\/p>\n\n\n\n<figure class=\"wp-block-embed-youtube wp-block-embed is-type-video is-provider-youtube wp-embed-aspect-16-9 wp-has-aspect-ratio\"><div class=\"wp-block-embed__wrapper\">\n<iframe title=\"Pol\u00edcia assegura realiza\u00e7\u00e3o de ato de campanha da prefeita Luciene Costa\" width=\"500\" height=\"281\" src=\"https:\/\/www.youtube.com\/embed\/5iD35PzCbdQ?feature=oembed\" frameborder=\"0\" allow=\"accelerometer; autoplay; clipboard-write; encrypted-media; gyroscope; picture-in-picture; web-share\" referrerpolicy=\"strict-origin-when-cross-origin\" allowfullscreen><\/iframe>\n<\/div><\/figure>\n\n\n\n<figure class=\"wp-block-embed-youtube wp-block-embed is-type-video is-provider-youtube wp-embed-aspect-16-9 wp-has-aspect-ratio\"><div class=\"wp-block-embed__wrapper\">\n<iframe title=\"Ex-prefeito Marcos Miranda diz que delegado ser\u00e1 afastado de Bom Lugar\" width=\"500\" height=\"281\" src=\"https:\/\/www.youtube.com\/embed\/pQGasA88HuY?feature=oembed\" frameborder=\"0\" allow=\"accelerometer; autoplay; clipboard-write; encrypted-media; gyroscope; picture-in-picture; web-share\" referrerpolicy=\"strict-origin-when-cross-origin\" allowfullscreen><\/iframe>\n<\/div><\/figure>\n","protected":false},"excerpt":{"rendered":"<p>Mais um ato arbitr\u00e1rio cometido pelo grupo do 65 foi registrado ontem na campanha pol\u00edtica em Bom Lugar. Se anteriormente, [&hellip;]<\/p>\n","protected":false},"author":0,"featured_media":0,"comment_status":"open","ping_status":"open","sticky":false,"template":"","format":"standard","meta":{"site-sidebar-layout":"default","site-content-layout":"","ast-site-content-layout":"default","site-content-style":"default","site-sidebar-style":"default","ast-global-header-display":"","ast-banner-title-visibility":"","ast-main-header-display":"","ast-hfb-above-header-display":"","ast-hfb-below-header-display":"","ast-hfb-mobile-header-display":"","site-post-title":"","ast-breadcrumbs-content":"","ast-featured-img":"","footer-sml-layout":"","ast-disable-related-posts":"","theme-transparent-header-meta":"","adv-header-id-meta":"","stick-header-meta":"","header-above-stick-meta":"","header-main-stick-meta":"","header-below-stick-meta":"","astra-migrate-meta-layouts":"default","ast-page-background-enabled":"default","ast-page-background-meta":{"desktop":{"background-color":"var(--ast-global-color-5)","background-image":"","background-repeat":"repeat","background-position":"center center","background-size":"auto","background-attachment":"scroll","background-type":"","background-media":"","overlay-type":"","overlay-color":"","overlay-opacity":"","overlay-gradient":""},"tablet":{"background-color":"","background-image":"","background-repeat":"repeat","background-position":"center center","background-size":"auto","background-attachment":"scroll","background-type":"","background-media":"","overlay-type":"","overlay-color":"","overlay-opacity":"","overlay-gradient":""},"mobile":{"background-color":"","background-image":"","background-repeat":"repeat","background-position":"center center","background-size":"auto","background-attachment":"scroll","background-type":"","background-media":"","overlay-type":"","overlay-color":"","overlay-opacity":"","overlay-gradient":""}},"ast-content-background-meta":{"desktop":{"background-color":"var(--ast-global-color-4)","background-image":"","background-repeat":"repeat","background-position":"center center","background-size":"auto","background-attachment":"scroll","background-type":"","background-media":"","overlay-type":"","overlay-color":"","overlay-opacity":"","overlay-gradient":""},"tablet":{"background-color":"var(--ast-global-color-4)","background-image":"","background-repeat":"repeat","background-position":"center center","background-size":"auto","background-attachment":"scroll","background-type":"","background-media":"","overlay-type":"","overlay-color":"","overlay-opacity":"","overlay-gradient":""},"mobile":{"background-color":"var(--ast-global-color-4)","background-image":"","background-repeat":"repeat","background-position":"center center","background-size":"auto","background-attachment":"scroll","background-type":"","background-media":"","overlay-type":"","overlay-color":"","overlay-opacity":"","overlay-gradient":""}},"footnotes":""},"categories":[1],"tags":[],"class_list":["post-79476","post","type-post","status-publish","format-standard","hentry","category-sem-categoria"],"yoast_head":"<!-- This site is optimized with the Yoast SEO plugin v26.6 - https:\/\/yoast.com\/wordpress\/plugins\/seo\/ -->\n<title>Bom Lugar: delegado que assegurou evento da campanha do 45 \u00e9 afastado pela Secretaria de Seguran\u00e7a por press\u00e3o do 65 - Daniel Matos<\/title>\n<meta name=\"robots\" content=\"index, follow, max-snippet:-1, max-image-preview:large, max-video-preview:-1\" \/>\n<link rel=\"canonical\" href=\"https:\/\/www.blogsoestado.com\/danielmatos\/bom-lugar-delegado-que-assegurou-evento-da-campanha-do-45-e-afastado-pela-secretaria-de-seguranca-por-pressao-do-65\/\" \/>\n<meta property=\"og:locale\" content=\"pt_BR\" \/>\n<meta property=\"og:type\" content=\"article\" \/>\n<meta property=\"og:title\" content=\"Bom Lugar: delegado que assegurou evento da campanha do 45 \u00e9 afastado pela Secretaria de Seguran\u00e7a por press\u00e3o do 65 - Daniel Matos\" \/>\n<meta property=\"og:description\" content=\"Mais um ato arbitr\u00e1rio cometido pelo grupo do 65 foi registrado ontem na campanha pol\u00edtica em Bom Lugar. Se anteriormente, [&hellip;]\" \/>\n<meta property=\"og:url\" content=\"https:\/\/www.blogsoestado.com\/danielmatos\/bom-lugar-delegado-que-assegurou-evento-da-campanha-do-45-e-afastado-pela-secretaria-de-seguranca-por-pressao-do-65\/\" \/>\n<meta property=\"og:site_name\" content=\"Daniel Matos\" \/>\n<meta property=\"article:published_time\" content=\"2020-11-08T21:41:23+00:00\" \/>\n<meta property=\"og:image\" content=\"https:\/\/www.blogsoestado.com\/danielmatos\/files\/2020\/11\/Screenshot_20201108-1834012.png\" \/>\n<meta name=\"twitter:card\" content=\"summary_large_image\" \/>\n<meta name=\"twitter:label1\" content=\"Est. tempo de leitura\" \/>\n\t<meta name=\"twitter:data1\" content=\"2 minutos\" \/>\n<script type=\"application\/ld+json\" class=\"yoast-schema-graph\">{\"@context\":\"https:\/\/schema.org\",\"@graph\":[{\"@type\":\"WebPage\",\"@id\":\"https:\/\/www.blogsoestado.com\/danielmatos\/bom-lugar-delegado-que-assegurou-evento-da-campanha-do-45-e-afastado-pela-secretaria-de-seguranca-por-pressao-do-65\/\",\"url\":\"https:\/\/www.blogsoestado.com\/danielmatos\/bom-lugar-delegado-que-assegurou-evento-da-campanha-do-45-e-afastado-pela-secretaria-de-seguranca-por-pressao-do-65\/\",\"name\":\"Bom Lugar: delegado que assegurou evento da campanha do 45 \u00e9 afastado pela Secretaria de Seguran\u00e7a por press\u00e3o do 65 - Daniel Matos\",\"isPartOf\":{\"@id\":\"https:\/\/www.blogsoestado.com\/danielmatos\/#website\"},\"primaryImageOfPage\":{\"@id\":\"https:\/\/www.blogsoestado.com\/danielmatos\/bom-lugar-delegado-que-assegurou-evento-da-campanha-do-45-e-afastado-pela-secretaria-de-seguranca-por-pressao-do-65\/#primaryimage\"},\"image\":{\"@id\":\"https:\/\/www.blogsoestado.com\/danielmatos\/bom-lugar-delegado-que-assegurou-evento-da-campanha-do-45-e-afastado-pela-secretaria-de-seguranca-por-pressao-do-65\/#primaryimage\"},\"thumbnailUrl\":\"https:\/\/www.blogsoestado.com\/danielmatos\/files\/2020\/11\/Screenshot_20201108-1834012.png\",\"datePublished\":\"2020-11-08T21:41:23+00:00\",\"author\":{\"@id\":\"\"},\"breadcrumb\":{\"@id\":\"https:\/\/www.blogsoestado.com\/danielmatos\/bom-lugar-delegado-que-assegurou-evento-da-campanha-do-45-e-afastado-pela-secretaria-de-seguranca-por-pressao-do-65\/#breadcrumb\"},\"inLanguage\":\"pt-BR\",\"potentialAction\":[{\"@type\":\"ReadAction\",\"target\":[\"https:\/\/www.blogsoestado.com\/danielmatos\/bom-lugar-delegado-que-assegurou-evento-da-campanha-do-45-e-afastado-pela-secretaria-de-seguranca-por-pressao-do-65\/\"]}]},{\"@type\":\"ImageObject\",\"inLanguage\":\"pt-BR\",\"@id\":\"https:\/\/www.blogsoestado.com\/danielmatos\/bom-lugar-delegado-que-assegurou-evento-da-campanha-do-45-e-afastado-pela-secretaria-de-seguranca-por-pressao-do-65\/#primaryimage\",\"url\":\"https:\/\/www.blogsoestado.com\/danielmatos\/files\/2020\/11\/Screenshot_20201108-1834012.png\",\"contentUrl\":\"https:\/\/www.blogsoestado.com\/danielmatos\/files\/2020\/11\/Screenshot_20201108-1834012.png\"},{\"@type\":\"BreadcrumbList\",\"@id\":\"https:\/\/www.blogsoestado.com\/danielmatos\/bom-lugar-delegado-que-assegurou-evento-da-campanha-do-45-e-afastado-pela-secretaria-de-seguranca-por-pressao-do-65\/#breadcrumb\",\"itemListElement\":[{\"@type\":\"ListItem\",\"position\":1,\"name\":\"In\u00edcio\",\"item\":\"https:\/\/www.blogsoestado.com\/danielmatos\/\"},{\"@type\":\"ListItem\",\"position\":2,\"name\":\"Bom Lugar: delegado que assegurou evento da campanha do 45 \u00e9 afastado pela Secretaria de Seguran\u00e7a por press\u00e3o do 65\"}]},{\"@type\":\"WebSite\",\"@id\":\"https:\/\/www.blogsoestado.com\/danielmatos\/#website\",\"url\":\"https:\/\/www.blogsoestado.com\/danielmatos\/\",\"name\":\"Daniel Matos\",\"description\":\"\",\"potentialAction\":[{\"@type\":\"SearchAction\",\"target\":{\"@type\":\"EntryPoint\",\"urlTemplate\":\"https:\/\/www.blogsoestado.com\/danielmatos\/?s={search_term_string}\"},\"query-input\":{\"@type\":\"PropertyValueSpecification\",\"valueRequired\":true,\"valueName\":\"search_term_string\"}}],\"inLanguage\":\"pt-BR\"}]}<\/script>\n<!-- \/ Yoast SEO plugin. -->","yoast_head_json":{"title":"Bom Lugar: delegado que assegurou evento da campanha do 45 \u00e9 afastado pela Secretaria de Seguran\u00e7a por press\u00e3o do 65 - Daniel Matos","robots":{"index":"index","follow":"follow","max-snippet":"max-snippet:-1","max-image-preview":"max-image-preview:large","max-video-preview":"max-video-preview:-1"},"canonical":"https:\/\/www.blogsoestado.com\/danielmatos\/bom-lugar-delegado-que-assegurou-evento-da-campanha-do-45-e-afastado-pela-secretaria-de-seguranca-por-pressao-do-65\/","og_locale":"pt_BR","og_type":"article","og_title":"Bom Lugar: delegado que assegurou evento da campanha do 45 \u00e9 afastado pela Secretaria de Seguran\u00e7a por press\u00e3o do 65 - Daniel Matos","og_description":"Mais um ato arbitr\u00e1rio cometido pelo grupo do 65 foi registrado ontem na campanha pol\u00edtica em Bom Lugar. Se anteriormente, [&hellip;]","og_url":"https:\/\/www.blogsoestado.com\/danielmatos\/bom-lugar-delegado-que-assegurou-evento-da-campanha-do-45-e-afastado-pela-secretaria-de-seguranca-por-pressao-do-65\/","og_site_name":"Daniel Matos","article_published_time":"2020-11-08T21:41:23+00:00","og_image":[{"url":"https:\/\/www.blogsoestado.com\/danielmatos\/files\/2020\/11\/Screenshot_20201108-1834012.png","type":"","width":"","height":""}],"twitter_card":"summary_large_image","twitter_misc":{"Est. tempo de leitura":"2 minutos"},"schema":{"@context":"https:\/\/schema.org","@graph":[{"@type":"WebPage","@id":"https:\/\/www.blogsoestado.com\/danielmatos\/bom-lugar-delegado-que-assegurou-evento-da-campanha-do-45-e-afastado-pela-secretaria-de-seguranca-por-pressao-do-65\/","url":"https:\/\/www.blogsoestado.com\/danielmatos\/bom-lugar-delegado-que-assegurou-evento-da-campanha-do-45-e-afastado-pela-secretaria-de-seguranca-por-pressao-do-65\/","name":"Bom Lugar: delegado que assegurou evento da campanha do 45 \u00e9 afastado pela Secretaria de Seguran\u00e7a por press\u00e3o do 65 - Daniel Matos","isPartOf":{"@id":"https:\/\/www.blogsoestado.com\/danielmatos\/#website"},"primaryImageOfPage":{"@id":"https:\/\/www.blogsoestado.com\/danielmatos\/bom-lugar-delegado-que-assegurou-evento-da-campanha-do-45-e-afastado-pela-secretaria-de-seguranca-por-pressao-do-65\/#primaryimage"},"image":{"@id":"https:\/\/www.blogsoestado.com\/danielmatos\/bom-lugar-delegado-que-assegurou-evento-da-campanha-do-45-e-afastado-pela-secretaria-de-seguranca-por-pressao-do-65\/#primaryimage"},"thumbnailUrl":"https:\/\/www.blogsoestado.com\/danielmatos\/files\/2020\/11\/Screenshot_20201108-1834012.png","datePublished":"2020-11-08T21:41:23+00:00","author":{"@id":""},"breadcrumb":{"@id":"https:\/\/www.blogsoestado.com\/danielmatos\/bom-lugar-delegado-que-assegurou-evento-da-campanha-do-45-e-afastado-pela-secretaria-de-seguranca-por-pressao-do-65\/#breadcrumb"},"inLanguage":"pt-BR","potentialAction":[{"@type":"ReadAction","target":["https:\/\/www.blogsoestado.com\/danielmatos\/bom-lugar-delegado-que-assegurou-evento-da-campanha-do-45-e-afastado-pela-secretaria-de-seguranca-por-pressao-do-65\/"]}]},{"@type":"ImageObject","inLanguage":"pt-BR","@id":"https:\/\/www.blogsoestado.com\/danielmatos\/bom-lugar-delegado-que-assegurou-evento-da-campanha-do-45-e-afastado-pela-secretaria-de-seguranca-por-pressao-do-65\/#primaryimage","url":"https:\/\/www.blogsoestado.com\/danielmatos\/files\/2020\/11\/Screenshot_20201108-1834012.png","contentUrl":"https:\/\/www.blogsoestado.com\/danielmatos\/files\/2020\/11\/Screenshot_20201108-1834012.png"},{"@type":"BreadcrumbList","@id":"https:\/\/www.blogsoestado.com\/danielmatos\/bom-lugar-delegado-que-assegurou-evento-da-campanha-do-45-e-afastado-pela-secretaria-de-seguranca-por-pressao-do-65\/#breadcrumb","itemListElement":[{"@type":"ListItem","position":1,"name":"In\u00edcio","item":"https:\/\/www.blogsoestado.com\/danielmatos\/"},{"@type":"ListItem","position":2,"name":"Bom Lugar: delegado que assegurou evento da campanha do 45 \u00e9 afastado pela Secretaria de Seguran\u00e7a por press\u00e3o do 65"}]},{"@type":"WebSite","@id":"https:\/\/www.blogsoestado.com\/danielmatos\/#website","url":"https:\/\/www.blogsoestado.com\/danielmatos\/","name":"Daniel Matos","description":"","potentialAction":[{"@type":"SearchAction","target":{"@type":"EntryPoint","urlTemplate":"https:\/\/www.blogsoestado.com\/danielmatos\/?s={search_term_string}"},"query-input":{"@type":"PropertyValueSpecification","valueRequired":true,"valueName":"search_term_string"}}],"inLanguage":"pt-BR"}]}},"jetpack_featured_media_url":"","_links":{"self":[{"href":"https:\/\/www.blogsoestado.com\/danielmatos\/wp-json\/wp\/v2\/posts\/79476","targetHints":{"allow":["GET"]}}],"collection":[{"href":"https:\/\/www.blogsoestado.com\/danielmatos\/wp-json\/wp\/v2\/posts"}],"about":[{"href":"https:\/\/www.blogsoestado.com\/danielmatos\/wp-json\/wp\/v2\/types\/post"}],"replies":[{"embeddable":true,"href":"https:\/\/www.blogsoestado.com\/danielmatos\/wp-json\/wp\/v2\/comments?post=79476"}],"version-history":[{"count":0,"href":"https:\/\/www.blogsoestado.com\/danielmatos\/wp-json\/wp\/v2\/posts\/79476\/revisions"}],"wp:attachment":[{"href":"https:\/\/www.blogsoestado.com\/danielmatos\/wp-json\/wp\/v2\/media?parent=79476"}],"wp:term":[{"taxonomy":"category","embeddable":true,"href":"https:\/\/www.blogsoestado.com\/danielmatos\/wp-json\/wp\/v2\/categories?post=79476"},{"taxonomy":"post_tag","embeddable":true,"href":"https:\/\/www.blogsoestado.com\/danielmatos\/wp-json\/wp\/v2\/tags?post=79476"}],"curies":[{"name":"wp","href":"https:\/\/api.w.org\/{rel}","templated":true}]}}