{"id":79481,"date":"2020-11-08T21:04:54","date_gmt":"2020-11-09T00:04:54","guid":{"rendered":"https:\/\/www.blogsoestado.com\/danielmatos\/?p=79481"},"modified":"2020-11-08T21:04:54","modified_gmt":"2020-11-09T00:04:54","slug":"em-jenipapo-dos-vieiras-othelino-reforca-apoio-a-reeleicao-de-moises-ventura","status":"publish","type":"post","link":"https:\/\/www.blogsoestado.com\/danielmatos\/em-jenipapo-dos-vieiras-othelino-reforca-apoio-a-reeleicao-de-moises-ventura\/","title":{"rendered":"Em Jenipapo dos Vieiras, Othelino refor\u00e7a apoio \u00e0 reelei\u00e7\u00e3o de Mois\u00e9s Ventura"},"content":{"rendered":"\n<div class=\"wp-block-image\"><figure class=\"aligncenter size-large\"><img decoding=\"async\" src=\"https:\/\/www.blogsoestado.com\/danielmatos\/files\/2020\/11\/01-6-1024x683-1.jpg\" alt=\"\" class=\"wp-image-79482\"\/><figcaption>Othelino em Jenipapo dos Vieiras com o prefeito Mois\u00e9s Ventura e o deputado federal Pedro Lucas Fernandes<\/figcaption><\/figure><\/div>\n\n\n\n<p>O presidente da Assembleia Legislativa do Maranh\u00e3o, deputado Othelino Neto (PCdoB), participou, no s\u00e1bado (7), em Jenipapo dos Vieiras, do grande&nbsp;<strong>\u2018Com\u00edcio da Vit\u00f3ria\u2019,<\/strong>&nbsp;em apoio ao prefeito Mois\u00e9s Ventura (PTB), candidato \u00e0 reelei\u00e7\u00e3o na cidade, e de seu companheiro de chapa, Ilnar Vieira.<\/p>\n\n\n\n<p>No ato, o parlamentar falou da satisfa\u00e7\u00e3o de apoiar o candidato que usufrui de um dos maiores \u00edndices de aprova\u00e7\u00e3o popular j\u00e1 visto no munic\u00edpio, resultado do bom trabalho que vem realizando.<\/p>\n\n\n\n<div class=\"wp-block-image\"><figure class=\"aligncenter size-large\"><img decoding=\"async\" src=\"https:\/\/www.blogsoestado.com\/danielmatos\/files\/2020\/11\/04-2-1024x683-1.jpg\" alt=\"\" class=\"wp-image-79483\"\/><figcaption>O presidente da Assembleia Legislativa acena para o povoado do alto do palanque<\/figcaption><\/figure><\/div>\n\n\n\n<p>O ato pol\u00edtico iniciou com uma caminhada que culminou com um com\u00edcio na Rua do Com\u00e9rcio, onde uma multid\u00e3o \u201c<strong>inundou\u201d<\/strong>&nbsp;o espa\u00e7o com o&nbsp;<strong>\u201cmar vermelho do 14\u201d<\/strong>, como assim denominam os apoiadores de Ventura, dando a maior demonstra\u00e7\u00e3o de apoio a um candidato j\u00e1 visto na hist\u00f3ria de Jenipapo dos Vieiras.<\/p>\n\n\n\n<p>No com\u00edcio, Othelino ressaltou o grande salto dado nos indicadores de desenvolvimento local, a partir da gest\u00e3o de Mois\u00e9s Ventura, que, com o apoio do seu grupo pol\u00edtico, tem conseguido alavancar a cidade com benef\u00edcios importantes em diversas \u00e1reas e atendendo a demandas nunca antes realizadas no munic\u00edpio.<\/p>\n\n\n\n<div class=\"wp-block-image\"><figure class=\"aligncenter size-large\"><img decoding=\"async\" src=\"https:\/\/www.blogsoestado.com\/danielmatos\/files\/2020\/11\/03-2-1024x683-1.jpg\" alt=\"\" class=\"wp-image-79484\"\/><figcaption>O povo de Jenipapo dos Vieiras compareceu em massa ao ato pol\u00edtico<\/figcaption><\/figure><\/div>\n\n\n\n<p>\u201cHoje, Jenipapo tem outra cara, gra\u00e7as \u00e0 determina\u00e7\u00e3o e vontade de Mois\u00e9s Ventura em fazer desse um lugar melhor para seu povo. Como prefeito, n\u00e3o tem medido esfor\u00e7os para trazer cada vez mais melhorias para a cidade, e n\u00f3s temos contribu\u00eddo de diversas maneiras para ajudar o munic\u00edpio, seja por meio da destina\u00e7\u00e3o de emendas parlamentares ou viabilizando projetos governamentais com o apoio do governador Fl\u00e1vio Dino\u201d, afirmou o deputado.<\/p>\n\n\n\n<p>O chefe do Legislativo Estadual pontuou, ainda, algumas iniciativas viabilizadas em benef\u00edcio dos jenipapenses, entre elas a pavimenta\u00e7\u00e3o de v\u00e1rias vias da cidade, a aquisi\u00e7\u00e3o de ambul\u00e2ncia, a melhoria das estradas vicinais, entre outros servi\u00e7os.<\/p>\n\n\n\n<p><strong>Compromisso<\/strong><\/p>\n\n\n\n<p>O prefeito Mois\u00e9s Ventura, que tem sua administra\u00e7\u00e3o marcada por servi\u00e7os nunca antes realizados na cidade, com respeito ao funcionalismo p\u00fablico municipal, a valoriza\u00e7\u00e3o do professores e compromissada tamb\u00e9m com o bem-estar da popula\u00e7\u00f5es ind\u00edgenas existentes no territ\u00f3rio, falou do compromisso que assumiu com a popula\u00e7\u00e3o para tirar a cidade do atraso em que se encontrava.<\/p>\n\n\n\n<div class=\"wp-block-image\"><figure class=\"aligncenter size-large\"><img decoding=\"async\" src=\"https:\/\/www.blogsoestado.com\/danielmatos\/files\/2020\/11\/02-5-1024x684-1.jpg\" alt=\"\" class=\"wp-image-79485\"\/><figcaption>Othelino, Pedro Lucas e demais aliados do prefeito Mois\u00e9s Ventura demonstram confian\u00e7a na vit\u00f3ria nas urnas<\/figcaption><\/figure><\/div>\n\n\n\n<p>\u201cMas se conseguimos realizar essas obras \u00e9 porque contamos com o apoio de um grupo verdadeiramente comprometido com a popula\u00e7\u00e3o de Jenipapo. E nessa segunda gest\u00e3o que o povo vai me conferir nas urnas no pr\u00f3ximo dia 15, vamos fazer ainda mais porque temos muitos projetos prestes a serem implementados na cidade com o respaldo de pessoas compromissadas com o nosso povo, como o deputado Othelino, por exemplo\u201d, disse o candidato.<\/p>\n\n\n\n<p>Ilnar Vieira, candidato a vice-prefeito na chapa composta pelo PTB, PCdoB, REDE e PSDB, tamb\u00e9m destacou a boa atua\u00e7\u00e3o de Moises Ventura na cidade.<\/p>\n\n\n\n<p>\u201cMuito j\u00e1 foi feito, mas sei que faremos ainda mais na pr\u00f3xima gest\u00e3o. Estou de corpo inteiro nessa nova caminhada que vamos trilhar juntos. Quero contribuir e auxiliar o prefeito em todas as \u00e1reas porque sabemos do que a popula\u00e7\u00e3o precisa e vamos atr\u00e1s para concretizar mais benef\u00edcios para nossa popula\u00e7\u00e3o\u2019,\u00a0concluiu.<\/p>\n","protected":false},"excerpt":{"rendered":"<p>O presidente da Assembleia Legislativa do Maranh\u00e3o, deputado Othelino Neto (PCdoB), participou, no s\u00e1bado (7), em Jenipapo dos Vieiras, do [&hellip;]<\/p>\n","protected":false},"author":0,"featured_media":0,"comment_status":"open","ping_status":"open","sticky":false,"template":"","format":"standard","meta":{"site-sidebar-layout":"default","site-content-layout":"","ast-site-content-layout":"default","site-content-style":"default","site-sidebar-style":"default","ast-global-header-display":"","ast-banner-title-visibility":"","ast-main-header-display":"","ast-hfb-above-header-display":"","ast-hfb-below-header-display":"","ast-hfb-mobile-header-display":"","site-post-title":"","ast-breadcrumbs-content":"","ast-featured-img":"","footer-sml-layout":"","ast-disable-related-posts":"","theme-transparent-header-meta":"","adv-header-id-meta":"","stick-header-meta":"","header-above-stick-meta":"","header-main-stick-meta":"","header-below-stick-meta":"","astra-migrate-meta-layouts":"default","ast-page-background-enabled":"default","ast-page-background-meta":{"desktop":{"background-color":"var(--ast-global-color-5)","background-image":"","background-repeat":"repeat","background-position":"center center","background-size":"auto","background-attachment":"scroll","background-type":"","background-media":"","overlay-type":"","overlay-color":"","overlay-opacity":"","overlay-gradient":""},"tablet":{"background-color":"","background-image":"","background-repeat":"repeat","background-position":"center center","background-size":"auto","background-attachment":"scroll","background-type":"","background-media":"","overlay-type":"","overlay-color":"","overlay-opacity":"","overlay-gradient":""},"mobile":{"background-color":"","background-image":"","background-repeat":"repeat","background-position":"center center","background-size":"auto","background-attachment":"scroll","background-type":"","background-media":"","overlay-type":"","overlay-color":"","overlay-opacity":"","overlay-gradient":""}},"ast-content-background-meta":{"desktop":{"background-color":"var(--ast-global-color-4)","background-image":"","background-repeat":"repeat","background-position":"center center","background-size":"auto","background-attachment":"scroll","background-type":"","background-media":"","overlay-type":"","overlay-color":"","overlay-opacity":"","overlay-gradient":""},"tablet":{"background-color":"var(--ast-global-color-4)","background-image":"","background-repeat":"repeat","background-position":"center center","background-size":"auto","background-attachment":"scroll","background-type":"","background-media":"","overlay-type":"","overlay-color":"","overlay-opacity":"","overlay-gradient":""},"mobile":{"background-color":"var(--ast-global-color-4)","background-image":"","background-repeat":"repeat","background-position":"center center","background-size":"auto","background-attachment":"scroll","background-type":"","background-media":"","overlay-type":"","overlay-color":"","overlay-opacity":"","overlay-gradient":""}},"footnotes":""},"categories":[1],"tags":[],"class_list":["post-79481","post","type-post","status-publish","format-standard","hentry","category-sem-categoria"],"yoast_head":"<!-- This site is optimized with the Yoast SEO plugin v26.6 - https:\/\/yoast.com\/wordpress\/plugins\/seo\/ -->\n<title>Em Jenipapo dos Vieiras, Othelino refor\u00e7a apoio \u00e0 reelei\u00e7\u00e3o de Mois\u00e9s Ventura - Daniel Matos<\/title>\n<meta name=\"robots\" content=\"index, follow, max-snippet:-1, max-image-preview:large, max-video-preview:-1\" \/>\n<link rel=\"canonical\" href=\"https:\/\/www.blogsoestado.com\/danielmatos\/em-jenipapo-dos-vieiras-othelino-reforca-apoio-a-reeleicao-de-moises-ventura\/\" \/>\n<meta property=\"og:locale\" content=\"pt_BR\" \/>\n<meta property=\"og:type\" content=\"article\" \/>\n<meta property=\"og:title\" content=\"Em Jenipapo dos Vieiras, Othelino refor\u00e7a apoio \u00e0 reelei\u00e7\u00e3o de Mois\u00e9s Ventura - Daniel Matos\" \/>\n<meta property=\"og:description\" content=\"O presidente da Assembleia Legislativa do Maranh\u00e3o, deputado Othelino Neto (PCdoB), participou, no s\u00e1bado (7), em Jenipapo dos Vieiras, do [&hellip;]\" \/>\n<meta property=\"og:url\" content=\"https:\/\/www.blogsoestado.com\/danielmatos\/em-jenipapo-dos-vieiras-othelino-reforca-apoio-a-reeleicao-de-moises-ventura\/\" \/>\n<meta property=\"og:site_name\" content=\"Daniel Matos\" \/>\n<meta property=\"article:published_time\" content=\"2020-11-09T00:04:54+00:00\" \/>\n<meta property=\"og:image\" content=\"https:\/\/www.blogsoestado.com\/danielmatos\/files\/2020\/11\/01-6-1024x683-1.jpg\" \/>\n<meta name=\"twitter:card\" content=\"summary_large_image\" \/>\n<meta name=\"twitter:label1\" content=\"Est. tempo de leitura\" \/>\n\t<meta name=\"twitter:data1\" content=\"3 minutos\" \/>\n<script type=\"application\/ld+json\" class=\"yoast-schema-graph\">{\"@context\":\"https:\/\/schema.org\",\"@graph\":[{\"@type\":\"WebPage\",\"@id\":\"https:\/\/www.blogsoestado.com\/danielmatos\/em-jenipapo-dos-vieiras-othelino-reforca-apoio-a-reeleicao-de-moises-ventura\/\",\"url\":\"https:\/\/www.blogsoestado.com\/danielmatos\/em-jenipapo-dos-vieiras-othelino-reforca-apoio-a-reeleicao-de-moises-ventura\/\",\"name\":\"Em Jenipapo dos Vieiras, Othelino refor\u00e7a apoio \u00e0 reelei\u00e7\u00e3o de Mois\u00e9s Ventura - Daniel Matos\",\"isPartOf\":{\"@id\":\"https:\/\/www.blogsoestado.com\/danielmatos\/#website\"},\"primaryImageOfPage\":{\"@id\":\"https:\/\/www.blogsoestado.com\/danielmatos\/em-jenipapo-dos-vieiras-othelino-reforca-apoio-a-reeleicao-de-moises-ventura\/#primaryimage\"},\"image\":{\"@id\":\"https:\/\/www.blogsoestado.com\/danielmatos\/em-jenipapo-dos-vieiras-othelino-reforca-apoio-a-reeleicao-de-moises-ventura\/#primaryimage\"},\"thumbnailUrl\":\"https:\/\/www.blogsoestado.com\/danielmatos\/files\/2020\/11\/01-6-1024x683-1.jpg\",\"datePublished\":\"2020-11-09T00:04:54+00:00\",\"author\":{\"@id\":\"\"},\"breadcrumb\":{\"@id\":\"https:\/\/www.blogsoestado.com\/danielmatos\/em-jenipapo-dos-vieiras-othelino-reforca-apoio-a-reeleicao-de-moises-ventura\/#breadcrumb\"},\"inLanguage\":\"pt-BR\",\"potentialAction\":[{\"@type\":\"ReadAction\",\"target\":[\"https:\/\/www.blogsoestado.com\/danielmatos\/em-jenipapo-dos-vieiras-othelino-reforca-apoio-a-reeleicao-de-moises-ventura\/\"]}]},{\"@type\":\"ImageObject\",\"inLanguage\":\"pt-BR\",\"@id\":\"https:\/\/www.blogsoestado.com\/danielmatos\/em-jenipapo-dos-vieiras-othelino-reforca-apoio-a-reeleicao-de-moises-ventura\/#primaryimage\",\"url\":\"https:\/\/www.blogsoestado.com\/danielmatos\/files\/2020\/11\/01-6-1024x683-1.jpg\",\"contentUrl\":\"https:\/\/www.blogsoestado.com\/danielmatos\/files\/2020\/11\/01-6-1024x683-1.jpg\"},{\"@type\":\"BreadcrumbList\",\"@id\":\"https:\/\/www.blogsoestado.com\/danielmatos\/em-jenipapo-dos-vieiras-othelino-reforca-apoio-a-reeleicao-de-moises-ventura\/#breadcrumb\",\"itemListElement\":[{\"@type\":\"ListItem\",\"position\":1,\"name\":\"In\u00edcio\",\"item\":\"https:\/\/www.blogsoestado.com\/danielmatos\/\"},{\"@type\":\"ListItem\",\"position\":2,\"name\":\"Em Jenipapo dos Vieiras, Othelino refor\u00e7a apoio \u00e0 reelei\u00e7\u00e3o de Mois\u00e9s Ventura\"}]},{\"@type\":\"WebSite\",\"@id\":\"https:\/\/www.blogsoestado.com\/danielmatos\/#website\",\"url\":\"https:\/\/www.blogsoestado.com\/danielmatos\/\",\"name\":\"Daniel Matos\",\"description\":\"\",\"potentialAction\":[{\"@type\":\"SearchAction\",\"target\":{\"@type\":\"EntryPoint\",\"urlTemplate\":\"https:\/\/www.blogsoestado.com\/danielmatos\/?s={search_term_string}\"},\"query-input\":{\"@type\":\"PropertyValueSpecification\",\"valueRequired\":true,\"valueName\":\"search_term_string\"}}],\"inLanguage\":\"pt-BR\"}]}<\/script>\n<!-- \/ Yoast SEO plugin. -->","yoast_head_json":{"title":"Em Jenipapo dos Vieiras, Othelino refor\u00e7a apoio \u00e0 reelei\u00e7\u00e3o de Mois\u00e9s Ventura - Daniel Matos","robots":{"index":"index","follow":"follow","max-snippet":"max-snippet:-1","max-image-preview":"max-image-preview:large","max-video-preview":"max-video-preview:-1"},"canonical":"https:\/\/www.blogsoestado.com\/danielmatos\/em-jenipapo-dos-vieiras-othelino-reforca-apoio-a-reeleicao-de-moises-ventura\/","og_locale":"pt_BR","og_type":"article","og_title":"Em Jenipapo dos Vieiras, Othelino refor\u00e7a apoio \u00e0 reelei\u00e7\u00e3o de Mois\u00e9s Ventura - Daniel Matos","og_description":"O presidente da Assembleia Legislativa do Maranh\u00e3o, deputado Othelino Neto (PCdoB), participou, no s\u00e1bado (7), em Jenipapo dos Vieiras, do [&hellip;]","og_url":"https:\/\/www.blogsoestado.com\/danielmatos\/em-jenipapo-dos-vieiras-othelino-reforca-apoio-a-reeleicao-de-moises-ventura\/","og_site_name":"Daniel Matos","article_published_time":"2020-11-09T00:04:54+00:00","og_image":[{"url":"https:\/\/www.blogsoestado.com\/danielmatos\/files\/2020\/11\/01-6-1024x683-1.jpg","type":"","width":"","height":""}],"twitter_card":"summary_large_image","twitter_misc":{"Est. tempo de leitura":"3 minutos"},"schema":{"@context":"https:\/\/schema.org","@graph":[{"@type":"WebPage","@id":"https:\/\/www.blogsoestado.com\/danielmatos\/em-jenipapo-dos-vieiras-othelino-reforca-apoio-a-reeleicao-de-moises-ventura\/","url":"https:\/\/www.blogsoestado.com\/danielmatos\/em-jenipapo-dos-vieiras-othelino-reforca-apoio-a-reeleicao-de-moises-ventura\/","name":"Em Jenipapo dos Vieiras, Othelino refor\u00e7a apoio \u00e0 reelei\u00e7\u00e3o de Mois\u00e9s Ventura - Daniel Matos","isPartOf":{"@id":"https:\/\/www.blogsoestado.com\/danielmatos\/#website"},"primaryImageOfPage":{"@id":"https:\/\/www.blogsoestado.com\/danielmatos\/em-jenipapo-dos-vieiras-othelino-reforca-apoio-a-reeleicao-de-moises-ventura\/#primaryimage"},"image":{"@id":"https:\/\/www.blogsoestado.com\/danielmatos\/em-jenipapo-dos-vieiras-othelino-reforca-apoio-a-reeleicao-de-moises-ventura\/#primaryimage"},"thumbnailUrl":"https:\/\/www.blogsoestado.com\/danielmatos\/files\/2020\/11\/01-6-1024x683-1.jpg","datePublished":"2020-11-09T00:04:54+00:00","author":{"@id":""},"breadcrumb":{"@id":"https:\/\/www.blogsoestado.com\/danielmatos\/em-jenipapo-dos-vieiras-othelino-reforca-apoio-a-reeleicao-de-moises-ventura\/#breadcrumb"},"inLanguage":"pt-BR","potentialAction":[{"@type":"ReadAction","target":["https:\/\/www.blogsoestado.com\/danielmatos\/em-jenipapo-dos-vieiras-othelino-reforca-apoio-a-reeleicao-de-moises-ventura\/"]}]},{"@type":"ImageObject","inLanguage":"pt-BR","@id":"https:\/\/www.blogsoestado.com\/danielmatos\/em-jenipapo-dos-vieiras-othelino-reforca-apoio-a-reeleicao-de-moises-ventura\/#primaryimage","url":"https:\/\/www.blogsoestado.com\/danielmatos\/files\/2020\/11\/01-6-1024x683-1.jpg","contentUrl":"https:\/\/www.blogsoestado.com\/danielmatos\/files\/2020\/11\/01-6-1024x683-1.jpg"},{"@type":"BreadcrumbList","@id":"https:\/\/www.blogsoestado.com\/danielmatos\/em-jenipapo-dos-vieiras-othelino-reforca-apoio-a-reeleicao-de-moises-ventura\/#breadcrumb","itemListElement":[{"@type":"ListItem","position":1,"name":"In\u00edcio","item":"https:\/\/www.blogsoestado.com\/danielmatos\/"},{"@type":"ListItem","position":2,"name":"Em Jenipapo dos Vieiras, Othelino refor\u00e7a apoio \u00e0 reelei\u00e7\u00e3o de Mois\u00e9s Ventura"}]},{"@type":"WebSite","@id":"https:\/\/www.blogsoestado.com\/danielmatos\/#website","url":"https:\/\/www.blogsoestado.com\/danielmatos\/","name":"Daniel Matos","description":"","potentialAction":[{"@type":"SearchAction","target":{"@type":"EntryPoint","urlTemplate":"https:\/\/www.blogsoestado.com\/danielmatos\/?s={search_term_string}"},"query-input":{"@type":"PropertyValueSpecification","valueRequired":true,"valueName":"search_term_string"}}],"inLanguage":"pt-BR"}]}},"jetpack_featured_media_url":"","_links":{"self":[{"href":"https:\/\/www.blogsoestado.com\/danielmatos\/wp-json\/wp\/v2\/posts\/79481","targetHints":{"allow":["GET"]}}],"collection":[{"href":"https:\/\/www.blogsoestado.com\/danielmatos\/wp-json\/wp\/v2\/posts"}],"about":[{"href":"https:\/\/www.blogsoestado.com\/danielmatos\/wp-json\/wp\/v2\/types\/post"}],"replies":[{"embeddable":true,"href":"https:\/\/www.blogsoestado.com\/danielmatos\/wp-json\/wp\/v2\/comments?post=79481"}],"version-history":[{"count":0,"href":"https:\/\/www.blogsoestado.com\/danielmatos\/wp-json\/wp\/v2\/posts\/79481\/revisions"}],"wp:attachment":[{"href":"https:\/\/www.blogsoestado.com\/danielmatos\/wp-json\/wp\/v2\/media?parent=79481"}],"wp:term":[{"taxonomy":"category","embeddable":true,"href":"https:\/\/www.blogsoestado.com\/danielmatos\/wp-json\/wp\/v2\/categories?post=79481"},{"taxonomy":"post_tag","embeddable":true,"href":"https:\/\/www.blogsoestado.com\/danielmatos\/wp-json\/wp\/v2\/tags?post=79481"}],"curies":[{"name":"wp","href":"https:\/\/api.w.org\/{rel}","templated":true}]}}