{"id":79487,"date":"2020-11-09T05:28:51","date_gmt":"2020-11-09T08:28:51","guid":{"rendered":"https:\/\/www.blogsoestado.com\/danielmatos\/?p=79487"},"modified":"2020-11-09T05:28:51","modified_gmt":"2020-11-09T08:28:51","slug":"justica-manda-folha-de-sp-excluir-imediatamente-noticia-contra-braide","status":"publish","type":"post","link":"https:\/\/www.blogsoestado.com\/danielmatos\/justica-manda-folha-de-sp-excluir-imediatamente-noticia-contra-braide\/","title":{"rendered":"Justi\u00e7a manda Folha de S. Paulo excluir imediatamente not\u00edcia contra Braide"},"content":{"rendered":"\n<div class=\"wp-block-image\"><figure class=\"aligncenter size-large\"><img decoding=\"async\" src=\"https:\/\/www.blogsoestado.com\/danielmatos\/files\/2020\/11\/Screenshot_20201109-0525562.png\" alt=\"\" class=\"wp-image-79488\"\/><figcaption>Eduardo Braide ganhou a\u00e7\u00e3o na Justi\u00e7a contra a Folha de SP, que foi obrigada a excluir mat\u00e9ria <\/figcaption><\/figure><\/div>\n\n\n\n<p>Justi\u00e7a determinou, agora h\u00e1 pouco, que a Folha de S\u00e3o Paulo retire imediatamente da sua p\u00e1gina na internet a not\u00edcia veiculada contra o candidato a prefeito de S\u00e3o Lu\u00eds, Eduardo Braide (Podemos).<\/p>\n\n\n\n<p>\u201cComo afirmei, diferente de meus advers\u00e1rios, a minha vida \u00e9 limpa. Uma not\u00edcia plantada que tem o \u00fanico objetivo de tentar enganar o eleitor. A verdade, mais uma vez, prevaleceu\u201d, afirmou Braide.<\/p>\n\n\n\n<p>A Folha publicou not\u00edcia neste s\u00e1bado (7) em sua p\u00e1gina, afirmando que Eduardo Braide \u00e9 investigado, mesmo sem apresentar nenhum documento comprovando a afirma\u00e7\u00e3o.<\/p>\n\n\n\n<p>Em seu despacho, a ju\u00edza titular da 76\u00aa Zona Eleitoral diz que as afirma\u00e7\u00f5es da Folha de S\u00e3o Paulo \u201cn\u00e3o est\u00e3o embasadas em provas, apenas cita um documento do Minist\u00e9rio P\u00fablico, mas n\u00e3o o apresenta nem informa onde pode ser consultado\u201d, possuindo assim, num contexto eleitoral muito pr\u00f3ximo ao dia da vota\u00e7\u00e3o, potencial ofensivo de lesar a reputa\u00e7\u00e3o de Eduardo Braide.<\/p>\n\n\n\n<p>Em caso de descumprimento, a Folha de S\u00e3o Paulo estar\u00e1 sujeita ao pagamento de multa di\u00e1ria no valor de R$ 2.0000,00 (dois mil reais), at\u00e9 o dia das elei\u00e7\u00f5es.<\/p>\n\n\n\n<p>\u201cEu confio em Deus, na Justi\u00e7a e no povo de S\u00e3o Lu\u00eds. Ningu\u00e9m mais cai nessas armadilhas. Vamos vencer no dia 15 com f\u00e9, coragem e determina\u00e7\u00e3o. Essa \u00e9 a vontade do povo de S\u00e3o Lu\u00eds\u201d, concluiu Braide.<\/p>\n","protected":false},"excerpt":{"rendered":"<p>Justi\u00e7a determinou, agora h\u00e1 pouco, que a Folha de S\u00e3o Paulo retire imediatamente da sua p\u00e1gina na internet a not\u00edcia [&hellip;]<\/p>\n","protected":false},"author":0,"featured_media":0,"comment_status":"open","ping_status":"open","sticky":false,"template":"","format":"standard","meta":{"site-sidebar-layout":"default","site-content-layout":"","ast-site-content-layout":"default","site-content-style":"default","site-sidebar-style":"default","ast-global-header-display":"","ast-banner-title-visibility":"","ast-main-header-display":"","ast-hfb-above-header-display":"","ast-hfb-below-header-display":"","ast-hfb-mobile-header-display":"","site-post-title":"","ast-breadcrumbs-content":"","ast-featured-img":"","footer-sml-layout":"","ast-disable-related-posts":"","theme-transparent-header-meta":"","adv-header-id-meta":"","stick-header-meta":"","header-above-stick-meta":"","header-main-stick-meta":"","header-below-stick-meta":"","astra-migrate-meta-layouts":"default","ast-page-background-enabled":"default","ast-page-background-meta":{"desktop":{"background-color":"var(--ast-global-color-5)","background-image":"","background-repeat":"repeat","background-position":"center center","background-size":"auto","background-attachment":"scroll","background-type":"","background-media":"","overlay-type":"","overlay-color":"","overlay-opacity":"","overlay-gradient":""},"tablet":{"background-color":"","background-image":"","background-repeat":"repeat","background-position":"center center","background-size":"auto","background-attachment":"scroll","background-type":"","background-media":"","overlay-type":"","overlay-color":"","overlay-opacity":"","overlay-gradient":""},"mobile":{"background-color":"","background-image":"","background-repeat":"repeat","background-position":"center center","background-size":"auto","background-attachment":"scroll","background-type":"","background-media":"","overlay-type":"","overlay-color":"","overlay-opacity":"","overlay-gradient":""}},"ast-content-background-meta":{"desktop":{"background-color":"var(--ast-global-color-4)","background-image":"","background-repeat":"repeat","background-position":"center center","background-size":"auto","background-attachment":"scroll","background-type":"","background-media":"","overlay-type":"","overlay-color":"","overlay-opacity":"","overlay-gradient":""},"tablet":{"background-color":"var(--ast-global-color-4)","background-image":"","background-repeat":"repeat","background-position":"center center","background-size":"auto","background-attachment":"scroll","background-type":"","background-media":"","overlay-type":"","overlay-color":"","overlay-opacity":"","overlay-gradient":""},"mobile":{"background-color":"var(--ast-global-color-4)","background-image":"","background-repeat":"repeat","background-position":"center center","background-size":"auto","background-attachment":"scroll","background-type":"","background-media":"","overlay-type":"","overlay-color":"","overlay-opacity":"","overlay-gradient":""}},"footnotes":""},"categories":[1],"tags":[],"class_list":["post-79487","post","type-post","status-publish","format-standard","hentry","category-sem-categoria"],"yoast_head":"<!-- This site is optimized with the Yoast SEO plugin v26.6 - https:\/\/yoast.com\/wordpress\/plugins\/seo\/ -->\n<title>Justi\u00e7a manda Folha de S. Paulo excluir imediatamente not\u00edcia contra Braide - Daniel Matos<\/title>\n<meta name=\"robots\" content=\"index, follow, max-snippet:-1, max-image-preview:large, max-video-preview:-1\" \/>\n<link rel=\"canonical\" href=\"https:\/\/www.blogsoestado.com\/danielmatos\/justica-manda-folha-de-sp-excluir-imediatamente-noticia-contra-braide\/\" \/>\n<meta property=\"og:locale\" content=\"pt_BR\" \/>\n<meta property=\"og:type\" content=\"article\" \/>\n<meta property=\"og:title\" content=\"Justi\u00e7a manda Folha de S. Paulo excluir imediatamente not\u00edcia contra Braide - Daniel Matos\" \/>\n<meta property=\"og:description\" content=\"Justi\u00e7a determinou, agora h\u00e1 pouco, que a Folha de S\u00e3o Paulo retire imediatamente da sua p\u00e1gina na internet a not\u00edcia [&hellip;]\" \/>\n<meta property=\"og:url\" content=\"https:\/\/www.blogsoestado.com\/danielmatos\/justica-manda-folha-de-sp-excluir-imediatamente-noticia-contra-braide\/\" \/>\n<meta property=\"og:site_name\" content=\"Daniel Matos\" \/>\n<meta property=\"article:published_time\" content=\"2020-11-09T08:28:51+00:00\" \/>\n<meta property=\"og:image\" content=\"https:\/\/www.blogsoestado.com\/danielmatos\/files\/2020\/11\/Screenshot_20201109-0525562.png\" \/>\n<meta name=\"twitter:card\" content=\"summary_large_image\" \/>\n<meta name=\"twitter:label1\" content=\"Est. tempo de leitura\" \/>\n\t<meta name=\"twitter:data1\" content=\"1 minuto\" \/>\n<script type=\"application\/ld+json\" class=\"yoast-schema-graph\">{\"@context\":\"https:\/\/schema.org\",\"@graph\":[{\"@type\":\"WebPage\",\"@id\":\"https:\/\/www.blogsoestado.com\/danielmatos\/justica-manda-folha-de-sp-excluir-imediatamente-noticia-contra-braide\/\",\"url\":\"https:\/\/www.blogsoestado.com\/danielmatos\/justica-manda-folha-de-sp-excluir-imediatamente-noticia-contra-braide\/\",\"name\":\"Justi\u00e7a manda Folha de S. Paulo excluir imediatamente not\u00edcia contra Braide - Daniel Matos\",\"isPartOf\":{\"@id\":\"https:\/\/www.blogsoestado.com\/danielmatos\/#website\"},\"primaryImageOfPage\":{\"@id\":\"https:\/\/www.blogsoestado.com\/danielmatos\/justica-manda-folha-de-sp-excluir-imediatamente-noticia-contra-braide\/#primaryimage\"},\"image\":{\"@id\":\"https:\/\/www.blogsoestado.com\/danielmatos\/justica-manda-folha-de-sp-excluir-imediatamente-noticia-contra-braide\/#primaryimage\"},\"thumbnailUrl\":\"https:\/\/www.blogsoestado.com\/danielmatos\/files\/2020\/11\/Screenshot_20201109-0525562.png\",\"datePublished\":\"2020-11-09T08:28:51+00:00\",\"author\":{\"@id\":\"\"},\"breadcrumb\":{\"@id\":\"https:\/\/www.blogsoestado.com\/danielmatos\/justica-manda-folha-de-sp-excluir-imediatamente-noticia-contra-braide\/#breadcrumb\"},\"inLanguage\":\"pt-BR\",\"potentialAction\":[{\"@type\":\"ReadAction\",\"target\":[\"https:\/\/www.blogsoestado.com\/danielmatos\/justica-manda-folha-de-sp-excluir-imediatamente-noticia-contra-braide\/\"]}]},{\"@type\":\"ImageObject\",\"inLanguage\":\"pt-BR\",\"@id\":\"https:\/\/www.blogsoestado.com\/danielmatos\/justica-manda-folha-de-sp-excluir-imediatamente-noticia-contra-braide\/#primaryimage\",\"url\":\"https:\/\/www.blogsoestado.com\/danielmatos\/files\/2020\/11\/Screenshot_20201109-0525562.png\",\"contentUrl\":\"https:\/\/www.blogsoestado.com\/danielmatos\/files\/2020\/11\/Screenshot_20201109-0525562.png\"},{\"@type\":\"BreadcrumbList\",\"@id\":\"https:\/\/www.blogsoestado.com\/danielmatos\/justica-manda-folha-de-sp-excluir-imediatamente-noticia-contra-braide\/#breadcrumb\",\"itemListElement\":[{\"@type\":\"ListItem\",\"position\":1,\"name\":\"In\u00edcio\",\"item\":\"https:\/\/www.blogsoestado.com\/danielmatos\/\"},{\"@type\":\"ListItem\",\"position\":2,\"name\":\"Justi\u00e7a manda Folha de S. Paulo excluir imediatamente not\u00edcia contra Braide\"}]},{\"@type\":\"WebSite\",\"@id\":\"https:\/\/www.blogsoestado.com\/danielmatos\/#website\",\"url\":\"https:\/\/www.blogsoestado.com\/danielmatos\/\",\"name\":\"Daniel Matos\",\"description\":\"\",\"potentialAction\":[{\"@type\":\"SearchAction\",\"target\":{\"@type\":\"EntryPoint\",\"urlTemplate\":\"https:\/\/www.blogsoestado.com\/danielmatos\/?s={search_term_string}\"},\"query-input\":{\"@type\":\"PropertyValueSpecification\",\"valueRequired\":true,\"valueName\":\"search_term_string\"}}],\"inLanguage\":\"pt-BR\"}]}<\/script>\n<!-- \/ Yoast SEO plugin. -->","yoast_head_json":{"title":"Justi\u00e7a manda Folha de S. Paulo excluir imediatamente not\u00edcia contra Braide - Daniel Matos","robots":{"index":"index","follow":"follow","max-snippet":"max-snippet:-1","max-image-preview":"max-image-preview:large","max-video-preview":"max-video-preview:-1"},"canonical":"https:\/\/www.blogsoestado.com\/danielmatos\/justica-manda-folha-de-sp-excluir-imediatamente-noticia-contra-braide\/","og_locale":"pt_BR","og_type":"article","og_title":"Justi\u00e7a manda Folha de S. Paulo excluir imediatamente not\u00edcia contra Braide - Daniel Matos","og_description":"Justi\u00e7a determinou, agora h\u00e1 pouco, que a Folha de S\u00e3o Paulo retire imediatamente da sua p\u00e1gina na internet a not\u00edcia [&hellip;]","og_url":"https:\/\/www.blogsoestado.com\/danielmatos\/justica-manda-folha-de-sp-excluir-imediatamente-noticia-contra-braide\/","og_site_name":"Daniel Matos","article_published_time":"2020-11-09T08:28:51+00:00","og_image":[{"url":"https:\/\/www.blogsoestado.com\/danielmatos\/files\/2020\/11\/Screenshot_20201109-0525562.png","type":"","width":"","height":""}],"twitter_card":"summary_large_image","twitter_misc":{"Est. tempo de leitura":"1 minuto"},"schema":{"@context":"https:\/\/schema.org","@graph":[{"@type":"WebPage","@id":"https:\/\/www.blogsoestado.com\/danielmatos\/justica-manda-folha-de-sp-excluir-imediatamente-noticia-contra-braide\/","url":"https:\/\/www.blogsoestado.com\/danielmatos\/justica-manda-folha-de-sp-excluir-imediatamente-noticia-contra-braide\/","name":"Justi\u00e7a manda Folha de S. Paulo excluir imediatamente not\u00edcia contra Braide - Daniel Matos","isPartOf":{"@id":"https:\/\/www.blogsoestado.com\/danielmatos\/#website"},"primaryImageOfPage":{"@id":"https:\/\/www.blogsoestado.com\/danielmatos\/justica-manda-folha-de-sp-excluir-imediatamente-noticia-contra-braide\/#primaryimage"},"image":{"@id":"https:\/\/www.blogsoestado.com\/danielmatos\/justica-manda-folha-de-sp-excluir-imediatamente-noticia-contra-braide\/#primaryimage"},"thumbnailUrl":"https:\/\/www.blogsoestado.com\/danielmatos\/files\/2020\/11\/Screenshot_20201109-0525562.png","datePublished":"2020-11-09T08:28:51+00:00","author":{"@id":""},"breadcrumb":{"@id":"https:\/\/www.blogsoestado.com\/danielmatos\/justica-manda-folha-de-sp-excluir-imediatamente-noticia-contra-braide\/#breadcrumb"},"inLanguage":"pt-BR","potentialAction":[{"@type":"ReadAction","target":["https:\/\/www.blogsoestado.com\/danielmatos\/justica-manda-folha-de-sp-excluir-imediatamente-noticia-contra-braide\/"]}]},{"@type":"ImageObject","inLanguage":"pt-BR","@id":"https:\/\/www.blogsoestado.com\/danielmatos\/justica-manda-folha-de-sp-excluir-imediatamente-noticia-contra-braide\/#primaryimage","url":"https:\/\/www.blogsoestado.com\/danielmatos\/files\/2020\/11\/Screenshot_20201109-0525562.png","contentUrl":"https:\/\/www.blogsoestado.com\/danielmatos\/files\/2020\/11\/Screenshot_20201109-0525562.png"},{"@type":"BreadcrumbList","@id":"https:\/\/www.blogsoestado.com\/danielmatos\/justica-manda-folha-de-sp-excluir-imediatamente-noticia-contra-braide\/#breadcrumb","itemListElement":[{"@type":"ListItem","position":1,"name":"In\u00edcio","item":"https:\/\/www.blogsoestado.com\/danielmatos\/"},{"@type":"ListItem","position":2,"name":"Justi\u00e7a manda Folha de S. Paulo excluir imediatamente not\u00edcia contra Braide"}]},{"@type":"WebSite","@id":"https:\/\/www.blogsoestado.com\/danielmatos\/#website","url":"https:\/\/www.blogsoestado.com\/danielmatos\/","name":"Daniel Matos","description":"","potentialAction":[{"@type":"SearchAction","target":{"@type":"EntryPoint","urlTemplate":"https:\/\/www.blogsoestado.com\/danielmatos\/?s={search_term_string}"},"query-input":{"@type":"PropertyValueSpecification","valueRequired":true,"valueName":"search_term_string"}}],"inLanguage":"pt-BR"}]}},"jetpack_featured_media_url":"","_links":{"self":[{"href":"https:\/\/www.blogsoestado.com\/danielmatos\/wp-json\/wp\/v2\/posts\/79487","targetHints":{"allow":["GET"]}}],"collection":[{"href":"https:\/\/www.blogsoestado.com\/danielmatos\/wp-json\/wp\/v2\/posts"}],"about":[{"href":"https:\/\/www.blogsoestado.com\/danielmatos\/wp-json\/wp\/v2\/types\/post"}],"replies":[{"embeddable":true,"href":"https:\/\/www.blogsoestado.com\/danielmatos\/wp-json\/wp\/v2\/comments?post=79487"}],"version-history":[{"count":0,"href":"https:\/\/www.blogsoestado.com\/danielmatos\/wp-json\/wp\/v2\/posts\/79487\/revisions"}],"wp:attachment":[{"href":"https:\/\/www.blogsoestado.com\/danielmatos\/wp-json\/wp\/v2\/media?parent=79487"}],"wp:term":[{"taxonomy":"category","embeddable":true,"href":"https:\/\/www.blogsoestado.com\/danielmatos\/wp-json\/wp\/v2\/categories?post=79487"},{"taxonomy":"post_tag","embeddable":true,"href":"https:\/\/www.blogsoestado.com\/danielmatos\/wp-json\/wp\/v2\/tags?post=79487"}],"curies":[{"name":"wp","href":"https:\/\/api.w.org\/{rel}","templated":true}]}}