{"id":79504,"date":"2020-11-09T14:53:39","date_gmt":"2020-11-09T17:53:39","guid":{"rendered":"https:\/\/www.blogsoestado.com\/danielmatos\/?p=79504"},"modified":"2020-11-09T14:53:39","modified_gmt":"2020-11-09T17:53:39","slug":"genival-alves-recebe-apoio-das-mulheres-de-sao-luis-e-realiza-grande-caminhada-no-turu","status":"publish","type":"post","link":"https:\/\/www.blogsoestado.com\/danielmatos\/genival-alves-recebe-apoio-das-mulheres-de-sao-luis-e-realiza-grande-caminhada-no-turu\/","title":{"rendered":"Genival Alves recebe apoio das mulheres de S\u00e3o Lu\u00eds e realiza grande caminhada no Turu"},"content":{"rendered":"\n<div class=\"wp-block-image\"><figure class=\"aligncenter size-large\"><img decoding=\"async\" src=\"https:\/\/www.blogsoestado.com\/danielmatos\/files\/2020\/11\/IMG-20201109-WA0142-1024x768.jpg\" alt=\"\" class=\"wp-image-79505\"\/><figcaption>Genival Alves arrastou multid\u00e3o em caminhada <\/figcaption><\/figure><\/div>\n\n\n\n<p>Faltando menos de uma semana para o pleito em S\u00e3o Lu\u00eds, o vereador e candidato a reelei\u00e7\u00e3o, Genival Alves (Republicanos \u2013 n\u00ba 10.555), promoveu, neste \u00faltimo fim de semana, mais uma produtiva e vitoriosa agenda de campanha.<\/p>\n\n\n\n<p>Genival participou de um grande Encontro com as Mulheres de S\u00e3o Lu\u00eds, oportunidade na qual recebeu manifesta\u00e7\u00f5es de apoio e carinho e ratificou, mais uma vez, o seu compromisso de continuar trabalhando para garantir os direitos do p\u00fablico feminino.<\/p>\n\n\n\n<p>Na reuni\u00e3o, que contou com as presen\u00e7as de lideran\u00e7as comunit\u00e1rias de v\u00e1rios bairros e de representantes da For\u00e7a Jovem Feminina, o parlamentar recebeu sugest\u00f5es de a\u00e7\u00f5es em benef\u00edcio das mulheres.<\/p>\n\n\n\n<div class=\"wp-block-image\"><figure class=\"aligncenter size-large\"><img decoding=\"async\" src=\"https:\/\/www.blogsoestado.com\/danielmatos\/files\/2020\/11\/IMG-20201109-WA0141.jpg\" alt=\"\" class=\"wp-image-79506\"\/><figcaption>Equipe de campanha de Genival Alves em mais um ato da campanha de rua<\/figcaption><\/figure><\/div>\n\n\n\n<p>De acordo com Genival, lutar pelo p\u00fablico feminino, garantindo novas pol\u00edticas p\u00fablicas, n\u00e3o \u00e9 apenas uma obriga\u00e7\u00e3o. \u201cTrata-se de um compromisso que tenho com as mulheres de S\u00e3o Lu\u00eds, que tanto nos ajudam a continuar trabalhando no caminho certo objetivando fazer uma cidade mais justa e desenvolvida\u201d, disse.<\/p>\n\n\n\n<p>Acompanhado por centenas de apoiadores, Genival tamb\u00e9m participou de animada caminhada que percorreu as ruas do Turu, Divin\u00e9ia e Vila Luiz\u00e3o.<br>O vereador foi muito bem recepcionado pelos moradores, que reconheceram o seu trabalho em prol da regi\u00e3o.<\/p>\n\n\n\n<div class=\"wp-block-image\"><figure class=\"aligncenter size-large\"><img decoding=\"async\" src=\"https:\/\/www.blogsoestado.com\/danielmatos\/files\/2020\/11\/IMG-20201109-WA0143.jpg\" alt=\"\" class=\"wp-image-79507\"\/><figcaption>N\u00famero expressivo de eleitores t\u00eam prestigiado os eventos de campanha de Genival Alves, que concorre \u00e0 reelei\u00e7\u00e3o<\/figcaption><\/figure><\/div>\n\n\n\n<p>\u201cSe n\u00f3s temos ruas asfaltadas, vias com drenagem, o que fez com que os alagamentos acabassem, devemos isso ao esfor\u00e7o do vereador Genival\u201d, comentou a comerciante Ana Alice Silva, moradora da Luiz\u00e3o.<\/p>\n","protected":false},"excerpt":{"rendered":"<p>Faltando menos de uma semana para o pleito em S\u00e3o Lu\u00eds, o vereador e candidato a reelei\u00e7\u00e3o, Genival Alves (Republicanos [&hellip;]<\/p>\n","protected":false},"author":0,"featured_media":0,"comment_status":"open","ping_status":"open","sticky":false,"template":"","format":"standard","meta":{"site-sidebar-layout":"default","site-content-layout":"","ast-site-content-layout":"default","site-content-style":"default","site-sidebar-style":"default","ast-global-header-display":"","ast-banner-title-visibility":"","ast-main-header-display":"","ast-hfb-above-header-display":"","ast-hfb-below-header-display":"","ast-hfb-mobile-header-display":"","site-post-title":"","ast-breadcrumbs-content":"","ast-featured-img":"","footer-sml-layout":"","ast-disable-related-posts":"","theme-transparent-header-meta":"","adv-header-id-meta":"","stick-header-meta":"","header-above-stick-meta":"","header-main-stick-meta":"","header-below-stick-meta":"","astra-migrate-meta-layouts":"default","ast-page-background-enabled":"default","ast-page-background-meta":{"desktop":{"background-color":"var(--ast-global-color-5)","background-image":"","background-repeat":"repeat","background-position":"center center","background-size":"auto","background-attachment":"scroll","background-type":"","background-media":"","overlay-type":"","overlay-color":"","overlay-opacity":"","overlay-gradient":""},"tablet":{"background-color":"","background-image":"","background-repeat":"repeat","background-position":"center center","background-size":"auto","background-attachment":"scroll","background-type":"","background-media":"","overlay-type":"","overlay-color":"","overlay-opacity":"","overlay-gradient":""},"mobile":{"background-color":"","background-image":"","background-repeat":"repeat","background-position":"center center","background-size":"auto","background-attachment":"scroll","background-type":"","background-media":"","overlay-type":"","overlay-color":"","overlay-opacity":"","overlay-gradient":""}},"ast-content-background-meta":{"desktop":{"background-color":"var(--ast-global-color-4)","background-image":"","background-repeat":"repeat","background-position":"center center","background-size":"auto","background-attachment":"scroll","background-type":"","background-media":"","overlay-type":"","overlay-color":"","overlay-opacity":"","overlay-gradient":""},"tablet":{"background-color":"var(--ast-global-color-4)","background-image":"","background-repeat":"repeat","background-position":"center center","background-size":"auto","background-attachment":"scroll","background-type":"","background-media":"","overlay-type":"","overlay-color":"","overlay-opacity":"","overlay-gradient":""},"mobile":{"background-color":"var(--ast-global-color-4)","background-image":"","background-repeat":"repeat","background-position":"center center","background-size":"auto","background-attachment":"scroll","background-type":"","background-media":"","overlay-type":"","overlay-color":"","overlay-opacity":"","overlay-gradient":""}},"footnotes":""},"categories":[1],"tags":[],"class_list":["post-79504","post","type-post","status-publish","format-standard","hentry","category-sem-categoria"],"yoast_head":"<!-- This site is optimized with the Yoast SEO plugin v26.6 - https:\/\/yoast.com\/wordpress\/plugins\/seo\/ -->\n<title>Genival Alves recebe apoio das mulheres de S\u00e3o Lu\u00eds e realiza grande caminhada no Turu - Daniel Matos<\/title>\n<meta name=\"robots\" content=\"index, follow, max-snippet:-1, max-image-preview:large, max-video-preview:-1\" \/>\n<link rel=\"canonical\" href=\"https:\/\/www.blogsoestado.com\/danielmatos\/genival-alves-recebe-apoio-das-mulheres-de-sao-luis-e-realiza-grande-caminhada-no-turu\/\" \/>\n<meta property=\"og:locale\" content=\"pt_BR\" \/>\n<meta property=\"og:type\" content=\"article\" \/>\n<meta property=\"og:title\" content=\"Genival Alves recebe apoio das mulheres de S\u00e3o Lu\u00eds e realiza grande caminhada no Turu - Daniel Matos\" \/>\n<meta property=\"og:description\" content=\"Faltando menos de uma semana para o pleito em S\u00e3o Lu\u00eds, o vereador e candidato a reelei\u00e7\u00e3o, Genival Alves (Republicanos [&hellip;]\" \/>\n<meta property=\"og:url\" content=\"https:\/\/www.blogsoestado.com\/danielmatos\/genival-alves-recebe-apoio-das-mulheres-de-sao-luis-e-realiza-grande-caminhada-no-turu\/\" \/>\n<meta property=\"og:site_name\" content=\"Daniel Matos\" \/>\n<meta property=\"article:published_time\" content=\"2020-11-09T17:53:39+00:00\" \/>\n<meta property=\"og:image\" content=\"https:\/\/www.blogsoestado.com\/danielmatos\/files\/2020\/11\/IMG-20201109-WA0142-1024x768.jpg\" \/>\n<meta name=\"twitter:card\" content=\"summary_large_image\" \/>\n<meta name=\"twitter:label1\" content=\"Est. tempo de leitura\" \/>\n\t<meta name=\"twitter:data1\" content=\"1 minuto\" \/>\n<script type=\"application\/ld+json\" class=\"yoast-schema-graph\">{\"@context\":\"https:\/\/schema.org\",\"@graph\":[{\"@type\":\"WebPage\",\"@id\":\"https:\/\/www.blogsoestado.com\/danielmatos\/genival-alves-recebe-apoio-das-mulheres-de-sao-luis-e-realiza-grande-caminhada-no-turu\/\",\"url\":\"https:\/\/www.blogsoestado.com\/danielmatos\/genival-alves-recebe-apoio-das-mulheres-de-sao-luis-e-realiza-grande-caminhada-no-turu\/\",\"name\":\"Genival Alves recebe apoio das mulheres de S\u00e3o Lu\u00eds e realiza grande caminhada no Turu - Daniel Matos\",\"isPartOf\":{\"@id\":\"https:\/\/www.blogsoestado.com\/danielmatos\/#website\"},\"primaryImageOfPage\":{\"@id\":\"https:\/\/www.blogsoestado.com\/danielmatos\/genival-alves-recebe-apoio-das-mulheres-de-sao-luis-e-realiza-grande-caminhada-no-turu\/#primaryimage\"},\"image\":{\"@id\":\"https:\/\/www.blogsoestado.com\/danielmatos\/genival-alves-recebe-apoio-das-mulheres-de-sao-luis-e-realiza-grande-caminhada-no-turu\/#primaryimage\"},\"thumbnailUrl\":\"https:\/\/www.blogsoestado.com\/danielmatos\/files\/2020\/11\/IMG-20201109-WA0142-1024x768.jpg\",\"datePublished\":\"2020-11-09T17:53:39+00:00\",\"author\":{\"@id\":\"\"},\"breadcrumb\":{\"@id\":\"https:\/\/www.blogsoestado.com\/danielmatos\/genival-alves-recebe-apoio-das-mulheres-de-sao-luis-e-realiza-grande-caminhada-no-turu\/#breadcrumb\"},\"inLanguage\":\"pt-BR\",\"potentialAction\":[{\"@type\":\"ReadAction\",\"target\":[\"https:\/\/www.blogsoestado.com\/danielmatos\/genival-alves-recebe-apoio-das-mulheres-de-sao-luis-e-realiza-grande-caminhada-no-turu\/\"]}]},{\"@type\":\"ImageObject\",\"inLanguage\":\"pt-BR\",\"@id\":\"https:\/\/www.blogsoestado.com\/danielmatos\/genival-alves-recebe-apoio-das-mulheres-de-sao-luis-e-realiza-grande-caminhada-no-turu\/#primaryimage\",\"url\":\"https:\/\/www.blogsoestado.com\/danielmatos\/files\/2020\/11\/IMG-20201109-WA0142-1024x768.jpg\",\"contentUrl\":\"https:\/\/www.blogsoestado.com\/danielmatos\/files\/2020\/11\/IMG-20201109-WA0142-1024x768.jpg\"},{\"@type\":\"BreadcrumbList\",\"@id\":\"https:\/\/www.blogsoestado.com\/danielmatos\/genival-alves-recebe-apoio-das-mulheres-de-sao-luis-e-realiza-grande-caminhada-no-turu\/#breadcrumb\",\"itemListElement\":[{\"@type\":\"ListItem\",\"position\":1,\"name\":\"In\u00edcio\",\"item\":\"https:\/\/www.blogsoestado.com\/danielmatos\/\"},{\"@type\":\"ListItem\",\"position\":2,\"name\":\"Genival Alves recebe apoio das mulheres de S\u00e3o Lu\u00eds e realiza grande caminhada no Turu\"}]},{\"@type\":\"WebSite\",\"@id\":\"https:\/\/www.blogsoestado.com\/danielmatos\/#website\",\"url\":\"https:\/\/www.blogsoestado.com\/danielmatos\/\",\"name\":\"Daniel Matos\",\"description\":\"\",\"potentialAction\":[{\"@type\":\"SearchAction\",\"target\":{\"@type\":\"EntryPoint\",\"urlTemplate\":\"https:\/\/www.blogsoestado.com\/danielmatos\/?s={search_term_string}\"},\"query-input\":{\"@type\":\"PropertyValueSpecification\",\"valueRequired\":true,\"valueName\":\"search_term_string\"}}],\"inLanguage\":\"pt-BR\"}]}<\/script>\n<!-- \/ Yoast SEO plugin. -->","yoast_head_json":{"title":"Genival Alves recebe apoio das mulheres de S\u00e3o Lu\u00eds e realiza grande caminhada no Turu - Daniel Matos","robots":{"index":"index","follow":"follow","max-snippet":"max-snippet:-1","max-image-preview":"max-image-preview:large","max-video-preview":"max-video-preview:-1"},"canonical":"https:\/\/www.blogsoestado.com\/danielmatos\/genival-alves-recebe-apoio-das-mulheres-de-sao-luis-e-realiza-grande-caminhada-no-turu\/","og_locale":"pt_BR","og_type":"article","og_title":"Genival Alves recebe apoio das mulheres de S\u00e3o Lu\u00eds e realiza grande caminhada no Turu - Daniel Matos","og_description":"Faltando menos de uma semana para o pleito em S\u00e3o Lu\u00eds, o vereador e candidato a reelei\u00e7\u00e3o, Genival Alves (Republicanos [&hellip;]","og_url":"https:\/\/www.blogsoestado.com\/danielmatos\/genival-alves-recebe-apoio-das-mulheres-de-sao-luis-e-realiza-grande-caminhada-no-turu\/","og_site_name":"Daniel Matos","article_published_time":"2020-11-09T17:53:39+00:00","og_image":[{"url":"https:\/\/www.blogsoestado.com\/danielmatos\/files\/2020\/11\/IMG-20201109-WA0142-1024x768.jpg","type":"","width":"","height":""}],"twitter_card":"summary_large_image","twitter_misc":{"Est. tempo de leitura":"1 minuto"},"schema":{"@context":"https:\/\/schema.org","@graph":[{"@type":"WebPage","@id":"https:\/\/www.blogsoestado.com\/danielmatos\/genival-alves-recebe-apoio-das-mulheres-de-sao-luis-e-realiza-grande-caminhada-no-turu\/","url":"https:\/\/www.blogsoestado.com\/danielmatos\/genival-alves-recebe-apoio-das-mulheres-de-sao-luis-e-realiza-grande-caminhada-no-turu\/","name":"Genival Alves recebe apoio das mulheres de S\u00e3o Lu\u00eds e realiza grande caminhada no Turu - Daniel Matos","isPartOf":{"@id":"https:\/\/www.blogsoestado.com\/danielmatos\/#website"},"primaryImageOfPage":{"@id":"https:\/\/www.blogsoestado.com\/danielmatos\/genival-alves-recebe-apoio-das-mulheres-de-sao-luis-e-realiza-grande-caminhada-no-turu\/#primaryimage"},"image":{"@id":"https:\/\/www.blogsoestado.com\/danielmatos\/genival-alves-recebe-apoio-das-mulheres-de-sao-luis-e-realiza-grande-caminhada-no-turu\/#primaryimage"},"thumbnailUrl":"https:\/\/www.blogsoestado.com\/danielmatos\/files\/2020\/11\/IMG-20201109-WA0142-1024x768.jpg","datePublished":"2020-11-09T17:53:39+00:00","author":{"@id":""},"breadcrumb":{"@id":"https:\/\/www.blogsoestado.com\/danielmatos\/genival-alves-recebe-apoio-das-mulheres-de-sao-luis-e-realiza-grande-caminhada-no-turu\/#breadcrumb"},"inLanguage":"pt-BR","potentialAction":[{"@type":"ReadAction","target":["https:\/\/www.blogsoestado.com\/danielmatos\/genival-alves-recebe-apoio-das-mulheres-de-sao-luis-e-realiza-grande-caminhada-no-turu\/"]}]},{"@type":"ImageObject","inLanguage":"pt-BR","@id":"https:\/\/www.blogsoestado.com\/danielmatos\/genival-alves-recebe-apoio-das-mulheres-de-sao-luis-e-realiza-grande-caminhada-no-turu\/#primaryimage","url":"https:\/\/www.blogsoestado.com\/danielmatos\/files\/2020\/11\/IMG-20201109-WA0142-1024x768.jpg","contentUrl":"https:\/\/www.blogsoestado.com\/danielmatos\/files\/2020\/11\/IMG-20201109-WA0142-1024x768.jpg"},{"@type":"BreadcrumbList","@id":"https:\/\/www.blogsoestado.com\/danielmatos\/genival-alves-recebe-apoio-das-mulheres-de-sao-luis-e-realiza-grande-caminhada-no-turu\/#breadcrumb","itemListElement":[{"@type":"ListItem","position":1,"name":"In\u00edcio","item":"https:\/\/www.blogsoestado.com\/danielmatos\/"},{"@type":"ListItem","position":2,"name":"Genival Alves recebe apoio das mulheres de S\u00e3o Lu\u00eds e realiza grande caminhada no Turu"}]},{"@type":"WebSite","@id":"https:\/\/www.blogsoestado.com\/danielmatos\/#website","url":"https:\/\/www.blogsoestado.com\/danielmatos\/","name":"Daniel Matos","description":"","potentialAction":[{"@type":"SearchAction","target":{"@type":"EntryPoint","urlTemplate":"https:\/\/www.blogsoestado.com\/danielmatos\/?s={search_term_string}"},"query-input":{"@type":"PropertyValueSpecification","valueRequired":true,"valueName":"search_term_string"}}],"inLanguage":"pt-BR"}]}},"jetpack_featured_media_url":"","_links":{"self":[{"href":"https:\/\/www.blogsoestado.com\/danielmatos\/wp-json\/wp\/v2\/posts\/79504","targetHints":{"allow":["GET"]}}],"collection":[{"href":"https:\/\/www.blogsoestado.com\/danielmatos\/wp-json\/wp\/v2\/posts"}],"about":[{"href":"https:\/\/www.blogsoestado.com\/danielmatos\/wp-json\/wp\/v2\/types\/post"}],"replies":[{"embeddable":true,"href":"https:\/\/www.blogsoestado.com\/danielmatos\/wp-json\/wp\/v2\/comments?post=79504"}],"version-history":[{"count":0,"href":"https:\/\/www.blogsoestado.com\/danielmatos\/wp-json\/wp\/v2\/posts\/79504\/revisions"}],"wp:attachment":[{"href":"https:\/\/www.blogsoestado.com\/danielmatos\/wp-json\/wp\/v2\/media?parent=79504"}],"wp:term":[{"taxonomy":"category","embeddable":true,"href":"https:\/\/www.blogsoestado.com\/danielmatos\/wp-json\/wp\/v2\/categories?post=79504"},{"taxonomy":"post_tag","embeddable":true,"href":"https:\/\/www.blogsoestado.com\/danielmatos\/wp-json\/wp\/v2\/tags?post=79504"}],"curies":[{"name":"wp","href":"https:\/\/api.w.org\/{rel}","templated":true}]}}