{"id":79510,"date":"2020-11-09T15:46:42","date_gmt":"2020-11-09T18:46:42","guid":{"rendered":"https:\/\/www.blogsoestado.com\/danielmatos\/?p=79510"},"modified":"2020-11-09T15:46:42","modified_gmt":"2020-11-09T18:46:42","slug":"bicampeao-do-rally-dos-sertoes-que-sofreu-acidente-em-barreirinhas-morre-no-udi-hospital-em-sao-luis","status":"publish","type":"post","link":"https:\/\/www.blogsoestado.com\/danielmatos\/bicampeao-do-rally-dos-sertoes-que-sofreu-acidente-em-barreirinhas-morre-no-udi-hospital-em-sao-luis\/","title":{"rendered":"Bicampe\u00e3o do Rally dos Sert\u00f5es que sofreu acidente em Barreirinhas morre no UDI Hospital, em S\u00e3o Lu\u00eds"},"content":{"rendered":"\n<p class=\"has-text-color has-huge-font-size has-vivid-red-color\">Tunico Maciel<em>, que conquistou dois t\u00edtulos da categoria motos, n\u00e3o resistiu aos ferimentos ap\u00f3s acidente na \u00faltima etapa da prova<\/em><\/p>\n\n\n\n<div class=\"wp-block-image\"><figure class=\"aligncenter size-large\"><img decoding=\"async\" src=\"https:\/\/www.blogsoestado.com\/danielmatos\/files\/2020\/11\/385739_954414_tunico_pb_1mb-1024x699.jpg\" alt=\"\" class=\"wp-image-79511\"\/><figcaption>Tunico Maciel n\u00e3o resistiu aos ferimentos que sofreu na \u00faltima etapa da competi\u00e7\u00e3o<\/figcaption><\/figure><\/div>\n\n\n\n<p>Com imensa tristeza o Sert\u00f5es recebe a not\u00edcia do falecimento do piloto Tunico Maciel, na manh\u00e3 desta segunda feira, 09\/11\/2020, no UDI Hospital, em S\u00e3o Luis (MA).<\/p>\n\n\n\n<p>O bicampe\u00e3o da prova n\u00e3o resistiu aos ferimentos sofridos em um acidente na \u00faltima especial do Sert\u00f5es 2020. Tunico Maciel sofreu um grave acidente enquanto lutava pela vit\u00f3ria no Sert\u00f5es no \u00faltimo s\u00e1bado, a caminho de Barreirinhas, sendo socorrido primeiramente por\u00a0Ricardo Martins, da Yamaha, que venceu o rali, e depois por outros 19 pilotos que pararam para resgat\u00e1-lo. <\/p>\n\n\n\n<p>Em seguida, foi encaminhado para a capital maranhense e internado no UDI, onde morreu no in\u00edcio da tarde desta segunda-feira. <\/p>\n\n\n\n<p>\u00c0 fam\u00edlia, companheiros de trabalho e aos amigos mais pr\u00f3ximos de Tunico, a nossa solidariedade e as nossas ora\u00e7\u00f5es.<\/p>\n\n\n\n<p>A Familia Sert\u00f5es est\u00e1 de luto.<\/p>\n","protected":false},"excerpt":{"rendered":"<p>Tunico Maciel, que conquistou dois t\u00edtulos da categoria motos, n\u00e3o resistiu aos ferimentos ap\u00f3s acidente na \u00faltima etapa da prova [&hellip;]<\/p>\n","protected":false},"author":0,"featured_media":0,"comment_status":"open","ping_status":"open","sticky":false,"template":"","format":"standard","meta":{"site-sidebar-layout":"default","site-content-layout":"","ast-site-content-layout":"default","site-content-style":"default","site-sidebar-style":"default","ast-global-header-display":"","ast-banner-title-visibility":"","ast-main-header-display":"","ast-hfb-above-header-display":"","ast-hfb-below-header-display":"","ast-hfb-mobile-header-display":"","site-post-title":"","ast-breadcrumbs-content":"","ast-featured-img":"","footer-sml-layout":"","ast-disable-related-posts":"","theme-transparent-header-meta":"","adv-header-id-meta":"","stick-header-meta":"","header-above-stick-meta":"","header-main-stick-meta":"","header-below-stick-meta":"","astra-migrate-meta-layouts":"default","ast-page-background-enabled":"default","ast-page-background-meta":{"desktop":{"background-color":"var(--ast-global-color-5)","background-image":"","background-repeat":"repeat","background-position":"center center","background-size":"auto","background-attachment":"scroll","background-type":"","background-media":"","overlay-type":"","overlay-color":"","overlay-opacity":"","overlay-gradient":""},"tablet":{"background-color":"","background-image":"","background-repeat":"repeat","background-position":"center center","background-size":"auto","background-attachment":"scroll","background-type":"","background-media":"","overlay-type":"","overlay-color":"","overlay-opacity":"","overlay-gradient":""},"mobile":{"background-color":"","background-image":"","background-repeat":"repeat","background-position":"center center","background-size":"auto","background-attachment":"scroll","background-type":"","background-media":"","overlay-type":"","overlay-color":"","overlay-opacity":"","overlay-gradient":""}},"ast-content-background-meta":{"desktop":{"background-color":"var(--ast-global-color-4)","background-image":"","background-repeat":"repeat","background-position":"center center","background-size":"auto","background-attachment":"scroll","background-type":"","background-media":"","overlay-type":"","overlay-color":"","overlay-opacity":"","overlay-gradient":""},"tablet":{"background-color":"var(--ast-global-color-4)","background-image":"","background-repeat":"repeat","background-position":"center center","background-size":"auto","background-attachment":"scroll","background-type":"","background-media":"","overlay-type":"","overlay-color":"","overlay-opacity":"","overlay-gradient":""},"mobile":{"background-color":"var(--ast-global-color-4)","background-image":"","background-repeat":"repeat","background-position":"center center","background-size":"auto","background-attachment":"scroll","background-type":"","background-media":"","overlay-type":"","overlay-color":"","overlay-opacity":"","overlay-gradient":""}},"footnotes":""},"categories":[1],"tags":[],"class_list":["post-79510","post","type-post","status-publish","format-standard","hentry","category-sem-categoria"],"yoast_head":"<!-- This site is optimized with the Yoast SEO plugin v26.6 - https:\/\/yoast.com\/wordpress\/plugins\/seo\/ -->\n<title>Bicampe\u00e3o do Rally dos Sert\u00f5es que sofreu acidente em Barreirinhas morre no UDI Hospital, em S\u00e3o Lu\u00eds - Daniel Matos<\/title>\n<meta name=\"robots\" content=\"index, follow, max-snippet:-1, max-image-preview:large, max-video-preview:-1\" \/>\n<link rel=\"canonical\" href=\"https:\/\/www.blogsoestado.com\/danielmatos\/bicampeao-do-rally-dos-sertoes-que-sofreu-acidente-em-barreirinhas-morre-no-udi-hospital-em-sao-luis\/\" \/>\n<meta property=\"og:locale\" content=\"pt_BR\" \/>\n<meta property=\"og:type\" content=\"article\" \/>\n<meta property=\"og:title\" content=\"Bicampe\u00e3o do Rally dos Sert\u00f5es que sofreu acidente em Barreirinhas morre no UDI Hospital, em S\u00e3o Lu\u00eds - Daniel Matos\" \/>\n<meta property=\"og:description\" content=\"Tunico Maciel, que conquistou dois t\u00edtulos da categoria motos, n\u00e3o resistiu aos ferimentos ap\u00f3s acidente na \u00faltima etapa da prova [&hellip;]\" \/>\n<meta property=\"og:url\" content=\"https:\/\/www.blogsoestado.com\/danielmatos\/bicampeao-do-rally-dos-sertoes-que-sofreu-acidente-em-barreirinhas-morre-no-udi-hospital-em-sao-luis\/\" \/>\n<meta property=\"og:site_name\" content=\"Daniel Matos\" \/>\n<meta property=\"article:published_time\" content=\"2020-11-09T18:46:42+00:00\" \/>\n<meta property=\"og:image\" content=\"https:\/\/www.blogsoestado.com\/danielmatos\/files\/2020\/11\/385739_954414_tunico_pb_1mb-1024x699.jpg\" \/>\n<meta name=\"twitter:card\" content=\"summary_large_image\" \/>\n<meta name=\"twitter:label1\" content=\"Est. tempo de leitura\" \/>\n\t<meta name=\"twitter:data1\" content=\"1 minuto\" \/>\n<script type=\"application\/ld+json\" class=\"yoast-schema-graph\">{\"@context\":\"https:\/\/schema.org\",\"@graph\":[{\"@type\":\"WebPage\",\"@id\":\"https:\/\/www.blogsoestado.com\/danielmatos\/bicampeao-do-rally-dos-sertoes-que-sofreu-acidente-em-barreirinhas-morre-no-udi-hospital-em-sao-luis\/\",\"url\":\"https:\/\/www.blogsoestado.com\/danielmatos\/bicampeao-do-rally-dos-sertoes-que-sofreu-acidente-em-barreirinhas-morre-no-udi-hospital-em-sao-luis\/\",\"name\":\"Bicampe\u00e3o do Rally dos Sert\u00f5es que sofreu acidente em Barreirinhas morre no UDI Hospital, em S\u00e3o Lu\u00eds - Daniel Matos\",\"isPartOf\":{\"@id\":\"https:\/\/www.blogsoestado.com\/danielmatos\/#website\"},\"primaryImageOfPage\":{\"@id\":\"https:\/\/www.blogsoestado.com\/danielmatos\/bicampeao-do-rally-dos-sertoes-que-sofreu-acidente-em-barreirinhas-morre-no-udi-hospital-em-sao-luis\/#primaryimage\"},\"image\":{\"@id\":\"https:\/\/www.blogsoestado.com\/danielmatos\/bicampeao-do-rally-dos-sertoes-que-sofreu-acidente-em-barreirinhas-morre-no-udi-hospital-em-sao-luis\/#primaryimage\"},\"thumbnailUrl\":\"https:\/\/www.blogsoestado.com\/danielmatos\/files\/2020\/11\/385739_954414_tunico_pb_1mb-1024x699.jpg\",\"datePublished\":\"2020-11-09T18:46:42+00:00\",\"author\":{\"@id\":\"\"},\"breadcrumb\":{\"@id\":\"https:\/\/www.blogsoestado.com\/danielmatos\/bicampeao-do-rally-dos-sertoes-que-sofreu-acidente-em-barreirinhas-morre-no-udi-hospital-em-sao-luis\/#breadcrumb\"},\"inLanguage\":\"pt-BR\",\"potentialAction\":[{\"@type\":\"ReadAction\",\"target\":[\"https:\/\/www.blogsoestado.com\/danielmatos\/bicampeao-do-rally-dos-sertoes-que-sofreu-acidente-em-barreirinhas-morre-no-udi-hospital-em-sao-luis\/\"]}]},{\"@type\":\"ImageObject\",\"inLanguage\":\"pt-BR\",\"@id\":\"https:\/\/www.blogsoestado.com\/danielmatos\/bicampeao-do-rally-dos-sertoes-que-sofreu-acidente-em-barreirinhas-morre-no-udi-hospital-em-sao-luis\/#primaryimage\",\"url\":\"https:\/\/www.blogsoestado.com\/danielmatos\/files\/2020\/11\/385739_954414_tunico_pb_1mb-1024x699.jpg\",\"contentUrl\":\"https:\/\/www.blogsoestado.com\/danielmatos\/files\/2020\/11\/385739_954414_tunico_pb_1mb-1024x699.jpg\"},{\"@type\":\"BreadcrumbList\",\"@id\":\"https:\/\/www.blogsoestado.com\/danielmatos\/bicampeao-do-rally-dos-sertoes-que-sofreu-acidente-em-barreirinhas-morre-no-udi-hospital-em-sao-luis\/#breadcrumb\",\"itemListElement\":[{\"@type\":\"ListItem\",\"position\":1,\"name\":\"In\u00edcio\",\"item\":\"https:\/\/www.blogsoestado.com\/danielmatos\/\"},{\"@type\":\"ListItem\",\"position\":2,\"name\":\"Bicampe\u00e3o do Rally dos Sert\u00f5es que sofreu acidente em Barreirinhas morre no UDI Hospital, em S\u00e3o Lu\u00eds\"}]},{\"@type\":\"WebSite\",\"@id\":\"https:\/\/www.blogsoestado.com\/danielmatos\/#website\",\"url\":\"https:\/\/www.blogsoestado.com\/danielmatos\/\",\"name\":\"Daniel Matos\",\"description\":\"\",\"potentialAction\":[{\"@type\":\"SearchAction\",\"target\":{\"@type\":\"EntryPoint\",\"urlTemplate\":\"https:\/\/www.blogsoestado.com\/danielmatos\/?s={search_term_string}\"},\"query-input\":{\"@type\":\"PropertyValueSpecification\",\"valueRequired\":true,\"valueName\":\"search_term_string\"}}],\"inLanguage\":\"pt-BR\"}]}<\/script>\n<!-- \/ Yoast SEO plugin. -->","yoast_head_json":{"title":"Bicampe\u00e3o do Rally dos Sert\u00f5es que sofreu acidente em Barreirinhas morre no UDI Hospital, em S\u00e3o Lu\u00eds - Daniel Matos","robots":{"index":"index","follow":"follow","max-snippet":"max-snippet:-1","max-image-preview":"max-image-preview:large","max-video-preview":"max-video-preview:-1"},"canonical":"https:\/\/www.blogsoestado.com\/danielmatos\/bicampeao-do-rally-dos-sertoes-que-sofreu-acidente-em-barreirinhas-morre-no-udi-hospital-em-sao-luis\/","og_locale":"pt_BR","og_type":"article","og_title":"Bicampe\u00e3o do Rally dos Sert\u00f5es que sofreu acidente em Barreirinhas morre no UDI Hospital, em S\u00e3o Lu\u00eds - Daniel Matos","og_description":"Tunico Maciel, que conquistou dois t\u00edtulos da categoria motos, n\u00e3o resistiu aos ferimentos ap\u00f3s acidente na \u00faltima etapa da prova [&hellip;]","og_url":"https:\/\/www.blogsoestado.com\/danielmatos\/bicampeao-do-rally-dos-sertoes-que-sofreu-acidente-em-barreirinhas-morre-no-udi-hospital-em-sao-luis\/","og_site_name":"Daniel Matos","article_published_time":"2020-11-09T18:46:42+00:00","og_image":[{"url":"https:\/\/www.blogsoestado.com\/danielmatos\/files\/2020\/11\/385739_954414_tunico_pb_1mb-1024x699.jpg","type":"","width":"","height":""}],"twitter_card":"summary_large_image","twitter_misc":{"Est. tempo de leitura":"1 minuto"},"schema":{"@context":"https:\/\/schema.org","@graph":[{"@type":"WebPage","@id":"https:\/\/www.blogsoestado.com\/danielmatos\/bicampeao-do-rally-dos-sertoes-que-sofreu-acidente-em-barreirinhas-morre-no-udi-hospital-em-sao-luis\/","url":"https:\/\/www.blogsoestado.com\/danielmatos\/bicampeao-do-rally-dos-sertoes-que-sofreu-acidente-em-barreirinhas-morre-no-udi-hospital-em-sao-luis\/","name":"Bicampe\u00e3o do Rally dos Sert\u00f5es que sofreu acidente em Barreirinhas morre no UDI Hospital, em S\u00e3o Lu\u00eds - Daniel Matos","isPartOf":{"@id":"https:\/\/www.blogsoestado.com\/danielmatos\/#website"},"primaryImageOfPage":{"@id":"https:\/\/www.blogsoestado.com\/danielmatos\/bicampeao-do-rally-dos-sertoes-que-sofreu-acidente-em-barreirinhas-morre-no-udi-hospital-em-sao-luis\/#primaryimage"},"image":{"@id":"https:\/\/www.blogsoestado.com\/danielmatos\/bicampeao-do-rally-dos-sertoes-que-sofreu-acidente-em-barreirinhas-morre-no-udi-hospital-em-sao-luis\/#primaryimage"},"thumbnailUrl":"https:\/\/www.blogsoestado.com\/danielmatos\/files\/2020\/11\/385739_954414_tunico_pb_1mb-1024x699.jpg","datePublished":"2020-11-09T18:46:42+00:00","author":{"@id":""},"breadcrumb":{"@id":"https:\/\/www.blogsoestado.com\/danielmatos\/bicampeao-do-rally-dos-sertoes-que-sofreu-acidente-em-barreirinhas-morre-no-udi-hospital-em-sao-luis\/#breadcrumb"},"inLanguage":"pt-BR","potentialAction":[{"@type":"ReadAction","target":["https:\/\/www.blogsoestado.com\/danielmatos\/bicampeao-do-rally-dos-sertoes-que-sofreu-acidente-em-barreirinhas-morre-no-udi-hospital-em-sao-luis\/"]}]},{"@type":"ImageObject","inLanguage":"pt-BR","@id":"https:\/\/www.blogsoestado.com\/danielmatos\/bicampeao-do-rally-dos-sertoes-que-sofreu-acidente-em-barreirinhas-morre-no-udi-hospital-em-sao-luis\/#primaryimage","url":"https:\/\/www.blogsoestado.com\/danielmatos\/files\/2020\/11\/385739_954414_tunico_pb_1mb-1024x699.jpg","contentUrl":"https:\/\/www.blogsoestado.com\/danielmatos\/files\/2020\/11\/385739_954414_tunico_pb_1mb-1024x699.jpg"},{"@type":"BreadcrumbList","@id":"https:\/\/www.blogsoestado.com\/danielmatos\/bicampeao-do-rally-dos-sertoes-que-sofreu-acidente-em-barreirinhas-morre-no-udi-hospital-em-sao-luis\/#breadcrumb","itemListElement":[{"@type":"ListItem","position":1,"name":"In\u00edcio","item":"https:\/\/www.blogsoestado.com\/danielmatos\/"},{"@type":"ListItem","position":2,"name":"Bicampe\u00e3o do Rally dos Sert\u00f5es que sofreu acidente em Barreirinhas morre no UDI Hospital, em S\u00e3o Lu\u00eds"}]},{"@type":"WebSite","@id":"https:\/\/www.blogsoestado.com\/danielmatos\/#website","url":"https:\/\/www.blogsoestado.com\/danielmatos\/","name":"Daniel Matos","description":"","potentialAction":[{"@type":"SearchAction","target":{"@type":"EntryPoint","urlTemplate":"https:\/\/www.blogsoestado.com\/danielmatos\/?s={search_term_string}"},"query-input":{"@type":"PropertyValueSpecification","valueRequired":true,"valueName":"search_term_string"}}],"inLanguage":"pt-BR"}]}},"jetpack_featured_media_url":"","_links":{"self":[{"href":"https:\/\/www.blogsoestado.com\/danielmatos\/wp-json\/wp\/v2\/posts\/79510","targetHints":{"allow":["GET"]}}],"collection":[{"href":"https:\/\/www.blogsoestado.com\/danielmatos\/wp-json\/wp\/v2\/posts"}],"about":[{"href":"https:\/\/www.blogsoestado.com\/danielmatos\/wp-json\/wp\/v2\/types\/post"}],"replies":[{"embeddable":true,"href":"https:\/\/www.blogsoestado.com\/danielmatos\/wp-json\/wp\/v2\/comments?post=79510"}],"version-history":[{"count":0,"href":"https:\/\/www.blogsoestado.com\/danielmatos\/wp-json\/wp\/v2\/posts\/79510\/revisions"}],"wp:attachment":[{"href":"https:\/\/www.blogsoestado.com\/danielmatos\/wp-json\/wp\/v2\/media?parent=79510"}],"wp:term":[{"taxonomy":"category","embeddable":true,"href":"https:\/\/www.blogsoestado.com\/danielmatos\/wp-json\/wp\/v2\/categories?post=79510"},{"taxonomy":"post_tag","embeddable":true,"href":"https:\/\/www.blogsoestado.com\/danielmatos\/wp-json\/wp\/v2\/tags?post=79510"}],"curies":[{"name":"wp","href":"https:\/\/api.w.org\/{rel}","templated":true}]}}