{"id":79515,"date":"2020-11-09T16:55:01","date_gmt":"2020-11-09T19:55:01","guid":{"rendered":"https:\/\/www.blogsoestado.com\/danielmatos\/?p=79515"},"modified":"2020-11-09T16:55:01","modified_gmt":"2020-11-09T19:55:01","slug":"campanha-de-yglesio-e-mauro-cesar-cresce-em-adesao-nas-redes-sociais","status":"publish","type":"post","link":"https:\/\/www.blogsoestado.com\/danielmatos\/campanha-de-yglesio-e-mauro-cesar-cresce-em-adesao-nas-redes-sociais\/","title":{"rendered":"Campanha de Ygl\u00e9sio e Mauro Cesar cresce em ades\u00e3o nas redes sociais"},"content":{"rendered":"\n<div class=\"wp-block-image\"><figure class=\"aligncenter size-large\"><img decoding=\"async\" src=\"https:\/\/www.blogsoestado.com\/danielmatos\/files\/2020\/11\/IMG-20201109-WA0186-1024x682.jpg\" alt=\"\" class=\"wp-image-79516\"\/><\/figure><\/div>\n\n\n\n<p>\u00c0 medida em que o dia das elei\u00e7\u00f5es se aproxima, cada vez mais pessoas aderem \u00e0 campanha de Ygl\u00e9sio Moyses (PROS) por meio das redes sociais. Todos os dias, o candidato do PROS e seu candidato a vice-prefeito, o tamb\u00e9m m\u00e9dico Mauro C\u00e9sar, recebem declara\u00e7\u00f5es de apoio de pessoas que foram atingidas pela mensagem da verdade disseminada por meio da campanha, nos debates e nas entrevistas.<\/p>\n\n\n\n<p>\u201cNas redes sociais do pr\u00f3prio Ygl\u00e9sio, as pessoas fazem coment\u00e1rios dizendo que v\u00e3o votar nele, que acompanharam o debate e perceberam que ele \u00e9 o melhor candidato. Nas mensagens de WhatsApp, n\u00f3s recebemos quase que diariamente prints de pessoas que apoiam a nossa campanha que, conversando com seus amigos, recebem mensagens deles dizendo que v\u00e3o votar no Ygl\u00e9sio\u201d, disse Mauro Cesar, candidato a vice-prefeito.<\/p>\n\n\n\n<p>Durante as caminhadas, segundo a ades\u00e3o das pessoas tamb\u00e9m cresce. \u201cNas caminhadas, t\u00eam sido surpreendente a receptividade das pessoas quando encontram, pessoalmente, o candidato Ygl\u00e9sio, eles se identificam, identificam o candidato que viram na TV, fazem elogios, elogiam as propostas, declaram votos espontaneamente\u201d, disse Mauro Cesar, candidato a vice-prefeito pelo Pros.<\/p>\n\n\n\n<p>A tend\u00eancia \u00e9 o crescimento dos candidatos, pois as pessoas j\u00e1 perceberam que eles, mesmo com apenas 16 segundos de tempo de TV, agem e falam com verdade. \u201cExiste uma onda crescente nas redes sociais, atualmente, principalmente pelo bom desempenho nos \u00faltimos debates e isso cresce mais ainda a expetativa da participa\u00e7\u00e3o dele no debate da Difusora\u201d, concluiu o candidato a vice-prefeito da chapa do Pros.<\/p>\n","protected":false},"excerpt":{"rendered":"<p>\u00c0 medida em que o dia das elei\u00e7\u00f5es se aproxima, cada vez mais pessoas aderem \u00e0 campanha de Ygl\u00e9sio Moyses [&hellip;]<\/p>\n","protected":false},"author":0,"featured_media":0,"comment_status":"open","ping_status":"open","sticky":false,"template":"","format":"standard","meta":{"site-sidebar-layout":"default","site-content-layout":"","ast-site-content-layout":"default","site-content-style":"default","site-sidebar-style":"default","ast-global-header-display":"","ast-banner-title-visibility":"","ast-main-header-display":"","ast-hfb-above-header-display":"","ast-hfb-below-header-display":"","ast-hfb-mobile-header-display":"","site-post-title":"","ast-breadcrumbs-content":"","ast-featured-img":"","footer-sml-layout":"","ast-disable-related-posts":"","theme-transparent-header-meta":"","adv-header-id-meta":"","stick-header-meta":"","header-above-stick-meta":"","header-main-stick-meta":"","header-below-stick-meta":"","astra-migrate-meta-layouts":"default","ast-page-background-enabled":"default","ast-page-background-meta":{"desktop":{"background-color":"var(--ast-global-color-5)","background-image":"","background-repeat":"repeat","background-position":"center center","background-size":"auto","background-attachment":"scroll","background-type":"","background-media":"","overlay-type":"","overlay-color":"","overlay-opacity":"","overlay-gradient":""},"tablet":{"background-color":"","background-image":"","background-repeat":"repeat","background-position":"center center","background-size":"auto","background-attachment":"scroll","background-type":"","background-media":"","overlay-type":"","overlay-color":"","overlay-opacity":"","overlay-gradient":""},"mobile":{"background-color":"","background-image":"","background-repeat":"repeat","background-position":"center center","background-size":"auto","background-attachment":"scroll","background-type":"","background-media":"","overlay-type":"","overlay-color":"","overlay-opacity":"","overlay-gradient":""}},"ast-content-background-meta":{"desktop":{"background-color":"var(--ast-global-color-4)","background-image":"","background-repeat":"repeat","background-position":"center center","background-size":"auto","background-attachment":"scroll","background-type":"","background-media":"","overlay-type":"","overlay-color":"","overlay-opacity":"","overlay-gradient":""},"tablet":{"background-color":"var(--ast-global-color-4)","background-image":"","background-repeat":"repeat","background-position":"center center","background-size":"auto","background-attachment":"scroll","background-type":"","background-media":"","overlay-type":"","overlay-color":"","overlay-opacity":"","overlay-gradient":""},"mobile":{"background-color":"var(--ast-global-color-4)","background-image":"","background-repeat":"repeat","background-position":"center center","background-size":"auto","background-attachment":"scroll","background-type":"","background-media":"","overlay-type":"","overlay-color":"","overlay-opacity":"","overlay-gradient":""}},"footnotes":""},"categories":[1],"tags":[],"class_list":["post-79515","post","type-post","status-publish","format-standard","hentry","category-sem-categoria"],"yoast_head":"<!-- This site is optimized with the Yoast SEO plugin v26.6 - https:\/\/yoast.com\/wordpress\/plugins\/seo\/ -->\n<title>Campanha de Ygl\u00e9sio e Mauro Cesar cresce em ades\u00e3o nas redes sociais - Daniel Matos<\/title>\n<meta name=\"robots\" content=\"index, follow, max-snippet:-1, max-image-preview:large, max-video-preview:-1\" \/>\n<link rel=\"canonical\" href=\"https:\/\/www.blogsoestado.com\/danielmatos\/campanha-de-yglesio-e-mauro-cesar-cresce-em-adesao-nas-redes-sociais\/\" \/>\n<meta property=\"og:locale\" content=\"pt_BR\" \/>\n<meta property=\"og:type\" content=\"article\" \/>\n<meta property=\"og:title\" content=\"Campanha de Ygl\u00e9sio e Mauro Cesar cresce em ades\u00e3o nas redes sociais - Daniel Matos\" \/>\n<meta property=\"og:description\" content=\"\u00c0 medida em que o dia das elei\u00e7\u00f5es se aproxima, cada vez mais pessoas aderem \u00e0 campanha de Ygl\u00e9sio Moyses [&hellip;]\" \/>\n<meta property=\"og:url\" content=\"https:\/\/www.blogsoestado.com\/danielmatos\/campanha-de-yglesio-e-mauro-cesar-cresce-em-adesao-nas-redes-sociais\/\" \/>\n<meta property=\"og:site_name\" content=\"Daniel Matos\" \/>\n<meta property=\"article:published_time\" content=\"2020-11-09T19:55:01+00:00\" \/>\n<meta property=\"og:image\" content=\"https:\/\/www.blogsoestado.com\/danielmatos\/files\/2020\/11\/IMG-20201109-WA0186-1024x682.jpg\" \/>\n<meta name=\"twitter:card\" content=\"summary_large_image\" \/>\n<meta name=\"twitter:label1\" content=\"Est. tempo de leitura\" \/>\n\t<meta name=\"twitter:data1\" content=\"1 minuto\" \/>\n<script type=\"application\/ld+json\" class=\"yoast-schema-graph\">{\"@context\":\"https:\/\/schema.org\",\"@graph\":[{\"@type\":\"WebPage\",\"@id\":\"https:\/\/www.blogsoestado.com\/danielmatos\/campanha-de-yglesio-e-mauro-cesar-cresce-em-adesao-nas-redes-sociais\/\",\"url\":\"https:\/\/www.blogsoestado.com\/danielmatos\/campanha-de-yglesio-e-mauro-cesar-cresce-em-adesao-nas-redes-sociais\/\",\"name\":\"Campanha de Ygl\u00e9sio e Mauro Cesar cresce em ades\u00e3o nas redes sociais - Daniel Matos\",\"isPartOf\":{\"@id\":\"https:\/\/www.blogsoestado.com\/danielmatos\/#website\"},\"primaryImageOfPage\":{\"@id\":\"https:\/\/www.blogsoestado.com\/danielmatos\/campanha-de-yglesio-e-mauro-cesar-cresce-em-adesao-nas-redes-sociais\/#primaryimage\"},\"image\":{\"@id\":\"https:\/\/www.blogsoestado.com\/danielmatos\/campanha-de-yglesio-e-mauro-cesar-cresce-em-adesao-nas-redes-sociais\/#primaryimage\"},\"thumbnailUrl\":\"https:\/\/www.blogsoestado.com\/danielmatos\/files\/2020\/11\/IMG-20201109-WA0186-1024x682.jpg\",\"datePublished\":\"2020-11-09T19:55:01+00:00\",\"author\":{\"@id\":\"\"},\"breadcrumb\":{\"@id\":\"https:\/\/www.blogsoestado.com\/danielmatos\/campanha-de-yglesio-e-mauro-cesar-cresce-em-adesao-nas-redes-sociais\/#breadcrumb\"},\"inLanguage\":\"pt-BR\",\"potentialAction\":[{\"@type\":\"ReadAction\",\"target\":[\"https:\/\/www.blogsoestado.com\/danielmatos\/campanha-de-yglesio-e-mauro-cesar-cresce-em-adesao-nas-redes-sociais\/\"]}]},{\"@type\":\"ImageObject\",\"inLanguage\":\"pt-BR\",\"@id\":\"https:\/\/www.blogsoestado.com\/danielmatos\/campanha-de-yglesio-e-mauro-cesar-cresce-em-adesao-nas-redes-sociais\/#primaryimage\",\"url\":\"https:\/\/www.blogsoestado.com\/danielmatos\/files\/2020\/11\/IMG-20201109-WA0186-1024x682.jpg\",\"contentUrl\":\"https:\/\/www.blogsoestado.com\/danielmatos\/files\/2020\/11\/IMG-20201109-WA0186-1024x682.jpg\"},{\"@type\":\"BreadcrumbList\",\"@id\":\"https:\/\/www.blogsoestado.com\/danielmatos\/campanha-de-yglesio-e-mauro-cesar-cresce-em-adesao-nas-redes-sociais\/#breadcrumb\",\"itemListElement\":[{\"@type\":\"ListItem\",\"position\":1,\"name\":\"In\u00edcio\",\"item\":\"https:\/\/www.blogsoestado.com\/danielmatos\/\"},{\"@type\":\"ListItem\",\"position\":2,\"name\":\"Campanha de Ygl\u00e9sio e Mauro Cesar cresce em ades\u00e3o nas redes sociais\"}]},{\"@type\":\"WebSite\",\"@id\":\"https:\/\/www.blogsoestado.com\/danielmatos\/#website\",\"url\":\"https:\/\/www.blogsoestado.com\/danielmatos\/\",\"name\":\"Daniel Matos\",\"description\":\"\",\"potentialAction\":[{\"@type\":\"SearchAction\",\"target\":{\"@type\":\"EntryPoint\",\"urlTemplate\":\"https:\/\/www.blogsoestado.com\/danielmatos\/?s={search_term_string}\"},\"query-input\":{\"@type\":\"PropertyValueSpecification\",\"valueRequired\":true,\"valueName\":\"search_term_string\"}}],\"inLanguage\":\"pt-BR\"}]}<\/script>\n<!-- \/ Yoast SEO plugin. -->","yoast_head_json":{"title":"Campanha de Ygl\u00e9sio e Mauro Cesar cresce em ades\u00e3o nas redes sociais - Daniel Matos","robots":{"index":"index","follow":"follow","max-snippet":"max-snippet:-1","max-image-preview":"max-image-preview:large","max-video-preview":"max-video-preview:-1"},"canonical":"https:\/\/www.blogsoestado.com\/danielmatos\/campanha-de-yglesio-e-mauro-cesar-cresce-em-adesao-nas-redes-sociais\/","og_locale":"pt_BR","og_type":"article","og_title":"Campanha de Ygl\u00e9sio e Mauro Cesar cresce em ades\u00e3o nas redes sociais - Daniel Matos","og_description":"\u00c0 medida em que o dia das elei\u00e7\u00f5es se aproxima, cada vez mais pessoas aderem \u00e0 campanha de Ygl\u00e9sio Moyses [&hellip;]","og_url":"https:\/\/www.blogsoestado.com\/danielmatos\/campanha-de-yglesio-e-mauro-cesar-cresce-em-adesao-nas-redes-sociais\/","og_site_name":"Daniel Matos","article_published_time":"2020-11-09T19:55:01+00:00","og_image":[{"url":"https:\/\/www.blogsoestado.com\/danielmatos\/files\/2020\/11\/IMG-20201109-WA0186-1024x682.jpg","type":"","width":"","height":""}],"twitter_card":"summary_large_image","twitter_misc":{"Est. tempo de leitura":"1 minuto"},"schema":{"@context":"https:\/\/schema.org","@graph":[{"@type":"WebPage","@id":"https:\/\/www.blogsoestado.com\/danielmatos\/campanha-de-yglesio-e-mauro-cesar-cresce-em-adesao-nas-redes-sociais\/","url":"https:\/\/www.blogsoestado.com\/danielmatos\/campanha-de-yglesio-e-mauro-cesar-cresce-em-adesao-nas-redes-sociais\/","name":"Campanha de Ygl\u00e9sio e Mauro Cesar cresce em ades\u00e3o nas redes sociais - Daniel Matos","isPartOf":{"@id":"https:\/\/www.blogsoestado.com\/danielmatos\/#website"},"primaryImageOfPage":{"@id":"https:\/\/www.blogsoestado.com\/danielmatos\/campanha-de-yglesio-e-mauro-cesar-cresce-em-adesao-nas-redes-sociais\/#primaryimage"},"image":{"@id":"https:\/\/www.blogsoestado.com\/danielmatos\/campanha-de-yglesio-e-mauro-cesar-cresce-em-adesao-nas-redes-sociais\/#primaryimage"},"thumbnailUrl":"https:\/\/www.blogsoestado.com\/danielmatos\/files\/2020\/11\/IMG-20201109-WA0186-1024x682.jpg","datePublished":"2020-11-09T19:55:01+00:00","author":{"@id":""},"breadcrumb":{"@id":"https:\/\/www.blogsoestado.com\/danielmatos\/campanha-de-yglesio-e-mauro-cesar-cresce-em-adesao-nas-redes-sociais\/#breadcrumb"},"inLanguage":"pt-BR","potentialAction":[{"@type":"ReadAction","target":["https:\/\/www.blogsoestado.com\/danielmatos\/campanha-de-yglesio-e-mauro-cesar-cresce-em-adesao-nas-redes-sociais\/"]}]},{"@type":"ImageObject","inLanguage":"pt-BR","@id":"https:\/\/www.blogsoestado.com\/danielmatos\/campanha-de-yglesio-e-mauro-cesar-cresce-em-adesao-nas-redes-sociais\/#primaryimage","url":"https:\/\/www.blogsoestado.com\/danielmatos\/files\/2020\/11\/IMG-20201109-WA0186-1024x682.jpg","contentUrl":"https:\/\/www.blogsoestado.com\/danielmatos\/files\/2020\/11\/IMG-20201109-WA0186-1024x682.jpg"},{"@type":"BreadcrumbList","@id":"https:\/\/www.blogsoestado.com\/danielmatos\/campanha-de-yglesio-e-mauro-cesar-cresce-em-adesao-nas-redes-sociais\/#breadcrumb","itemListElement":[{"@type":"ListItem","position":1,"name":"In\u00edcio","item":"https:\/\/www.blogsoestado.com\/danielmatos\/"},{"@type":"ListItem","position":2,"name":"Campanha de Ygl\u00e9sio e Mauro Cesar cresce em ades\u00e3o nas redes sociais"}]},{"@type":"WebSite","@id":"https:\/\/www.blogsoestado.com\/danielmatos\/#website","url":"https:\/\/www.blogsoestado.com\/danielmatos\/","name":"Daniel Matos","description":"","potentialAction":[{"@type":"SearchAction","target":{"@type":"EntryPoint","urlTemplate":"https:\/\/www.blogsoestado.com\/danielmatos\/?s={search_term_string}"},"query-input":{"@type":"PropertyValueSpecification","valueRequired":true,"valueName":"search_term_string"}}],"inLanguage":"pt-BR"}]}},"jetpack_featured_media_url":"","_links":{"self":[{"href":"https:\/\/www.blogsoestado.com\/danielmatos\/wp-json\/wp\/v2\/posts\/79515","targetHints":{"allow":["GET"]}}],"collection":[{"href":"https:\/\/www.blogsoestado.com\/danielmatos\/wp-json\/wp\/v2\/posts"}],"about":[{"href":"https:\/\/www.blogsoestado.com\/danielmatos\/wp-json\/wp\/v2\/types\/post"}],"replies":[{"embeddable":true,"href":"https:\/\/www.blogsoestado.com\/danielmatos\/wp-json\/wp\/v2\/comments?post=79515"}],"version-history":[{"count":0,"href":"https:\/\/www.blogsoestado.com\/danielmatos\/wp-json\/wp\/v2\/posts\/79515\/revisions"}],"wp:attachment":[{"href":"https:\/\/www.blogsoestado.com\/danielmatos\/wp-json\/wp\/v2\/media?parent=79515"}],"wp:term":[{"taxonomy":"category","embeddable":true,"href":"https:\/\/www.blogsoestado.com\/danielmatos\/wp-json\/wp\/v2\/categories?post=79515"},{"taxonomy":"post_tag","embeddable":true,"href":"https:\/\/www.blogsoestado.com\/danielmatos\/wp-json\/wp\/v2\/tags?post=79515"}],"curies":[{"name":"wp","href":"https:\/\/api.w.org\/{rel}","templated":true}]}}