{"id":79541,"date":"2020-11-09T20:10:25","date_gmt":"2020-11-09T23:10:25","guid":{"rendered":"https:\/\/www.blogsoestado.com\/danielmatos\/?p=79541"},"modified":"2020-11-09T20:10:25","modified_gmt":"2020-11-09T23:10:25","slug":"grupo-do-45-se-solidariza-a-delegado-afastado-de-bom-lugar-apos-cumprir-decisao-judicial-que-contrariou-turma-do-65","status":"publish","type":"post","link":"https:\/\/www.blogsoestado.com\/danielmatos\/grupo-do-45-se-solidariza-a-delegado-afastado-de-bom-lugar-apos-cumprir-decisao-judicial-que-contrariou-turma-do-65\/","title":{"rendered":"Grupo do 45 se solidariza a delegado afastado de Bom Lugar ap\u00f3s cumprir decis\u00e3o judicial que contrariou turma do 65"},"content":{"rendered":"\n<div class=\"wp-block-image\"><figure class=\"aligncenter size-large\"><img decoding=\"async\" src=\"https:\/\/www.blogsoestado.com\/danielmatos\/files\/2020\/11\/IMG-20201109-WA0217.jpg\" alt=\"\" class=\"wp-image-79542\"\/><figcaption>Apoiadorea da prefeita Luciene Costa fazem caminhada em localidade de Bom. Lugar<\/figcaption><\/figure><\/div>\n\n\n\n<p>O grupo do 45, liderado pela prefeita de Bom Lugar, Luciene Costa (PSDB), se solidarizou ao delegado Marcelo, afastado do munic\u00edpio por determina\u00e7\u00e3o da Secretaria de Seguran\u00e7a P\u00fablica (SSP) um dia depois de cumprir uma decis\u00e3o judicial que contrariou a coliga\u00e7\u00e3o do 65, que tem como candidata a prefeita Marlene Miranda (PCdoB), esposa do ex-prefeito ineleg\u00edvel Marcos Miranda.<\/p>\n\n\n\n<p>Ap\u00f3s uma grandiosa carreata em apoio \u00e0 campanha \u00e0 reelei\u00e7\u00e3o de Luciene Costa, realizada na noite de domingo (8), centenas de eleitores da prefeita deram uma salva de palmas ao delegado, dispensado 24 horas depois de assumir a miss\u00e3o de coordenar as a\u00e7\u00f5es da Pol\u00edcia Civil da cidade, trabalho que deveria durar 14 dias.<\/p>\n\n\n\n<figure class=\"wp-block-image alignfull size-large\"><img decoding=\"async\" src=\"https:\/\/www.blogsoestado.com\/danielmatos\/files\/2020\/11\/IMG-20201109-WA0219-1024x768.jpg\" alt=\"\" class=\"wp-image-79543\"\/><figcaption>Multid\u00e3o reunida em apoio \u00e0 candidatura  da prefeita Luciene Costa \u00e0 reelei\u00e7\u00e3o<\/figcaption><\/figure>\n\n\n\n<p>O gesto solid\u00e1rio foi uma iniciativa do l\u00edder pol\u00edtico Rog\u00e9rio Costa Pitbull, esposo de Luciene Costa, que reuniu centenas de pessoas ap\u00f3s a carreata para aplaudir o delegado afastado. &#8220;Enquanto nossos advers\u00e1rios vaiam o delegado, eu fa\u00e7o o contr\u00e1rio, e pe\u00e7o uma salva de palmas&#8221;, conclamou Pitbull.<\/p>\n\n\n\n<p>Faltando seis dias para a elei\u00e7\u00e3o, os atos de persegi\u00e7ao, intimida\u00e7\u00e3o e opress\u00e3o cometidos pelo grupo do 65 contra os advers\u00e1rios e at\u00e9 mesmo contra a popula\u00e7\u00e3o tendem a se intensificar. <\/p>\n\n\n\n<p>A presen\u00e7a do delegado poderia trazer paz \u00e0 campanha. Agora, o caminho pode estar livre para mais abusos.<\/p>\n\n\n\n<p>Com a palavra, as autoridades.<\/p>\n\n\n\n<p>Assista:<\/p>\n\n\n\n<figure class=\"wp-block-embed-youtube wp-block-embed is-type-video is-provider-youtube wp-embed-aspect-16-9 wp-has-aspect-ratio\"><div class=\"wp-block-embed__wrapper\">\n<iframe title=\"Grupo do 45 se solidariza a delegado afastado em Bom Lugar\" width=\"500\" height=\"281\" src=\"https:\/\/www.youtube.com\/embed\/S7TsLuaEY4A?feature=oembed\" frameborder=\"0\" allow=\"accelerometer; autoplay; clipboard-write; encrypted-media; gyroscope; picture-in-picture; web-share\" referrerpolicy=\"strict-origin-when-cross-origin\" allowfullscreen><\/iframe>\n<\/div><\/figure>\n","protected":false},"excerpt":{"rendered":"<p>O grupo do 45, liderado pela prefeita de Bom Lugar, Luciene Costa (PSDB), se solidarizou ao delegado Marcelo, afastado do [&hellip;]<\/p>\n","protected":false},"author":0,"featured_media":0,"comment_status":"open","ping_status":"open","sticky":false,"template":"","format":"standard","meta":{"site-sidebar-layout":"default","site-content-layout":"","ast-site-content-layout":"default","site-content-style":"default","site-sidebar-style":"default","ast-global-header-display":"","ast-banner-title-visibility":"","ast-main-header-display":"","ast-hfb-above-header-display":"","ast-hfb-below-header-display":"","ast-hfb-mobile-header-display":"","site-post-title":"","ast-breadcrumbs-content":"","ast-featured-img":"","footer-sml-layout":"","ast-disable-related-posts":"","theme-transparent-header-meta":"","adv-header-id-meta":"","stick-header-meta":"","header-above-stick-meta":"","header-main-stick-meta":"","header-below-stick-meta":"","astra-migrate-meta-layouts":"default","ast-page-background-enabled":"default","ast-page-background-meta":{"desktop":{"background-color":"var(--ast-global-color-5)","background-image":"","background-repeat":"repeat","background-position":"center center","background-size":"auto","background-attachment":"scroll","background-type":"","background-media":"","overlay-type":"","overlay-color":"","overlay-opacity":"","overlay-gradient":""},"tablet":{"background-color":"","background-image":"","background-repeat":"repeat","background-position":"center center","background-size":"auto","background-attachment":"scroll","background-type":"","background-media":"","overlay-type":"","overlay-color":"","overlay-opacity":"","overlay-gradient":""},"mobile":{"background-color":"","background-image":"","background-repeat":"repeat","background-position":"center center","background-size":"auto","background-attachment":"scroll","background-type":"","background-media":"","overlay-type":"","overlay-color":"","overlay-opacity":"","overlay-gradient":""}},"ast-content-background-meta":{"desktop":{"background-color":"var(--ast-global-color-4)","background-image":"","background-repeat":"repeat","background-position":"center center","background-size":"auto","background-attachment":"scroll","background-type":"","background-media":"","overlay-type":"","overlay-color":"","overlay-opacity":"","overlay-gradient":""},"tablet":{"background-color":"var(--ast-global-color-4)","background-image":"","background-repeat":"repeat","background-position":"center center","background-size":"auto","background-attachment":"scroll","background-type":"","background-media":"","overlay-type":"","overlay-color":"","overlay-opacity":"","overlay-gradient":""},"mobile":{"background-color":"var(--ast-global-color-4)","background-image":"","background-repeat":"repeat","background-position":"center center","background-size":"auto","background-attachment":"scroll","background-type":"","background-media":"","overlay-type":"","overlay-color":"","overlay-opacity":"","overlay-gradient":""}},"footnotes":""},"categories":[1],"tags":[],"class_list":["post-79541","post","type-post","status-publish","format-standard","hentry","category-sem-categoria"],"yoast_head":"<!-- This site is optimized with the Yoast SEO plugin v26.6 - https:\/\/yoast.com\/wordpress\/plugins\/seo\/ -->\n<title>Grupo do 45 se solidariza a delegado afastado de Bom Lugar ap\u00f3s cumprir decis\u00e3o judicial que contrariou turma do 65 - Daniel Matos<\/title>\n<meta name=\"robots\" content=\"index, follow, max-snippet:-1, max-image-preview:large, max-video-preview:-1\" \/>\n<link rel=\"canonical\" href=\"https:\/\/www.blogsoestado.com\/danielmatos\/grupo-do-45-se-solidariza-a-delegado-afastado-de-bom-lugar-apos-cumprir-decisao-judicial-que-contrariou-turma-do-65\/\" \/>\n<meta property=\"og:locale\" content=\"pt_BR\" \/>\n<meta property=\"og:type\" content=\"article\" \/>\n<meta property=\"og:title\" content=\"Grupo do 45 se solidariza a delegado afastado de Bom Lugar ap\u00f3s cumprir decis\u00e3o judicial que contrariou turma do 65 - Daniel Matos\" \/>\n<meta property=\"og:description\" content=\"O grupo do 45, liderado pela prefeita de Bom Lugar, Luciene Costa (PSDB), se solidarizou ao delegado Marcelo, afastado do [&hellip;]\" \/>\n<meta property=\"og:url\" content=\"https:\/\/www.blogsoestado.com\/danielmatos\/grupo-do-45-se-solidariza-a-delegado-afastado-de-bom-lugar-apos-cumprir-decisao-judicial-que-contrariou-turma-do-65\/\" \/>\n<meta property=\"og:site_name\" content=\"Daniel Matos\" \/>\n<meta property=\"article:published_time\" content=\"2020-11-09T23:10:25+00:00\" \/>\n<meta property=\"og:image\" content=\"https:\/\/www.blogsoestado.com\/danielmatos\/files\/2020\/11\/IMG-20201109-WA0217.jpg\" \/>\n<meta name=\"twitter:card\" content=\"summary_large_image\" \/>\n<meta name=\"twitter:label1\" content=\"Est. tempo de leitura\" \/>\n\t<meta name=\"twitter:data1\" content=\"1 minuto\" \/>\n<script type=\"application\/ld+json\" class=\"yoast-schema-graph\">{\"@context\":\"https:\/\/schema.org\",\"@graph\":[{\"@type\":\"WebPage\",\"@id\":\"https:\/\/www.blogsoestado.com\/danielmatos\/grupo-do-45-se-solidariza-a-delegado-afastado-de-bom-lugar-apos-cumprir-decisao-judicial-que-contrariou-turma-do-65\/\",\"url\":\"https:\/\/www.blogsoestado.com\/danielmatos\/grupo-do-45-se-solidariza-a-delegado-afastado-de-bom-lugar-apos-cumprir-decisao-judicial-que-contrariou-turma-do-65\/\",\"name\":\"Grupo do 45 se solidariza a delegado afastado de Bom Lugar ap\u00f3s cumprir decis\u00e3o judicial que contrariou turma do 65 - Daniel Matos\",\"isPartOf\":{\"@id\":\"https:\/\/www.blogsoestado.com\/danielmatos\/#website\"},\"primaryImageOfPage\":{\"@id\":\"https:\/\/www.blogsoestado.com\/danielmatos\/grupo-do-45-se-solidariza-a-delegado-afastado-de-bom-lugar-apos-cumprir-decisao-judicial-que-contrariou-turma-do-65\/#primaryimage\"},\"image\":{\"@id\":\"https:\/\/www.blogsoestado.com\/danielmatos\/grupo-do-45-se-solidariza-a-delegado-afastado-de-bom-lugar-apos-cumprir-decisao-judicial-que-contrariou-turma-do-65\/#primaryimage\"},\"thumbnailUrl\":\"https:\/\/www.blogsoestado.com\/danielmatos\/files\/2020\/11\/IMG-20201109-WA0217.jpg\",\"datePublished\":\"2020-11-09T23:10:25+00:00\",\"author\":{\"@id\":\"\"},\"breadcrumb\":{\"@id\":\"https:\/\/www.blogsoestado.com\/danielmatos\/grupo-do-45-se-solidariza-a-delegado-afastado-de-bom-lugar-apos-cumprir-decisao-judicial-que-contrariou-turma-do-65\/#breadcrumb\"},\"inLanguage\":\"pt-BR\",\"potentialAction\":[{\"@type\":\"ReadAction\",\"target\":[\"https:\/\/www.blogsoestado.com\/danielmatos\/grupo-do-45-se-solidariza-a-delegado-afastado-de-bom-lugar-apos-cumprir-decisao-judicial-que-contrariou-turma-do-65\/\"]}]},{\"@type\":\"ImageObject\",\"inLanguage\":\"pt-BR\",\"@id\":\"https:\/\/www.blogsoestado.com\/danielmatos\/grupo-do-45-se-solidariza-a-delegado-afastado-de-bom-lugar-apos-cumprir-decisao-judicial-que-contrariou-turma-do-65\/#primaryimage\",\"url\":\"https:\/\/www.blogsoestado.com\/danielmatos\/files\/2020\/11\/IMG-20201109-WA0217.jpg\",\"contentUrl\":\"https:\/\/www.blogsoestado.com\/danielmatos\/files\/2020\/11\/IMG-20201109-WA0217.jpg\"},{\"@type\":\"BreadcrumbList\",\"@id\":\"https:\/\/www.blogsoestado.com\/danielmatos\/grupo-do-45-se-solidariza-a-delegado-afastado-de-bom-lugar-apos-cumprir-decisao-judicial-que-contrariou-turma-do-65\/#breadcrumb\",\"itemListElement\":[{\"@type\":\"ListItem\",\"position\":1,\"name\":\"In\u00edcio\",\"item\":\"https:\/\/www.blogsoestado.com\/danielmatos\/\"},{\"@type\":\"ListItem\",\"position\":2,\"name\":\"Grupo do 45 se solidariza a delegado afastado de Bom Lugar ap\u00f3s cumprir decis\u00e3o judicial que contrariou turma do 65\"}]},{\"@type\":\"WebSite\",\"@id\":\"https:\/\/www.blogsoestado.com\/danielmatos\/#website\",\"url\":\"https:\/\/www.blogsoestado.com\/danielmatos\/\",\"name\":\"Daniel Matos\",\"description\":\"\",\"potentialAction\":[{\"@type\":\"SearchAction\",\"target\":{\"@type\":\"EntryPoint\",\"urlTemplate\":\"https:\/\/www.blogsoestado.com\/danielmatos\/?s={search_term_string}\"},\"query-input\":{\"@type\":\"PropertyValueSpecification\",\"valueRequired\":true,\"valueName\":\"search_term_string\"}}],\"inLanguage\":\"pt-BR\"}]}<\/script>\n<!-- \/ Yoast SEO plugin. -->","yoast_head_json":{"title":"Grupo do 45 se solidariza a delegado afastado de Bom Lugar ap\u00f3s cumprir decis\u00e3o judicial que contrariou turma do 65 - Daniel Matos","robots":{"index":"index","follow":"follow","max-snippet":"max-snippet:-1","max-image-preview":"max-image-preview:large","max-video-preview":"max-video-preview:-1"},"canonical":"https:\/\/www.blogsoestado.com\/danielmatos\/grupo-do-45-se-solidariza-a-delegado-afastado-de-bom-lugar-apos-cumprir-decisao-judicial-que-contrariou-turma-do-65\/","og_locale":"pt_BR","og_type":"article","og_title":"Grupo do 45 se solidariza a delegado afastado de Bom Lugar ap\u00f3s cumprir decis\u00e3o judicial que contrariou turma do 65 - Daniel Matos","og_description":"O grupo do 45, liderado pela prefeita de Bom Lugar, Luciene Costa (PSDB), se solidarizou ao delegado Marcelo, afastado do [&hellip;]","og_url":"https:\/\/www.blogsoestado.com\/danielmatos\/grupo-do-45-se-solidariza-a-delegado-afastado-de-bom-lugar-apos-cumprir-decisao-judicial-que-contrariou-turma-do-65\/","og_site_name":"Daniel Matos","article_published_time":"2020-11-09T23:10:25+00:00","og_image":[{"url":"https:\/\/www.blogsoestado.com\/danielmatos\/files\/2020\/11\/IMG-20201109-WA0217.jpg","type":"","width":"","height":""}],"twitter_card":"summary_large_image","twitter_misc":{"Est. tempo de leitura":"1 minuto"},"schema":{"@context":"https:\/\/schema.org","@graph":[{"@type":"WebPage","@id":"https:\/\/www.blogsoestado.com\/danielmatos\/grupo-do-45-se-solidariza-a-delegado-afastado-de-bom-lugar-apos-cumprir-decisao-judicial-que-contrariou-turma-do-65\/","url":"https:\/\/www.blogsoestado.com\/danielmatos\/grupo-do-45-se-solidariza-a-delegado-afastado-de-bom-lugar-apos-cumprir-decisao-judicial-que-contrariou-turma-do-65\/","name":"Grupo do 45 se solidariza a delegado afastado de Bom Lugar ap\u00f3s cumprir decis\u00e3o judicial que contrariou turma do 65 - Daniel Matos","isPartOf":{"@id":"https:\/\/www.blogsoestado.com\/danielmatos\/#website"},"primaryImageOfPage":{"@id":"https:\/\/www.blogsoestado.com\/danielmatos\/grupo-do-45-se-solidariza-a-delegado-afastado-de-bom-lugar-apos-cumprir-decisao-judicial-que-contrariou-turma-do-65\/#primaryimage"},"image":{"@id":"https:\/\/www.blogsoestado.com\/danielmatos\/grupo-do-45-se-solidariza-a-delegado-afastado-de-bom-lugar-apos-cumprir-decisao-judicial-que-contrariou-turma-do-65\/#primaryimage"},"thumbnailUrl":"https:\/\/www.blogsoestado.com\/danielmatos\/files\/2020\/11\/IMG-20201109-WA0217.jpg","datePublished":"2020-11-09T23:10:25+00:00","author":{"@id":""},"breadcrumb":{"@id":"https:\/\/www.blogsoestado.com\/danielmatos\/grupo-do-45-se-solidariza-a-delegado-afastado-de-bom-lugar-apos-cumprir-decisao-judicial-que-contrariou-turma-do-65\/#breadcrumb"},"inLanguage":"pt-BR","potentialAction":[{"@type":"ReadAction","target":["https:\/\/www.blogsoestado.com\/danielmatos\/grupo-do-45-se-solidariza-a-delegado-afastado-de-bom-lugar-apos-cumprir-decisao-judicial-que-contrariou-turma-do-65\/"]}]},{"@type":"ImageObject","inLanguage":"pt-BR","@id":"https:\/\/www.blogsoestado.com\/danielmatos\/grupo-do-45-se-solidariza-a-delegado-afastado-de-bom-lugar-apos-cumprir-decisao-judicial-que-contrariou-turma-do-65\/#primaryimage","url":"https:\/\/www.blogsoestado.com\/danielmatos\/files\/2020\/11\/IMG-20201109-WA0217.jpg","contentUrl":"https:\/\/www.blogsoestado.com\/danielmatos\/files\/2020\/11\/IMG-20201109-WA0217.jpg"},{"@type":"BreadcrumbList","@id":"https:\/\/www.blogsoestado.com\/danielmatos\/grupo-do-45-se-solidariza-a-delegado-afastado-de-bom-lugar-apos-cumprir-decisao-judicial-que-contrariou-turma-do-65\/#breadcrumb","itemListElement":[{"@type":"ListItem","position":1,"name":"In\u00edcio","item":"https:\/\/www.blogsoestado.com\/danielmatos\/"},{"@type":"ListItem","position":2,"name":"Grupo do 45 se solidariza a delegado afastado de Bom Lugar ap\u00f3s cumprir decis\u00e3o judicial que contrariou turma do 65"}]},{"@type":"WebSite","@id":"https:\/\/www.blogsoestado.com\/danielmatos\/#website","url":"https:\/\/www.blogsoestado.com\/danielmatos\/","name":"Daniel Matos","description":"","potentialAction":[{"@type":"SearchAction","target":{"@type":"EntryPoint","urlTemplate":"https:\/\/www.blogsoestado.com\/danielmatos\/?s={search_term_string}"},"query-input":{"@type":"PropertyValueSpecification","valueRequired":true,"valueName":"search_term_string"}}],"inLanguage":"pt-BR"}]}},"jetpack_featured_media_url":"","_links":{"self":[{"href":"https:\/\/www.blogsoestado.com\/danielmatos\/wp-json\/wp\/v2\/posts\/79541","targetHints":{"allow":["GET"]}}],"collection":[{"href":"https:\/\/www.blogsoestado.com\/danielmatos\/wp-json\/wp\/v2\/posts"}],"about":[{"href":"https:\/\/www.blogsoestado.com\/danielmatos\/wp-json\/wp\/v2\/types\/post"}],"replies":[{"embeddable":true,"href":"https:\/\/www.blogsoestado.com\/danielmatos\/wp-json\/wp\/v2\/comments?post=79541"}],"version-history":[{"count":0,"href":"https:\/\/www.blogsoestado.com\/danielmatos\/wp-json\/wp\/v2\/posts\/79541\/revisions"}],"wp:attachment":[{"href":"https:\/\/www.blogsoestado.com\/danielmatos\/wp-json\/wp\/v2\/media?parent=79541"}],"wp:term":[{"taxonomy":"category","embeddable":true,"href":"https:\/\/www.blogsoestado.com\/danielmatos\/wp-json\/wp\/v2\/categories?post=79541"},{"taxonomy":"post_tag","embeddable":true,"href":"https:\/\/www.blogsoestado.com\/danielmatos\/wp-json\/wp\/v2\/tags?post=79541"}],"curies":[{"name":"wp","href":"https:\/\/api.w.org\/{rel}","templated":true}]}}