{"id":79548,"date":"2020-11-09T21:05:53","date_gmt":"2020-11-10T00:05:53","guid":{"rendered":"https:\/\/www.blogsoestado.com\/danielmatos\/?p=79548"},"modified":"2020-11-09T21:05:53","modified_gmt":"2020-11-10T00:05:53","slug":"mp-eleitoral-e-contra-sentenca-que-defere-candidatura-de-julinho-em-sao-jose-de-ribamar","status":"publish","type":"post","link":"https:\/\/www.blogsoestado.com\/danielmatos\/mp-eleitoral-e-contra-sentenca-que-defere-candidatura-de-julinho-em-sao-jose-de-ribamar\/","title":{"rendered":"MP Eleitoral \u00e9 contra senten\u00e7a que defere candidatura de Julinho em S\u00e3o Jos\u00e9 de Ribamar"},"content":{"rendered":"\n<h2 class=\"has-vivid-red-color has-text-color wp-block-heading\"><em>O candidato teve contas rejeitadas no Tribunal de Contas do Maranh\u00e3o por diversas irregularidades e \u00e9 ficha suja, segundo procurador<\/em><\/h2>\n\n\n\n<div class=\"wp-block-image\"><figure class=\"alignright size-large\"><img decoding=\"async\" src=\"https:\/\/www.blogsoestado.com\/danielmatos\/files\/2020\/09\/julinho-1-e1475022385124-230x300-1.jpg\" alt=\"\" class=\"wp-image-77847\"\/><figcaption>Para O MP Eleitoral, reforma da decis\u00e3o<br>do TCE que havia reprovado as contas de<br>Julinho fere a Constitui\u00e7\u00e3o<\/figcaption><\/figure><\/div>\n\n\n\n<p>O Minist\u00e9rio P\u00fablico (MP) Eleitoral emitiu parecer contr\u00e1rio \u00e0 senten\u00e7a que deferiu o requerimento de registro de candidatura de J\u00falio C\u00e9sar de Sousa Matos no munic\u00edpio de S\u00e3o Jose de Ribamar, em raz\u00e3o da exist\u00eancia de diversas contas do candidato rejeitadas pelo Tribunal de Contas do Estado do Maranh\u00e3o (TCE\/MA), al\u00e9m da falta de provas em rela\u00e7\u00e3o a desincompatibiliza\u00e7\u00e3o de seus v\u00ednculos funcionais.<\/p>\n\n\n\n<p>De acordo com a manifesta\u00e7\u00e3o, o candidato foi gestor da Maternidade Benedito Leite no ano de 2006, tendo suas contas reprovadas por diversas irregularidades, como descumprimento da Lei de Licita\u00e7\u00f5es e danos ao er\u00e1rio, no Processo n\u00ba 2658\/2007-TCE, por meio do ac\u00f3rd\u00e3o PL-TCE n.\u00ba 123\/2012, publicado em 2014.<\/p>\n\n\n\n<p>Com a rejei\u00e7\u00e3o dos embargos de declara\u00e7\u00e3o, houve o tr\u00e2nsito em julgado da decis\u00e3o da Corte de Contas. No entanto, em 2020, a Corte alterou o resultado do julgamento e considerou as contas do candidato regulares com ressalvas.<\/p>\n\n\n\n<p><strong>Inconstitucional<\/strong><\/p>\n\n\n\n<p>Segundo o MP Eleitoral, a validade do ato de reformar a decis\u00e3o anterior da qual n\u00e3o caberia mais qualquer recurso administrativo deve ser questionada, pois contraria, tamb\u00e9m, princ\u00edpios basilares da Constitui\u00e7\u00e3o de 1988, como do devido processo legal e da seguran\u00e7a jur\u00eddica.<\/p>\n\n\n\n<p>Assim, o MP Eleitoral afirma que o caso \u00e9 de reforma da senten\u00e7a e indeferimento do requerimento de registro, com base na rejei\u00e7\u00e3o das contas pelo TCE\/MA e na hip\u00f3tese de inelegibilidade do candidato.<\/p>\n\n\n\n<p>Para o Procurador Regional Eleitoral, Juraci Guimar\u00e3es, \u201co Minist\u00e9rio P\u00fablico Eleitoral est\u00e1 se posicionando contra as decis\u00f5es do TCE e do TJ que, \u00e0s v\u00e9speras das elei\u00e7\u00f5es, derrubam contas rejeitadas que tornam candidatos ineleg\u00edveis. N\u00e3o se pode aceitar que candidatos que s\u00e3o fichas sujas consigam decis\u00f5es que possibilitem concorrer nas elei\u00e7\u00f5es\u201d, finalizou.<\/p>\n\n\n\n<p><strong>Fonte<\/strong>: Minist\u00e9rio P\u00fablico Federal (MPF)<\/p>\n","protected":false},"excerpt":{"rendered":"<p>O candidato teve contas rejeitadas no Tribunal de Contas do Maranh\u00e3o por diversas irregularidades e \u00e9 ficha suja, segundo procurador [&hellip;]<\/p>\n","protected":false},"author":0,"featured_media":0,"comment_status":"open","ping_status":"open","sticky":false,"template":"","format":"standard","meta":{"site-sidebar-layout":"default","site-content-layout":"","ast-site-content-layout":"default","site-content-style":"default","site-sidebar-style":"default","ast-global-header-display":"","ast-banner-title-visibility":"","ast-main-header-display":"","ast-hfb-above-header-display":"","ast-hfb-below-header-display":"","ast-hfb-mobile-header-display":"","site-post-title":"","ast-breadcrumbs-content":"","ast-featured-img":"","footer-sml-layout":"","ast-disable-related-posts":"","theme-transparent-header-meta":"","adv-header-id-meta":"","stick-header-meta":"","header-above-stick-meta":"","header-main-stick-meta":"","header-below-stick-meta":"","astra-migrate-meta-layouts":"default","ast-page-background-enabled":"default","ast-page-background-meta":{"desktop":{"background-color":"var(--ast-global-color-5)","background-image":"","background-repeat":"repeat","background-position":"center center","background-size":"auto","background-attachment":"scroll","background-type":"","background-media":"","overlay-type":"","overlay-color":"","overlay-opacity":"","overlay-gradient":""},"tablet":{"background-color":"","background-image":"","background-repeat":"repeat","background-position":"center center","background-size":"auto","background-attachment":"scroll","background-type":"","background-media":"","overlay-type":"","overlay-color":"","overlay-opacity":"","overlay-gradient":""},"mobile":{"background-color":"","background-image":"","background-repeat":"repeat","background-position":"center center","background-size":"auto","background-attachment":"scroll","background-type":"","background-media":"","overlay-type":"","overlay-color":"","overlay-opacity":"","overlay-gradient":""}},"ast-content-background-meta":{"desktop":{"background-color":"var(--ast-global-color-4)","background-image":"","background-repeat":"repeat","background-position":"center center","background-size":"auto","background-attachment":"scroll","background-type":"","background-media":"","overlay-type":"","overlay-color":"","overlay-opacity":"","overlay-gradient":""},"tablet":{"background-color":"var(--ast-global-color-4)","background-image":"","background-repeat":"repeat","background-position":"center center","background-size":"auto","background-attachment":"scroll","background-type":"","background-media":"","overlay-type":"","overlay-color":"","overlay-opacity":"","overlay-gradient":""},"mobile":{"background-color":"var(--ast-global-color-4)","background-image":"","background-repeat":"repeat","background-position":"center center","background-size":"auto","background-attachment":"scroll","background-type":"","background-media":"","overlay-type":"","overlay-color":"","overlay-opacity":"","overlay-gradient":""}},"footnotes":""},"categories":[1],"tags":[],"class_list":["post-79548","post","type-post","status-publish","format-standard","hentry","category-sem-categoria"],"yoast_head":"<!-- This site is optimized with the Yoast SEO plugin v26.6 - https:\/\/yoast.com\/wordpress\/plugins\/seo\/ -->\n<title>MP Eleitoral \u00e9 contra senten\u00e7a que defere candidatura de Julinho em S\u00e3o Jos\u00e9 de Ribamar - Daniel Matos<\/title>\n<meta name=\"robots\" content=\"index, follow, max-snippet:-1, max-image-preview:large, max-video-preview:-1\" \/>\n<link rel=\"canonical\" href=\"https:\/\/www.blogsoestado.com\/danielmatos\/mp-eleitoral-e-contra-sentenca-que-defere-candidatura-de-julinho-em-sao-jose-de-ribamar\/\" \/>\n<meta property=\"og:locale\" content=\"pt_BR\" \/>\n<meta property=\"og:type\" content=\"article\" \/>\n<meta property=\"og:title\" content=\"MP Eleitoral \u00e9 contra senten\u00e7a que defere candidatura de Julinho em S\u00e3o Jos\u00e9 de Ribamar - Daniel Matos\" \/>\n<meta property=\"og:description\" content=\"O candidato teve contas rejeitadas no Tribunal de Contas do Maranh\u00e3o por diversas irregularidades e \u00e9 ficha suja, segundo procurador [&hellip;]\" \/>\n<meta property=\"og:url\" content=\"https:\/\/www.blogsoestado.com\/danielmatos\/mp-eleitoral-e-contra-sentenca-que-defere-candidatura-de-julinho-em-sao-jose-de-ribamar\/\" \/>\n<meta property=\"og:site_name\" content=\"Daniel Matos\" \/>\n<meta property=\"article:published_time\" content=\"2020-11-10T00:05:53+00:00\" \/>\n<meta property=\"og:image\" content=\"https:\/\/www.blogsoestado.com\/danielmatos\/files\/2020\/09\/julinho-1-e1475022385124-230x300-1.jpg\" \/>\n<meta name=\"twitter:card\" content=\"summary_large_image\" \/>\n<meta name=\"twitter:label1\" content=\"Est. tempo de leitura\" \/>\n\t<meta name=\"twitter:data1\" content=\"2 minutos\" \/>\n<script type=\"application\/ld+json\" class=\"yoast-schema-graph\">{\"@context\":\"https:\/\/schema.org\",\"@graph\":[{\"@type\":\"WebPage\",\"@id\":\"https:\/\/www.blogsoestado.com\/danielmatos\/mp-eleitoral-e-contra-sentenca-que-defere-candidatura-de-julinho-em-sao-jose-de-ribamar\/\",\"url\":\"https:\/\/www.blogsoestado.com\/danielmatos\/mp-eleitoral-e-contra-sentenca-que-defere-candidatura-de-julinho-em-sao-jose-de-ribamar\/\",\"name\":\"MP Eleitoral \u00e9 contra senten\u00e7a que defere candidatura de Julinho em S\u00e3o Jos\u00e9 de Ribamar - Daniel Matos\",\"isPartOf\":{\"@id\":\"https:\/\/www.blogsoestado.com\/danielmatos\/#website\"},\"primaryImageOfPage\":{\"@id\":\"https:\/\/www.blogsoestado.com\/danielmatos\/mp-eleitoral-e-contra-sentenca-que-defere-candidatura-de-julinho-em-sao-jose-de-ribamar\/#primaryimage\"},\"image\":{\"@id\":\"https:\/\/www.blogsoestado.com\/danielmatos\/mp-eleitoral-e-contra-sentenca-que-defere-candidatura-de-julinho-em-sao-jose-de-ribamar\/#primaryimage\"},\"thumbnailUrl\":\"https:\/\/www.blogsoestado.com\/danielmatos\/files\/2020\/09\/julinho-1-e1475022385124-230x300-1.jpg\",\"datePublished\":\"2020-11-10T00:05:53+00:00\",\"author\":{\"@id\":\"\"},\"breadcrumb\":{\"@id\":\"https:\/\/www.blogsoestado.com\/danielmatos\/mp-eleitoral-e-contra-sentenca-que-defere-candidatura-de-julinho-em-sao-jose-de-ribamar\/#breadcrumb\"},\"inLanguage\":\"pt-BR\",\"potentialAction\":[{\"@type\":\"ReadAction\",\"target\":[\"https:\/\/www.blogsoestado.com\/danielmatos\/mp-eleitoral-e-contra-sentenca-que-defere-candidatura-de-julinho-em-sao-jose-de-ribamar\/\"]}]},{\"@type\":\"ImageObject\",\"inLanguage\":\"pt-BR\",\"@id\":\"https:\/\/www.blogsoestado.com\/danielmatos\/mp-eleitoral-e-contra-sentenca-que-defere-candidatura-de-julinho-em-sao-jose-de-ribamar\/#primaryimage\",\"url\":\"https:\/\/www.blogsoestado.com\/danielmatos\/files\/2020\/09\/julinho-1-e1475022385124-230x300-1.jpg\",\"contentUrl\":\"https:\/\/www.blogsoestado.com\/danielmatos\/files\/2020\/09\/julinho-1-e1475022385124-230x300-1.jpg\"},{\"@type\":\"BreadcrumbList\",\"@id\":\"https:\/\/www.blogsoestado.com\/danielmatos\/mp-eleitoral-e-contra-sentenca-que-defere-candidatura-de-julinho-em-sao-jose-de-ribamar\/#breadcrumb\",\"itemListElement\":[{\"@type\":\"ListItem\",\"position\":1,\"name\":\"In\u00edcio\",\"item\":\"https:\/\/www.blogsoestado.com\/danielmatos\/\"},{\"@type\":\"ListItem\",\"position\":2,\"name\":\"MP Eleitoral \u00e9 contra senten\u00e7a que defere candidatura de Julinho em S\u00e3o Jos\u00e9 de Ribamar\"}]},{\"@type\":\"WebSite\",\"@id\":\"https:\/\/www.blogsoestado.com\/danielmatos\/#website\",\"url\":\"https:\/\/www.blogsoestado.com\/danielmatos\/\",\"name\":\"Daniel Matos\",\"description\":\"\",\"potentialAction\":[{\"@type\":\"SearchAction\",\"target\":{\"@type\":\"EntryPoint\",\"urlTemplate\":\"https:\/\/www.blogsoestado.com\/danielmatos\/?s={search_term_string}\"},\"query-input\":{\"@type\":\"PropertyValueSpecification\",\"valueRequired\":true,\"valueName\":\"search_term_string\"}}],\"inLanguage\":\"pt-BR\"}]}<\/script>\n<!-- \/ Yoast SEO plugin. -->","yoast_head_json":{"title":"MP Eleitoral \u00e9 contra senten\u00e7a que defere candidatura de Julinho em S\u00e3o Jos\u00e9 de Ribamar - Daniel Matos","robots":{"index":"index","follow":"follow","max-snippet":"max-snippet:-1","max-image-preview":"max-image-preview:large","max-video-preview":"max-video-preview:-1"},"canonical":"https:\/\/www.blogsoestado.com\/danielmatos\/mp-eleitoral-e-contra-sentenca-que-defere-candidatura-de-julinho-em-sao-jose-de-ribamar\/","og_locale":"pt_BR","og_type":"article","og_title":"MP Eleitoral \u00e9 contra senten\u00e7a que defere candidatura de Julinho em S\u00e3o Jos\u00e9 de Ribamar - Daniel Matos","og_description":"O candidato teve contas rejeitadas no Tribunal de Contas do Maranh\u00e3o por diversas irregularidades e \u00e9 ficha suja, segundo procurador [&hellip;]","og_url":"https:\/\/www.blogsoestado.com\/danielmatos\/mp-eleitoral-e-contra-sentenca-que-defere-candidatura-de-julinho-em-sao-jose-de-ribamar\/","og_site_name":"Daniel Matos","article_published_time":"2020-11-10T00:05:53+00:00","og_image":[{"url":"https:\/\/www.blogsoestado.com\/danielmatos\/files\/2020\/09\/julinho-1-e1475022385124-230x300-1.jpg","type":"","width":"","height":""}],"twitter_card":"summary_large_image","twitter_misc":{"Est. tempo de leitura":"2 minutos"},"schema":{"@context":"https:\/\/schema.org","@graph":[{"@type":"WebPage","@id":"https:\/\/www.blogsoestado.com\/danielmatos\/mp-eleitoral-e-contra-sentenca-que-defere-candidatura-de-julinho-em-sao-jose-de-ribamar\/","url":"https:\/\/www.blogsoestado.com\/danielmatos\/mp-eleitoral-e-contra-sentenca-que-defere-candidatura-de-julinho-em-sao-jose-de-ribamar\/","name":"MP Eleitoral \u00e9 contra senten\u00e7a que defere candidatura de Julinho em S\u00e3o Jos\u00e9 de Ribamar - Daniel Matos","isPartOf":{"@id":"https:\/\/www.blogsoestado.com\/danielmatos\/#website"},"primaryImageOfPage":{"@id":"https:\/\/www.blogsoestado.com\/danielmatos\/mp-eleitoral-e-contra-sentenca-que-defere-candidatura-de-julinho-em-sao-jose-de-ribamar\/#primaryimage"},"image":{"@id":"https:\/\/www.blogsoestado.com\/danielmatos\/mp-eleitoral-e-contra-sentenca-que-defere-candidatura-de-julinho-em-sao-jose-de-ribamar\/#primaryimage"},"thumbnailUrl":"https:\/\/www.blogsoestado.com\/danielmatos\/files\/2020\/09\/julinho-1-e1475022385124-230x300-1.jpg","datePublished":"2020-11-10T00:05:53+00:00","author":{"@id":""},"breadcrumb":{"@id":"https:\/\/www.blogsoestado.com\/danielmatos\/mp-eleitoral-e-contra-sentenca-que-defere-candidatura-de-julinho-em-sao-jose-de-ribamar\/#breadcrumb"},"inLanguage":"pt-BR","potentialAction":[{"@type":"ReadAction","target":["https:\/\/www.blogsoestado.com\/danielmatos\/mp-eleitoral-e-contra-sentenca-que-defere-candidatura-de-julinho-em-sao-jose-de-ribamar\/"]}]},{"@type":"ImageObject","inLanguage":"pt-BR","@id":"https:\/\/www.blogsoestado.com\/danielmatos\/mp-eleitoral-e-contra-sentenca-que-defere-candidatura-de-julinho-em-sao-jose-de-ribamar\/#primaryimage","url":"https:\/\/www.blogsoestado.com\/danielmatos\/files\/2020\/09\/julinho-1-e1475022385124-230x300-1.jpg","contentUrl":"https:\/\/www.blogsoestado.com\/danielmatos\/files\/2020\/09\/julinho-1-e1475022385124-230x300-1.jpg"},{"@type":"BreadcrumbList","@id":"https:\/\/www.blogsoestado.com\/danielmatos\/mp-eleitoral-e-contra-sentenca-que-defere-candidatura-de-julinho-em-sao-jose-de-ribamar\/#breadcrumb","itemListElement":[{"@type":"ListItem","position":1,"name":"In\u00edcio","item":"https:\/\/www.blogsoestado.com\/danielmatos\/"},{"@type":"ListItem","position":2,"name":"MP Eleitoral \u00e9 contra senten\u00e7a que defere candidatura de Julinho em S\u00e3o Jos\u00e9 de Ribamar"}]},{"@type":"WebSite","@id":"https:\/\/www.blogsoestado.com\/danielmatos\/#website","url":"https:\/\/www.blogsoestado.com\/danielmatos\/","name":"Daniel Matos","description":"","potentialAction":[{"@type":"SearchAction","target":{"@type":"EntryPoint","urlTemplate":"https:\/\/www.blogsoestado.com\/danielmatos\/?s={search_term_string}"},"query-input":{"@type":"PropertyValueSpecification","valueRequired":true,"valueName":"search_term_string"}}],"inLanguage":"pt-BR"}]}},"jetpack_featured_media_url":"","_links":{"self":[{"href":"https:\/\/www.blogsoestado.com\/danielmatos\/wp-json\/wp\/v2\/posts\/79548","targetHints":{"allow":["GET"]}}],"collection":[{"href":"https:\/\/www.blogsoestado.com\/danielmatos\/wp-json\/wp\/v2\/posts"}],"about":[{"href":"https:\/\/www.blogsoestado.com\/danielmatos\/wp-json\/wp\/v2\/types\/post"}],"replies":[{"embeddable":true,"href":"https:\/\/www.blogsoestado.com\/danielmatos\/wp-json\/wp\/v2\/comments?post=79548"}],"version-history":[{"count":0,"href":"https:\/\/www.blogsoestado.com\/danielmatos\/wp-json\/wp\/v2\/posts\/79548\/revisions"}],"wp:attachment":[{"href":"https:\/\/www.blogsoestado.com\/danielmatos\/wp-json\/wp\/v2\/media?parent=79548"}],"wp:term":[{"taxonomy":"category","embeddable":true,"href":"https:\/\/www.blogsoestado.com\/danielmatos\/wp-json\/wp\/v2\/categories?post=79548"},{"taxonomy":"post_tag","embeddable":true,"href":"https:\/\/www.blogsoestado.com\/danielmatos\/wp-json\/wp\/v2\/tags?post=79548"}],"curies":[{"name":"wp","href":"https:\/\/api.w.org\/{rel}","templated":true}]}}