{"id":79551,"date":"2020-11-10T00:54:36","date_gmt":"2020-11-10T03:54:36","guid":{"rendered":"https:\/\/www.blogsoestado.com\/danielmatos\/?p=79551"},"modified":"2020-11-10T00:54:36","modified_gmt":"2020-11-10T03:54:36","slug":"na-reta-final-da-campanha-juninho-luang-43100-nao-para-e-intensifica-visitas-as-comunidades","status":"publish","type":"post","link":"https:\/\/www.blogsoestado.com\/danielmatos\/na-reta-final-da-campanha-juninho-luang-43100-nao-para-e-intensifica-visitas-as-comunidades\/","title":{"rendered":"Na reta final da campanha, Juninho Luang 43100 n\u00e3o para e intensifica visitas \u00e0s comunidades"},"content":{"rendered":"\n<div class=\"wp-block-image\"><figure class=\"aligncenter size-large\"><img decoding=\"async\" src=\"https:\/\/www.blogsoestado.com\/danielmatos\/files\/2020\/11\/IMG-20201110-WA0035-1024x576.jpg\" alt=\"\" class=\"wp-image-79552\"\/><figcaption>Juninho Luang se reuniu com moradores da localidade Mandiba\/Vila Collier e ouviu atentamente as demandas da comunidade<\/figcaption><\/figure><\/div>\n\n\n\n<p><br>O candidato a vereador de S\u00e3o Lu\u00eds pelo Partido Verde (PV) Juninho Luang (43100) intensificou sua agenda de reuni\u00f5es com diversas comunidades para apreentar as propostas que colocar\u00e1 em pr\u00e1tica, caso seja eleito para a C\u00e2mara Municipal no pr\u00f3ximo dia 15.<\/p>\n\n\n\n<p>Na noite dessa segunda-feira (9), Juninho Luang foi recebido pela l\u00edder comunit\u00e1ria Raquel e por moradores da localidade Mandiba\/Vila Collier, na zona rural da capital. Os populares enumeram os transtornos enfrentados no dia a dia pela comunidade, em raz\u00e3o da aus\u00eancia do poder p\u00fablico.<\/p>\n\n\n\n<p>A principal demanda refere-se \u00e0 falta de infraestrutura, principalmente as ruas sem asfalto, que prejudica a mobilidade e dificulta o acesso de ambul\u00e2ncias para socorrer pessoas enfermas e at\u00e9 mesmo a locomo\u00e7\u00e3o de viaturas policiais para combater a criminalidade, outro grave problema enfrentado pelas fam\u00edlias que habitam a regi\u00e3o.<\/p>\n\n\n\n<p>Mantendo a postura de n\u00e3o prometer o que n\u00e3o pode cumprir, Luang ouviu a popula\u00e7\u00e3o e destacou que, uma vez no exerc\u00edcio do mandato de vereador, ter\u00e1 condi\u00e7\u00f5es de atuar em favor da comunidade.<\/p>\n","protected":false},"excerpt":{"rendered":"<p>O candidato a vereador de S\u00e3o Lu\u00eds pelo Partido Verde (PV) Juninho Luang (43100) intensificou sua agenda de reuni\u00f5es com [&hellip;]<\/p>\n","protected":false},"author":0,"featured_media":0,"comment_status":"open","ping_status":"open","sticky":false,"template":"","format":"standard","meta":{"site-sidebar-layout":"default","site-content-layout":"","ast-site-content-layout":"default","site-content-style":"default","site-sidebar-style":"default","ast-global-header-display":"","ast-banner-title-visibility":"","ast-main-header-display":"","ast-hfb-above-header-display":"","ast-hfb-below-header-display":"","ast-hfb-mobile-header-display":"","site-post-title":"","ast-breadcrumbs-content":"","ast-featured-img":"","footer-sml-layout":"","ast-disable-related-posts":"","theme-transparent-header-meta":"","adv-header-id-meta":"","stick-header-meta":"","header-above-stick-meta":"","header-main-stick-meta":"","header-below-stick-meta":"","astra-migrate-meta-layouts":"default","ast-page-background-enabled":"default","ast-page-background-meta":{"desktop":{"background-color":"var(--ast-global-color-5)","background-image":"","background-repeat":"repeat","background-position":"center center","background-size":"auto","background-attachment":"scroll","background-type":"","background-media":"","overlay-type":"","overlay-color":"","overlay-opacity":"","overlay-gradient":""},"tablet":{"background-color":"","background-image":"","background-repeat":"repeat","background-position":"center center","background-size":"auto","background-attachment":"scroll","background-type":"","background-media":"","overlay-type":"","overlay-color":"","overlay-opacity":"","overlay-gradient":""},"mobile":{"background-color":"","background-image":"","background-repeat":"repeat","background-position":"center center","background-size":"auto","background-attachment":"scroll","background-type":"","background-media":"","overlay-type":"","overlay-color":"","overlay-opacity":"","overlay-gradient":""}},"ast-content-background-meta":{"desktop":{"background-color":"var(--ast-global-color-4)","background-image":"","background-repeat":"repeat","background-position":"center center","background-size":"auto","background-attachment":"scroll","background-type":"","background-media":"","overlay-type":"","overlay-color":"","overlay-opacity":"","overlay-gradient":""},"tablet":{"background-color":"var(--ast-global-color-4)","background-image":"","background-repeat":"repeat","background-position":"center center","background-size":"auto","background-attachment":"scroll","background-type":"","background-media":"","overlay-type":"","overlay-color":"","overlay-opacity":"","overlay-gradient":""},"mobile":{"background-color":"var(--ast-global-color-4)","background-image":"","background-repeat":"repeat","background-position":"center center","background-size":"auto","background-attachment":"scroll","background-type":"","background-media":"","overlay-type":"","overlay-color":"","overlay-opacity":"","overlay-gradient":""}},"footnotes":""},"categories":[1],"tags":[],"class_list":["post-79551","post","type-post","status-publish","format-standard","hentry","category-sem-categoria"],"yoast_head":"<!-- This site is optimized with the Yoast SEO plugin v26.6 - https:\/\/yoast.com\/wordpress\/plugins\/seo\/ -->\n<title>Na reta final da campanha, Juninho Luang 43100 n\u00e3o para e intensifica visitas \u00e0s comunidades - Daniel Matos<\/title>\n<meta name=\"robots\" content=\"index, follow, max-snippet:-1, max-image-preview:large, max-video-preview:-1\" \/>\n<link rel=\"canonical\" href=\"https:\/\/www.blogsoestado.com\/danielmatos\/na-reta-final-da-campanha-juninho-luang-43100-nao-para-e-intensifica-visitas-as-comunidades\/\" \/>\n<meta property=\"og:locale\" content=\"pt_BR\" \/>\n<meta property=\"og:type\" content=\"article\" \/>\n<meta property=\"og:title\" content=\"Na reta final da campanha, Juninho Luang 43100 n\u00e3o para e intensifica visitas \u00e0s comunidades - Daniel Matos\" \/>\n<meta property=\"og:description\" content=\"O candidato a vereador de S\u00e3o Lu\u00eds pelo Partido Verde (PV) Juninho Luang (43100) intensificou sua agenda de reuni\u00f5es com [&hellip;]\" \/>\n<meta property=\"og:url\" content=\"https:\/\/www.blogsoestado.com\/danielmatos\/na-reta-final-da-campanha-juninho-luang-43100-nao-para-e-intensifica-visitas-as-comunidades\/\" \/>\n<meta property=\"og:site_name\" content=\"Daniel Matos\" \/>\n<meta property=\"article:published_time\" content=\"2020-11-10T03:54:36+00:00\" \/>\n<meta property=\"og:image\" content=\"https:\/\/www.blogsoestado.com\/danielmatos\/files\/2020\/11\/IMG-20201110-WA0035-1024x576.jpg\" \/>\n<meta name=\"twitter:card\" content=\"summary_large_image\" \/>\n<meta name=\"twitter:label1\" content=\"Est. tempo de leitura\" \/>\n\t<meta name=\"twitter:data1\" content=\"1 minuto\" \/>\n<script type=\"application\/ld+json\" class=\"yoast-schema-graph\">{\"@context\":\"https:\/\/schema.org\",\"@graph\":[{\"@type\":\"WebPage\",\"@id\":\"https:\/\/www.blogsoestado.com\/danielmatos\/na-reta-final-da-campanha-juninho-luang-43100-nao-para-e-intensifica-visitas-as-comunidades\/\",\"url\":\"https:\/\/www.blogsoestado.com\/danielmatos\/na-reta-final-da-campanha-juninho-luang-43100-nao-para-e-intensifica-visitas-as-comunidades\/\",\"name\":\"Na reta final da campanha, Juninho Luang 43100 n\u00e3o para e intensifica visitas \u00e0s comunidades - Daniel Matos\",\"isPartOf\":{\"@id\":\"https:\/\/www.blogsoestado.com\/danielmatos\/#website\"},\"primaryImageOfPage\":{\"@id\":\"https:\/\/www.blogsoestado.com\/danielmatos\/na-reta-final-da-campanha-juninho-luang-43100-nao-para-e-intensifica-visitas-as-comunidades\/#primaryimage\"},\"image\":{\"@id\":\"https:\/\/www.blogsoestado.com\/danielmatos\/na-reta-final-da-campanha-juninho-luang-43100-nao-para-e-intensifica-visitas-as-comunidades\/#primaryimage\"},\"thumbnailUrl\":\"https:\/\/www.blogsoestado.com\/danielmatos\/files\/2020\/11\/IMG-20201110-WA0035-1024x576.jpg\",\"datePublished\":\"2020-11-10T03:54:36+00:00\",\"author\":{\"@id\":\"\"},\"breadcrumb\":{\"@id\":\"https:\/\/www.blogsoestado.com\/danielmatos\/na-reta-final-da-campanha-juninho-luang-43100-nao-para-e-intensifica-visitas-as-comunidades\/#breadcrumb\"},\"inLanguage\":\"pt-BR\",\"potentialAction\":[{\"@type\":\"ReadAction\",\"target\":[\"https:\/\/www.blogsoestado.com\/danielmatos\/na-reta-final-da-campanha-juninho-luang-43100-nao-para-e-intensifica-visitas-as-comunidades\/\"]}]},{\"@type\":\"ImageObject\",\"inLanguage\":\"pt-BR\",\"@id\":\"https:\/\/www.blogsoestado.com\/danielmatos\/na-reta-final-da-campanha-juninho-luang-43100-nao-para-e-intensifica-visitas-as-comunidades\/#primaryimage\",\"url\":\"https:\/\/www.blogsoestado.com\/danielmatos\/files\/2020\/11\/IMG-20201110-WA0035-1024x576.jpg\",\"contentUrl\":\"https:\/\/www.blogsoestado.com\/danielmatos\/files\/2020\/11\/IMG-20201110-WA0035-1024x576.jpg\"},{\"@type\":\"BreadcrumbList\",\"@id\":\"https:\/\/www.blogsoestado.com\/danielmatos\/na-reta-final-da-campanha-juninho-luang-43100-nao-para-e-intensifica-visitas-as-comunidades\/#breadcrumb\",\"itemListElement\":[{\"@type\":\"ListItem\",\"position\":1,\"name\":\"In\u00edcio\",\"item\":\"https:\/\/www.blogsoestado.com\/danielmatos\/\"},{\"@type\":\"ListItem\",\"position\":2,\"name\":\"Na reta final da campanha, Juninho Luang 43100 n\u00e3o para e intensifica visitas \u00e0s comunidades\"}]},{\"@type\":\"WebSite\",\"@id\":\"https:\/\/www.blogsoestado.com\/danielmatos\/#website\",\"url\":\"https:\/\/www.blogsoestado.com\/danielmatos\/\",\"name\":\"Daniel Matos\",\"description\":\"\",\"potentialAction\":[{\"@type\":\"SearchAction\",\"target\":{\"@type\":\"EntryPoint\",\"urlTemplate\":\"https:\/\/www.blogsoestado.com\/danielmatos\/?s={search_term_string}\"},\"query-input\":{\"@type\":\"PropertyValueSpecification\",\"valueRequired\":true,\"valueName\":\"search_term_string\"}}],\"inLanguage\":\"pt-BR\"}]}<\/script>\n<!-- \/ Yoast SEO plugin. -->","yoast_head_json":{"title":"Na reta final da campanha, Juninho Luang 43100 n\u00e3o para e intensifica visitas \u00e0s comunidades - Daniel Matos","robots":{"index":"index","follow":"follow","max-snippet":"max-snippet:-1","max-image-preview":"max-image-preview:large","max-video-preview":"max-video-preview:-1"},"canonical":"https:\/\/www.blogsoestado.com\/danielmatos\/na-reta-final-da-campanha-juninho-luang-43100-nao-para-e-intensifica-visitas-as-comunidades\/","og_locale":"pt_BR","og_type":"article","og_title":"Na reta final da campanha, Juninho Luang 43100 n\u00e3o para e intensifica visitas \u00e0s comunidades - Daniel Matos","og_description":"O candidato a vereador de S\u00e3o Lu\u00eds pelo Partido Verde (PV) Juninho Luang (43100) intensificou sua agenda de reuni\u00f5es com [&hellip;]","og_url":"https:\/\/www.blogsoestado.com\/danielmatos\/na-reta-final-da-campanha-juninho-luang-43100-nao-para-e-intensifica-visitas-as-comunidades\/","og_site_name":"Daniel Matos","article_published_time":"2020-11-10T03:54:36+00:00","og_image":[{"url":"https:\/\/www.blogsoestado.com\/danielmatos\/files\/2020\/11\/IMG-20201110-WA0035-1024x576.jpg","type":"","width":"","height":""}],"twitter_card":"summary_large_image","twitter_misc":{"Est. tempo de leitura":"1 minuto"},"schema":{"@context":"https:\/\/schema.org","@graph":[{"@type":"WebPage","@id":"https:\/\/www.blogsoestado.com\/danielmatos\/na-reta-final-da-campanha-juninho-luang-43100-nao-para-e-intensifica-visitas-as-comunidades\/","url":"https:\/\/www.blogsoestado.com\/danielmatos\/na-reta-final-da-campanha-juninho-luang-43100-nao-para-e-intensifica-visitas-as-comunidades\/","name":"Na reta final da campanha, Juninho Luang 43100 n\u00e3o para e intensifica visitas \u00e0s comunidades - Daniel Matos","isPartOf":{"@id":"https:\/\/www.blogsoestado.com\/danielmatos\/#website"},"primaryImageOfPage":{"@id":"https:\/\/www.blogsoestado.com\/danielmatos\/na-reta-final-da-campanha-juninho-luang-43100-nao-para-e-intensifica-visitas-as-comunidades\/#primaryimage"},"image":{"@id":"https:\/\/www.blogsoestado.com\/danielmatos\/na-reta-final-da-campanha-juninho-luang-43100-nao-para-e-intensifica-visitas-as-comunidades\/#primaryimage"},"thumbnailUrl":"https:\/\/www.blogsoestado.com\/danielmatos\/files\/2020\/11\/IMG-20201110-WA0035-1024x576.jpg","datePublished":"2020-11-10T03:54:36+00:00","author":{"@id":""},"breadcrumb":{"@id":"https:\/\/www.blogsoestado.com\/danielmatos\/na-reta-final-da-campanha-juninho-luang-43100-nao-para-e-intensifica-visitas-as-comunidades\/#breadcrumb"},"inLanguage":"pt-BR","potentialAction":[{"@type":"ReadAction","target":["https:\/\/www.blogsoestado.com\/danielmatos\/na-reta-final-da-campanha-juninho-luang-43100-nao-para-e-intensifica-visitas-as-comunidades\/"]}]},{"@type":"ImageObject","inLanguage":"pt-BR","@id":"https:\/\/www.blogsoestado.com\/danielmatos\/na-reta-final-da-campanha-juninho-luang-43100-nao-para-e-intensifica-visitas-as-comunidades\/#primaryimage","url":"https:\/\/www.blogsoestado.com\/danielmatos\/files\/2020\/11\/IMG-20201110-WA0035-1024x576.jpg","contentUrl":"https:\/\/www.blogsoestado.com\/danielmatos\/files\/2020\/11\/IMG-20201110-WA0035-1024x576.jpg"},{"@type":"BreadcrumbList","@id":"https:\/\/www.blogsoestado.com\/danielmatos\/na-reta-final-da-campanha-juninho-luang-43100-nao-para-e-intensifica-visitas-as-comunidades\/#breadcrumb","itemListElement":[{"@type":"ListItem","position":1,"name":"In\u00edcio","item":"https:\/\/www.blogsoestado.com\/danielmatos\/"},{"@type":"ListItem","position":2,"name":"Na reta final da campanha, Juninho Luang 43100 n\u00e3o para e intensifica visitas \u00e0s comunidades"}]},{"@type":"WebSite","@id":"https:\/\/www.blogsoestado.com\/danielmatos\/#website","url":"https:\/\/www.blogsoestado.com\/danielmatos\/","name":"Daniel Matos","description":"","potentialAction":[{"@type":"SearchAction","target":{"@type":"EntryPoint","urlTemplate":"https:\/\/www.blogsoestado.com\/danielmatos\/?s={search_term_string}"},"query-input":{"@type":"PropertyValueSpecification","valueRequired":true,"valueName":"search_term_string"}}],"inLanguage":"pt-BR"}]}},"jetpack_featured_media_url":"","_links":{"self":[{"href":"https:\/\/www.blogsoestado.com\/danielmatos\/wp-json\/wp\/v2\/posts\/79551","targetHints":{"allow":["GET"]}}],"collection":[{"href":"https:\/\/www.blogsoestado.com\/danielmatos\/wp-json\/wp\/v2\/posts"}],"about":[{"href":"https:\/\/www.blogsoestado.com\/danielmatos\/wp-json\/wp\/v2\/types\/post"}],"replies":[{"embeddable":true,"href":"https:\/\/www.blogsoestado.com\/danielmatos\/wp-json\/wp\/v2\/comments?post=79551"}],"version-history":[{"count":0,"href":"https:\/\/www.blogsoestado.com\/danielmatos\/wp-json\/wp\/v2\/posts\/79551\/revisions"}],"wp:attachment":[{"href":"https:\/\/www.blogsoestado.com\/danielmatos\/wp-json\/wp\/v2\/media?parent=79551"}],"wp:term":[{"taxonomy":"category","embeddable":true,"href":"https:\/\/www.blogsoestado.com\/danielmatos\/wp-json\/wp\/v2\/categories?post=79551"},{"taxonomy":"post_tag","embeddable":true,"href":"https:\/\/www.blogsoestado.com\/danielmatos\/wp-json\/wp\/v2\/tags?post=79551"}],"curies":[{"name":"wp","href":"https:\/\/api.w.org\/{rel}","templated":true}]}}