{"id":79558,"date":"2020-11-10T08:09:35","date_gmt":"2020-11-10T11:09:35","guid":{"rendered":"https:\/\/www.blogsoestado.com\/danielmatos\/?p=79558"},"modified":"2020-11-10T08:09:35","modified_gmt":"2020-11-10T11:09:35","slug":"anibal-e-nome-presente-em-todas-as-previsoes-de-vereadores-eleitos","status":"publish","type":"post","link":"https:\/\/www.blogsoestado.com\/danielmatos\/anibal-e-nome-presente-em-todas-as-previsoes-de-vereadores-eleitos\/","title":{"rendered":"An\u00edbal \u00e9 nome presente em todas as previs\u00f5es de vereadores eleitos"},"content":{"rendered":"\n<div class=\"wp-block-image\"><figure class=\"aligncenter size-large\"><img decoding=\"async\" src=\"https:\/\/www.blogsoestado.com\/danielmatos\/files\/2020\/11\/IMG-20201110-WA0095-1024x768.jpg\" alt=\"\" class=\"wp-image-79559\"\/><figcaption>Anibal com o candidato a prefeito Duarte Jr. durante ato de campanha em bairro de S\u00e3o Lu\u00eds<\/figcaption><\/figure><\/div>\n\n\n\n<p>A an\u00e1lises indicativa de v\u00e1rios jornalistas, especialistas na \u00e1rea de pol\u00edtica, feitas nesta etapa final de campanha, \u00e9 a de que estas elei\u00e7\u00f5es v\u00e3o renovar parte da C\u00e2mara Municipal de S\u00e3o Lu\u00eds e &#8220;caras novas&#8221; ser\u00e3o eleitas vereador.<\/p>\n\n\n\n<p>Apesar da varia\u00e7\u00e3o de nomes, de jornalistas para jornalistas, a candidatura de Anibal para vereador de S\u00e3o Lu\u00eds, pelo Partido Liberal (PL), aparece certa em todas previs\u00f5es.<\/p>\n\n\n\n<p>&#8220;A minha campanha j\u00e1 \u00e9 vitoriosa, pois colocamos nas ruas uma proposta inovadora e coerente de legislar conversando com as comunidades e fiscalizando as obras e servi\u00e7os realizados pela prefeitura e \u00e9 o que vou fazer quando for vereador&#8221;, anunciou Anibal.<\/p>\n\n\n\n<div class=\"wp-block-image\"><figure class=\"aligncenter size-large\"><img decoding=\"async\" src=\"https:\/\/www.blogsoestado.com\/danielmatos\/files\/2020\/11\/IMG-20201110-WA0098.jpg\" alt=\"\" class=\"wp-image-79560\"\/><figcaption>O economista An\u00edbal Lins recebe a ades\u00e3o do professor e advogado Jorge Gabina para a C\u00e2mara de Vereadores de S\u00e3o Lu\u00eds<\/figcaption><\/figure><\/div>\n\n\n\n<p>Anibal explicou que a proposta de governar fora dos gabinetes, colocada nas ruas por ele e pelo candidato a prefeito de S\u00e3o Lu\u00eds, Duarte (Republicanos), foi bem aceita pela popula\u00e7\u00e3o. &#8220;As comunidades, as lideran\u00e7as comunit\u00e1rias, sindicalistas compreenderam que a C\u00e2mara Municipal n\u00e3o funcionar\u00e1 bem se n\u00e3o se desburocratizar e for para as ruas&#8221;, afirmou o candidato.<\/p>\n\n\n\n<p>Anibal pede empenho das lideran\u00e7as comunit\u00e1rias, nestes \u00faltimos dias que antecedem as elei\u00e7\u00f5es, para todas caminhem juntas. &#8220;O momento \u00e9 de governar nas ruas para que os pedidos dos moradores deixem de ser somente promessa de campanha e sejam realmente atendidos e \u00e9 o que An\u00edbal e Duarte colocar\u00e3o em pr\u00e1tica a partir de 2021&#8221;, garantiu.<\/p>\n","protected":false},"excerpt":{"rendered":"<p>A an\u00e1lises indicativa de v\u00e1rios jornalistas, especialistas na \u00e1rea de pol\u00edtica, feitas nesta etapa final de campanha, \u00e9 a de [&hellip;]<\/p>\n","protected":false},"author":0,"featured_media":0,"comment_status":"open","ping_status":"open","sticky":false,"template":"","format":"standard","meta":{"site-sidebar-layout":"default","site-content-layout":"","ast-site-content-layout":"default","site-content-style":"default","site-sidebar-style":"default","ast-global-header-display":"","ast-banner-title-visibility":"","ast-main-header-display":"","ast-hfb-above-header-display":"","ast-hfb-below-header-display":"","ast-hfb-mobile-header-display":"","site-post-title":"","ast-breadcrumbs-content":"","ast-featured-img":"","footer-sml-layout":"","ast-disable-related-posts":"","theme-transparent-header-meta":"","adv-header-id-meta":"","stick-header-meta":"","header-above-stick-meta":"","header-main-stick-meta":"","header-below-stick-meta":"","astra-migrate-meta-layouts":"default","ast-page-background-enabled":"default","ast-page-background-meta":{"desktop":{"background-color":"var(--ast-global-color-5)","background-image":"","background-repeat":"repeat","background-position":"center center","background-size":"auto","background-attachment":"scroll","background-type":"","background-media":"","overlay-type":"","overlay-color":"","overlay-opacity":"","overlay-gradient":""},"tablet":{"background-color":"","background-image":"","background-repeat":"repeat","background-position":"center center","background-size":"auto","background-attachment":"scroll","background-type":"","background-media":"","overlay-type":"","overlay-color":"","overlay-opacity":"","overlay-gradient":""},"mobile":{"background-color":"","background-image":"","background-repeat":"repeat","background-position":"center center","background-size":"auto","background-attachment":"scroll","background-type":"","background-media":"","overlay-type":"","overlay-color":"","overlay-opacity":"","overlay-gradient":""}},"ast-content-background-meta":{"desktop":{"background-color":"var(--ast-global-color-4)","background-image":"","background-repeat":"repeat","background-position":"center center","background-size":"auto","background-attachment":"scroll","background-type":"","background-media":"","overlay-type":"","overlay-color":"","overlay-opacity":"","overlay-gradient":""},"tablet":{"background-color":"var(--ast-global-color-4)","background-image":"","background-repeat":"repeat","background-position":"center center","background-size":"auto","background-attachment":"scroll","background-type":"","background-media":"","overlay-type":"","overlay-color":"","overlay-opacity":"","overlay-gradient":""},"mobile":{"background-color":"var(--ast-global-color-4)","background-image":"","background-repeat":"repeat","background-position":"center center","background-size":"auto","background-attachment":"scroll","background-type":"","background-media":"","overlay-type":"","overlay-color":"","overlay-opacity":"","overlay-gradient":""}},"footnotes":""},"categories":[1],"tags":[],"class_list":["post-79558","post","type-post","status-publish","format-standard","hentry","category-sem-categoria"],"yoast_head":"<!-- This site is optimized with the Yoast SEO plugin v26.6 - https:\/\/yoast.com\/wordpress\/plugins\/seo\/ -->\n<title>An\u00edbal \u00e9 nome presente em todas as previs\u00f5es de vereadores eleitos - Daniel Matos<\/title>\n<meta name=\"robots\" content=\"index, follow, max-snippet:-1, max-image-preview:large, max-video-preview:-1\" \/>\n<link rel=\"canonical\" href=\"https:\/\/www.blogsoestado.com\/danielmatos\/anibal-e-nome-presente-em-todas-as-previsoes-de-vereadores-eleitos\/\" \/>\n<meta property=\"og:locale\" content=\"pt_BR\" \/>\n<meta property=\"og:type\" content=\"article\" \/>\n<meta property=\"og:title\" content=\"An\u00edbal \u00e9 nome presente em todas as previs\u00f5es de vereadores eleitos - Daniel Matos\" \/>\n<meta property=\"og:description\" content=\"A an\u00e1lises indicativa de v\u00e1rios jornalistas, especialistas na \u00e1rea de pol\u00edtica, feitas nesta etapa final de campanha, \u00e9 a de [&hellip;]\" \/>\n<meta property=\"og:url\" content=\"https:\/\/www.blogsoestado.com\/danielmatos\/anibal-e-nome-presente-em-todas-as-previsoes-de-vereadores-eleitos\/\" \/>\n<meta property=\"og:site_name\" content=\"Daniel Matos\" \/>\n<meta property=\"article:published_time\" content=\"2020-11-10T11:09:35+00:00\" \/>\n<meta property=\"og:image\" content=\"https:\/\/www.blogsoestado.com\/danielmatos\/files\/2020\/11\/IMG-20201110-WA0095-1024x768.jpg\" \/>\n<meta name=\"twitter:card\" content=\"summary_large_image\" \/>\n<meta name=\"twitter:label1\" content=\"Est. tempo de leitura\" \/>\n\t<meta name=\"twitter:data1\" content=\"1 minuto\" \/>\n<script type=\"application\/ld+json\" class=\"yoast-schema-graph\">{\"@context\":\"https:\/\/schema.org\",\"@graph\":[{\"@type\":\"WebPage\",\"@id\":\"https:\/\/www.blogsoestado.com\/danielmatos\/anibal-e-nome-presente-em-todas-as-previsoes-de-vereadores-eleitos\/\",\"url\":\"https:\/\/www.blogsoestado.com\/danielmatos\/anibal-e-nome-presente-em-todas-as-previsoes-de-vereadores-eleitos\/\",\"name\":\"An\u00edbal \u00e9 nome presente em todas as previs\u00f5es de vereadores eleitos - Daniel Matos\",\"isPartOf\":{\"@id\":\"https:\/\/www.blogsoestado.com\/danielmatos\/#website\"},\"primaryImageOfPage\":{\"@id\":\"https:\/\/www.blogsoestado.com\/danielmatos\/anibal-e-nome-presente-em-todas-as-previsoes-de-vereadores-eleitos\/#primaryimage\"},\"image\":{\"@id\":\"https:\/\/www.blogsoestado.com\/danielmatos\/anibal-e-nome-presente-em-todas-as-previsoes-de-vereadores-eleitos\/#primaryimage\"},\"thumbnailUrl\":\"https:\/\/www.blogsoestado.com\/danielmatos\/files\/2020\/11\/IMG-20201110-WA0095-1024x768.jpg\",\"datePublished\":\"2020-11-10T11:09:35+00:00\",\"author\":{\"@id\":\"\"},\"breadcrumb\":{\"@id\":\"https:\/\/www.blogsoestado.com\/danielmatos\/anibal-e-nome-presente-em-todas-as-previsoes-de-vereadores-eleitos\/#breadcrumb\"},\"inLanguage\":\"pt-BR\",\"potentialAction\":[{\"@type\":\"ReadAction\",\"target\":[\"https:\/\/www.blogsoestado.com\/danielmatos\/anibal-e-nome-presente-em-todas-as-previsoes-de-vereadores-eleitos\/\"]}]},{\"@type\":\"ImageObject\",\"inLanguage\":\"pt-BR\",\"@id\":\"https:\/\/www.blogsoestado.com\/danielmatos\/anibal-e-nome-presente-em-todas-as-previsoes-de-vereadores-eleitos\/#primaryimage\",\"url\":\"https:\/\/www.blogsoestado.com\/danielmatos\/files\/2020\/11\/IMG-20201110-WA0095-1024x768.jpg\",\"contentUrl\":\"https:\/\/www.blogsoestado.com\/danielmatos\/files\/2020\/11\/IMG-20201110-WA0095-1024x768.jpg\"},{\"@type\":\"BreadcrumbList\",\"@id\":\"https:\/\/www.blogsoestado.com\/danielmatos\/anibal-e-nome-presente-em-todas-as-previsoes-de-vereadores-eleitos\/#breadcrumb\",\"itemListElement\":[{\"@type\":\"ListItem\",\"position\":1,\"name\":\"In\u00edcio\",\"item\":\"https:\/\/www.blogsoestado.com\/danielmatos\/\"},{\"@type\":\"ListItem\",\"position\":2,\"name\":\"An\u00edbal \u00e9 nome presente em todas as previs\u00f5es de vereadores eleitos\"}]},{\"@type\":\"WebSite\",\"@id\":\"https:\/\/www.blogsoestado.com\/danielmatos\/#website\",\"url\":\"https:\/\/www.blogsoestado.com\/danielmatos\/\",\"name\":\"Daniel Matos\",\"description\":\"\",\"potentialAction\":[{\"@type\":\"SearchAction\",\"target\":{\"@type\":\"EntryPoint\",\"urlTemplate\":\"https:\/\/www.blogsoestado.com\/danielmatos\/?s={search_term_string}\"},\"query-input\":{\"@type\":\"PropertyValueSpecification\",\"valueRequired\":true,\"valueName\":\"search_term_string\"}}],\"inLanguage\":\"pt-BR\"}]}<\/script>\n<!-- \/ Yoast SEO plugin. -->","yoast_head_json":{"title":"An\u00edbal \u00e9 nome presente em todas as previs\u00f5es de vereadores eleitos - Daniel Matos","robots":{"index":"index","follow":"follow","max-snippet":"max-snippet:-1","max-image-preview":"max-image-preview:large","max-video-preview":"max-video-preview:-1"},"canonical":"https:\/\/www.blogsoestado.com\/danielmatos\/anibal-e-nome-presente-em-todas-as-previsoes-de-vereadores-eleitos\/","og_locale":"pt_BR","og_type":"article","og_title":"An\u00edbal \u00e9 nome presente em todas as previs\u00f5es de vereadores eleitos - Daniel Matos","og_description":"A an\u00e1lises indicativa de v\u00e1rios jornalistas, especialistas na \u00e1rea de pol\u00edtica, feitas nesta etapa final de campanha, \u00e9 a de [&hellip;]","og_url":"https:\/\/www.blogsoestado.com\/danielmatos\/anibal-e-nome-presente-em-todas-as-previsoes-de-vereadores-eleitos\/","og_site_name":"Daniel Matos","article_published_time":"2020-11-10T11:09:35+00:00","og_image":[{"url":"https:\/\/www.blogsoestado.com\/danielmatos\/files\/2020\/11\/IMG-20201110-WA0095-1024x768.jpg","type":"","width":"","height":""}],"twitter_card":"summary_large_image","twitter_misc":{"Est. tempo de leitura":"1 minuto"},"schema":{"@context":"https:\/\/schema.org","@graph":[{"@type":"WebPage","@id":"https:\/\/www.blogsoestado.com\/danielmatos\/anibal-e-nome-presente-em-todas-as-previsoes-de-vereadores-eleitos\/","url":"https:\/\/www.blogsoestado.com\/danielmatos\/anibal-e-nome-presente-em-todas-as-previsoes-de-vereadores-eleitos\/","name":"An\u00edbal \u00e9 nome presente em todas as previs\u00f5es de vereadores eleitos - Daniel Matos","isPartOf":{"@id":"https:\/\/www.blogsoestado.com\/danielmatos\/#website"},"primaryImageOfPage":{"@id":"https:\/\/www.blogsoestado.com\/danielmatos\/anibal-e-nome-presente-em-todas-as-previsoes-de-vereadores-eleitos\/#primaryimage"},"image":{"@id":"https:\/\/www.blogsoestado.com\/danielmatos\/anibal-e-nome-presente-em-todas-as-previsoes-de-vereadores-eleitos\/#primaryimage"},"thumbnailUrl":"https:\/\/www.blogsoestado.com\/danielmatos\/files\/2020\/11\/IMG-20201110-WA0095-1024x768.jpg","datePublished":"2020-11-10T11:09:35+00:00","author":{"@id":""},"breadcrumb":{"@id":"https:\/\/www.blogsoestado.com\/danielmatos\/anibal-e-nome-presente-em-todas-as-previsoes-de-vereadores-eleitos\/#breadcrumb"},"inLanguage":"pt-BR","potentialAction":[{"@type":"ReadAction","target":["https:\/\/www.blogsoestado.com\/danielmatos\/anibal-e-nome-presente-em-todas-as-previsoes-de-vereadores-eleitos\/"]}]},{"@type":"ImageObject","inLanguage":"pt-BR","@id":"https:\/\/www.blogsoestado.com\/danielmatos\/anibal-e-nome-presente-em-todas-as-previsoes-de-vereadores-eleitos\/#primaryimage","url":"https:\/\/www.blogsoestado.com\/danielmatos\/files\/2020\/11\/IMG-20201110-WA0095-1024x768.jpg","contentUrl":"https:\/\/www.blogsoestado.com\/danielmatos\/files\/2020\/11\/IMG-20201110-WA0095-1024x768.jpg"},{"@type":"BreadcrumbList","@id":"https:\/\/www.blogsoestado.com\/danielmatos\/anibal-e-nome-presente-em-todas-as-previsoes-de-vereadores-eleitos\/#breadcrumb","itemListElement":[{"@type":"ListItem","position":1,"name":"In\u00edcio","item":"https:\/\/www.blogsoestado.com\/danielmatos\/"},{"@type":"ListItem","position":2,"name":"An\u00edbal \u00e9 nome presente em todas as previs\u00f5es de vereadores eleitos"}]},{"@type":"WebSite","@id":"https:\/\/www.blogsoestado.com\/danielmatos\/#website","url":"https:\/\/www.blogsoestado.com\/danielmatos\/","name":"Daniel Matos","description":"","potentialAction":[{"@type":"SearchAction","target":{"@type":"EntryPoint","urlTemplate":"https:\/\/www.blogsoestado.com\/danielmatos\/?s={search_term_string}"},"query-input":{"@type":"PropertyValueSpecification","valueRequired":true,"valueName":"search_term_string"}}],"inLanguage":"pt-BR"}]}},"jetpack_featured_media_url":"","_links":{"self":[{"href":"https:\/\/www.blogsoestado.com\/danielmatos\/wp-json\/wp\/v2\/posts\/79558","targetHints":{"allow":["GET"]}}],"collection":[{"href":"https:\/\/www.blogsoestado.com\/danielmatos\/wp-json\/wp\/v2\/posts"}],"about":[{"href":"https:\/\/www.blogsoestado.com\/danielmatos\/wp-json\/wp\/v2\/types\/post"}],"replies":[{"embeddable":true,"href":"https:\/\/www.blogsoestado.com\/danielmatos\/wp-json\/wp\/v2\/comments?post=79558"}],"version-history":[{"count":0,"href":"https:\/\/www.blogsoestado.com\/danielmatos\/wp-json\/wp\/v2\/posts\/79558\/revisions"}],"wp:attachment":[{"href":"https:\/\/www.blogsoestado.com\/danielmatos\/wp-json\/wp\/v2\/media?parent=79558"}],"wp:term":[{"taxonomy":"category","embeddable":true,"href":"https:\/\/www.blogsoestado.com\/danielmatos\/wp-json\/wp\/v2\/categories?post=79558"},{"taxonomy":"post_tag","embeddable":true,"href":"https:\/\/www.blogsoestado.com\/danielmatos\/wp-json\/wp\/v2\/tags?post=79558"}],"curies":[{"name":"wp","href":"https:\/\/api.w.org\/{rel}","templated":true}]}}