{"id":79562,"date":"2020-11-10T08:42:16","date_gmt":"2020-11-10T11:42:16","guid":{"rendered":"https:\/\/www.blogsoestado.com\/danielmatos\/?p=79562"},"modified":"2020-11-10T08:42:16","modified_gmt":"2020-11-10T11:42:16","slug":"vereador-cezar-bombeiro-cobra-do-prefeito-na-justica-liberacao-de-emenda-de-r-240-mil-que-destinou-ao-aldenora-bello","status":"publish","type":"post","link":"https:\/\/www.blogsoestado.com\/danielmatos\/vereador-cezar-bombeiro-cobra-do-prefeito-na-justica-liberacao-de-emenda-de-r-240-mil-que-destinou-ao-aldenora-bello\/","title":{"rendered":"Vereador C\u00e9zar Bombeiro cobra do prefeito na Justi\u00e7a libera\u00e7\u00e3o de emenda de R$ 240 mil que destinou ao Aldenora Bello"},"content":{"rendered":"\n<div class=\"wp-block-image\"><figure class=\"aligncenter size-large\"><img decoding=\"async\" src=\"https:\/\/www.blogsoestado.com\/danielmatos\/files\/2020\/11\/Dino-e-C\u00e9zar-01-768x674-1.jpg\" alt=\"\" class=\"wp-image-79563\"\/><figcaption>Vereador C\u00e9zar Bombeiro com o vice-presidente da Funda\u00e7\u00e3o Ant\u00f4nio Dino, Ant\u00f4nio Dino Tavares<\/figcaption><\/figure><\/div>\n\n\n\n<p>O vereador C\u00e9zar Bombeiro tomou a decis\u00e3o de ir \u00e0 Justi\u00e7a para que o prefeito Edivaldo Holanda Junior pague a emenda impositiva de R$ 240 mil reais destinadas por ele, para o Hospital Aldenora Belo. O vereador lamenta profundamente, que o prefeito n\u00e3o tenha um m\u00ednimo de sensibilidade a respeito as pessoas portadoras do c\u00e2ncer e que precisam de tratamento. Os recurso \u00e9 extremamente necess\u00e1rio \u00e0 casa de sa\u00fade, que trata com respeito e dignidade todas as pessoas pobres que procuram o hospital. <\/p>\n\n\n\n<p>O Aldenora Belo, que j\u00e1 esteve at\u00e9 amea\u00e7ado de fechar por falta de recursos, resistiu gra\u00e7as a solidariedade de muita gente, dentre as quais empres\u00e1rios e um n\u00famero reduzido de pol\u00edticos, que lutam com obstina\u00e7\u00e3o para que as pessoas pobres tenham atendimento digno .<\/p>\n\n\n\n<p>A atitude do prefeito Edivaldo Holanda Junior \u00e9 revoltante e indigna de um gestor p\u00fablico que reconhece a realidade, mas demonstra n\u00e3o ter a m\u00ednima solidariedade aos que sofrem com a doen\u00e7a, e com certeza n\u00e3o tem &nbsp;no\u00e7\u00e3o de quantas vidas j\u00e1 foram salvas no Hospital Aldenora Belo.<\/p>\n\n\n\n<p>Se nos reportarmos ao Sistema Municipal de Sa\u00fade, pode-se com absoluta certeza afirmar, que nunca houve qualquer prioridade para as pessoas que precisam, muito pelo contr\u00e1rio, foram massacrados e mais precisamente os idosos, quantos deles sofreram nos postos de marca\u00e7\u00f5es de consultas que passavam a noite em filas e no dia seguinte n\u00e3o conseguiam\u00a0 marcar consultas e exames.<\/p>\n\n\n\n<p><strong>Desumanidade e corrup\u00e7\u00e3o<\/strong><\/p>\n\n\n\n<p>O tratamento desumano dado pelo prefeito aos doentes pobres de S\u00e3o Lu\u00eds tem como resposta, o seguinte: O sistema municipal de sa\u00fade se transformou num antro de corrup\u00e7\u00e3o deslavada, inclusive com superfaturamento em compras de insumos para a Covid-19, que proporcionou desvio pr\u00f3ximo de R$ 2,5 milh\u00f5es. A Pol\u00edcia Federal\u00a0 j\u00e1 efetuou pris\u00f5es na opera\u00e7\u00e3o \u201cCobi\u00e7a Fatal\u201d por duas vezes e durante as investiga\u00e7\u00f5es outras pessoas devem ir para a cadeia.<\/p>\n\n\n\n<p>O prefeito \u00e9 respons\u00e1vel pelos milh\u00f5es de reais gastos com a compra de medicamentos para os postos de sa\u00fade de S\u00e3o Lu\u00eds e que aqui chegaram com datas de validades vencidas e foram incinerados. Caso de corrup\u00e7\u00e3o deslavada, em que os produtos foram comprados j\u00e1 vencidos &nbsp;e tudo foi feito para garantir dinheiro para elementos, que na realidade s\u00e3o bandidos travestidos de gestores p\u00fablicos.<\/p>\n\n\n\n<p>&#8220;Diante dos fatos, eu n\u00e3o acredito que o prefeito Edivaldo Holanda Junior tenha sensibilidade e respeito \u00e0 vida do pr\u00f3ximo ou pelo menos fa\u00e7a alguma ideia do que \u00e9 sofrimento e dor profunda que muitas vezes levam portadores da doen\u00e7a para o Reino da Gl\u00f3ria&#8221;, lamenta C\u00e9zar Bombeiro. O vereador afirma que ir\u00e1 at\u00e9 as \u00faltimas consequ\u00eancias para que a emenda impositiva chegue ao Hospital Aldenora Belo para contribuir no tratamento de muitas pessoas e salvar vidas.<\/p>\n\n\n\n<p>A atitude do prefeito Edivaldo Holanda Jr. \u00e9 mais uma demonstra\u00e7\u00e3o plena e p\u00fablica do quanto a sua administra\u00e7\u00e3o \u00e9 marcada por v\u00edcios sujos, em que a corrup\u00e7\u00e3o tem merecido destaque. De uma coisa ele fique certo, que n\u00e3o escapar\u00e1\u00a0 da responsabiliza\u00e7\u00e3o criminal.<\/p>\n","protected":false},"excerpt":{"rendered":"<p>O vereador C\u00e9zar Bombeiro tomou a decis\u00e3o de ir \u00e0 Justi\u00e7a para que o prefeito Edivaldo Holanda Junior pague a [&hellip;]<\/p>\n","protected":false},"author":0,"featured_media":0,"comment_status":"open","ping_status":"open","sticky":false,"template":"","format":"standard","meta":{"site-sidebar-layout":"default","site-content-layout":"","ast-site-content-layout":"default","site-content-style":"default","site-sidebar-style":"default","ast-global-header-display":"","ast-banner-title-visibility":"","ast-main-header-display":"","ast-hfb-above-header-display":"","ast-hfb-below-header-display":"","ast-hfb-mobile-header-display":"","site-post-title":"","ast-breadcrumbs-content":"","ast-featured-img":"","footer-sml-layout":"","ast-disable-related-posts":"","theme-transparent-header-meta":"","adv-header-id-meta":"","stick-header-meta":"","header-above-stick-meta":"","header-main-stick-meta":"","header-below-stick-meta":"","astra-migrate-meta-layouts":"default","ast-page-background-enabled":"default","ast-page-background-meta":{"desktop":{"background-color":"var(--ast-global-color-5)","background-image":"","background-repeat":"repeat","background-position":"center center","background-size":"auto","background-attachment":"scroll","background-type":"","background-media":"","overlay-type":"","overlay-color":"","overlay-opacity":"","overlay-gradient":""},"tablet":{"background-color":"","background-image":"","background-repeat":"repeat","background-position":"center center","background-size":"auto","background-attachment":"scroll","background-type":"","background-media":"","overlay-type":"","overlay-color":"","overlay-opacity":"","overlay-gradient":""},"mobile":{"background-color":"","background-image":"","background-repeat":"repeat","background-position":"center center","background-size":"auto","background-attachment":"scroll","background-type":"","background-media":"","overlay-type":"","overlay-color":"","overlay-opacity":"","overlay-gradient":""}},"ast-content-background-meta":{"desktop":{"background-color":"var(--ast-global-color-4)","background-image":"","background-repeat":"repeat","background-position":"center center","background-size":"auto","background-attachment":"scroll","background-type":"","background-media":"","overlay-type":"","overlay-color":"","overlay-opacity":"","overlay-gradient":""},"tablet":{"background-color":"var(--ast-global-color-4)","background-image":"","background-repeat":"repeat","background-position":"center center","background-size":"auto","background-attachment":"scroll","background-type":"","background-media":"","overlay-type":"","overlay-color":"","overlay-opacity":"","overlay-gradient":""},"mobile":{"background-color":"var(--ast-global-color-4)","background-image":"","background-repeat":"repeat","background-position":"center center","background-size":"auto","background-attachment":"scroll","background-type":"","background-media":"","overlay-type":"","overlay-color":"","overlay-opacity":"","overlay-gradient":""}},"footnotes":""},"categories":[1],"tags":[],"class_list":["post-79562","post","type-post","status-publish","format-standard","hentry","category-sem-categoria"],"yoast_head":"<!-- This site is optimized with the Yoast SEO plugin v26.6 - https:\/\/yoast.com\/wordpress\/plugins\/seo\/ -->\n<title>Vereador C\u00e9zar Bombeiro cobra do prefeito na Justi\u00e7a libera\u00e7\u00e3o de emenda de R$ 240 mil que destinou ao Aldenora Bello - Daniel Matos<\/title>\n<meta name=\"robots\" content=\"index, follow, max-snippet:-1, max-image-preview:large, max-video-preview:-1\" \/>\n<link rel=\"canonical\" href=\"https:\/\/www.blogsoestado.com\/danielmatos\/vereador-cezar-bombeiro-cobra-do-prefeito-na-justica-liberacao-de-emenda-de-r-240-mil-que-destinou-ao-aldenora-bello\/\" \/>\n<meta property=\"og:locale\" content=\"pt_BR\" \/>\n<meta property=\"og:type\" content=\"article\" \/>\n<meta property=\"og:title\" content=\"Vereador C\u00e9zar Bombeiro cobra do prefeito na Justi\u00e7a libera\u00e7\u00e3o de emenda de R$ 240 mil que destinou ao Aldenora Bello - Daniel Matos\" \/>\n<meta property=\"og:description\" content=\"O vereador C\u00e9zar Bombeiro tomou a decis\u00e3o de ir \u00e0 Justi\u00e7a para que o prefeito Edivaldo Holanda Junior pague a [&hellip;]\" \/>\n<meta property=\"og:url\" content=\"https:\/\/www.blogsoestado.com\/danielmatos\/vereador-cezar-bombeiro-cobra-do-prefeito-na-justica-liberacao-de-emenda-de-r-240-mil-que-destinou-ao-aldenora-bello\/\" \/>\n<meta property=\"og:site_name\" content=\"Daniel Matos\" \/>\n<meta property=\"article:published_time\" content=\"2020-11-10T11:42:16+00:00\" \/>\n<meta name=\"twitter:card\" content=\"summary_large_image\" \/>\n<meta name=\"twitter:label1\" content=\"Est. tempo de leitura\" \/>\n\t<meta name=\"twitter:data1\" content=\"3 minutos\" \/>\n<script type=\"application\/ld+json\" class=\"yoast-schema-graph\">{\"@context\":\"https:\/\/schema.org\",\"@graph\":[{\"@type\":\"WebPage\",\"@id\":\"https:\/\/www.blogsoestado.com\/danielmatos\/vereador-cezar-bombeiro-cobra-do-prefeito-na-justica-liberacao-de-emenda-de-r-240-mil-que-destinou-ao-aldenora-bello\/\",\"url\":\"https:\/\/www.blogsoestado.com\/danielmatos\/vereador-cezar-bombeiro-cobra-do-prefeito-na-justica-liberacao-de-emenda-de-r-240-mil-que-destinou-ao-aldenora-bello\/\",\"name\":\"Vereador C\u00e9zar Bombeiro cobra do prefeito na Justi\u00e7a libera\u00e7\u00e3o de emenda de R$ 240 mil que destinou ao Aldenora Bello - Daniel Matos\",\"isPartOf\":{\"@id\":\"https:\/\/www.blogsoestado.com\/danielmatos\/#website\"},\"datePublished\":\"2020-11-10T11:42:16+00:00\",\"author\":{\"@id\":\"\"},\"breadcrumb\":{\"@id\":\"https:\/\/www.blogsoestado.com\/danielmatos\/vereador-cezar-bombeiro-cobra-do-prefeito-na-justica-liberacao-de-emenda-de-r-240-mil-que-destinou-ao-aldenora-bello\/#breadcrumb\"},\"inLanguage\":\"pt-BR\",\"potentialAction\":[{\"@type\":\"ReadAction\",\"target\":[\"https:\/\/www.blogsoestado.com\/danielmatos\/vereador-cezar-bombeiro-cobra-do-prefeito-na-justica-liberacao-de-emenda-de-r-240-mil-que-destinou-ao-aldenora-bello\/\"]}]},{\"@type\":\"BreadcrumbList\",\"@id\":\"https:\/\/www.blogsoestado.com\/danielmatos\/vereador-cezar-bombeiro-cobra-do-prefeito-na-justica-liberacao-de-emenda-de-r-240-mil-que-destinou-ao-aldenora-bello\/#breadcrumb\",\"itemListElement\":[{\"@type\":\"ListItem\",\"position\":1,\"name\":\"In\u00edcio\",\"item\":\"https:\/\/www.blogsoestado.com\/danielmatos\/\"},{\"@type\":\"ListItem\",\"position\":2,\"name\":\"Vereador C\u00e9zar Bombeiro cobra do prefeito na Justi\u00e7a libera\u00e7\u00e3o de emenda de R$ 240 mil que destinou ao Aldenora Bello\"}]},{\"@type\":\"WebSite\",\"@id\":\"https:\/\/www.blogsoestado.com\/danielmatos\/#website\",\"url\":\"https:\/\/www.blogsoestado.com\/danielmatos\/\",\"name\":\"Daniel Matos\",\"description\":\"\",\"potentialAction\":[{\"@type\":\"SearchAction\",\"target\":{\"@type\":\"EntryPoint\",\"urlTemplate\":\"https:\/\/www.blogsoestado.com\/danielmatos\/?s={search_term_string}\"},\"query-input\":{\"@type\":\"PropertyValueSpecification\",\"valueRequired\":true,\"valueName\":\"search_term_string\"}}],\"inLanguage\":\"pt-BR\"}]}<\/script>\n<!-- \/ Yoast SEO plugin. -->","yoast_head_json":{"title":"Vereador C\u00e9zar Bombeiro cobra do prefeito na Justi\u00e7a libera\u00e7\u00e3o de emenda de R$ 240 mil que destinou ao Aldenora Bello - Daniel Matos","robots":{"index":"index","follow":"follow","max-snippet":"max-snippet:-1","max-image-preview":"max-image-preview:large","max-video-preview":"max-video-preview:-1"},"canonical":"https:\/\/www.blogsoestado.com\/danielmatos\/vereador-cezar-bombeiro-cobra-do-prefeito-na-justica-liberacao-de-emenda-de-r-240-mil-que-destinou-ao-aldenora-bello\/","og_locale":"pt_BR","og_type":"article","og_title":"Vereador C\u00e9zar Bombeiro cobra do prefeito na Justi\u00e7a libera\u00e7\u00e3o de emenda de R$ 240 mil que destinou ao Aldenora Bello - Daniel Matos","og_description":"O vereador C\u00e9zar Bombeiro tomou a decis\u00e3o de ir \u00e0 Justi\u00e7a para que o prefeito Edivaldo Holanda Junior pague a [&hellip;]","og_url":"https:\/\/www.blogsoestado.com\/danielmatos\/vereador-cezar-bombeiro-cobra-do-prefeito-na-justica-liberacao-de-emenda-de-r-240-mil-que-destinou-ao-aldenora-bello\/","og_site_name":"Daniel Matos","article_published_time":"2020-11-10T11:42:16+00:00","twitter_card":"summary_large_image","twitter_misc":{"Est. tempo de leitura":"3 minutos"},"schema":{"@context":"https:\/\/schema.org","@graph":[{"@type":"WebPage","@id":"https:\/\/www.blogsoestado.com\/danielmatos\/vereador-cezar-bombeiro-cobra-do-prefeito-na-justica-liberacao-de-emenda-de-r-240-mil-que-destinou-ao-aldenora-bello\/","url":"https:\/\/www.blogsoestado.com\/danielmatos\/vereador-cezar-bombeiro-cobra-do-prefeito-na-justica-liberacao-de-emenda-de-r-240-mil-que-destinou-ao-aldenora-bello\/","name":"Vereador C\u00e9zar Bombeiro cobra do prefeito na Justi\u00e7a libera\u00e7\u00e3o de emenda de R$ 240 mil que destinou ao Aldenora Bello - Daniel Matos","isPartOf":{"@id":"https:\/\/www.blogsoestado.com\/danielmatos\/#website"},"datePublished":"2020-11-10T11:42:16+00:00","author":{"@id":""},"breadcrumb":{"@id":"https:\/\/www.blogsoestado.com\/danielmatos\/vereador-cezar-bombeiro-cobra-do-prefeito-na-justica-liberacao-de-emenda-de-r-240-mil-que-destinou-ao-aldenora-bello\/#breadcrumb"},"inLanguage":"pt-BR","potentialAction":[{"@type":"ReadAction","target":["https:\/\/www.blogsoestado.com\/danielmatos\/vereador-cezar-bombeiro-cobra-do-prefeito-na-justica-liberacao-de-emenda-de-r-240-mil-que-destinou-ao-aldenora-bello\/"]}]},{"@type":"BreadcrumbList","@id":"https:\/\/www.blogsoestado.com\/danielmatos\/vereador-cezar-bombeiro-cobra-do-prefeito-na-justica-liberacao-de-emenda-de-r-240-mil-que-destinou-ao-aldenora-bello\/#breadcrumb","itemListElement":[{"@type":"ListItem","position":1,"name":"In\u00edcio","item":"https:\/\/www.blogsoestado.com\/danielmatos\/"},{"@type":"ListItem","position":2,"name":"Vereador C\u00e9zar Bombeiro cobra do prefeito na Justi\u00e7a libera\u00e7\u00e3o de emenda de R$ 240 mil que destinou ao Aldenora Bello"}]},{"@type":"WebSite","@id":"https:\/\/www.blogsoestado.com\/danielmatos\/#website","url":"https:\/\/www.blogsoestado.com\/danielmatos\/","name":"Daniel Matos","description":"","potentialAction":[{"@type":"SearchAction","target":{"@type":"EntryPoint","urlTemplate":"https:\/\/www.blogsoestado.com\/danielmatos\/?s={search_term_string}"},"query-input":{"@type":"PropertyValueSpecification","valueRequired":true,"valueName":"search_term_string"}}],"inLanguage":"pt-BR"}]}},"jetpack_featured_media_url":"","_links":{"self":[{"href":"https:\/\/www.blogsoestado.com\/danielmatos\/wp-json\/wp\/v2\/posts\/79562","targetHints":{"allow":["GET"]}}],"collection":[{"href":"https:\/\/www.blogsoestado.com\/danielmatos\/wp-json\/wp\/v2\/posts"}],"about":[{"href":"https:\/\/www.blogsoestado.com\/danielmatos\/wp-json\/wp\/v2\/types\/post"}],"replies":[{"embeddable":true,"href":"https:\/\/www.blogsoestado.com\/danielmatos\/wp-json\/wp\/v2\/comments?post=79562"}],"version-history":[{"count":0,"href":"https:\/\/www.blogsoestado.com\/danielmatos\/wp-json\/wp\/v2\/posts\/79562\/revisions"}],"wp:attachment":[{"href":"https:\/\/www.blogsoestado.com\/danielmatos\/wp-json\/wp\/v2\/media?parent=79562"}],"wp:term":[{"taxonomy":"category","embeddable":true,"href":"https:\/\/www.blogsoestado.com\/danielmatos\/wp-json\/wp\/v2\/categories?post=79562"},{"taxonomy":"post_tag","embeddable":true,"href":"https:\/\/www.blogsoestado.com\/danielmatos\/wp-json\/wp\/v2\/tags?post=79562"}],"curies":[{"name":"wp","href":"https:\/\/api.w.org\/{rel}","templated":true}]}}