{"id":79567,"date":"2020-11-10T13:01:03","date_gmt":"2020-11-10T16:01:03","guid":{"rendered":"https:\/\/www.blogsoestado.com\/danielmatos\/?p=79567"},"modified":"2020-11-10T13:01:03","modified_gmt":"2020-11-10T16:01:03","slug":"quem-conhece-braide-nao-vota-nele-diz-wellington-do-curso-sobre-investigacao-do-coaf","status":"publish","type":"post","link":"https:\/\/www.blogsoestado.com\/danielmatos\/quem-conhece-braide-nao-vota-nele-diz-wellington-do-curso-sobre-investigacao-do-coaf\/","title":{"rendered":"\u201cQuem conhece Braide n\u00e3o vota nele\u201d, diz Wellington do Curso sobre investiga\u00e7\u00e3o do Coaf"},"content":{"rendered":"\n<div class=\"wp-block-image\"><figure class=\"aligncenter size-large\"><img decoding=\"async\" src=\"https:\/\/www.blogsoestado.com\/danielmatos\/files\/2020\/11\/IMG-20201110-WA0170-1024x683.jpg\" alt=\"\" class=\"wp-image-79568\"\/><figcaption>Deputado Wellington disse que Eduardo Braide mentiu ao afirmar que n\u00e3o \u00e9 investigado<\/figcaption><\/figure><\/div>\n\n\n\n<p>O deputado estadual Wellington do Curso se pronunciou, nesta ter\u00e7a-feira (10), para mostrar quem verdadeiramente \u00e9 Eduardo Braide. Um dos pontos citados \u00e9 quanto \u00e0s movimenta\u00e7\u00f5es financeiras at\u00edpicas identificadas pelo Conselho de Controle de Atividades Financeiras (Coaf), j\u00e1 objeto de investiga\u00e7\u00e3o pelo Minist\u00e9rio P\u00fablico Federal.<\/p>\n\n\n\n<p>Wellington ressaltou que embora Braide tenha mentido ao dizer que n\u00e3o era investigado, ele estava ciente de todo o inqu\u00e9rito, vez que em setembro do ano passado assinou at\u00e9 procura\u00e7\u00e3o com advogados para defend\u00ea-lo.<\/p>\n\n\n\n<p>\u201cUma das caracter\u00edsticas de Braide \u00e9 ser mentiroso. Agora, n\u00e3o foi diferente. Mentiu ao dizer que n\u00e3o era investigado, mesmo sabendo do inqu\u00e9rito que buscava apurar as movimenta\u00e7\u00f5es financeiras at\u00edpicas. Essa n\u00e3o \u00e9 a primeira vez que a\u00e7\u00f5es de Braide s\u00e3o investigadas. Em 2016, Braide foi investigado pela Pol\u00edcia Federal por suposta apropria\u00e7\u00e3o indevida de recursos p\u00fablicos e lavagem de dinheiro, na m\u00e1fia de Anajutuba. Quem conhece Braide n\u00e3o vota nele\u201d, disse Wellington do Curso.<\/p>\n","protected":false},"excerpt":{"rendered":"<p>O deputado estadual Wellington do Curso se pronunciou, nesta ter\u00e7a-feira (10), para mostrar quem verdadeiramente \u00e9 Eduardo Braide. Um dos [&hellip;]<\/p>\n","protected":false},"author":0,"featured_media":0,"comment_status":"open","ping_status":"open","sticky":false,"template":"","format":"standard","meta":{"site-sidebar-layout":"default","site-content-layout":"","ast-site-content-layout":"default","site-content-style":"default","site-sidebar-style":"default","ast-global-header-display":"","ast-banner-title-visibility":"","ast-main-header-display":"","ast-hfb-above-header-display":"","ast-hfb-below-header-display":"","ast-hfb-mobile-header-display":"","site-post-title":"","ast-breadcrumbs-content":"","ast-featured-img":"","footer-sml-layout":"","ast-disable-related-posts":"","theme-transparent-header-meta":"","adv-header-id-meta":"","stick-header-meta":"","header-above-stick-meta":"","header-main-stick-meta":"","header-below-stick-meta":"","astra-migrate-meta-layouts":"default","ast-page-background-enabled":"default","ast-page-background-meta":{"desktop":{"background-color":"var(--ast-global-color-5)","background-image":"","background-repeat":"repeat","background-position":"center center","background-size":"auto","background-attachment":"scroll","background-type":"","background-media":"","overlay-type":"","overlay-color":"","overlay-opacity":"","overlay-gradient":""},"tablet":{"background-color":"","background-image":"","background-repeat":"repeat","background-position":"center center","background-size":"auto","background-attachment":"scroll","background-type":"","background-media":"","overlay-type":"","overlay-color":"","overlay-opacity":"","overlay-gradient":""},"mobile":{"background-color":"","background-image":"","background-repeat":"repeat","background-position":"center center","background-size":"auto","background-attachment":"scroll","background-type":"","background-media":"","overlay-type":"","overlay-color":"","overlay-opacity":"","overlay-gradient":""}},"ast-content-background-meta":{"desktop":{"background-color":"var(--ast-global-color-4)","background-image":"","background-repeat":"repeat","background-position":"center center","background-size":"auto","background-attachment":"scroll","background-type":"","background-media":"","overlay-type":"","overlay-color":"","overlay-opacity":"","overlay-gradient":""},"tablet":{"background-color":"var(--ast-global-color-4)","background-image":"","background-repeat":"repeat","background-position":"center center","background-size":"auto","background-attachment":"scroll","background-type":"","background-media":"","overlay-type":"","overlay-color":"","overlay-opacity":"","overlay-gradient":""},"mobile":{"background-color":"var(--ast-global-color-4)","background-image":"","background-repeat":"repeat","background-position":"center center","background-size":"auto","background-attachment":"scroll","background-type":"","background-media":"","overlay-type":"","overlay-color":"","overlay-opacity":"","overlay-gradient":""}},"footnotes":""},"categories":[1],"tags":[],"class_list":["post-79567","post","type-post","status-publish","format-standard","hentry","category-sem-categoria"],"yoast_head":"<!-- This site is optimized with the Yoast SEO plugin v26.6 - https:\/\/yoast.com\/wordpress\/plugins\/seo\/ -->\n<title>\u201cQuem conhece Braide n\u00e3o vota nele\u201d, diz Wellington do Curso sobre investiga\u00e7\u00e3o do Coaf - Daniel Matos<\/title>\n<meta name=\"robots\" content=\"index, follow, max-snippet:-1, max-image-preview:large, max-video-preview:-1\" \/>\n<link rel=\"canonical\" href=\"https:\/\/www.blogsoestado.com\/danielmatos\/quem-conhece-braide-nao-vota-nele-diz-wellington-do-curso-sobre-investigacao-do-coaf\/\" \/>\n<meta property=\"og:locale\" content=\"pt_BR\" \/>\n<meta property=\"og:type\" content=\"article\" \/>\n<meta property=\"og:title\" content=\"\u201cQuem conhece Braide n\u00e3o vota nele\u201d, diz Wellington do Curso sobre investiga\u00e7\u00e3o do Coaf - Daniel Matos\" \/>\n<meta property=\"og:description\" content=\"O deputado estadual Wellington do Curso se pronunciou, nesta ter\u00e7a-feira (10), para mostrar quem verdadeiramente \u00e9 Eduardo Braide. Um dos [&hellip;]\" \/>\n<meta property=\"og:url\" content=\"https:\/\/www.blogsoestado.com\/danielmatos\/quem-conhece-braide-nao-vota-nele-diz-wellington-do-curso-sobre-investigacao-do-coaf\/\" \/>\n<meta property=\"og:site_name\" content=\"Daniel Matos\" \/>\n<meta property=\"article:published_time\" content=\"2020-11-10T16:01:03+00:00\" \/>\n<meta property=\"og:image\" content=\"https:\/\/www.blogsoestado.com\/danielmatos\/files\/2020\/11\/IMG-20201110-WA0170-1024x683.jpg\" \/>\n<meta name=\"twitter:card\" content=\"summary_large_image\" \/>\n<meta name=\"twitter:label1\" content=\"Est. tempo de leitura\" \/>\n\t<meta name=\"twitter:data1\" content=\"1 minuto\" \/>\n<script type=\"application\/ld+json\" class=\"yoast-schema-graph\">{\"@context\":\"https:\/\/schema.org\",\"@graph\":[{\"@type\":\"WebPage\",\"@id\":\"https:\/\/www.blogsoestado.com\/danielmatos\/quem-conhece-braide-nao-vota-nele-diz-wellington-do-curso-sobre-investigacao-do-coaf\/\",\"url\":\"https:\/\/www.blogsoestado.com\/danielmatos\/quem-conhece-braide-nao-vota-nele-diz-wellington-do-curso-sobre-investigacao-do-coaf\/\",\"name\":\"\u201cQuem conhece Braide n\u00e3o vota nele\u201d, diz Wellington do Curso sobre investiga\u00e7\u00e3o do Coaf - Daniel Matos\",\"isPartOf\":{\"@id\":\"https:\/\/www.blogsoestado.com\/danielmatos\/#website\"},\"primaryImageOfPage\":{\"@id\":\"https:\/\/www.blogsoestado.com\/danielmatos\/quem-conhece-braide-nao-vota-nele-diz-wellington-do-curso-sobre-investigacao-do-coaf\/#primaryimage\"},\"image\":{\"@id\":\"https:\/\/www.blogsoestado.com\/danielmatos\/quem-conhece-braide-nao-vota-nele-diz-wellington-do-curso-sobre-investigacao-do-coaf\/#primaryimage\"},\"thumbnailUrl\":\"https:\/\/www.blogsoestado.com\/danielmatos\/files\/2020\/11\/IMG-20201110-WA0170-1024x683.jpg\",\"datePublished\":\"2020-11-10T16:01:03+00:00\",\"author\":{\"@id\":\"\"},\"breadcrumb\":{\"@id\":\"https:\/\/www.blogsoestado.com\/danielmatos\/quem-conhece-braide-nao-vota-nele-diz-wellington-do-curso-sobre-investigacao-do-coaf\/#breadcrumb\"},\"inLanguage\":\"pt-BR\",\"potentialAction\":[{\"@type\":\"ReadAction\",\"target\":[\"https:\/\/www.blogsoestado.com\/danielmatos\/quem-conhece-braide-nao-vota-nele-diz-wellington-do-curso-sobre-investigacao-do-coaf\/\"]}]},{\"@type\":\"ImageObject\",\"inLanguage\":\"pt-BR\",\"@id\":\"https:\/\/www.blogsoestado.com\/danielmatos\/quem-conhece-braide-nao-vota-nele-diz-wellington-do-curso-sobre-investigacao-do-coaf\/#primaryimage\",\"url\":\"https:\/\/www.blogsoestado.com\/danielmatos\/files\/2020\/11\/IMG-20201110-WA0170-1024x683.jpg\",\"contentUrl\":\"https:\/\/www.blogsoestado.com\/danielmatos\/files\/2020\/11\/IMG-20201110-WA0170-1024x683.jpg\"},{\"@type\":\"BreadcrumbList\",\"@id\":\"https:\/\/www.blogsoestado.com\/danielmatos\/quem-conhece-braide-nao-vota-nele-diz-wellington-do-curso-sobre-investigacao-do-coaf\/#breadcrumb\",\"itemListElement\":[{\"@type\":\"ListItem\",\"position\":1,\"name\":\"In\u00edcio\",\"item\":\"https:\/\/www.blogsoestado.com\/danielmatos\/\"},{\"@type\":\"ListItem\",\"position\":2,\"name\":\"\u201cQuem conhece Braide n\u00e3o vota nele\u201d, diz Wellington do Curso sobre investiga\u00e7\u00e3o do Coaf\"}]},{\"@type\":\"WebSite\",\"@id\":\"https:\/\/www.blogsoestado.com\/danielmatos\/#website\",\"url\":\"https:\/\/www.blogsoestado.com\/danielmatos\/\",\"name\":\"Daniel Matos\",\"description\":\"\",\"potentialAction\":[{\"@type\":\"SearchAction\",\"target\":{\"@type\":\"EntryPoint\",\"urlTemplate\":\"https:\/\/www.blogsoestado.com\/danielmatos\/?s={search_term_string}\"},\"query-input\":{\"@type\":\"PropertyValueSpecification\",\"valueRequired\":true,\"valueName\":\"search_term_string\"}}],\"inLanguage\":\"pt-BR\"}]}<\/script>\n<!-- \/ Yoast SEO plugin. -->","yoast_head_json":{"title":"\u201cQuem conhece Braide n\u00e3o vota nele\u201d, diz Wellington do Curso sobre investiga\u00e7\u00e3o do Coaf - Daniel Matos","robots":{"index":"index","follow":"follow","max-snippet":"max-snippet:-1","max-image-preview":"max-image-preview:large","max-video-preview":"max-video-preview:-1"},"canonical":"https:\/\/www.blogsoestado.com\/danielmatos\/quem-conhece-braide-nao-vota-nele-diz-wellington-do-curso-sobre-investigacao-do-coaf\/","og_locale":"pt_BR","og_type":"article","og_title":"\u201cQuem conhece Braide n\u00e3o vota nele\u201d, diz Wellington do Curso sobre investiga\u00e7\u00e3o do Coaf - Daniel Matos","og_description":"O deputado estadual Wellington do Curso se pronunciou, nesta ter\u00e7a-feira (10), para mostrar quem verdadeiramente \u00e9 Eduardo Braide. Um dos [&hellip;]","og_url":"https:\/\/www.blogsoestado.com\/danielmatos\/quem-conhece-braide-nao-vota-nele-diz-wellington-do-curso-sobre-investigacao-do-coaf\/","og_site_name":"Daniel Matos","article_published_time":"2020-11-10T16:01:03+00:00","og_image":[{"url":"https:\/\/www.blogsoestado.com\/danielmatos\/files\/2020\/11\/IMG-20201110-WA0170-1024x683.jpg","type":"","width":"","height":""}],"twitter_card":"summary_large_image","twitter_misc":{"Est. tempo de leitura":"1 minuto"},"schema":{"@context":"https:\/\/schema.org","@graph":[{"@type":"WebPage","@id":"https:\/\/www.blogsoestado.com\/danielmatos\/quem-conhece-braide-nao-vota-nele-diz-wellington-do-curso-sobre-investigacao-do-coaf\/","url":"https:\/\/www.blogsoestado.com\/danielmatos\/quem-conhece-braide-nao-vota-nele-diz-wellington-do-curso-sobre-investigacao-do-coaf\/","name":"\u201cQuem conhece Braide n\u00e3o vota nele\u201d, diz Wellington do Curso sobre investiga\u00e7\u00e3o do Coaf - Daniel Matos","isPartOf":{"@id":"https:\/\/www.blogsoestado.com\/danielmatos\/#website"},"primaryImageOfPage":{"@id":"https:\/\/www.blogsoestado.com\/danielmatos\/quem-conhece-braide-nao-vota-nele-diz-wellington-do-curso-sobre-investigacao-do-coaf\/#primaryimage"},"image":{"@id":"https:\/\/www.blogsoestado.com\/danielmatos\/quem-conhece-braide-nao-vota-nele-diz-wellington-do-curso-sobre-investigacao-do-coaf\/#primaryimage"},"thumbnailUrl":"https:\/\/www.blogsoestado.com\/danielmatos\/files\/2020\/11\/IMG-20201110-WA0170-1024x683.jpg","datePublished":"2020-11-10T16:01:03+00:00","author":{"@id":""},"breadcrumb":{"@id":"https:\/\/www.blogsoestado.com\/danielmatos\/quem-conhece-braide-nao-vota-nele-diz-wellington-do-curso-sobre-investigacao-do-coaf\/#breadcrumb"},"inLanguage":"pt-BR","potentialAction":[{"@type":"ReadAction","target":["https:\/\/www.blogsoestado.com\/danielmatos\/quem-conhece-braide-nao-vota-nele-diz-wellington-do-curso-sobre-investigacao-do-coaf\/"]}]},{"@type":"ImageObject","inLanguage":"pt-BR","@id":"https:\/\/www.blogsoestado.com\/danielmatos\/quem-conhece-braide-nao-vota-nele-diz-wellington-do-curso-sobre-investigacao-do-coaf\/#primaryimage","url":"https:\/\/www.blogsoestado.com\/danielmatos\/files\/2020\/11\/IMG-20201110-WA0170-1024x683.jpg","contentUrl":"https:\/\/www.blogsoestado.com\/danielmatos\/files\/2020\/11\/IMG-20201110-WA0170-1024x683.jpg"},{"@type":"BreadcrumbList","@id":"https:\/\/www.blogsoestado.com\/danielmatos\/quem-conhece-braide-nao-vota-nele-diz-wellington-do-curso-sobre-investigacao-do-coaf\/#breadcrumb","itemListElement":[{"@type":"ListItem","position":1,"name":"In\u00edcio","item":"https:\/\/www.blogsoestado.com\/danielmatos\/"},{"@type":"ListItem","position":2,"name":"\u201cQuem conhece Braide n\u00e3o vota nele\u201d, diz Wellington do Curso sobre investiga\u00e7\u00e3o do Coaf"}]},{"@type":"WebSite","@id":"https:\/\/www.blogsoestado.com\/danielmatos\/#website","url":"https:\/\/www.blogsoestado.com\/danielmatos\/","name":"Daniel Matos","description":"","potentialAction":[{"@type":"SearchAction","target":{"@type":"EntryPoint","urlTemplate":"https:\/\/www.blogsoestado.com\/danielmatos\/?s={search_term_string}"},"query-input":{"@type":"PropertyValueSpecification","valueRequired":true,"valueName":"search_term_string"}}],"inLanguage":"pt-BR"}]}},"jetpack_featured_media_url":"","_links":{"self":[{"href":"https:\/\/www.blogsoestado.com\/danielmatos\/wp-json\/wp\/v2\/posts\/79567","targetHints":{"allow":["GET"]}}],"collection":[{"href":"https:\/\/www.blogsoestado.com\/danielmatos\/wp-json\/wp\/v2\/posts"}],"about":[{"href":"https:\/\/www.blogsoestado.com\/danielmatos\/wp-json\/wp\/v2\/types\/post"}],"replies":[{"embeddable":true,"href":"https:\/\/www.blogsoestado.com\/danielmatos\/wp-json\/wp\/v2\/comments?post=79567"}],"version-history":[{"count":0,"href":"https:\/\/www.blogsoestado.com\/danielmatos\/wp-json\/wp\/v2\/posts\/79567\/revisions"}],"wp:attachment":[{"href":"https:\/\/www.blogsoestado.com\/danielmatos\/wp-json\/wp\/v2\/media?parent=79567"}],"wp:term":[{"taxonomy":"category","embeddable":true,"href":"https:\/\/www.blogsoestado.com\/danielmatos\/wp-json\/wp\/v2\/categories?post=79567"},{"taxonomy":"post_tag","embeddable":true,"href":"https:\/\/www.blogsoestado.com\/danielmatos\/wp-json\/wp\/v2\/tags?post=79567"}],"curies":[{"name":"wp","href":"https:\/\/api.w.org\/{rel}","templated":true}]}}