{"id":79604,"date":"2020-11-10T20:46:42","date_gmt":"2020-11-10T23:46:42","guid":{"rendered":"https:\/\/www.blogsoestado.com\/danielmatos\/?p=79604"},"modified":"2020-11-10T20:46:42","modified_gmt":"2020-11-10T23:46:42","slug":"dr-gutemberg-realiza-caminhada-no-bairro-santa-cruz-e-recebe-apoio-da-comunidade","status":"publish","type":"post","link":"https:\/\/www.blogsoestado.com\/danielmatos\/dr-gutemberg-realiza-caminhada-no-bairro-santa-cruz-e-recebe-apoio-da-comunidade\/","title":{"rendered":"Dr. Gutemberg realiza caminhada no bairro Santa Cruz  e recebe apoio da comunidade"},"content":{"rendered":"\n<div class=\"wp-block-image\"><figure class=\"aligncenter size-large\"><img decoding=\"async\" src=\"https:\/\/www.blogsoestado.com\/danielmatos\/files\/2020\/11\/IMG-20201110-WA0329.jpg\" alt=\"\" class=\"wp-image-79605\"\/><figcaption>Dr. Gutemberg liderou caminhada e foi seguido por seus apoiadores<\/figcaption><\/figure><\/div>\n\n\n\n<p>A esperan\u00e7a por uma S\u00e3o Lu\u00eds melhor deu o tom da grande caminhada do m\u00e9dico e vereador Dr. Gutemberg pelas ruas do bairro Santa Cruz, neste fim de semana. Em mais uma agenda vitoriosa de campanha, o vereador recebeu o apoio de centenas de moradores e lideran\u00e7as, que fizeram quest\u00e3o de caminhar ao lado dele e reconheceram o trabalho do vereador na comunidade.<\/p>\n\n\n\n<div class=\"wp-block-image\"><figure class=\"aligncenter size-large\"><img decoding=\"async\" src=\"https:\/\/www.blogsoestado.com\/danielmatos\/files\/2020\/11\/IMG-20201110-WA0333-901x1024.jpg\" alt=\"\" class=\"wp-image-79606\"\/><figcaption>Manifesta\u00e7\u00f5es de carinho e simpatia se repetiram do in\u00edcio ao fim do cortejo<\/figcaption><\/figure><\/div>\n\n\n\n<p>Dr. Gutemberg, que \u00e9 candidato \u00e0 reelei\u00e7\u00e3o pelo PSC (n\u00ba 20.000), escutou os pedidos da comunidade, destacou o seu trabalho no bairro e levou a mensagem de compromisso dele e do candidato a prefeito de S\u00e3o Lu\u00eds, Eduardo Braide (Podemos).<\/p>\n\n\n\n<div class=\"wp-block-image\"><figure class=\"aligncenter size-large\"><img decoding=\"async\" src=\"https:\/\/www.blogsoestado.com\/danielmatos\/files\/2020\/11\/IMG-20201110-WA0334.jpg\" alt=\"\" class=\"wp-image-79607\"\/><figcaption>O vereador Dr. Gutemberg \u00e0 frente da caminhada, marcada por vibra\u00e7\u00e3o<\/figcaption><\/figure><\/div>\n\n\n\n<p>Ao lado do povo, Dr. Gutemberg percorreu as ruas do bairro onde tem v\u00e1rias a\u00e7\u00f5es. No Santa Cruz, Dr. Gutemberg conseguiu: a reforma da Feira do Santa Cruz; reforma da escola UEB Zuleide Bog\u00e9a; resolveu o alagamento da Rua Amazonas; solicitou asfalto para v\u00e1rias ruas e outras conquistas.<\/p>\n\n\n\n<div class=\"wp-block-image\"><figure class=\"aligncenter size-large\"><img decoding=\"async\" src=\"https:\/\/www.blogsoestado.com\/danielmatos\/files\/2020\/11\/IMG-20201110-WA0328-1024x768.jpg\" alt=\"\" class=\"wp-image-79608\"\/><figcaption>O candidato agradece o apoio das pessoas que prestigiaram o seu ato de campanha<\/figcaption><\/figure><\/div>\n\n\n\n<p>Al\u00e9m disso, o vereador tamb\u00e9m realiza eventos culturais como o Carnaval e o S\u00e3o Jo\u00e3o, apoia o Campeonato de Futebol de Base e o Programa \u2018Cuidando de Voc\u00ea\u2019 que proporciona aos moradores diversas a\u00e7\u00f5es de cidadania, sa\u00fade preventiva, educa\u00e7\u00e3o, lazer, esporte e aulas de dan\u00e7as.<\/p>\n\n\n\n<div class=\"wp-block-image\"><figure class=\"aligncenter size-large\"><img decoding=\"async\" src=\"https:\/\/www.blogsoestado.com\/danielmatos\/files\/2020\/11\/IMG-20201110-WA0331-1024x682.jpg\" alt=\"\" class=\"wp-image-79609\"\/><figcaption>Dr. Gutemberg Ara\u00fajo \u00e9 cumprimentado duplamente por eleitores em ponto do trajeto<\/figcaption><\/figure><\/div>\n\n\n\n<p>Reconhecido por ser um vereador atuante no Santa Cruz, Dr. Gutemberg recebeu elogios e agradecimentos.<\/p>\n\n\n\n<div class=\"wp-block-image\"><figure class=\"aligncenter size-large\"><img decoding=\"async\" src=\"https:\/\/www.blogsoestado.com\/danielmatos\/files\/2020\/11\/IMG-20201110-WA0330.jpg\" alt=\"\" class=\"wp-image-79610\"\/><figcaption>As sucessivas demonstra\u00e7\u00f5es de apoio refor\u00e7aram a confian\u00e7a do vereador em mais uma reelei\u00e7\u00e3o<\/figcaption><\/figure><\/div>\n\n\n\n<p>\u201cO vereador Dr. Gutemberg \u00e9 presente na nossa comunidade. Ele conseguiu asfalto para v\u00e1rias ruas, a importante reforma da nossa feira, da nossa escola e apoia nosso esporte para os jovens. Se conquistamos v\u00e1rios servi\u00e7os de qualidade no bairro \u00e9 porque temos o Dr. Gutemberg para nos representar\u201c, destaca Clayton QQ, morador do bairro.<\/p>\n\n\n\n<div class=\"wp-block-image\"><figure class=\"aligncenter size-large\"><img decoding=\"async\" src=\"https:\/\/www.blogsoestado.com\/danielmatos\/files\/2020\/11\/IMG-20201110-WA0332-1024x977.jpg\" alt=\"\" class=\"wp-image-79611\"\/><figcaption>Dr. Gutemberg Ara\u00fajo fez quest\u00e3o de conversar com os eleitores de casa em casa<\/figcaption><\/figure><\/div>\n\n\n\n<p>Durante a caminhada, Dr. Gutemberg agradeceu o reconhecimento. \u201cO Santa Cruz \u00e9 um bairro que tenho no meu cora\u00e7\u00e3o. Tivemos v\u00e1rias conquistas aqui, conquistas do povo. Fico muito feliz em receber todo esse apoio. E se Deus permitir, irei continuar atuando para o bem do Santa Cruz e de toda a nossa cidade\u201d, afirmou Dr. Gutemberg.<\/p>\n","protected":false},"excerpt":{"rendered":"<p>A esperan\u00e7a por uma S\u00e3o Lu\u00eds melhor deu o tom da grande caminhada do m\u00e9dico e vereador Dr. Gutemberg pelas [&hellip;]<\/p>\n","protected":false},"author":0,"featured_media":0,"comment_status":"open","ping_status":"open","sticky":false,"template":"","format":"standard","meta":{"site-sidebar-layout":"default","site-content-layout":"","ast-site-content-layout":"default","site-content-style":"default","site-sidebar-style":"default","ast-global-header-display":"","ast-banner-title-visibility":"","ast-main-header-display":"","ast-hfb-above-header-display":"","ast-hfb-below-header-display":"","ast-hfb-mobile-header-display":"","site-post-title":"","ast-breadcrumbs-content":"","ast-featured-img":"","footer-sml-layout":"","ast-disable-related-posts":"","theme-transparent-header-meta":"","adv-header-id-meta":"","stick-header-meta":"","header-above-stick-meta":"","header-main-stick-meta":"","header-below-stick-meta":"","astra-migrate-meta-layouts":"default","ast-page-background-enabled":"default","ast-page-background-meta":{"desktop":{"background-color":"var(--ast-global-color-5)","background-image":"","background-repeat":"repeat","background-position":"center center","background-size":"auto","background-attachment":"scroll","background-type":"","background-media":"","overlay-type":"","overlay-color":"","overlay-opacity":"","overlay-gradient":""},"tablet":{"background-color":"","background-image":"","background-repeat":"repeat","background-position":"center center","background-size":"auto","background-attachment":"scroll","background-type":"","background-media":"","overlay-type":"","overlay-color":"","overlay-opacity":"","overlay-gradient":""},"mobile":{"background-color":"","background-image":"","background-repeat":"repeat","background-position":"center center","background-size":"auto","background-attachment":"scroll","background-type":"","background-media":"","overlay-type":"","overlay-color":"","overlay-opacity":"","overlay-gradient":""}},"ast-content-background-meta":{"desktop":{"background-color":"var(--ast-global-color-4)","background-image":"","background-repeat":"repeat","background-position":"center center","background-size":"auto","background-attachment":"scroll","background-type":"","background-media":"","overlay-type":"","overlay-color":"","overlay-opacity":"","overlay-gradient":""},"tablet":{"background-color":"var(--ast-global-color-4)","background-image":"","background-repeat":"repeat","background-position":"center center","background-size":"auto","background-attachment":"scroll","background-type":"","background-media":"","overlay-type":"","overlay-color":"","overlay-opacity":"","overlay-gradient":""},"mobile":{"background-color":"var(--ast-global-color-4)","background-image":"","background-repeat":"repeat","background-position":"center center","background-size":"auto","background-attachment":"scroll","background-type":"","background-media":"","overlay-type":"","overlay-color":"","overlay-opacity":"","overlay-gradient":""}},"footnotes":""},"categories":[1],"tags":[],"class_list":["post-79604","post","type-post","status-publish","format-standard","hentry","category-sem-categoria"],"yoast_head":"<!-- This site is optimized with the Yoast SEO plugin v26.6 - https:\/\/yoast.com\/wordpress\/plugins\/seo\/ -->\n<title>Dr. Gutemberg realiza caminhada no bairro Santa Cruz e recebe apoio da comunidade - Daniel Matos<\/title>\n<meta name=\"robots\" content=\"index, follow, max-snippet:-1, max-image-preview:large, max-video-preview:-1\" \/>\n<link rel=\"canonical\" href=\"https:\/\/www.blogsoestado.com\/danielmatos\/dr-gutemberg-realiza-caminhada-no-bairro-santa-cruz-e-recebe-apoio-da-comunidade\/\" \/>\n<meta property=\"og:locale\" content=\"pt_BR\" \/>\n<meta property=\"og:type\" content=\"article\" \/>\n<meta property=\"og:title\" content=\"Dr. Gutemberg realiza caminhada no bairro Santa Cruz e recebe apoio da comunidade - Daniel Matos\" \/>\n<meta property=\"og:description\" content=\"A esperan\u00e7a por uma S\u00e3o Lu\u00eds melhor deu o tom da grande caminhada do m\u00e9dico e vereador Dr. Gutemberg pelas [&hellip;]\" \/>\n<meta property=\"og:url\" content=\"https:\/\/www.blogsoestado.com\/danielmatos\/dr-gutemberg-realiza-caminhada-no-bairro-santa-cruz-e-recebe-apoio-da-comunidade\/\" \/>\n<meta property=\"og:site_name\" content=\"Daniel Matos\" \/>\n<meta property=\"article:published_time\" content=\"2020-11-10T23:46:42+00:00\" \/>\n<meta property=\"og:image\" content=\"https:\/\/www.blogsoestado.com\/danielmatos\/files\/2020\/11\/IMG-20201110-WA0329.jpg\" \/>\n<meta name=\"twitter:card\" content=\"summary_large_image\" \/>\n<meta name=\"twitter:label1\" content=\"Est. tempo de leitura\" \/>\n\t<meta name=\"twitter:data1\" content=\"2 minutos\" \/>\n<script type=\"application\/ld+json\" class=\"yoast-schema-graph\">{\"@context\":\"https:\/\/schema.org\",\"@graph\":[{\"@type\":\"WebPage\",\"@id\":\"https:\/\/www.blogsoestado.com\/danielmatos\/dr-gutemberg-realiza-caminhada-no-bairro-santa-cruz-e-recebe-apoio-da-comunidade\/\",\"url\":\"https:\/\/www.blogsoestado.com\/danielmatos\/dr-gutemberg-realiza-caminhada-no-bairro-santa-cruz-e-recebe-apoio-da-comunidade\/\",\"name\":\"Dr. Gutemberg realiza caminhada no bairro Santa Cruz e recebe apoio da comunidade - Daniel Matos\",\"isPartOf\":{\"@id\":\"https:\/\/www.blogsoestado.com\/danielmatos\/#website\"},\"primaryImageOfPage\":{\"@id\":\"https:\/\/www.blogsoestado.com\/danielmatos\/dr-gutemberg-realiza-caminhada-no-bairro-santa-cruz-e-recebe-apoio-da-comunidade\/#primaryimage\"},\"image\":{\"@id\":\"https:\/\/www.blogsoestado.com\/danielmatos\/dr-gutemberg-realiza-caminhada-no-bairro-santa-cruz-e-recebe-apoio-da-comunidade\/#primaryimage\"},\"thumbnailUrl\":\"https:\/\/www.blogsoestado.com\/danielmatos\/files\/2020\/11\/IMG-20201110-WA0329.jpg\",\"datePublished\":\"2020-11-10T23:46:42+00:00\",\"author\":{\"@id\":\"\"},\"breadcrumb\":{\"@id\":\"https:\/\/www.blogsoestado.com\/danielmatos\/dr-gutemberg-realiza-caminhada-no-bairro-santa-cruz-e-recebe-apoio-da-comunidade\/#breadcrumb\"},\"inLanguage\":\"pt-BR\",\"potentialAction\":[{\"@type\":\"ReadAction\",\"target\":[\"https:\/\/www.blogsoestado.com\/danielmatos\/dr-gutemberg-realiza-caminhada-no-bairro-santa-cruz-e-recebe-apoio-da-comunidade\/\"]}]},{\"@type\":\"ImageObject\",\"inLanguage\":\"pt-BR\",\"@id\":\"https:\/\/www.blogsoestado.com\/danielmatos\/dr-gutemberg-realiza-caminhada-no-bairro-santa-cruz-e-recebe-apoio-da-comunidade\/#primaryimage\",\"url\":\"https:\/\/www.blogsoestado.com\/danielmatos\/files\/2020\/11\/IMG-20201110-WA0329.jpg\",\"contentUrl\":\"https:\/\/www.blogsoestado.com\/danielmatos\/files\/2020\/11\/IMG-20201110-WA0329.jpg\"},{\"@type\":\"BreadcrumbList\",\"@id\":\"https:\/\/www.blogsoestado.com\/danielmatos\/dr-gutemberg-realiza-caminhada-no-bairro-santa-cruz-e-recebe-apoio-da-comunidade\/#breadcrumb\",\"itemListElement\":[{\"@type\":\"ListItem\",\"position\":1,\"name\":\"In\u00edcio\",\"item\":\"https:\/\/www.blogsoestado.com\/danielmatos\/\"},{\"@type\":\"ListItem\",\"position\":2,\"name\":\"Dr. Gutemberg realiza caminhada no bairro Santa Cruz e recebe apoio da comunidade\"}]},{\"@type\":\"WebSite\",\"@id\":\"https:\/\/www.blogsoestado.com\/danielmatos\/#website\",\"url\":\"https:\/\/www.blogsoestado.com\/danielmatos\/\",\"name\":\"Daniel Matos\",\"description\":\"\",\"potentialAction\":[{\"@type\":\"SearchAction\",\"target\":{\"@type\":\"EntryPoint\",\"urlTemplate\":\"https:\/\/www.blogsoestado.com\/danielmatos\/?s={search_term_string}\"},\"query-input\":{\"@type\":\"PropertyValueSpecification\",\"valueRequired\":true,\"valueName\":\"search_term_string\"}}],\"inLanguage\":\"pt-BR\"}]}<\/script>\n<!-- \/ Yoast SEO plugin. -->","yoast_head_json":{"title":"Dr. Gutemberg realiza caminhada no bairro Santa Cruz e recebe apoio da comunidade - Daniel Matos","robots":{"index":"index","follow":"follow","max-snippet":"max-snippet:-1","max-image-preview":"max-image-preview:large","max-video-preview":"max-video-preview:-1"},"canonical":"https:\/\/www.blogsoestado.com\/danielmatos\/dr-gutemberg-realiza-caminhada-no-bairro-santa-cruz-e-recebe-apoio-da-comunidade\/","og_locale":"pt_BR","og_type":"article","og_title":"Dr. Gutemberg realiza caminhada no bairro Santa Cruz e recebe apoio da comunidade - Daniel Matos","og_description":"A esperan\u00e7a por uma S\u00e3o Lu\u00eds melhor deu o tom da grande caminhada do m\u00e9dico e vereador Dr. Gutemberg pelas [&hellip;]","og_url":"https:\/\/www.blogsoestado.com\/danielmatos\/dr-gutemberg-realiza-caminhada-no-bairro-santa-cruz-e-recebe-apoio-da-comunidade\/","og_site_name":"Daniel Matos","article_published_time":"2020-11-10T23:46:42+00:00","og_image":[{"url":"https:\/\/www.blogsoestado.com\/danielmatos\/files\/2020\/11\/IMG-20201110-WA0329.jpg","type":"","width":"","height":""}],"twitter_card":"summary_large_image","twitter_misc":{"Est. tempo de leitura":"2 minutos"},"schema":{"@context":"https:\/\/schema.org","@graph":[{"@type":"WebPage","@id":"https:\/\/www.blogsoestado.com\/danielmatos\/dr-gutemberg-realiza-caminhada-no-bairro-santa-cruz-e-recebe-apoio-da-comunidade\/","url":"https:\/\/www.blogsoestado.com\/danielmatos\/dr-gutemberg-realiza-caminhada-no-bairro-santa-cruz-e-recebe-apoio-da-comunidade\/","name":"Dr. Gutemberg realiza caminhada no bairro Santa Cruz e recebe apoio da comunidade - Daniel Matos","isPartOf":{"@id":"https:\/\/www.blogsoestado.com\/danielmatos\/#website"},"primaryImageOfPage":{"@id":"https:\/\/www.blogsoestado.com\/danielmatos\/dr-gutemberg-realiza-caminhada-no-bairro-santa-cruz-e-recebe-apoio-da-comunidade\/#primaryimage"},"image":{"@id":"https:\/\/www.blogsoestado.com\/danielmatos\/dr-gutemberg-realiza-caminhada-no-bairro-santa-cruz-e-recebe-apoio-da-comunidade\/#primaryimage"},"thumbnailUrl":"https:\/\/www.blogsoestado.com\/danielmatos\/files\/2020\/11\/IMG-20201110-WA0329.jpg","datePublished":"2020-11-10T23:46:42+00:00","author":{"@id":""},"breadcrumb":{"@id":"https:\/\/www.blogsoestado.com\/danielmatos\/dr-gutemberg-realiza-caminhada-no-bairro-santa-cruz-e-recebe-apoio-da-comunidade\/#breadcrumb"},"inLanguage":"pt-BR","potentialAction":[{"@type":"ReadAction","target":["https:\/\/www.blogsoestado.com\/danielmatos\/dr-gutemberg-realiza-caminhada-no-bairro-santa-cruz-e-recebe-apoio-da-comunidade\/"]}]},{"@type":"ImageObject","inLanguage":"pt-BR","@id":"https:\/\/www.blogsoestado.com\/danielmatos\/dr-gutemberg-realiza-caminhada-no-bairro-santa-cruz-e-recebe-apoio-da-comunidade\/#primaryimage","url":"https:\/\/www.blogsoestado.com\/danielmatos\/files\/2020\/11\/IMG-20201110-WA0329.jpg","contentUrl":"https:\/\/www.blogsoestado.com\/danielmatos\/files\/2020\/11\/IMG-20201110-WA0329.jpg"},{"@type":"BreadcrumbList","@id":"https:\/\/www.blogsoestado.com\/danielmatos\/dr-gutemberg-realiza-caminhada-no-bairro-santa-cruz-e-recebe-apoio-da-comunidade\/#breadcrumb","itemListElement":[{"@type":"ListItem","position":1,"name":"In\u00edcio","item":"https:\/\/www.blogsoestado.com\/danielmatos\/"},{"@type":"ListItem","position":2,"name":"Dr. Gutemberg realiza caminhada no bairro Santa Cruz e recebe apoio da comunidade"}]},{"@type":"WebSite","@id":"https:\/\/www.blogsoestado.com\/danielmatos\/#website","url":"https:\/\/www.blogsoestado.com\/danielmatos\/","name":"Daniel Matos","description":"","potentialAction":[{"@type":"SearchAction","target":{"@type":"EntryPoint","urlTemplate":"https:\/\/www.blogsoestado.com\/danielmatos\/?s={search_term_string}"},"query-input":{"@type":"PropertyValueSpecification","valueRequired":true,"valueName":"search_term_string"}}],"inLanguage":"pt-BR"}]}},"jetpack_featured_media_url":"","_links":{"self":[{"href":"https:\/\/www.blogsoestado.com\/danielmatos\/wp-json\/wp\/v2\/posts\/79604","targetHints":{"allow":["GET"]}}],"collection":[{"href":"https:\/\/www.blogsoestado.com\/danielmatos\/wp-json\/wp\/v2\/posts"}],"about":[{"href":"https:\/\/www.blogsoestado.com\/danielmatos\/wp-json\/wp\/v2\/types\/post"}],"replies":[{"embeddable":true,"href":"https:\/\/www.blogsoestado.com\/danielmatos\/wp-json\/wp\/v2\/comments?post=79604"}],"version-history":[{"count":0,"href":"https:\/\/www.blogsoestado.com\/danielmatos\/wp-json\/wp\/v2\/posts\/79604\/revisions"}],"wp:attachment":[{"href":"https:\/\/www.blogsoestado.com\/danielmatos\/wp-json\/wp\/v2\/media?parent=79604"}],"wp:term":[{"taxonomy":"category","embeddable":true,"href":"https:\/\/www.blogsoestado.com\/danielmatos\/wp-json\/wp\/v2\/categories?post=79604"},{"taxonomy":"post_tag","embeddable":true,"href":"https:\/\/www.blogsoestado.com\/danielmatos\/wp-json\/wp\/v2\/tags?post=79604"}],"curies":[{"name":"wp","href":"https:\/\/api.w.org\/{rel}","templated":true}]}}