{"id":79624,"date":"2020-11-11T12:01:13","date_gmt":"2020-11-11T15:01:13","guid":{"rendered":"https:\/\/www.blogsoestado.com\/danielmatos\/?p=79624"},"modified":"2020-11-11T12:01:13","modified_gmt":"2020-11-11T15:01:13","slug":"em-formosa-da-serra-negra-oposicao-denuncia-ameacas-perseguicao-e-omissao-da-policia-para-favorecer-prefeito","status":"publish","type":"post","link":"https:\/\/www.blogsoestado.com\/danielmatos\/em-formosa-da-serra-negra-oposicao-denuncia-ameacas-perseguicao-e-omissao-da-policia-para-favorecer-prefeito\/","title":{"rendered":"Em Formosa da Serra Negra, oposi\u00e7\u00e3o denuncia amea\u00e7as, persegui\u00e7\u00e3o e omiss\u00e3o da pol\u00edcia para favorecer prefeito"},"content":{"rendered":"\n<div class=\"wp-block-image\"><figure class=\"aligncenter size-large\"><img decoding=\"async\" src=\"https:\/\/www.blogsoestado.com\/danielmatos\/files\/2020\/11\/IMG-20201109-WA0179.jpg\" alt=\"\" class=\"wp-image-79625\"\/><figcaption>Uma das caminhonetes com adesivo da campanha de Janes Clei que perseguiram o apoiador de Cirineu Costa<\/figcaption><\/figure><\/div>\n\n\n\n<p>Apoiadores do candidato da oposi\u00e7\u00e3o a prefeito de Formosa da Serra Negra, Cirineu Costa (PL) denunciam amea\u00e7as, atos de persegui\u00e7\u00e3o e omiss\u00e3o da pol\u00edcia durante a campanha eleitoral, tudo para favorecer o prefeito Janes Clei (PDT), que disputa a reelei\u00e7\u00e3o. O epis\u00f3dio mais recente que refor\u00e7ou o clima de intimida\u00e7\u00e3o no munic\u00edpio \u00e0s v\u00e9speras do pleito ocorreu no \u00faltimo dia 5, quando um eleitor de Cirineu Costa foi perseguida por homens em duas caminhonete com adesivos da candidatura do prefeito. O caso foi registrado em boletim de ocorr\u00eancia no 1\u00b0 Distrito Policial de Graja\u00fa, cidade vizinha.<\/p>\n\n\n\n<div class=\"wp-block-image\"><figure class=\"aligncenter size-large\"><img decoding=\"async\" src=\"https:\/\/www.blogsoestado.com\/danielmatos\/files\/2020\/11\/IMG-20201109-WA0180.jpg\" alt=\"\" class=\"wp-image-79627\"\/><figcaption>Ve\u00edculo adentrando a propriedade do candidato de oposi\u00e7\u00e3o ao prefeito<\/figcaption><\/figure><\/div>\n\n\n\n<p> A v\u00edtima foi Neurivan Jorge do Nascimento, 30 anos, que chegou em uma ch\u00e1cara visivelmente amedrontado e nervoso, afirmando que estava sendo seguido por um grupo homens que seriam ligados a Janes Clei. Tr\u00eas deles, que chegaram a invadir a propriedade, foram identificados como Z\u00e9 Carlos Pombo, Ant\u00f4nio Ramos de Barros, o Ant\u00f4nio Quati, que seria subsecret\u00e1rio municipal de  de Obras; e Doid\u00e3o da Serra. O trio foi acusado de constranger e intimidar e amea\u00e7ar as pessoas que estavam na ch\u00e1cara, deixando todas em p\u00e2nico.<\/p>\n\n\n\n<p><strong>Omiss\u00e3o<\/strong><\/p>\n\n\n\n<div class=\"wp-block-image\"><figure class=\"aligncenter size-large\"><img decoding=\"async\" src=\"https:\/\/www.blogsoestado.com\/danielmatos\/files\/2020\/11\/IMG-20201109-WA0181.jpg\" alt=\"\" class=\"wp-image-79628\"\/><figcaption>Os dois ve\u00edculos ocupados pelos homens ligados a Janes Clei acusados de perseguir e amea\u00e7ar opositores<\/figcaption><\/figure><\/div>\n\n\n\n<p>As vitimas relataram no B.O. que chegaram a acionar o comandante local da Pol\u00edcia Militar, C\u00e9sar, mas este n\u00e3o tomou provid\u00eancia, refor\u00e7ando a suspeita de atua\u00e7\u00e3o parcial das for\u00e7as de seguran\u00e7a para n\u00e3o prejudicar a candidatura do.prefeito Janes Clei \u00e0 reelei\u00e7\u00e3o.<\/p>\n\n\n\n<p>Contaram ainda as v\u00edtimas que a esposa do referido comandante \u00e9 candidata a vereadora em Formosa da Serra Negra, apoiada pelo prefeito, o que explicaria a omiss\u00e3o em rela\u00e7\u00e3o aos abusos cometidos pelo grupo pol\u00edtico de Janes Clei contra cidad\u00e3os ligados ao advers\u00e1rio Cirineu Costa.<\/p>\n\n\n\n<p>Abaixo, c\u00f3pia do boletim de ocorr\u00eancia e demais documentos:<\/p>\n\n\n\n<div class=\"wp-block-image\"><figure class=\"aligncenter size-large\"><img decoding=\"async\" src=\"https:\/\/www.blogsoestado.com\/danielmatos\/files\/2020\/11\/Screenshot_20201111-1148002.png\" alt=\"\" class=\"wp-image-79629\"\/><\/figure><\/div>\n\n\n\n<div class=\"wp-block-image\"><figure class=\"aligncenter size-large\"><img decoding=\"async\" src=\"https:\/\/www.blogsoestado.com\/danielmatos\/files\/2020\/11\/Screenshot_20201111-1148052.png\" alt=\"\" class=\"wp-image-79630\"\/><\/figure><\/div>\n\n\n\n<div class=\"wp-block-image\"><figure class=\"aligncenter size-large\"><img decoding=\"async\" src=\"https:\/\/www.blogsoestado.com\/danielmatos\/files\/2020\/11\/Screenshot_20201111-1148102.png\" alt=\"\" class=\"wp-image-79631\"\/><\/figure><\/div>\n\n\n\n<div class=\"wp-block-image\"><figure class=\"aligncenter size-large\"><img decoding=\"async\" src=\"https:\/\/www.blogsoestado.com\/danielmatos\/files\/2020\/11\/Screenshot_20201111-1148162.png\" alt=\"\" class=\"wp-image-79632\"\/><\/figure><\/div>\n\n\n\n<div class=\"wp-block-image\"><figure class=\"aligncenter size-large\"><img decoding=\"async\" src=\"https:\/\/www.blogsoestado.com\/danielmatos\/files\/2020\/11\/Screenshot_20201111-1148222.png\" alt=\"\" class=\"wp-image-79633\"\/><\/figure><\/div>\n\n\n\n<div class=\"wp-block-image\"><figure class=\"aligncenter size-large\"><img decoding=\"async\" src=\"https:\/\/www.blogsoestado.com\/danielmatos\/files\/2020\/11\/Screenshot_20201111-1148432.png\" alt=\"\" class=\"wp-image-79634\"\/><\/figure><\/div>\n\n\n\n<div class=\"wp-block-image\"><figure class=\"aligncenter size-large\"><img decoding=\"async\" src=\"https:\/\/www.blogsoestado.com\/danielmatos\/files\/2020\/11\/Screenshot_20201111-1148482.png\" alt=\"\" class=\"wp-image-79635\"\/><\/figure><\/div>\n\n\n\n<div class=\"wp-block-image\"><figure class=\"aligncenter size-large\"><img decoding=\"async\" src=\"https:\/\/www.blogsoestado.com\/danielmatos\/files\/2020\/11\/Screenshot_20201111-1148572.png\" alt=\"\" class=\"wp-image-79637\"\/><\/figure><\/div>\n\n\n\n<div class=\"wp-block-image\"><figure class=\"aligncenter size-large\"><img decoding=\"async\" src=\"https:\/\/www.blogsoestado.com\/danielmatos\/files\/2020\/11\/Screenshot_20201111-1149022.png\" alt=\"\" class=\"wp-image-79639\"\/><\/figure><\/div>\n\n\n\n<div class=\"wp-block-image\"><figure class=\"aligncenter size-large\"><img decoding=\"async\" src=\"https:\/\/www.blogsoestado.com\/danielmatos\/files\/2020\/11\/Screenshot_20201111-1149072.png\" alt=\"\" class=\"wp-image-79641\"\/><\/figure><\/div>\n","protected":false},"excerpt":{"rendered":"<p>Apoiadores do candidato da oposi\u00e7\u00e3o a prefeito de Formosa da Serra Negra, Cirineu Costa (PL) denunciam amea\u00e7as, atos de persegui\u00e7\u00e3o [&hellip;]<\/p>\n","protected":false},"author":0,"featured_media":0,"comment_status":"open","ping_status":"open","sticky":false,"template":"","format":"standard","meta":{"site-sidebar-layout":"default","site-content-layout":"","ast-site-content-layout":"default","site-content-style":"default","site-sidebar-style":"default","ast-global-header-display":"","ast-banner-title-visibility":"","ast-main-header-display":"","ast-hfb-above-header-display":"","ast-hfb-below-header-display":"","ast-hfb-mobile-header-display":"","site-post-title":"","ast-breadcrumbs-content":"","ast-featured-img":"","footer-sml-layout":"","ast-disable-related-posts":"","theme-transparent-header-meta":"","adv-header-id-meta":"","stick-header-meta":"","header-above-stick-meta":"","header-main-stick-meta":"","header-below-stick-meta":"","astra-migrate-meta-layouts":"default","ast-page-background-enabled":"default","ast-page-background-meta":{"desktop":{"background-color":"var(--ast-global-color-5)","background-image":"","background-repeat":"repeat","background-position":"center center","background-size":"auto","background-attachment":"scroll","background-type":"","background-media":"","overlay-type":"","overlay-color":"","overlay-opacity":"","overlay-gradient":""},"tablet":{"background-color":"","background-image":"","background-repeat":"repeat","background-position":"center center","background-size":"auto","background-attachment":"scroll","background-type":"","background-media":"","overlay-type":"","overlay-color":"","overlay-opacity":"","overlay-gradient":""},"mobile":{"background-color":"","background-image":"","background-repeat":"repeat","background-position":"center center","background-size":"auto","background-attachment":"scroll","background-type":"","background-media":"","overlay-type":"","overlay-color":"","overlay-opacity":"","overlay-gradient":""}},"ast-content-background-meta":{"desktop":{"background-color":"var(--ast-global-color-4)","background-image":"","background-repeat":"repeat","background-position":"center center","background-size":"auto","background-attachment":"scroll","background-type":"","background-media":"","overlay-type":"","overlay-color":"","overlay-opacity":"","overlay-gradient":""},"tablet":{"background-color":"var(--ast-global-color-4)","background-image":"","background-repeat":"repeat","background-position":"center center","background-size":"auto","background-attachment":"scroll","background-type":"","background-media":"","overlay-type":"","overlay-color":"","overlay-opacity":"","overlay-gradient":""},"mobile":{"background-color":"var(--ast-global-color-4)","background-image":"","background-repeat":"repeat","background-position":"center center","background-size":"auto","background-attachment":"scroll","background-type":"","background-media":"","overlay-type":"","overlay-color":"","overlay-opacity":"","overlay-gradient":""}},"footnotes":""},"categories":[1],"tags":[],"class_list":["post-79624","post","type-post","status-publish","format-standard","hentry","category-sem-categoria"],"yoast_head":"<!-- This site is optimized with the Yoast SEO plugin v26.6 - https:\/\/yoast.com\/wordpress\/plugins\/seo\/ -->\n<title>Em Formosa da Serra Negra, oposi\u00e7\u00e3o denuncia amea\u00e7as, persegui\u00e7\u00e3o e omiss\u00e3o da pol\u00edcia para favorecer prefeito - Daniel Matos<\/title>\n<meta name=\"robots\" content=\"index, follow, max-snippet:-1, max-image-preview:large, max-video-preview:-1\" \/>\n<link rel=\"canonical\" href=\"https:\/\/www.blogsoestado.com\/danielmatos\/em-formosa-da-serra-negra-oposicao-denuncia-ameacas-perseguicao-e-omissao-da-policia-para-favorecer-prefeito\/\" \/>\n<meta property=\"og:locale\" content=\"pt_BR\" \/>\n<meta property=\"og:type\" content=\"article\" \/>\n<meta property=\"og:title\" content=\"Em Formosa da Serra Negra, oposi\u00e7\u00e3o denuncia amea\u00e7as, persegui\u00e7\u00e3o e omiss\u00e3o da pol\u00edcia para favorecer prefeito - Daniel Matos\" \/>\n<meta property=\"og:description\" content=\"Apoiadores do candidato da oposi\u00e7\u00e3o a prefeito de Formosa da Serra Negra, Cirineu Costa (PL) denunciam amea\u00e7as, atos de persegui\u00e7\u00e3o [&hellip;]\" \/>\n<meta property=\"og:url\" content=\"https:\/\/www.blogsoestado.com\/danielmatos\/em-formosa-da-serra-negra-oposicao-denuncia-ameacas-perseguicao-e-omissao-da-policia-para-favorecer-prefeito\/\" \/>\n<meta property=\"og:site_name\" content=\"Daniel Matos\" \/>\n<meta property=\"article:published_time\" content=\"2020-11-11T15:01:13+00:00\" \/>\n<meta property=\"og:image\" content=\"https:\/\/www.blogsoestado.com\/danielmatos\/files\/2020\/11\/IMG-20201109-WA0179.jpg\" \/>\n<meta name=\"twitter:card\" content=\"summary_large_image\" \/>\n<meta name=\"twitter:label1\" content=\"Est. tempo de leitura\" \/>\n\t<meta name=\"twitter:data1\" content=\"2 minutos\" \/>\n<script type=\"application\/ld+json\" class=\"yoast-schema-graph\">{\"@context\":\"https:\/\/schema.org\",\"@graph\":[{\"@type\":\"WebPage\",\"@id\":\"https:\/\/www.blogsoestado.com\/danielmatos\/em-formosa-da-serra-negra-oposicao-denuncia-ameacas-perseguicao-e-omissao-da-policia-para-favorecer-prefeito\/\",\"url\":\"https:\/\/www.blogsoestado.com\/danielmatos\/em-formosa-da-serra-negra-oposicao-denuncia-ameacas-perseguicao-e-omissao-da-policia-para-favorecer-prefeito\/\",\"name\":\"Em Formosa da Serra Negra, oposi\u00e7\u00e3o denuncia amea\u00e7as, persegui\u00e7\u00e3o e omiss\u00e3o da pol\u00edcia para favorecer prefeito - Daniel Matos\",\"isPartOf\":{\"@id\":\"https:\/\/www.blogsoestado.com\/danielmatos\/#website\"},\"primaryImageOfPage\":{\"@id\":\"https:\/\/www.blogsoestado.com\/danielmatos\/em-formosa-da-serra-negra-oposicao-denuncia-ameacas-perseguicao-e-omissao-da-policia-para-favorecer-prefeito\/#primaryimage\"},\"image\":{\"@id\":\"https:\/\/www.blogsoestado.com\/danielmatos\/em-formosa-da-serra-negra-oposicao-denuncia-ameacas-perseguicao-e-omissao-da-policia-para-favorecer-prefeito\/#primaryimage\"},\"thumbnailUrl\":\"https:\/\/www.blogsoestado.com\/danielmatos\/files\/2020\/11\/IMG-20201109-WA0179.jpg\",\"datePublished\":\"2020-11-11T15:01:13+00:00\",\"author\":{\"@id\":\"\"},\"breadcrumb\":{\"@id\":\"https:\/\/www.blogsoestado.com\/danielmatos\/em-formosa-da-serra-negra-oposicao-denuncia-ameacas-perseguicao-e-omissao-da-policia-para-favorecer-prefeito\/#breadcrumb\"},\"inLanguage\":\"pt-BR\",\"potentialAction\":[{\"@type\":\"ReadAction\",\"target\":[\"https:\/\/www.blogsoestado.com\/danielmatos\/em-formosa-da-serra-negra-oposicao-denuncia-ameacas-perseguicao-e-omissao-da-policia-para-favorecer-prefeito\/\"]}]},{\"@type\":\"ImageObject\",\"inLanguage\":\"pt-BR\",\"@id\":\"https:\/\/www.blogsoestado.com\/danielmatos\/em-formosa-da-serra-negra-oposicao-denuncia-ameacas-perseguicao-e-omissao-da-policia-para-favorecer-prefeito\/#primaryimage\",\"url\":\"https:\/\/www.blogsoestado.com\/danielmatos\/files\/2020\/11\/IMG-20201109-WA0179.jpg\",\"contentUrl\":\"https:\/\/www.blogsoestado.com\/danielmatos\/files\/2020\/11\/IMG-20201109-WA0179.jpg\"},{\"@type\":\"BreadcrumbList\",\"@id\":\"https:\/\/www.blogsoestado.com\/danielmatos\/em-formosa-da-serra-negra-oposicao-denuncia-ameacas-perseguicao-e-omissao-da-policia-para-favorecer-prefeito\/#breadcrumb\",\"itemListElement\":[{\"@type\":\"ListItem\",\"position\":1,\"name\":\"In\u00edcio\",\"item\":\"https:\/\/www.blogsoestado.com\/danielmatos\/\"},{\"@type\":\"ListItem\",\"position\":2,\"name\":\"Em Formosa da Serra Negra, oposi\u00e7\u00e3o denuncia amea\u00e7as, persegui\u00e7\u00e3o e omiss\u00e3o da pol\u00edcia para favorecer prefeito\"}]},{\"@type\":\"WebSite\",\"@id\":\"https:\/\/www.blogsoestado.com\/danielmatos\/#website\",\"url\":\"https:\/\/www.blogsoestado.com\/danielmatos\/\",\"name\":\"Daniel Matos\",\"description\":\"\",\"potentialAction\":[{\"@type\":\"SearchAction\",\"target\":{\"@type\":\"EntryPoint\",\"urlTemplate\":\"https:\/\/www.blogsoestado.com\/danielmatos\/?s={search_term_string}\"},\"query-input\":{\"@type\":\"PropertyValueSpecification\",\"valueRequired\":true,\"valueName\":\"search_term_string\"}}],\"inLanguage\":\"pt-BR\"}]}<\/script>\n<!-- \/ Yoast SEO plugin. -->","yoast_head_json":{"title":"Em Formosa da Serra Negra, oposi\u00e7\u00e3o denuncia amea\u00e7as, persegui\u00e7\u00e3o e omiss\u00e3o da pol\u00edcia para favorecer prefeito - Daniel Matos","robots":{"index":"index","follow":"follow","max-snippet":"max-snippet:-1","max-image-preview":"max-image-preview:large","max-video-preview":"max-video-preview:-1"},"canonical":"https:\/\/www.blogsoestado.com\/danielmatos\/em-formosa-da-serra-negra-oposicao-denuncia-ameacas-perseguicao-e-omissao-da-policia-para-favorecer-prefeito\/","og_locale":"pt_BR","og_type":"article","og_title":"Em Formosa da Serra Negra, oposi\u00e7\u00e3o denuncia amea\u00e7as, persegui\u00e7\u00e3o e omiss\u00e3o da pol\u00edcia para favorecer prefeito - Daniel Matos","og_description":"Apoiadores do candidato da oposi\u00e7\u00e3o a prefeito de Formosa da Serra Negra, Cirineu Costa (PL) denunciam amea\u00e7as, atos de persegui\u00e7\u00e3o [&hellip;]","og_url":"https:\/\/www.blogsoestado.com\/danielmatos\/em-formosa-da-serra-negra-oposicao-denuncia-ameacas-perseguicao-e-omissao-da-policia-para-favorecer-prefeito\/","og_site_name":"Daniel Matos","article_published_time":"2020-11-11T15:01:13+00:00","og_image":[{"url":"https:\/\/www.blogsoestado.com\/danielmatos\/files\/2020\/11\/IMG-20201109-WA0179.jpg","type":"","width":"","height":""}],"twitter_card":"summary_large_image","twitter_misc":{"Est. tempo de leitura":"2 minutos"},"schema":{"@context":"https:\/\/schema.org","@graph":[{"@type":"WebPage","@id":"https:\/\/www.blogsoestado.com\/danielmatos\/em-formosa-da-serra-negra-oposicao-denuncia-ameacas-perseguicao-e-omissao-da-policia-para-favorecer-prefeito\/","url":"https:\/\/www.blogsoestado.com\/danielmatos\/em-formosa-da-serra-negra-oposicao-denuncia-ameacas-perseguicao-e-omissao-da-policia-para-favorecer-prefeito\/","name":"Em Formosa da Serra Negra, oposi\u00e7\u00e3o denuncia amea\u00e7as, persegui\u00e7\u00e3o e omiss\u00e3o da pol\u00edcia para favorecer prefeito - Daniel Matos","isPartOf":{"@id":"https:\/\/www.blogsoestado.com\/danielmatos\/#website"},"primaryImageOfPage":{"@id":"https:\/\/www.blogsoestado.com\/danielmatos\/em-formosa-da-serra-negra-oposicao-denuncia-ameacas-perseguicao-e-omissao-da-policia-para-favorecer-prefeito\/#primaryimage"},"image":{"@id":"https:\/\/www.blogsoestado.com\/danielmatos\/em-formosa-da-serra-negra-oposicao-denuncia-ameacas-perseguicao-e-omissao-da-policia-para-favorecer-prefeito\/#primaryimage"},"thumbnailUrl":"https:\/\/www.blogsoestado.com\/danielmatos\/files\/2020\/11\/IMG-20201109-WA0179.jpg","datePublished":"2020-11-11T15:01:13+00:00","author":{"@id":""},"breadcrumb":{"@id":"https:\/\/www.blogsoestado.com\/danielmatos\/em-formosa-da-serra-negra-oposicao-denuncia-ameacas-perseguicao-e-omissao-da-policia-para-favorecer-prefeito\/#breadcrumb"},"inLanguage":"pt-BR","potentialAction":[{"@type":"ReadAction","target":["https:\/\/www.blogsoestado.com\/danielmatos\/em-formosa-da-serra-negra-oposicao-denuncia-ameacas-perseguicao-e-omissao-da-policia-para-favorecer-prefeito\/"]}]},{"@type":"ImageObject","inLanguage":"pt-BR","@id":"https:\/\/www.blogsoestado.com\/danielmatos\/em-formosa-da-serra-negra-oposicao-denuncia-ameacas-perseguicao-e-omissao-da-policia-para-favorecer-prefeito\/#primaryimage","url":"https:\/\/www.blogsoestado.com\/danielmatos\/files\/2020\/11\/IMG-20201109-WA0179.jpg","contentUrl":"https:\/\/www.blogsoestado.com\/danielmatos\/files\/2020\/11\/IMG-20201109-WA0179.jpg"},{"@type":"BreadcrumbList","@id":"https:\/\/www.blogsoestado.com\/danielmatos\/em-formosa-da-serra-negra-oposicao-denuncia-ameacas-perseguicao-e-omissao-da-policia-para-favorecer-prefeito\/#breadcrumb","itemListElement":[{"@type":"ListItem","position":1,"name":"In\u00edcio","item":"https:\/\/www.blogsoestado.com\/danielmatos\/"},{"@type":"ListItem","position":2,"name":"Em Formosa da Serra Negra, oposi\u00e7\u00e3o denuncia amea\u00e7as, persegui\u00e7\u00e3o e omiss\u00e3o da pol\u00edcia para favorecer prefeito"}]},{"@type":"WebSite","@id":"https:\/\/www.blogsoestado.com\/danielmatos\/#website","url":"https:\/\/www.blogsoestado.com\/danielmatos\/","name":"Daniel Matos","description":"","potentialAction":[{"@type":"SearchAction","target":{"@type":"EntryPoint","urlTemplate":"https:\/\/www.blogsoestado.com\/danielmatos\/?s={search_term_string}"},"query-input":{"@type":"PropertyValueSpecification","valueRequired":true,"valueName":"search_term_string"}}],"inLanguage":"pt-BR"}]}},"jetpack_featured_media_url":"","_links":{"self":[{"href":"https:\/\/www.blogsoestado.com\/danielmatos\/wp-json\/wp\/v2\/posts\/79624","targetHints":{"allow":["GET"]}}],"collection":[{"href":"https:\/\/www.blogsoestado.com\/danielmatos\/wp-json\/wp\/v2\/posts"}],"about":[{"href":"https:\/\/www.blogsoestado.com\/danielmatos\/wp-json\/wp\/v2\/types\/post"}],"replies":[{"embeddable":true,"href":"https:\/\/www.blogsoestado.com\/danielmatos\/wp-json\/wp\/v2\/comments?post=79624"}],"version-history":[{"count":0,"href":"https:\/\/www.blogsoestado.com\/danielmatos\/wp-json\/wp\/v2\/posts\/79624\/revisions"}],"wp:attachment":[{"href":"https:\/\/www.blogsoestado.com\/danielmatos\/wp-json\/wp\/v2\/media?parent=79624"}],"wp:term":[{"taxonomy":"category","embeddable":true,"href":"https:\/\/www.blogsoestado.com\/danielmatos\/wp-json\/wp\/v2\/categories?post=79624"},{"taxonomy":"post_tag","embeddable":true,"href":"https:\/\/www.blogsoestado.com\/danielmatos\/wp-json\/wp\/v2\/tags?post=79624"}],"curies":[{"name":"wp","href":"https:\/\/api.w.org\/{rel}","templated":true}]}}