{"id":79646,"date":"2020-11-11T15:46:01","date_gmt":"2020-11-11T18:46:01","guid":{"rendered":"https:\/\/www.blogsoestado.com\/danielmatos\/?p=79646"},"modified":"2020-11-11T15:46:01","modified_gmt":"2020-11-11T18:46:01","slug":"beto-das-vilas-reafirma-compromissos-para-administrar-de-ribamar","status":"publish","type":"post","link":"https:\/\/www.blogsoestado.com\/danielmatos\/beto-das-vilas-reafirma-compromissos-para-administrar-de-ribamar\/","title":{"rendered":"Beto das Vilas reafirma compromissos para administrar S\u00e3o Jos\u00e9 de Ribamar"},"content":{"rendered":"\n<div class=\"wp-block-image\"><figure class=\"aligncenter size-large\"><img decoding=\"async\" src=\"https:\/\/www.blogsoestado.com\/danielmatos\/files\/2020\/11\/IMG-20201111-WA0174-1024x683.jpg\" alt=\"\" class=\"wp-image-79647\"\/><figcaption>Beto das Vilas reafirma a cada agenda de campanha o seu compromisso com S\u00e3o Jos\u00e9 de Ribamar<\/figcaption><\/figure><\/div>\n\n\n\n<p>Os candidatos da coliga\u00e7\u00e3o Vit\u00f3ria do Povo vem cumprindo com entusiasmo os compromissos que demandam nesta corrida final at\u00e9 o dia 15 de novembro.<\/p>\n\n\n\n<p>Sempre com calorosa receptividade, Beto das Vilas, candidato \u00e0 Prefeito de S\u00e3o Jos\u00e9 de Ribamar, est\u00e1 confiante. Ao lado de La\u00eds Alencar, candidata a vice-prefeita, Beto costuma enfatizar o disse desde o in\u00edcio. \u201cEstamos com Deus e o povo Ribamarense e n\u00e3o h\u00e1 nada que possa ser feito em desfavor quando \u00e0 popula\u00e7\u00e3o clama pelo desejo de renova\u00e7\u00e3o\u201d, enfatiza. <\/p>\n\n\n\n<div class=\"wp-block-image\"><figure class=\"aligncenter size-large\"><img decoding=\"async\" src=\"https:\/\/www.blogsoestado.com\/danielmatos\/files\/2020\/11\/IMG-20201111-WA0173-768x1024.jpg\" alt=\"\" class=\"wp-image-79648\"\/><figcaption>Beto das Vilas e grupo de apoiadores ribamarenses da campanha do 10<\/figcaption><\/figure><\/div>\n\n\n\n<p>Sua trajet\u00f3ria de origem humilde e o trabalho que desenvolveu ao longo dos dezesseis anos de atua\u00e7\u00e3o pol\u00edtica fazem dele um candidato com forte poder de a\u00e7\u00e3o e rea\u00e7\u00e3o. E essa \u00e9 a hora!<\/p>\n\n\n\n<div class=\"wp-block-image\"><figure class=\"aligncenter size-large\"><img decoding=\"async\" src=\"https:\/\/www.blogsoestado.com\/danielmatos\/files\/2020\/11\/IMG-20201111-WA0172-1024x768.jpg\" alt=\"\" class=\"wp-image-79649\"\/><figcaption>Atos de campanha de rua de Beto das Vilas s\u00e3o sempre marcados por intensa vibra\u00e7\u00e3o<\/figcaption><\/figure><\/div>\n\n\n\n<p>Nesta quinta-feira, 12, \u00e0s visitas pela manh\u00e3 ser\u00e3o em Panaquatira e S\u00edtio do Apicum. \u00c1 tarde, Beto das Vilas chegar\u00e1 at\u00e9 o Parque Vit\u00f3ria. E \u00e0 noite, a partir de 19h, o grupo segue em caminhada junto ao candidato Faf\u00e1 na Trizidela da Maioba.<\/p>\n","protected":false},"excerpt":{"rendered":"<p>Os candidatos da coliga\u00e7\u00e3o Vit\u00f3ria do Povo vem cumprindo com entusiasmo os compromissos que demandam nesta corrida final at\u00e9 o [&hellip;]<\/p>\n","protected":false},"author":0,"featured_media":0,"comment_status":"open","ping_status":"open","sticky":false,"template":"","format":"standard","meta":{"site-sidebar-layout":"default","site-content-layout":"","ast-site-content-layout":"default","site-content-style":"default","site-sidebar-style":"default","ast-global-header-display":"","ast-banner-title-visibility":"","ast-main-header-display":"","ast-hfb-above-header-display":"","ast-hfb-below-header-display":"","ast-hfb-mobile-header-display":"","site-post-title":"","ast-breadcrumbs-content":"","ast-featured-img":"","footer-sml-layout":"","ast-disable-related-posts":"","theme-transparent-header-meta":"","adv-header-id-meta":"","stick-header-meta":"","header-above-stick-meta":"","header-main-stick-meta":"","header-below-stick-meta":"","astra-migrate-meta-layouts":"default","ast-page-background-enabled":"default","ast-page-background-meta":{"desktop":{"background-color":"var(--ast-global-color-5)","background-image":"","background-repeat":"repeat","background-position":"center center","background-size":"auto","background-attachment":"scroll","background-type":"","background-media":"","overlay-type":"","overlay-color":"","overlay-opacity":"","overlay-gradient":""},"tablet":{"background-color":"","background-image":"","background-repeat":"repeat","background-position":"center center","background-size":"auto","background-attachment":"scroll","background-type":"","background-media":"","overlay-type":"","overlay-color":"","overlay-opacity":"","overlay-gradient":""},"mobile":{"background-color":"","background-image":"","background-repeat":"repeat","background-position":"center center","background-size":"auto","background-attachment":"scroll","background-type":"","background-media":"","overlay-type":"","overlay-color":"","overlay-opacity":"","overlay-gradient":""}},"ast-content-background-meta":{"desktop":{"background-color":"var(--ast-global-color-4)","background-image":"","background-repeat":"repeat","background-position":"center center","background-size":"auto","background-attachment":"scroll","background-type":"","background-media":"","overlay-type":"","overlay-color":"","overlay-opacity":"","overlay-gradient":""},"tablet":{"background-color":"var(--ast-global-color-4)","background-image":"","background-repeat":"repeat","background-position":"center center","background-size":"auto","background-attachment":"scroll","background-type":"","background-media":"","overlay-type":"","overlay-color":"","overlay-opacity":"","overlay-gradient":""},"mobile":{"background-color":"var(--ast-global-color-4)","background-image":"","background-repeat":"repeat","background-position":"center center","background-size":"auto","background-attachment":"scroll","background-type":"","background-media":"","overlay-type":"","overlay-color":"","overlay-opacity":"","overlay-gradient":""}},"footnotes":""},"categories":[1],"tags":[],"class_list":["post-79646","post","type-post","status-publish","format-standard","hentry","category-sem-categoria"],"yoast_head":"<!-- This site is optimized with the Yoast SEO plugin v26.6 - https:\/\/yoast.com\/wordpress\/plugins\/seo\/ -->\n<title>Beto das Vilas reafirma compromissos para administrar S\u00e3o Jos\u00e9 de Ribamar - Daniel Matos<\/title>\n<meta name=\"robots\" content=\"index, follow, max-snippet:-1, max-image-preview:large, max-video-preview:-1\" \/>\n<link rel=\"canonical\" href=\"https:\/\/www.blogsoestado.com\/danielmatos\/beto-das-vilas-reafirma-compromissos-para-administrar-de-ribamar\/\" \/>\n<meta property=\"og:locale\" content=\"pt_BR\" \/>\n<meta property=\"og:type\" content=\"article\" \/>\n<meta property=\"og:title\" content=\"Beto das Vilas reafirma compromissos para administrar S\u00e3o Jos\u00e9 de Ribamar - Daniel Matos\" \/>\n<meta property=\"og:description\" content=\"Os candidatos da coliga\u00e7\u00e3o Vit\u00f3ria do Povo vem cumprindo com entusiasmo os compromissos que demandam nesta corrida final at\u00e9 o [&hellip;]\" \/>\n<meta property=\"og:url\" content=\"https:\/\/www.blogsoestado.com\/danielmatos\/beto-das-vilas-reafirma-compromissos-para-administrar-de-ribamar\/\" \/>\n<meta property=\"og:site_name\" content=\"Daniel Matos\" \/>\n<meta property=\"article:published_time\" content=\"2020-11-11T18:46:01+00:00\" \/>\n<meta property=\"og:image\" content=\"https:\/\/www.blogsoestado.com\/danielmatos\/files\/2020\/11\/IMG-20201111-WA0174-1024x683.jpg\" \/>\n<meta name=\"twitter:card\" content=\"summary_large_image\" \/>\n<meta name=\"twitter:label1\" content=\"Est. tempo de leitura\" \/>\n\t<meta name=\"twitter:data1\" content=\"1 minuto\" \/>\n<script type=\"application\/ld+json\" class=\"yoast-schema-graph\">{\"@context\":\"https:\/\/schema.org\",\"@graph\":[{\"@type\":\"WebPage\",\"@id\":\"https:\/\/www.blogsoestado.com\/danielmatos\/beto-das-vilas-reafirma-compromissos-para-administrar-de-ribamar\/\",\"url\":\"https:\/\/www.blogsoestado.com\/danielmatos\/beto-das-vilas-reafirma-compromissos-para-administrar-de-ribamar\/\",\"name\":\"Beto das Vilas reafirma compromissos para administrar S\u00e3o Jos\u00e9 de Ribamar - Daniel Matos\",\"isPartOf\":{\"@id\":\"https:\/\/www.blogsoestado.com\/danielmatos\/#website\"},\"primaryImageOfPage\":{\"@id\":\"https:\/\/www.blogsoestado.com\/danielmatos\/beto-das-vilas-reafirma-compromissos-para-administrar-de-ribamar\/#primaryimage\"},\"image\":{\"@id\":\"https:\/\/www.blogsoestado.com\/danielmatos\/beto-das-vilas-reafirma-compromissos-para-administrar-de-ribamar\/#primaryimage\"},\"thumbnailUrl\":\"https:\/\/www.blogsoestado.com\/danielmatos\/files\/2020\/11\/IMG-20201111-WA0174-1024x683.jpg\",\"datePublished\":\"2020-11-11T18:46:01+00:00\",\"author\":{\"@id\":\"\"},\"breadcrumb\":{\"@id\":\"https:\/\/www.blogsoestado.com\/danielmatos\/beto-das-vilas-reafirma-compromissos-para-administrar-de-ribamar\/#breadcrumb\"},\"inLanguage\":\"pt-BR\",\"potentialAction\":[{\"@type\":\"ReadAction\",\"target\":[\"https:\/\/www.blogsoestado.com\/danielmatos\/beto-das-vilas-reafirma-compromissos-para-administrar-de-ribamar\/\"]}]},{\"@type\":\"ImageObject\",\"inLanguage\":\"pt-BR\",\"@id\":\"https:\/\/www.blogsoestado.com\/danielmatos\/beto-das-vilas-reafirma-compromissos-para-administrar-de-ribamar\/#primaryimage\",\"url\":\"https:\/\/www.blogsoestado.com\/danielmatos\/files\/2020\/11\/IMG-20201111-WA0174-1024x683.jpg\",\"contentUrl\":\"https:\/\/www.blogsoestado.com\/danielmatos\/files\/2020\/11\/IMG-20201111-WA0174-1024x683.jpg\"},{\"@type\":\"BreadcrumbList\",\"@id\":\"https:\/\/www.blogsoestado.com\/danielmatos\/beto-das-vilas-reafirma-compromissos-para-administrar-de-ribamar\/#breadcrumb\",\"itemListElement\":[{\"@type\":\"ListItem\",\"position\":1,\"name\":\"In\u00edcio\",\"item\":\"https:\/\/www.blogsoestado.com\/danielmatos\/\"},{\"@type\":\"ListItem\",\"position\":2,\"name\":\"Beto das Vilas reafirma compromissos para administrar S\u00e3o Jos\u00e9 de Ribamar\"}]},{\"@type\":\"WebSite\",\"@id\":\"https:\/\/www.blogsoestado.com\/danielmatos\/#website\",\"url\":\"https:\/\/www.blogsoestado.com\/danielmatos\/\",\"name\":\"Daniel Matos\",\"description\":\"\",\"potentialAction\":[{\"@type\":\"SearchAction\",\"target\":{\"@type\":\"EntryPoint\",\"urlTemplate\":\"https:\/\/www.blogsoestado.com\/danielmatos\/?s={search_term_string}\"},\"query-input\":{\"@type\":\"PropertyValueSpecification\",\"valueRequired\":true,\"valueName\":\"search_term_string\"}}],\"inLanguage\":\"pt-BR\"}]}<\/script>\n<!-- \/ Yoast SEO plugin. -->","yoast_head_json":{"title":"Beto das Vilas reafirma compromissos para administrar S\u00e3o Jos\u00e9 de Ribamar - Daniel Matos","robots":{"index":"index","follow":"follow","max-snippet":"max-snippet:-1","max-image-preview":"max-image-preview:large","max-video-preview":"max-video-preview:-1"},"canonical":"https:\/\/www.blogsoestado.com\/danielmatos\/beto-das-vilas-reafirma-compromissos-para-administrar-de-ribamar\/","og_locale":"pt_BR","og_type":"article","og_title":"Beto das Vilas reafirma compromissos para administrar S\u00e3o Jos\u00e9 de Ribamar - Daniel Matos","og_description":"Os candidatos da coliga\u00e7\u00e3o Vit\u00f3ria do Povo vem cumprindo com entusiasmo os compromissos que demandam nesta corrida final at\u00e9 o [&hellip;]","og_url":"https:\/\/www.blogsoestado.com\/danielmatos\/beto-das-vilas-reafirma-compromissos-para-administrar-de-ribamar\/","og_site_name":"Daniel Matos","article_published_time":"2020-11-11T18:46:01+00:00","og_image":[{"url":"https:\/\/www.blogsoestado.com\/danielmatos\/files\/2020\/11\/IMG-20201111-WA0174-1024x683.jpg","type":"","width":"","height":""}],"twitter_card":"summary_large_image","twitter_misc":{"Est. tempo de leitura":"1 minuto"},"schema":{"@context":"https:\/\/schema.org","@graph":[{"@type":"WebPage","@id":"https:\/\/www.blogsoestado.com\/danielmatos\/beto-das-vilas-reafirma-compromissos-para-administrar-de-ribamar\/","url":"https:\/\/www.blogsoestado.com\/danielmatos\/beto-das-vilas-reafirma-compromissos-para-administrar-de-ribamar\/","name":"Beto das Vilas reafirma compromissos para administrar S\u00e3o Jos\u00e9 de Ribamar - Daniel Matos","isPartOf":{"@id":"https:\/\/www.blogsoestado.com\/danielmatos\/#website"},"primaryImageOfPage":{"@id":"https:\/\/www.blogsoestado.com\/danielmatos\/beto-das-vilas-reafirma-compromissos-para-administrar-de-ribamar\/#primaryimage"},"image":{"@id":"https:\/\/www.blogsoestado.com\/danielmatos\/beto-das-vilas-reafirma-compromissos-para-administrar-de-ribamar\/#primaryimage"},"thumbnailUrl":"https:\/\/www.blogsoestado.com\/danielmatos\/files\/2020\/11\/IMG-20201111-WA0174-1024x683.jpg","datePublished":"2020-11-11T18:46:01+00:00","author":{"@id":""},"breadcrumb":{"@id":"https:\/\/www.blogsoestado.com\/danielmatos\/beto-das-vilas-reafirma-compromissos-para-administrar-de-ribamar\/#breadcrumb"},"inLanguage":"pt-BR","potentialAction":[{"@type":"ReadAction","target":["https:\/\/www.blogsoestado.com\/danielmatos\/beto-das-vilas-reafirma-compromissos-para-administrar-de-ribamar\/"]}]},{"@type":"ImageObject","inLanguage":"pt-BR","@id":"https:\/\/www.blogsoestado.com\/danielmatos\/beto-das-vilas-reafirma-compromissos-para-administrar-de-ribamar\/#primaryimage","url":"https:\/\/www.blogsoestado.com\/danielmatos\/files\/2020\/11\/IMG-20201111-WA0174-1024x683.jpg","contentUrl":"https:\/\/www.blogsoestado.com\/danielmatos\/files\/2020\/11\/IMG-20201111-WA0174-1024x683.jpg"},{"@type":"BreadcrumbList","@id":"https:\/\/www.blogsoestado.com\/danielmatos\/beto-das-vilas-reafirma-compromissos-para-administrar-de-ribamar\/#breadcrumb","itemListElement":[{"@type":"ListItem","position":1,"name":"In\u00edcio","item":"https:\/\/www.blogsoestado.com\/danielmatos\/"},{"@type":"ListItem","position":2,"name":"Beto das Vilas reafirma compromissos para administrar S\u00e3o Jos\u00e9 de Ribamar"}]},{"@type":"WebSite","@id":"https:\/\/www.blogsoestado.com\/danielmatos\/#website","url":"https:\/\/www.blogsoestado.com\/danielmatos\/","name":"Daniel Matos","description":"","potentialAction":[{"@type":"SearchAction","target":{"@type":"EntryPoint","urlTemplate":"https:\/\/www.blogsoestado.com\/danielmatos\/?s={search_term_string}"},"query-input":{"@type":"PropertyValueSpecification","valueRequired":true,"valueName":"search_term_string"}}],"inLanguage":"pt-BR"}]}},"jetpack_featured_media_url":"","_links":{"self":[{"href":"https:\/\/www.blogsoestado.com\/danielmatos\/wp-json\/wp\/v2\/posts\/79646","targetHints":{"allow":["GET"]}}],"collection":[{"href":"https:\/\/www.blogsoestado.com\/danielmatos\/wp-json\/wp\/v2\/posts"}],"about":[{"href":"https:\/\/www.blogsoestado.com\/danielmatos\/wp-json\/wp\/v2\/types\/post"}],"replies":[{"embeddable":true,"href":"https:\/\/www.blogsoestado.com\/danielmatos\/wp-json\/wp\/v2\/comments?post=79646"}],"version-history":[{"count":0,"href":"https:\/\/www.blogsoestado.com\/danielmatos\/wp-json\/wp\/v2\/posts\/79646\/revisions"}],"wp:attachment":[{"href":"https:\/\/www.blogsoestado.com\/danielmatos\/wp-json\/wp\/v2\/media?parent=79646"}],"wp:term":[{"taxonomy":"category","embeddable":true,"href":"https:\/\/www.blogsoestado.com\/danielmatos\/wp-json\/wp\/v2\/categories?post=79646"},{"taxonomy":"post_tag","embeddable":true,"href":"https:\/\/www.blogsoestado.com\/danielmatos\/wp-json\/wp\/v2\/tags?post=79646"}],"curies":[{"name":"wp","href":"https:\/\/api.w.org\/{rel}","templated":true}]}}